{"id":8967,"date":"2019-04-10T19:56:45","date_gmt":"2019-04-10T17:56:45","guid":{"rendered":"https:\/\/www.tessi.eu\/?p=8967"},"modified":"2019-04-10T20:01:15","modified_gmt":"2019-04-10T18:01:15","slug":"resultats-2018","status":"publish","type":"post","link":"https:\/\/www.tessi.eu\/fr\/resultats-2018\/","title":{"rendered":"Communiqu\u00e9 financier : R\u00e9sultats 2018"},"content":{"rendered":"<p class=\"p2\">Le Directoire du Groupe s\u2019est r\u00e9uni le 29 mars 2019 et a arr\u00eat\u00e9 les comptes de l\u2019exercice 2018 qui ont \u00e9t\u00e9 pr\u00e9sent\u00e9s au Conseil de Surveillance le 10 avril 2019. Les proc\u00e9dures d\u2019audit ont \u00e9t\u00e9 effectu\u00e9es, le rapport de certification sera \u00e9mis apr\u00e8s finalisation des diligences requises pour les besoins de la publication du rapport financier annuel.<\/p>\n<p><a href=\"https:\/\/www.tessi.eu\/wp-content\/uploads\/2019\/04\/tes-110419-ra-18-fr.pdf\" target=\"_blank\" rel=\"noopener noreferrer\">T\u00e9l\u00e9charger le communiqu\u00e9 financier<\/a><\/p>\n","protected":false},"excerpt":{"rendered":"<p>Le Directoire du Groupe s\u2019est r\u00e9uni le 29 mars 2019 et a arr\u00eat\u00e9 les comptes de l\u2019exercice 2018 qui ont \u00e9t\u00e9 pr\u00e9sent\u00e9s au Conseil de Surveillance le 10 avril 2019. Les proc\u00e9dures d\u2019audit ont \u00e9t\u00e9 effectu\u00e9es, le rapport de certification sera \u00e9mis apr\u00e8s finalisation des diligences requises pour les besoins de la publication du rapport [&hellip;]<\/p>\n","protected":false},"author":1,"featured_media":8667,"comment_status":"closed","ping_status":"closed","sticky":false,"template":"","format":"standard","meta":{"_acf_changed":false,"footnotes":""},"categories":[131],"tags":[],"class_list":["post-8967","post","type-post","status-publish","format-standard","has-post-thumbnail","hentry","category-financier"],"acf":[],"yoast_head":"<!-- This site is optimized with the Yoast SEO Premium plugin v22.3 (Yoast SEO v27.1.1) - https:\/\/yoast.com\/product\/yoast-seo-premium-wordpress\/ -->\n<title>Communiqu\u00e9 financier : R\u00e9sultats 2018 - Tessi International<\/title>\n<meta name=\"robots\" content=\"index, follow, max-snippet:-1, max-image-preview:large, max-video-preview:-1\" \/>\n<link rel=\"canonical\" href=\"https:\/\/www.tessi.eu\/fr\/resultats-2018\/\" \/>\n<meta property=\"og:locale\" content=\"fr_FR\" \/>\n<meta property=\"og:type\" content=\"article\" \/>\n<meta property=\"og:title\" content=\"Communiqu\u00e9 financier : R\u00e9sultats 2018\" \/>\n<meta property=\"og:description\" content=\"Le Directoire du Groupe s\u2019est r\u00e9uni le 29 mars 2019 et a arr\u00eat\u00e9 les comptes de l\u2019exercice 2018 qui ont \u00e9t\u00e9 pr\u00e9sent\u00e9s au Conseil de Surveillance le 10 avril 2019. Les proc\u00e9dures d\u2019audit ont \u00e9t\u00e9 effectu\u00e9es, le rapport de certification sera \u00e9mis apr\u00e8s finalisation des diligences requises pour les besoins de la publication du rapport [&hellip;]\" \/>\n<meta property=\"og:url\" content=\"https:\/\/www.tessi.eu\/fr\/resultats-2018\/\" \/>\n<meta property=\"og:site_name\" content=\"Tessi International\" \/>\n<meta property=\"article:published_time\" content=\"2019-04-10T17:56:45+00:00\" \/>\n<meta property=\"article:modified_time\" content=\"2019-04-10T18:01:15+00:00\" \/>\n<meta property=\"og:image\" content=\"https:\/\/tessi.on-web.fr\/wp-content\/uploads\/2019\/04\/img_tessi.jpg\" \/>\n\t<meta property=\"og:image:width\" content=\"506\" \/>\n\t<meta property=\"og:image:height\" content=\"398\" \/>\n\t<meta property=\"og:image:type\" content=\"image\/jpeg\" \/>\n<meta name=\"author\" content=\"limpide_admin\" \/>\n<meta name=\"twitter:card\" content=\"summary_large_image\" \/>\n<meta name=\"twitter:label1\" content=\"\u00c9crit par\" \/>\n\t<meta name=\"twitter:data1\" content=\"limpide_admin\" \/>\n<script type=\"application\/ld+json\" class=\"yoast-schema-graph\">{\"@context\":\"https:\/\/schema.org\",\"@graph\":[{\"@type\":\"Article\",\"@id\":\"https:\/\/www.tessi.eu\/fr\/resultats-2018\/#article\",\"isPartOf\":{\"@id\":\"https:\/\/www.tessi.eu\/fr\/resultats-2018\/\"},\"author\":{\"name\":\"limpide_admin\",\"@id\":\"https:\/\/www.tessi.eu\/fr\/#\/schema\/person\/2351c406fd33cac247ec1c445c126e1e\"},\"headline\":\"Communiqu\u00e9 financier : R\u00e9sultats 2018\",\"datePublished\":\"2019-04-10T17:56:45+00:00\",\"dateModified\":\"2019-04-10T18:01:15+00:00\",\"mainEntityOfPage\":{\"@id\":\"https:\/\/www.tessi.eu\/fr\/resultats-2018\/\"},\"wordCount\":72,\"image\":{\"@id\":\"https:\/\/www.tessi.eu\/fr\/resultats-2018\/#primaryimage\"},\"thumbnailUrl\":\"https:\/\/www.tessi.eu\/wp-content\/uploads\/2019\/04\/img_tessi.jpg\",\"articleSection\":[\"Financier\"],\"inLanguage\":\"fr-FR\"},{\"@type\":\"WebPage\",\"@id\":\"https:\/\/www.tessi.eu\/fr\/resultats-2018\/\",\"url\":\"https:\/\/www.tessi.eu\/fr\/resultats-2018\/\",\"name\":\"Communiqu\u00e9 financier : R\u00e9sultats 2018 - Tessi International\",\"isPartOf\":{\"@id\":\"https:\/\/www.tessi.eu\/fr\/#website\"},\"primaryImageOfPage\":{\"@id\":\"https:\/\/www.tessi.eu\/fr\/resultats-2018\/#primaryimage\"},\"image\":{\"@id\":\"https:\/\/www.tessi.eu\/fr\/resultats-2018\/#primaryimage\"},\"thumbnailUrl\":\"https:\/\/www.tessi.eu\/wp-content\/uploads\/2019\/04\/img_tessi.jpg\",\"datePublished\":\"2019-04-10T17:56:45+00:00\",\"dateModified\":\"2019-04-10T18:01:15+00:00\",\"author\":{\"@id\":\"https:\/\/www.tessi.eu\/fr\/#\/schema\/person\/2351c406fd33cac247ec1c445c126e1e\"},\"breadcrumb\":{\"@id\":\"https:\/\/www.tessi.eu\/fr\/resultats-2018\/#breadcrumb\"},\"inLanguage\":\"fr-FR\",\"potentialAction\":[{\"@type\":\"ReadAction\",\"target\":[\"https:\/\/www.tessi.eu\/fr\/resultats-2018\/\"]}]},{\"@type\":\"ImageObject\",\"inLanguage\":\"fr-FR\",\"@id\":\"https:\/\/www.tessi.eu\/fr\/resultats-2018\/#primaryimage\",\"url\":\"https:\/\/www.tessi.eu\/wp-content\/uploads\/2019\/04\/img_tessi.jpg\",\"contentUrl\":\"https:\/\/www.tessi.eu\/wp-content\/uploads\/2019\/04\/img_tessi.jpg\",\"width\":506,\"height\":398,\"caption\":\"vignette tessi\"},{\"@type\":\"BreadcrumbList\",\"@id\":\"https:\/\/www.tessi.eu\/fr\/resultats-2018\/#breadcrumb\",\"itemListElement\":[{\"@type\":\"ListItem\",\"position\":1,\"name\":\"Home\",\"item\":\"https:\/\/www.tessi.eu\/fr\/\"},{\"@type\":\"ListItem\",\"position\":2,\"name\":\"Communiqu\u00e9 financier : R\u00e9sultats 2018\"}]},{\"@type\":\"WebSite\",\"@id\":\"https:\/\/www.tessi.eu\/fr\/#website\",\"url\":\"https:\/\/www.tessi.eu\/fr\/\",\"name\":\"Tessi International\",\"description\":\"\",\"potentialAction\":[{\"@type\":\"SearchAction\",\"target\":{\"@type\":\"EntryPoint\",\"urlTemplate\":\"https:\/\/www.tessi.eu\/fr\/?s={search_term_string}\"},\"query-input\":{\"@type\":\"PropertyValueSpecification\",\"valueRequired\":true,\"valueName\":\"search_term_string\"}}],\"inLanguage\":\"fr-FR\"},{\"@type\":\"Person\",\"@id\":\"https:\/\/www.tessi.eu\/fr\/#\/schema\/person\/2351c406fd33cac247ec1c445c126e1e\",\"name\":\"limpide_admin\",\"image\":{\"@type\":\"ImageObject\",\"inLanguage\":\"fr-FR\",\"@id\":\"https:\/\/www.tessi.eu\/fr\/#\/schema\/person\/image\/\",\"url\":\"https:\/\/secure.gravatar.com\/avatar\/b8af01a2278e1591ade1191d65336babef6cb64316c0e9ec09ae9a292dd3d446?s=96&d=mm&r=g\",\"contentUrl\":\"https:\/\/secure.gravatar.com\/avatar\/b8af01a2278e1591ade1191d65336babef6cb64316c0e9ec09ae9a292dd3d446?s=96&d=mm&r=g\",\"caption\":\"limpide_admin\"}}]}<\/script>\n<!-- \/ Yoast SEO Premium plugin. -->","yoast_head_json":{"title":"Communiqu\u00e9 financier : R\u00e9sultats 2018 - Tessi International","robots":{"index":"index","follow":"follow","max-snippet":"max-snippet:-1","max-image-preview":"max-image-preview:large","max-video-preview":"max-video-preview:-1"},"canonical":"https:\/\/www.tessi.eu\/fr\/resultats-2018\/","og_locale":"fr_FR","og_type":"article","og_title":"Communiqu\u00e9 financier : R\u00e9sultats 2018","og_description":"Le Directoire du Groupe s\u2019est r\u00e9uni le 29 mars 2019 et a arr\u00eat\u00e9 les comptes de l\u2019exercice 2018 qui ont \u00e9t\u00e9 pr\u00e9sent\u00e9s au Conseil de Surveillance le 10 avril 2019. Les proc\u00e9dures d\u2019audit ont \u00e9t\u00e9 effectu\u00e9es, le rapport de certification sera \u00e9mis apr\u00e8s finalisation des diligences requises pour les besoins de la publication du rapport [&hellip;]","og_url":"https:\/\/www.tessi.eu\/fr\/resultats-2018\/","og_site_name":"Tessi International","article_published_time":"2019-04-10T17:56:45+00:00","article_modified_time":"2019-04-10T18:01:15+00:00","og_image":[{"width":506,"height":398,"url":"https:\/\/tessi.on-web.fr\/wp-content\/uploads\/2019\/04\/img_tessi.jpg","type":"image\/jpeg"}],"author":"limpide_admin","twitter_card":"summary_large_image","twitter_misc":{"\u00c9crit par":"limpide_admin"},"schema":{"@context":"https:\/\/schema.org","@graph":[{"@type":"Article","@id":"https:\/\/www.tessi.eu\/fr\/resultats-2018\/#article","isPartOf":{"@id":"https:\/\/www.tessi.eu\/fr\/resultats-2018\/"},"author":{"name":"limpide_admin","@id":"https:\/\/www.tessi.eu\/fr\/#\/schema\/person\/2351c406fd33cac247ec1c445c126e1e"},"headline":"Communiqu\u00e9 financier : R\u00e9sultats 2018","datePublished":"2019-04-10T17:56:45+00:00","dateModified":"2019-04-10T18:01:15+00:00","mainEntityOfPage":{"@id":"https:\/\/www.tessi.eu\/fr\/resultats-2018\/"},"wordCount":72,"image":{"@id":"https:\/\/www.tessi.eu\/fr\/resultats-2018\/#primaryimage"},"thumbnailUrl":"https:\/\/www.tessi.eu\/wp-content\/uploads\/2019\/04\/img_tessi.jpg","articleSection":["Financier"],"inLanguage":"fr-FR"},{"@type":"WebPage","@id":"https:\/\/www.tessi.eu\/fr\/resultats-2018\/","url":"https:\/\/www.tessi.eu\/fr\/resultats-2018\/","name":"Communiqu\u00e9 financier : R\u00e9sultats 2018 - Tessi International","isPartOf":{"@id":"https:\/\/www.tessi.eu\/fr\/#website"},"primaryImageOfPage":{"@id":"https:\/\/www.tessi.eu\/fr\/resultats-2018\/#primaryimage"},"image":{"@id":"https:\/\/www.tessi.eu\/fr\/resultats-2018\/#primaryimage"},"thumbnailUrl":"https:\/\/www.tessi.eu\/wp-content\/uploads\/2019\/04\/img_tessi.jpg","datePublished":"2019-04-10T17:56:45+00:00","dateModified":"2019-04-10T18:01:15+00:00","author":{"@id":"https:\/\/www.tessi.eu\/fr\/#\/schema\/person\/2351c406fd33cac247ec1c445c126e1e"},"breadcrumb":{"@id":"https:\/\/www.tessi.eu\/fr\/resultats-2018\/#breadcrumb"},"inLanguage":"fr-FR","potentialAction":[{"@type":"ReadAction","target":["https:\/\/www.tessi.eu\/fr\/resultats-2018\/"]}]},{"@type":"ImageObject","inLanguage":"fr-FR","@id":"https:\/\/www.tessi.eu\/fr\/resultats-2018\/#primaryimage","url":"https:\/\/www.tessi.eu\/wp-content\/uploads\/2019\/04\/img_tessi.jpg","contentUrl":"https:\/\/www.tessi.eu\/wp-content\/uploads\/2019\/04\/img_tessi.jpg","width":506,"height":398,"caption":"vignette tessi"},{"@type":"BreadcrumbList","@id":"https:\/\/www.tessi.eu\/fr\/resultats-2018\/#breadcrumb","itemListElement":[{"@type":"ListItem","position":1,"name":"Home","item":"https:\/\/www.tessi.eu\/fr\/"},{"@type":"ListItem","position":2,"name":"Communiqu\u00e9 financier : R\u00e9sultats 2018"}]},{"@type":"WebSite","@id":"https:\/\/www.tessi.eu\/fr\/#website","url":"https:\/\/www.tessi.eu\/fr\/","name":"Tessi International","description":"","potentialAction":[{"@type":"SearchAction","target":{"@type":"EntryPoint","urlTemplate":"https:\/\/www.tessi.eu\/fr\/?s={search_term_string}"},"query-input":{"@type":"PropertyValueSpecification","valueRequired":true,"valueName":"search_term_string"}}],"inLanguage":"fr-FR"},{"@type":"Person","@id":"https:\/\/www.tessi.eu\/fr\/#\/schema\/person\/2351c406fd33cac247ec1c445c126e1e","name":"limpide_admin","image":{"@type":"ImageObject","inLanguage":"fr-FR","@id":"https:\/\/www.tessi.eu\/fr\/#\/schema\/person\/image\/","url":"https:\/\/secure.gravatar.com\/avatar\/b8af01a2278e1591ade1191d65336babef6cb64316c0e9ec09ae9a292dd3d446?s=96&d=mm&r=g","contentUrl":"https:\/\/secure.gravatar.com\/avatar\/b8af01a2278e1591ade1191d65336babef6cb64316c0e9ec09ae9a292dd3d446?s=96&d=mm&r=g","caption":"limpide_admin"}}]}},"_links":{"self":[{"href":"https:\/\/www.tessi.eu\/fr\/wp-json\/wp\/v2\/posts\/8967\/"}],"collection":[{"href":"https:\/\/www.tessi.eu\/fr\/wp-json\/wp\/v2\/posts\/"}],"about":[{"href":"https:\/\/www.tessi.eu\/fr\/wp-json\/wp\/v2\/types\/post\/"}],"author":[{"embeddable":true,"href":"https:\/\/www.tessi.eu\/fr\/wp-json\/wp\/v2\/users\/1\/"}],"replies":[{"embeddable":true,"href":"https:\/\/www.tessi.eu\/fr\/wp-json\/wp\/v2\/comments\/?post=8967"}],"version-history":[{"count":0,"href":"https:\/\/www.tessi.eu\/fr\/wp-json\/wp\/v2\/posts\/8967\/revisions\/"}],"wp:featuredmedia":[{"embeddable":true,"href":"https:\/\/www.tessi.eu\/fr\/wp-json\/wp\/v2\/media\/8667\/"}],"wp:attachment":[{"href":"https:\/\/www.tessi.eu\/fr\/wp-json\/wp\/v2\/media\/?parent=8967"}],"wp:term":[{"taxonomy":"category","embeddable":true,"href":"https:\/\/www.tessi.eu\/fr\/wp-json\/wp\/v2\/categories\/?post=8967"},{"taxonomy":"post_tag","embeddable":true,"href":"https:\/\/www.tessi.eu\/fr\/wp-json\/wp\/v2\/tags\/?post=8967"}],"curies":[{"name":"wp","href":"https:\/\/api.w.org\/{rel}","templated":true}]}}