{"id":6846,"date":"2018-03-26T21:12:08","date_gmt":"2018-03-26T19:12:08","guid":{"rendered":"https:\/\/www.tessi.eu\/?p=6846"},"modified":"2019-03-10T21:18:22","modified_gmt":"2019-03-10T20:18:22","slug":"tessi-recoit-nicolas-hulot-pour-le-lancement-de-la-campagne-cheque-energie-2018","status":"publish","type":"post","link":"https:\/\/www.tessi.eu\/fr\/tessi-recoit-nicolas-hulot-pour-le-lancement-de-la-campagne-cheque-energie-2018\/","title":{"rendered":"Tessi re\u00e7oit Nicolas Hulot pour le lancement de la campagne Ch\u00e8que \u00c9nergie 2018"},"content":{"rendered":"<p><strong>Tessi<\/strong>\u00a0est fi\u00e8re d\u2019accompagner son partenaire\u00a0<strong>Worldline<\/strong>\u00a0sur la campagne Ch\u00e8que \u00c9nergie, et re\u00e7oit\u00a0<strong>Nicolas Hulot<\/strong>, Ministre de la Transition \u00e9cologique et solidaire, ce jour \u00e0\u00a015h30 sur son site \u00e9ditique de Longjumeau pour le lancement de la campagne 2018 des Ch\u00e8ques \u00c9nergie !<\/p>\n<ul>\n<li>4 millions de courriers seront \u00e9dit\u00e9s, mis sous pli et envoy\u00e9s par nos services<\/li>\n<li>5 semaines de production pour cette campagne<\/li>\n<li>200 \u00e0 300 000 courriers\u2009\/\u2009jour<\/li>\n<li>Option s\u00e9curit\u00e9 prise<\/li>\n<\/ul>\n<p>A cette occasion, nous avons re\u00e7u\u00a0<strong>France T\u00e9l\u00e9vision<\/strong>\u00a0ce matin pour pr\u00e9parer le journal de 13h sur France2.<\/p>\n<p>Tessi op\u00e8re l\u2019\u00e9ditique et le routage industriel des Ch\u00e8ques \u00c9nergie 2018 et proc\u00e8de \u00e9galement \u00e0\u00a0la d\u00e9mat\u00e9rialisation des dossiers d\u2019enr\u00f4lement des fournisseurs.<\/p>\n","protected":false},"excerpt":{"rendered":"<p>Tessi\u00a0est fi\u00e8re d\u2019accompagner son partenaire\u00a0Worldline\u00a0sur la campagne Ch\u00e8que \u00c9nergie, et re\u00e7oit\u00a0Nicolas Hulot, Ministre de la Transition \u00e9cologique et solidaire, ce jour \u00e0\u00a015h30 sur son site \u00e9ditique de Longjumeau pour le lancement de la campagne 2018 des Ch\u00e8ques \u00c9nergie ! 4 millions de courriers seront \u00e9dit\u00e9s, mis sous pli et envoy\u00e9s par nos services 5 semaines [&hellip;]<\/p>\n","protected":false},"author":1,"featured_media":0,"comment_status":"closed","ping_status":"closed","sticky":false,"template":"","format":"standard","meta":{"_acf_changed":false,"footnotes":""},"categories":[47],"tags":[],"class_list":["post-6846","post","type-post","status-publish","format-standard","hentry","category-news"],"acf":[],"yoast_head":"<!-- This site is optimized with the Yoast SEO Premium plugin v22.3 (Yoast SEO v27.1.1) - https:\/\/yoast.com\/product\/yoast-seo-premium-wordpress\/ -->\n<title>Tessi re\u00e7oit Nicolas Hulot pour le lancement de la campagne Ch\u00e8que \u00c9nergie 2018 - Tessi International<\/title>\n<meta name=\"robots\" content=\"index, follow, max-snippet:-1, max-image-preview:large, max-video-preview:-1\" \/>\n<link rel=\"canonical\" href=\"https:\/\/www.tessi.eu\/fr\/tessi-recoit-nicolas-hulot-pour-le-lancement-de-la-campagne-cheque-energie-2018\/\" \/>\n<meta property=\"og:locale\" content=\"fr_FR\" \/>\n<meta property=\"og:type\" content=\"article\" \/>\n<meta property=\"og:title\" content=\"Tessi re\u00e7oit Nicolas Hulot pour le lancement de la campagne Ch\u00e8que \u00c9nergie 2018\" \/>\n<meta property=\"og:description\" content=\"Tessi\u00a0est fi\u00e8re d\u2019accompagner son partenaire\u00a0Worldline\u00a0sur la campagne Ch\u00e8que \u00c9nergie, et re\u00e7oit\u00a0Nicolas Hulot, Ministre de la Transition \u00e9cologique et solidaire, ce jour \u00e0\u00a015h30 sur son site \u00e9ditique de Longjumeau pour le lancement de la campagne 2018 des Ch\u00e8ques \u00c9nergie ! 4 millions de courriers seront \u00e9dit\u00e9s, mis sous pli et envoy\u00e9s par nos services 5 semaines [&hellip;]\" \/>\n<meta property=\"og:url\" content=\"https:\/\/www.tessi.eu\/fr\/tessi-recoit-nicolas-hulot-pour-le-lancement-de-la-campagne-cheque-energie-2018\/\" \/>\n<meta property=\"og:site_name\" content=\"Tessi International\" \/>\n<meta property=\"article:published_time\" content=\"2018-03-26T19:12:08+00:00\" \/>\n<meta property=\"article:modified_time\" content=\"2019-03-10T20:18:22+00:00\" \/>\n<meta name=\"author\" content=\"limpide_admin\" \/>\n<meta name=\"twitter:card\" content=\"summary_large_image\" \/>\n<meta name=\"twitter:label1\" content=\"\u00c9crit par\" \/>\n\t<meta name=\"twitter:data1\" content=\"limpide_admin\" \/>\n\t<meta name=\"twitter:label2\" content=\"Dur\u00e9e de lecture estim\u00e9e\" \/>\n\t<meta name=\"twitter:data2\" content=\"1 minute\" \/>\n<script type=\"application\/ld+json\" class=\"yoast-schema-graph\">{\"@context\":\"https:\/\/schema.org\",\"@graph\":[{\"@type\":\"Article\",\"@id\":\"https:\/\/www.tessi.eu\/fr\/tessi-recoit-nicolas-hulot-pour-le-lancement-de-la-campagne-cheque-energie-2018\/#article\",\"isPartOf\":{\"@id\":\"https:\/\/www.tessi.eu\/fr\/tessi-recoit-nicolas-hulot-pour-le-lancement-de-la-campagne-cheque-energie-2018\/\"},\"author\":{\"name\":\"limpide_admin\",\"@id\":\"https:\/\/www.tessi.eu\/fr\/#\/schema\/person\/2351c406fd33cac247ec1c445c126e1e\"},\"headline\":\"Tessi re\u00e7oit Nicolas Hulot pour le lancement de la campagne Ch\u00e8que \u00c9nergie 2018\",\"datePublished\":\"2018-03-26T19:12:08+00:00\",\"dateModified\":\"2019-03-10T20:18:22+00:00\",\"mainEntityOfPage\":{\"@id\":\"https:\/\/www.tessi.eu\/fr\/tessi-recoit-nicolas-hulot-pour-le-lancement-de-la-campagne-cheque-energie-2018\/\"},\"wordCount\":137,\"articleSection\":[\"News\"],\"inLanguage\":\"fr-FR\"},{\"@type\":\"WebPage\",\"@id\":\"https:\/\/www.tessi.eu\/fr\/tessi-recoit-nicolas-hulot-pour-le-lancement-de-la-campagne-cheque-energie-2018\/\",\"url\":\"https:\/\/www.tessi.eu\/fr\/tessi-recoit-nicolas-hulot-pour-le-lancement-de-la-campagne-cheque-energie-2018\/\",\"name\":\"Tessi re\u00e7oit Nicolas Hulot pour le lancement de la campagne Ch\u00e8que \u00c9nergie 2018 - Tessi International\",\"isPartOf\":{\"@id\":\"https:\/\/www.tessi.eu\/fr\/#website\"},\"datePublished\":\"2018-03-26T19:12:08+00:00\",\"dateModified\":\"2019-03-10T20:18:22+00:00\",\"author\":{\"@id\":\"https:\/\/www.tessi.eu\/fr\/#\/schema\/person\/2351c406fd33cac247ec1c445c126e1e\"},\"breadcrumb\":{\"@id\":\"https:\/\/www.tessi.eu\/fr\/tessi-recoit-nicolas-hulot-pour-le-lancement-de-la-campagne-cheque-energie-2018\/#breadcrumb\"},\"inLanguage\":\"fr-FR\",\"potentialAction\":[{\"@type\":\"ReadAction\",\"target\":[\"https:\/\/www.tessi.eu\/fr\/tessi-recoit-nicolas-hulot-pour-le-lancement-de-la-campagne-cheque-energie-2018\/\"]}]},{\"@type\":\"BreadcrumbList\",\"@id\":\"https:\/\/www.tessi.eu\/fr\/tessi-recoit-nicolas-hulot-pour-le-lancement-de-la-campagne-cheque-energie-2018\/#breadcrumb\",\"itemListElement\":[{\"@type\":\"ListItem\",\"position\":1,\"name\":\"Home\",\"item\":\"https:\/\/www.tessi.eu\/fr\/\"},{\"@type\":\"ListItem\",\"position\":2,\"name\":\"Tessi re\u00e7oit Nicolas Hulot pour le lancement de la campagne Ch\u00e8que \u00c9nergie 2018\"}]},{\"@type\":\"WebSite\",\"@id\":\"https:\/\/www.tessi.eu\/fr\/#website\",\"url\":\"https:\/\/www.tessi.eu\/fr\/\",\"name\":\"Tessi International\",\"description\":\"\",\"potentialAction\":[{\"@type\":\"SearchAction\",\"target\":{\"@type\":\"EntryPoint\",\"urlTemplate\":\"https:\/\/www.tessi.eu\/fr\/?s={search_term_string}\"},\"query-input\":{\"@type\":\"PropertyValueSpecification\",\"valueRequired\":true,\"valueName\":\"search_term_string\"}}],\"inLanguage\":\"fr-FR\"},{\"@type\":\"Person\",\"@id\":\"https:\/\/www.tessi.eu\/fr\/#\/schema\/person\/2351c406fd33cac247ec1c445c126e1e\",\"name\":\"limpide_admin\",\"image\":{\"@type\":\"ImageObject\",\"inLanguage\":\"fr-FR\",\"@id\":\"https:\/\/www.tessi.eu\/fr\/#\/schema\/person\/image\/\",\"url\":\"https:\/\/secure.gravatar.com\/avatar\/b8af01a2278e1591ade1191d65336babef6cb64316c0e9ec09ae9a292dd3d446?s=96&d=mm&r=g\",\"contentUrl\":\"https:\/\/secure.gravatar.com\/avatar\/b8af01a2278e1591ade1191d65336babef6cb64316c0e9ec09ae9a292dd3d446?s=96&d=mm&r=g\",\"caption\":\"limpide_admin\"}}]}<\/script>\n<!-- \/ Yoast SEO Premium plugin. -->","yoast_head_json":{"title":"Tessi re\u00e7oit Nicolas Hulot pour le lancement de la campagne Ch\u00e8que \u00c9nergie 2018 - Tessi International","robots":{"index":"index","follow":"follow","max-snippet":"max-snippet:-1","max-image-preview":"max-image-preview:large","max-video-preview":"max-video-preview:-1"},"canonical":"https:\/\/www.tessi.eu\/fr\/tessi-recoit-nicolas-hulot-pour-le-lancement-de-la-campagne-cheque-energie-2018\/","og_locale":"fr_FR","og_type":"article","og_title":"Tessi re\u00e7oit Nicolas Hulot pour le lancement de la campagne Ch\u00e8que \u00c9nergie 2018","og_description":"Tessi\u00a0est fi\u00e8re d\u2019accompagner son partenaire\u00a0Worldline\u00a0sur la campagne Ch\u00e8que \u00c9nergie, et re\u00e7oit\u00a0Nicolas Hulot, Ministre de la Transition \u00e9cologique et solidaire, ce jour \u00e0\u00a015h30 sur son site \u00e9ditique de Longjumeau pour le lancement de la campagne 2018 des Ch\u00e8ques \u00c9nergie ! 4 millions de courriers seront \u00e9dit\u00e9s, mis sous pli et envoy\u00e9s par nos services 5 semaines [&hellip;]","og_url":"https:\/\/www.tessi.eu\/fr\/tessi-recoit-nicolas-hulot-pour-le-lancement-de-la-campagne-cheque-energie-2018\/","og_site_name":"Tessi International","article_published_time":"2018-03-26T19:12:08+00:00","article_modified_time":"2019-03-10T20:18:22+00:00","author":"limpide_admin","twitter_card":"summary_large_image","twitter_misc":{"\u00c9crit par":"limpide_admin","Dur\u00e9e de lecture estim\u00e9e":"1 minute"},"schema":{"@context":"https:\/\/schema.org","@graph":[{"@type":"Article","@id":"https:\/\/www.tessi.eu\/fr\/tessi-recoit-nicolas-hulot-pour-le-lancement-de-la-campagne-cheque-energie-2018\/#article","isPartOf":{"@id":"https:\/\/www.tessi.eu\/fr\/tessi-recoit-nicolas-hulot-pour-le-lancement-de-la-campagne-cheque-energie-2018\/"},"author":{"name":"limpide_admin","@id":"https:\/\/www.tessi.eu\/fr\/#\/schema\/person\/2351c406fd33cac247ec1c445c126e1e"},"headline":"Tessi re\u00e7oit Nicolas Hulot pour le lancement de la campagne Ch\u00e8que \u00c9nergie 2018","datePublished":"2018-03-26T19:12:08+00:00","dateModified":"2019-03-10T20:18:22+00:00","mainEntityOfPage":{"@id":"https:\/\/www.tessi.eu\/fr\/tessi-recoit-nicolas-hulot-pour-le-lancement-de-la-campagne-cheque-energie-2018\/"},"wordCount":137,"articleSection":["News"],"inLanguage":"fr-FR"},{"@type":"WebPage","@id":"https:\/\/www.tessi.eu\/fr\/tessi-recoit-nicolas-hulot-pour-le-lancement-de-la-campagne-cheque-energie-2018\/","url":"https:\/\/www.tessi.eu\/fr\/tessi-recoit-nicolas-hulot-pour-le-lancement-de-la-campagne-cheque-energie-2018\/","name":"Tessi re\u00e7oit Nicolas Hulot pour le lancement de la campagne Ch\u00e8que \u00c9nergie 2018 - Tessi International","isPartOf":{"@id":"https:\/\/www.tessi.eu\/fr\/#website"},"datePublished":"2018-03-26T19:12:08+00:00","dateModified":"2019-03-10T20:18:22+00:00","author":{"@id":"https:\/\/www.tessi.eu\/fr\/#\/schema\/person\/2351c406fd33cac247ec1c445c126e1e"},"breadcrumb":{"@id":"https:\/\/www.tessi.eu\/fr\/tessi-recoit-nicolas-hulot-pour-le-lancement-de-la-campagne-cheque-energie-2018\/#breadcrumb"},"inLanguage":"fr-FR","potentialAction":[{"@type":"ReadAction","target":["https:\/\/www.tessi.eu\/fr\/tessi-recoit-nicolas-hulot-pour-le-lancement-de-la-campagne-cheque-energie-2018\/"]}]},{"@type":"BreadcrumbList","@id":"https:\/\/www.tessi.eu\/fr\/tessi-recoit-nicolas-hulot-pour-le-lancement-de-la-campagne-cheque-energie-2018\/#breadcrumb","itemListElement":[{"@type":"ListItem","position":1,"name":"Home","item":"https:\/\/www.tessi.eu\/fr\/"},{"@type":"ListItem","position":2,"name":"Tessi re\u00e7oit Nicolas Hulot pour le lancement de la campagne Ch\u00e8que \u00c9nergie 2018"}]},{"@type":"WebSite","@id":"https:\/\/www.tessi.eu\/fr\/#website","url":"https:\/\/www.tessi.eu\/fr\/","name":"Tessi International","description":"","potentialAction":[{"@type":"SearchAction","target":{"@type":"EntryPoint","urlTemplate":"https:\/\/www.tessi.eu\/fr\/?s={search_term_string}"},"query-input":{"@type":"PropertyValueSpecification","valueRequired":true,"valueName":"search_term_string"}}],"inLanguage":"fr-FR"},{"@type":"Person","@id":"https:\/\/www.tessi.eu\/fr\/#\/schema\/person\/2351c406fd33cac247ec1c445c126e1e","name":"limpide_admin","image":{"@type":"ImageObject","inLanguage":"fr-FR","@id":"https:\/\/www.tessi.eu\/fr\/#\/schema\/person\/image\/","url":"https:\/\/secure.gravatar.com\/avatar\/b8af01a2278e1591ade1191d65336babef6cb64316c0e9ec09ae9a292dd3d446?s=96&d=mm&r=g","contentUrl":"https:\/\/secure.gravatar.com\/avatar\/b8af01a2278e1591ade1191d65336babef6cb64316c0e9ec09ae9a292dd3d446?s=96&d=mm&r=g","caption":"limpide_admin"}}]}},"_links":{"self":[{"href":"https:\/\/www.tessi.eu\/fr\/wp-json\/wp\/v2\/posts\/6846\/"}],"collection":[{"href":"https:\/\/www.tessi.eu\/fr\/wp-json\/wp\/v2\/posts\/"}],"about":[{"href":"https:\/\/www.tessi.eu\/fr\/wp-json\/wp\/v2\/types\/post\/"}],"author":[{"embeddable":true,"href":"https:\/\/www.tessi.eu\/fr\/wp-json\/wp\/v2\/users\/1\/"}],"replies":[{"embeddable":true,"href":"https:\/\/www.tessi.eu\/fr\/wp-json\/wp\/v2\/comments\/?post=6846"}],"version-history":[{"count":1,"href":"https:\/\/www.tessi.eu\/fr\/wp-json\/wp\/v2\/posts\/6846\/revisions\/"}],"predecessor-version":[{"id":37998,"href":"https:\/\/www.tessi.eu\/fr\/wp-json\/wp\/v2\/posts\/6846\/revisions\/37998\/"}],"wp:attachment":[{"href":"https:\/\/www.tessi.eu\/fr\/wp-json\/wp\/v2\/media\/?parent=6846"}],"wp:term":[{"taxonomy":"category","embeddable":true,"href":"https:\/\/www.tessi.eu\/fr\/wp-json\/wp\/v2\/categories\/?post=6846"},{"taxonomy":"post_tag","embeddable":true,"href":"https:\/\/www.tessi.eu\/fr\/wp-json\/wp\/v2\/tags\/?post=6846"}],"curies":[{"name":"wp","href":"https:\/\/api.w.org\/{rel}","templated":true}]}}