{"id":68149,"date":"2026-03-16T17:31:15","date_gmt":"2026-03-16T16:31:15","guid":{"rendered":"https:\/\/www.tessi.eu\/?p=68149\/"},"modified":"2026-03-17T16:29:11","modified_gmt":"2026-03-17T15:29:11","slug":"facture-electronique-reussir-transition-humain","status":"publish","type":"post","link":"https:\/\/www.tessi.eu\/fr\/facture-electronique-reussir-transition-humain\/","title":{"rendered":"Facturation \u00e9lectronique : r\u00e9ussir la transition gr\u00e2ce \u00e0 l&rsquo;humain"},"content":{"rendered":"<h2>D\u00e9couvrez notre nouveau num\u00e9ro de <span style=\"color: #ea527e;\"><a style=\"color: #ea527e;\" href=\"https:\/\/www.tessi-blog.com\/\" target=\"_blank\" rel=\"noopener\">blog<strong> Tessi Insights<\/strong><\/a><\/span>\u00a0consacr\u00e9 \u00e0 la facturation \u00e9lectronique : au-del\u00e0 de la technologie.<\/h2>\n<p data-start=\"434\" data-end=\"739\">\u00c0 quelques mois de l\u2019entr\u00e9e en vigueur de la r\u00e9forme de la facturation \u00e9lectronique, les plateformes et les infrastructures techniques sont globalement pr\u00eates. Pourtant, pour les entreprises, disposer d\u2019un outil conforme ne garantit pas une transition fluide vers ce nouveau mod\u00e8le d\u2019\u00e9change des factures.<\/p>\n<p data-start=\"741\" data-end=\"1004\">La mise en conformit\u00e9 avec la r\u00e9forme ne se limite pas au d\u00e9ploiement d\u2019une plateforme de d\u00e9mat\u00e9rialisation ou \u00e0 l\u2019adaptation des syst\u00e8mes d\u2019information. Elle implique \u00e9galement une transformation des processus, des pratiques m\u00e9tiers et de l\u2019organisation interne.<\/p>\n<p data-start=\"1006\" data-end=\"1234\">Conduite du changement, gestion des anomalies, \u00e9volution des flux de travail ou encore continuit\u00e9 de service : les enjeux humains et op\u00e9rationnels sont d\u00e9terminants pour r\u00e9ussir cette transition vers la facturation \u00e9lectronique.<\/p>\n<p data-start=\"1236\" data-end=\"1624\">Chez Tessi, nous sommes convaincus que la r\u00e9ussite de cette transformation repose sur une combinaison essentielle : <strong data-start=\"1352\" data-end=\"1419\">l\u2019alliance entre une technologie robuste et l\u2019expertise humaine<\/strong>. C\u2019est cette compl\u00e9mentarit\u00e9 qui permet aux entreprises d\u2019absorber la complexit\u00e9 de l\u2019\u00e9cosyst\u00e8me, de s\u00e9curiser leurs processus et de transformer une contrainte r\u00e9glementaire en opportunit\u00e9 d\u2019am\u00e9lioration.<\/p>\n<p data-start=\"1626\" data-end=\"1971\">Dans ce nouveau num\u00e9ro du blog <strong data-start=\"1657\" data-end=\"1675\">Tessi Insights<\/strong>, nous vous proposons d\u2019explorer les coulisses d\u2019une transition r\u00e9ussie vers la facturation \u00e9lectronique. Au-del\u00e0 de l\u2019outil, d\u00e9couvrez les facteurs cl\u00e9s de succ\u00e8s, les retours d\u2019exp\u00e9rience concrets et l\u2019\u00e9clairage d\u2019experts sur les enjeux de cette r\u00e9forme majeure pour les directions financi\u00e8res.<\/p>\n<h2><strong><span style=\"color: #ea527e;\"><a style=\"color: #ea527e;\" href=\"https:\/\/www.tessi-blog.com\/facturation-electronique-technologie-seule-ne-suffira-pas\/\" target=\"_blank\" rel=\"noopener\">Le regard de Tessi<\/a> <\/span>: Pourquoi la technologie seule ne suffira pas<\/strong><\/h2>\n<p>La r\u00e9forme de la facturation \u00e9lectronique obligatoire marque une \u00e9tape structurante dans la digitalisation des entreprises fran\u00e7aises. \u00c0 quelques mois de l&rsquo;\u00e9ch\u00e9ance de septembre 2026, les plateformes agr\u00e9\u00e9es sont pr\u00eates. Mais pour les directions financi\u00e8res, disposer d&rsquo;un outil conforme ne garantit pas une transition sans accroc. La cl\u00e9 ? Un partenaire capable d&rsquo;allier robustesse technologique et expertise humaine. Analyse avec <a href=\"https:\/\/www.linkedin.com\/in\/florent-faguer\/\" target=\"_blank\" rel=\"noopener\">Florent Faguer<\/a>, Responsable Marketing \u2013 Facture \u00e9lectronique chez Tessi.<\/p>\n<h2><strong><span style=\"color: #ea527e;\"><a style=\"color: #ea527e;\" href=\"https:\/\/www.tessi-blog.com\/retour-experience-cles-transition-reussie-facturation-electronique\/\" target=\"_blank\" rel=\"noopener\">En pratique<\/a><\/span>\u00a0: Retour d&rsquo;exp\u00e9rience : les cl\u00e9s d&rsquo;une transition r\u00e9ussie chez Legallais<\/strong><\/h2>\n<p>L\u2019entreprise <a href=\"https:\/\/www.legallais.com\/\" target=\"_blank\" rel=\"noopener\">Legallais<\/a>, acteur majeur de la distribution de quincaillerie, a su transformer l&rsquo;obligation r\u00e9glementaire de facturation \u00e9lectronique en opportunit\u00e9 de modernisation globale. Comment ont-ils structur\u00e9 ce projet d&rsquo;envergure ? Quels \u00e9cueils ont-ils rencontr\u00e9s et comment les ont-ils surmont\u00e9s ? Quels b\u00e9n\u00e9fices per\u00e7oivent-ils d\u00e9j\u00e0 au-del\u00e0 de la mise en conformit\u00e9 ? \u00c9clairage des coulisses d\u2019une transition strat\u00e9gique avec <a href=\"https:\/\/www.linkedin.com\/in\/emerten\/\" target=\"_blank\" rel=\"noopener\">Eric Merten<\/a>, Chef de projet SI chez Legallais.<\/p>\n<h2><strong><span style=\"color: #ea527e;\"><a style=\"color: #ea527e;\" href=\"https:\/\/www.tessi-blog.com\/facturation-electronique-ecosysteme\/\" target=\"_blank\" rel=\"noopener\">Ils nous en parlent<\/a>\u00a0<\/span>: Facturation \u00e9lectronique : l&rsquo;\u00e9cosyst\u00e8me est-il pr\u00eat ?<\/strong><\/h2>\n<p>Plus d&rsquo;une centaine de plateformes agr\u00e9\u00e9es, un annuaire op\u00e9rationnel, une phase pilote qui d\u00e9marre : \u00e0 quelques mois de l&rsquo;\u00e9ch\u00e9ance, l&rsquo;\u00e9cosyst\u00e8me de la facturation \u00e9lectronique prend forme. Les entreprises sont-elles pr\u00eates ? Faut-il s&rsquo;attendre \u00e0 des turbulences en septembre ? \u00c9change avec <a href=\"https:\/\/www.linkedin.com\/in\/cyrillesautereau\/\" target=\"_blank\" rel=\"noopener\">Cyrille Sautereau<\/a>, pr\u00e9sident du <a href=\"https:\/\/fnfe-mpe.org\/\" target=\"_blank\" rel=\"noopener\">FNFE-MPE<\/a>, le forum qui f\u00e9d\u00e8re l&rsquo;ensemble des acteurs du secteur.<\/p>\n<p>&nbsp;<\/p>\n<h3>Envie d\u2019en savoir plus ?\u00a0<strong><span style=\"color: #ea527e;\"><a style=\"color: #ea527e;\" href=\"https:\/\/www.tessi-blog.com\/facturation-electronique-ecosysteme\/#newsletter\" target=\"_blank\" rel=\"noopener\">Abonnez-vous \u00e0 la newsletter<\/a><\/span> et d\u00e9couvrez l\u2019int\u00e9gralit\u00e9 des articles sur notre blog Tessi Insights !<\/strong><\/h3>\n","protected":false},"excerpt":{"rendered":"<p>D\u00e9couvrez notre nouveau num\u00e9ro de blog Tessi Insights\u00a0consacr\u00e9 \u00e0 la facturation \u00e9lectronique : au-del\u00e0 de la technologie. \u00c0 quelques mois de l\u2019entr\u00e9e en vigueur de la r\u00e9forme de la facturation \u00e9lectronique, les plateformes et les infrastructures techniques sont globalement pr\u00eates. Pourtant, pour les entreprises, disposer d\u2019un outil conforme ne garantit pas une transition fluide vers [&hellip;]<\/p>\n","protected":false},"author":45,"featured_media":68157,"comment_status":"closed","ping_status":"closed","sticky":true,"template":"","format":"standard","meta":{"_acf_changed":false,"footnotes":""},"categories":[47,813],"tags":[771,775,776],"class_list":["post-68149","post","type-post","status-publish","format-standard","has-post-thumbnail","hentry","category-news","category-facture-electronique","tag-tessi-insights","tag-facture-electronique","tag-digital-invoice-by-tessi"],"acf":[],"yoast_head":"<!-- This site is optimized with the Yoast SEO Premium plugin v22.3 (Yoast SEO v27.1.1) - https:\/\/yoast.com\/product\/yoast-seo-premium-wordpress\/ -->\n<title>Facturation \u00e9lectronique : r\u00e9ussir la transition gr\u00e2ce \u00e0 l&#039;humain<\/title>\n<meta name=\"description\" content=\"La r\u00e9forme de la facture \u00e9lectronique approche : \u00eates-vous pr\u00eat ? Experts, retours d\u2019exp\u00e9rience et d\u00e9cryptage pour r\u00e9ussir votre transition.\" \/>\n<meta name=\"robots\" content=\"index, follow, max-snippet:-1, max-image-preview:large, max-video-preview:-1\" \/>\n<link rel=\"canonical\" href=\"https:\/\/www.tessi.eu\/fr\/facture-electronique-reussir-transition-humain\/\" \/>\n<meta property=\"og:locale\" content=\"fr_FR\" \/>\n<meta property=\"og:type\" content=\"article\" \/>\n<meta property=\"og:title\" content=\"Facturation \u00e9lectronique : r\u00e9ussir la transition gr\u00e2ce \u00e0 l&#039;humain\" \/>\n<meta property=\"og:description\" content=\"La r\u00e9forme de la facture \u00e9lectronique approche : \u00eates-vous pr\u00eat ? Experts, retours d\u2019exp\u00e9rience et d\u00e9cryptage pour r\u00e9ussir votre transition.\" \/>\n<meta property=\"og:url\" content=\"https:\/\/www.tessi.eu\/fr\/facture-electronique-reussir-transition-humain\/\" \/>\n<meta property=\"og:site_name\" content=\"Tessi International\" \/>\n<meta property=\"article:published_time\" content=\"2026-03-16T16:31:15+00:00\" \/>\n<meta property=\"article:modified_time\" content=\"2026-03-17T15:29:11+00:00\" \/>\n<meta property=\"og:image\" content=\"https:\/\/www.tessi.eu\/wp-content\/uploads\/2026\/03\/vignette-invoice-tech-et-humain.png\" \/>\n\t<meta property=\"og:image:width\" content=\"532\" \/>\n\t<meta property=\"og:image:height\" content=\"350\" \/>\n\t<meta property=\"og:image:type\" content=\"image\/png\" \/>\n<meta name=\"author\" content=\"Sarah Darahem\" \/>\n<meta name=\"twitter:card\" content=\"summary_large_image\" \/>\n<meta name=\"twitter:label1\" content=\"\u00c9crit par\" \/>\n\t<meta name=\"twitter:data1\" content=\"Sarah Darahem\" \/>\n\t<meta name=\"twitter:label2\" content=\"Dur\u00e9e de lecture estim\u00e9e\" \/>\n\t<meta name=\"twitter:data2\" content=\"3 minutes\" \/>\n<script type=\"application\/ld+json\" class=\"yoast-schema-graph\">{\"@context\":\"https:\/\/schema.org\",\"@graph\":[{\"@type\":\"Article\",\"@id\":\"https:\/\/www.tessi.eu\/fr\/facture-electronique-reussir-transition-humain\/#article\",\"isPartOf\":{\"@id\":\"https:\/\/www.tessi.eu\/fr\/facture-electronique-reussir-transition-humain\/\"},\"author\":{\"name\":\"Sarah Darahem\",\"@id\":\"https:\/\/www.tessi.eu\/fr\/#\/schema\/person\/7ae6b397f697926944c69fca89e1b178\"},\"headline\":\"Facturation \u00e9lectronique : r\u00e9ussir la transition gr\u00e2ce \u00e0 l&rsquo;humain\",\"datePublished\":\"2026-03-16T16:31:15+00:00\",\"dateModified\":\"2026-03-17T15:29:11+00:00\",\"mainEntityOfPage\":{\"@id\":\"https:\/\/www.tessi.eu\/fr\/facture-electronique-reussir-transition-humain\/\"},\"wordCount\":555,\"image\":{\"@id\":\"https:\/\/www.tessi.eu\/fr\/facture-electronique-reussir-transition-humain\/#primaryimage\"},\"thumbnailUrl\":\"https:\/\/www.tessi.eu\/wp-content\/uploads\/2026\/03\/vignette-invoice-tech-et-humain.png\",\"keywords\":[\"Tessi Insights\",\"facture \u00e9lectronique\",\"DiGITAL INVOICe by Tessi\"],\"articleSection\":[\"News\",\"Facture \u00e9lectronique\"],\"inLanguage\":\"fr-FR\"},{\"@type\":\"WebPage\",\"@id\":\"https:\/\/www.tessi.eu\/fr\/facture-electronique-reussir-transition-humain\/\",\"url\":\"https:\/\/www.tessi.eu\/fr\/facture-electronique-reussir-transition-humain\/\",\"name\":\"Facturation \u00e9lectronique : r\u00e9ussir la transition gr\u00e2ce \u00e0 l'humain\",\"isPartOf\":{\"@id\":\"https:\/\/www.tessi.eu\/fr\/#website\"},\"primaryImageOfPage\":{\"@id\":\"https:\/\/www.tessi.eu\/fr\/facture-electronique-reussir-transition-humain\/#primaryimage\"},\"image\":{\"@id\":\"https:\/\/www.tessi.eu\/fr\/facture-electronique-reussir-transition-humain\/#primaryimage\"},\"thumbnailUrl\":\"https:\/\/www.tessi.eu\/wp-content\/uploads\/2026\/03\/vignette-invoice-tech-et-humain.png\",\"datePublished\":\"2026-03-16T16:31:15+00:00\",\"dateModified\":\"2026-03-17T15:29:11+00:00\",\"author\":{\"@id\":\"https:\/\/www.tessi.eu\/fr\/#\/schema\/person\/7ae6b397f697926944c69fca89e1b178\"},\"description\":\"La r\u00e9forme de la facture \u00e9lectronique approche : \u00eates-vous pr\u00eat ? Experts, retours d\u2019exp\u00e9rience et d\u00e9cryptage pour r\u00e9ussir votre transition.\",\"breadcrumb\":{\"@id\":\"https:\/\/www.tessi.eu\/fr\/facture-electronique-reussir-transition-humain\/#breadcrumb\"},\"inLanguage\":\"fr-FR\",\"potentialAction\":[{\"@type\":\"ReadAction\",\"target\":[\"https:\/\/www.tessi.eu\/fr\/facture-electronique-reussir-transition-humain\/\"]}]},{\"@type\":\"ImageObject\",\"inLanguage\":\"fr-FR\",\"@id\":\"https:\/\/www.tessi.eu\/fr\/facture-electronique-reussir-transition-humain\/#primaryimage\",\"url\":\"https:\/\/www.tessi.eu\/wp-content\/uploads\/2026\/03\/vignette-invoice-tech-et-humain.png\",\"contentUrl\":\"https:\/\/www.tessi.eu\/wp-content\/uploads\/2026\/03\/vignette-invoice-tech-et-humain.png\",\"width\":532,\"height\":350,\"caption\":\"vignette invoice tech et humain\"},{\"@type\":\"BreadcrumbList\",\"@id\":\"https:\/\/www.tessi.eu\/fr\/facture-electronique-reussir-transition-humain\/#breadcrumb\",\"itemListElement\":[{\"@type\":\"ListItem\",\"position\":1,\"name\":\"Home\",\"item\":\"https:\/\/www.tessi.eu\/fr\/\"},{\"@type\":\"ListItem\",\"position\":2,\"name\":\"Facturation \u00e9lectronique : r\u00e9ussir la transition gr\u00e2ce \u00e0 l&rsquo;humain\"}]},{\"@type\":\"WebSite\",\"@id\":\"https:\/\/www.tessi.eu\/fr\/#website\",\"url\":\"https:\/\/www.tessi.eu\/fr\/\",\"name\":\"Tessi International\",\"description\":\"\",\"potentialAction\":[{\"@type\":\"SearchAction\",\"target\":{\"@type\":\"EntryPoint\",\"urlTemplate\":\"https:\/\/www.tessi.eu\/fr\/?s={search_term_string}\"},\"query-input\":{\"@type\":\"PropertyValueSpecification\",\"valueRequired\":true,\"valueName\":\"search_term_string\"}}],\"inLanguage\":\"fr-FR\"},{\"@type\":\"Person\",\"@id\":\"https:\/\/www.tessi.eu\/fr\/#\/schema\/person\/7ae6b397f697926944c69fca89e1b178\",\"name\":\"Sarah Darahem\",\"image\":{\"@type\":\"ImageObject\",\"inLanguage\":\"fr-FR\",\"@id\":\"https:\/\/www.tessi.eu\/fr\/#\/schema\/person\/image\/\",\"url\":\"https:\/\/secure.gravatar.com\/avatar\/6525aa8b1aa5027da355b7a4a84fd644919e990d5ec826c39050d5a625319a00?s=96&d=mm&r=g\",\"contentUrl\":\"https:\/\/secure.gravatar.com\/avatar\/6525aa8b1aa5027da355b7a4a84fd644919e990d5ec826c39050d5a625319a00?s=96&d=mm&r=g\",\"caption\":\"Sarah Darahem\"}}]}<\/script>\n<!-- \/ Yoast SEO Premium plugin. -->","yoast_head_json":{"title":"Facturation \u00e9lectronique : r\u00e9ussir la transition gr\u00e2ce \u00e0 l'humain","description":"La r\u00e9forme de la facture \u00e9lectronique approche : \u00eates-vous pr\u00eat ? Experts, retours d\u2019exp\u00e9rience et d\u00e9cryptage pour r\u00e9ussir votre transition.","robots":{"index":"index","follow":"follow","max-snippet":"max-snippet:-1","max-image-preview":"max-image-preview:large","max-video-preview":"max-video-preview:-1"},"canonical":"https:\/\/www.tessi.eu\/fr\/facture-electronique-reussir-transition-humain\/","og_locale":"fr_FR","og_type":"article","og_title":"Facturation \u00e9lectronique : r\u00e9ussir la transition gr\u00e2ce \u00e0 l'humain","og_description":"La r\u00e9forme de la facture \u00e9lectronique approche : \u00eates-vous pr\u00eat ? Experts, retours d\u2019exp\u00e9rience et d\u00e9cryptage pour r\u00e9ussir votre transition.","og_url":"https:\/\/www.tessi.eu\/fr\/facture-electronique-reussir-transition-humain\/","og_site_name":"Tessi International","article_published_time":"2026-03-16T16:31:15+00:00","article_modified_time":"2026-03-17T15:29:11+00:00","og_image":[{"width":532,"height":350,"url":"https:\/\/www.tessi.eu\/wp-content\/uploads\/2026\/03\/vignette-invoice-tech-et-humain.png","type":"image\/png"}],"author":"Sarah Darahem","twitter_card":"summary_large_image","twitter_misc":{"\u00c9crit par":"Sarah Darahem","Dur\u00e9e de lecture estim\u00e9e":"3 minutes"},"schema":{"@context":"https:\/\/schema.org","@graph":[{"@type":"Article","@id":"https:\/\/www.tessi.eu\/fr\/facture-electronique-reussir-transition-humain\/#article","isPartOf":{"@id":"https:\/\/www.tessi.eu\/fr\/facture-electronique-reussir-transition-humain\/"},"author":{"name":"Sarah Darahem","@id":"https:\/\/www.tessi.eu\/fr\/#\/schema\/person\/7ae6b397f697926944c69fca89e1b178"},"headline":"Facturation \u00e9lectronique : r\u00e9ussir la transition gr\u00e2ce \u00e0 l&rsquo;humain","datePublished":"2026-03-16T16:31:15+00:00","dateModified":"2026-03-17T15:29:11+00:00","mainEntityOfPage":{"@id":"https:\/\/www.tessi.eu\/fr\/facture-electronique-reussir-transition-humain\/"},"wordCount":555,"image":{"@id":"https:\/\/www.tessi.eu\/fr\/facture-electronique-reussir-transition-humain\/#primaryimage"},"thumbnailUrl":"https:\/\/www.tessi.eu\/wp-content\/uploads\/2026\/03\/vignette-invoice-tech-et-humain.png","keywords":["Tessi Insights","facture \u00e9lectronique","DiGITAL INVOICe by Tessi"],"articleSection":["News","Facture \u00e9lectronique"],"inLanguage":"fr-FR"},{"@type":"WebPage","@id":"https:\/\/www.tessi.eu\/fr\/facture-electronique-reussir-transition-humain\/","url":"https:\/\/www.tessi.eu\/fr\/facture-electronique-reussir-transition-humain\/","name":"Facturation \u00e9lectronique : r\u00e9ussir la transition gr\u00e2ce \u00e0 l'humain","isPartOf":{"@id":"https:\/\/www.tessi.eu\/fr\/#website"},"primaryImageOfPage":{"@id":"https:\/\/www.tessi.eu\/fr\/facture-electronique-reussir-transition-humain\/#primaryimage"},"image":{"@id":"https:\/\/www.tessi.eu\/fr\/facture-electronique-reussir-transition-humain\/#primaryimage"},"thumbnailUrl":"https:\/\/www.tessi.eu\/wp-content\/uploads\/2026\/03\/vignette-invoice-tech-et-humain.png","datePublished":"2026-03-16T16:31:15+00:00","dateModified":"2026-03-17T15:29:11+00:00","author":{"@id":"https:\/\/www.tessi.eu\/fr\/#\/schema\/person\/7ae6b397f697926944c69fca89e1b178"},"description":"La r\u00e9forme de la facture \u00e9lectronique approche : \u00eates-vous pr\u00eat ? Experts, retours d\u2019exp\u00e9rience et d\u00e9cryptage pour r\u00e9ussir votre transition.","breadcrumb":{"@id":"https:\/\/www.tessi.eu\/fr\/facture-electronique-reussir-transition-humain\/#breadcrumb"},"inLanguage":"fr-FR","potentialAction":[{"@type":"ReadAction","target":["https:\/\/www.tessi.eu\/fr\/facture-electronique-reussir-transition-humain\/"]}]},{"@type":"ImageObject","inLanguage":"fr-FR","@id":"https:\/\/www.tessi.eu\/fr\/facture-electronique-reussir-transition-humain\/#primaryimage","url":"https:\/\/www.tessi.eu\/wp-content\/uploads\/2026\/03\/vignette-invoice-tech-et-humain.png","contentUrl":"https:\/\/www.tessi.eu\/wp-content\/uploads\/2026\/03\/vignette-invoice-tech-et-humain.png","width":532,"height":350,"caption":"vignette invoice tech et humain"},{"@type":"BreadcrumbList","@id":"https:\/\/www.tessi.eu\/fr\/facture-electronique-reussir-transition-humain\/#breadcrumb","itemListElement":[{"@type":"ListItem","position":1,"name":"Home","item":"https:\/\/www.tessi.eu\/fr\/"},{"@type":"ListItem","position":2,"name":"Facturation \u00e9lectronique : r\u00e9ussir la transition gr\u00e2ce \u00e0 l&rsquo;humain"}]},{"@type":"WebSite","@id":"https:\/\/www.tessi.eu\/fr\/#website","url":"https:\/\/www.tessi.eu\/fr\/","name":"Tessi International","description":"","potentialAction":[{"@type":"SearchAction","target":{"@type":"EntryPoint","urlTemplate":"https:\/\/www.tessi.eu\/fr\/?s={search_term_string}"},"query-input":{"@type":"PropertyValueSpecification","valueRequired":true,"valueName":"search_term_string"}}],"inLanguage":"fr-FR"},{"@type":"Person","@id":"https:\/\/www.tessi.eu\/fr\/#\/schema\/person\/7ae6b397f697926944c69fca89e1b178","name":"Sarah Darahem","image":{"@type":"ImageObject","inLanguage":"fr-FR","@id":"https:\/\/www.tessi.eu\/fr\/#\/schema\/person\/image\/","url":"https:\/\/secure.gravatar.com\/avatar\/6525aa8b1aa5027da355b7a4a84fd644919e990d5ec826c39050d5a625319a00?s=96&d=mm&r=g","contentUrl":"https:\/\/secure.gravatar.com\/avatar\/6525aa8b1aa5027da355b7a4a84fd644919e990d5ec826c39050d5a625319a00?s=96&d=mm&r=g","caption":"Sarah Darahem"}}]}},"_links":{"self":[{"href":"https:\/\/www.tessi.eu\/fr\/wp-json\/wp\/v2\/posts\/68149\/"}],"collection":[{"href":"https:\/\/www.tessi.eu\/fr\/wp-json\/wp\/v2\/posts\/"}],"about":[{"href":"https:\/\/www.tessi.eu\/fr\/wp-json\/wp\/v2\/types\/post\/"}],"author":[{"embeddable":true,"href":"https:\/\/www.tessi.eu\/fr\/wp-json\/wp\/v2\/users\/45\/"}],"replies":[{"embeddable":true,"href":"https:\/\/www.tessi.eu\/fr\/wp-json\/wp\/v2\/comments\/?post=68149"}],"version-history":[{"count":8,"href":"https:\/\/www.tessi.eu\/fr\/wp-json\/wp\/v2\/posts\/68149\/revisions\/"}],"predecessor-version":[{"id":68185,"href":"https:\/\/www.tessi.eu\/fr\/wp-json\/wp\/v2\/posts\/68149\/revisions\/68185\/"}],"wp:featuredmedia":[{"embeddable":true,"href":"https:\/\/www.tessi.eu\/fr\/wp-json\/wp\/v2\/media\/68157\/"}],"wp:attachment":[{"href":"https:\/\/www.tessi.eu\/fr\/wp-json\/wp\/v2\/media\/?parent=68149"}],"wp:term":[{"taxonomy":"category","embeddable":true,"href":"https:\/\/www.tessi.eu\/fr\/wp-json\/wp\/v2\/categories\/?post=68149"},{"taxonomy":"post_tag","embeddable":true,"href":"https:\/\/www.tessi.eu\/fr\/wp-json\/wp\/v2\/tags\/?post=68149"}],"curies":[{"name":"wp","href":"https:\/\/api.w.org\/{rel}","templated":true}]}}