{"id":66259,"date":"2025-02-12T19:00:55","date_gmt":"2025-02-12T18:00:55","guid":{"rendered":"https:\/\/www.tessi.eu\/?p=66259\/"},"modified":"2025-12-10T11:01:58","modified_gmt":"2025-12-10T10:01:58","slug":"soiree-privilege-des-decideurs-de-lassurance","status":"publish","type":"post","link":"https:\/\/www.tessi.eu\/fr\/soiree-privilege-des-decideurs-de-lassurance\/","title":{"rendered":"Soir\u00e9e privil\u00e8ge des d\u00e9cideurs de l&rsquo;Assurance"},"content":{"rendered":"<div style=\"display: flex; text-align: center; align-items: center; justify-content: center; padding-bottom: 20px;\" align=\"center\">\n<div style=\"border-radius: 20px; border: thin solid #ea527e; width: 300px; font-size: 12px; font-weight: bold;\">Soir\u00e9e privil\u00e8ge Acteurs Assurance<\/div>\n<p>&nbsp;<\/p>\n<div style=\"width: 300px; font-size: 16px; color: #ea527e; text-align: right; font-weight: bold; vertical-align: middle; line-height: 15px; height: 15px;\"><img decoding=\"async\" src=\"https:\/\/www.tessi.eu\/wp-content\/uploads\/2024\/09\/calendrier.png\" alt=\"calendrier\" width=\"15\" \/> \u00a0\u00a0Jeudi 12 f\u00e9vrier 2026 &#8211; d\u00e8s 19h00<\/div>\n<\/div>\n<p>Nous avons le plaisir de vous convier \u00e0 la <strong>soir\u00e9e annuelle de Tessi <\/strong>, sp\u00e9cialement d\u00e9di\u00e9e aux directions g\u00e9n\u00e9rales m\u00e9tiers et IT de nos clients professionnels de l\u2019Assurance.<\/p>\n<p>Ce cocktail d\u00eenatoire sera l\u2019opportunit\u00e9 de rencontres et d\u2019\u00e9changes conviviaux dans <strong>un lieu artistique d\u2019ordinaire inaccessible<\/strong>, exceptionnellement ouvert pour notre soir\u00e9e.<\/p>\n<p>Vous pourrez y d\u00e9battre avec vos pairs et notre \u00e9quipe de direction, autour des <strong>grands enjeux de transformation<\/strong> de votre secteur, partager vos <strong>retours d\u2019exp\u00e9rience<\/strong> et d\u00e9couvrir la <strong>vision strat\u00e9gique de Tessi<\/strong> pour vous accompagner.<\/p>\n<p>Nous vous remercions par avance de r\u00e9server votre agenda et d\u2019enregistrer d\u00e8s \u00e0 pr\u00e9sent votre participation \u00e0 cette soir\u00e9e privil\u00e8ge.<\/p>\n<p>&nbsp;<\/p>\n<table style=\"border-collapse: collapse; width: 88.6872%; height: 49px;\">\n<tbody>\n<tr style=\"height: 49px;\">\n<td style=\"width: 6.15616%; height: 49px;\"><img loading=\"lazy\" decoding=\"async\" class=\" wp-image-48033\" title=\"Rendez-vous au Fluctuart\" src=\"https:\/\/www.tessi.eu\/wp-content\/uploads\/2020\/09\/picto-lieu-rose.png\" alt=\"\" width=\"38\" height=\"42\" \/><\/td>\n<td style=\"width: 113.426%; height: 49px;\">Villa EMERIGE,\u00a0 7 Rue Robert Turquan, 75016 Paris<\/td>\n<\/tr>\n<\/tbody>\n<\/table>\n    <div class=\"popins\">\n            <div class=\"popin inscription-event custom_form\">\n                <div class=\"popin-box\">\n                    <div class=\"page-template-contact\">\n                        <div class=\"formulaire form\">\n                                <a href=\"#\" class=\"close\" title=\"Fermer\">\n                                    <?xml version=\"1.0\" encoding=\"UTF-8\"?>\n<svg width=\"17px\" height=\"17px\" viewBox=\"0 0 17 17\" version=\"1.1\" xmlns=\"http:\/\/www.w3.org\/2000\/svg\" xmlns:xlink=\"http:\/\/www.w3.org\/1999\/xlink\">\n    <!-- Generator: sketchtool 52.5 (67469) - http:\/\/www.bohemiancoding.com\/sketch -->\n    <title>7E42CFC0-58CA-4426-BC01-B88A817CAA43<\/title>\n    <desc>Created with sketchtool.<\/desc>\n    <g stroke=\"none\" stroke-width=\"1\" fill=\"none\" fill-rule=\"evenodd\">\n        <g transform=\"translate(-281.000000, -21.000000)\" fill=\"#FFFFFF\" fill-rule=\"nonzero\">\n            <path d=\"M288.926165,28.9261655 L288.926165,19.3492424 L290.926165,19.3492424 L290.926165,28.9261655 L300.349242,28.9261655 L300.349242,30.9261655 L290.926165,30.9261655 L290.926165,40.3492424 L288.926165,40.3492424 L288.926165,30.9261655 L279.349242,30.9261655 L279.349242,28.9261655 L288.926165,28.9261655 Z\" id=\"Combined-Shape\" transform=\"translate(289.849242, 29.849242) rotate(-225.000000) translate(-289.849242, -29.849242) \"><\/path>\n        <\/g>\n    <\/g>\n<\/svg>                                <\/a>\n                                <span class=\"popin-title\">S'inscrire<\/span>\n                                \n<div class=\"wpcf7 no-js\" id=\"wpcf7-f2749-o1\" lang=\"en-US\" dir=\"ltr\" data-wpcf7-id=\"2749\">\n<div class=\"screen-reader-response\"><p role=\"status\" aria-live=\"polite\" aria-atomic=\"true\"><\/p> <ul><\/ul><\/div>\n<form action=\"\/fr\/wp-json\/wp\/v2\/posts\/66259\/#wpcf7-f2749-o1\" method=\"post\" class=\"wpcf7-form init\" aria-label=\"Contact form\" novalidate=\"novalidate\" data-status=\"init\">\n<fieldset class=\"hidden-fields-container\"><input type=\"hidden\" name=\"_wpcf7\" value=\"2749\" \/><input type=\"hidden\" name=\"_wpcf7_version\" value=\"6.1.5\" \/><input type=\"hidden\" name=\"_wpcf7_locale\" value=\"en_US\" \/><input type=\"hidden\" name=\"_wpcf7_unit_tag\" value=\"wpcf7-f2749-o1\" \/><input type=\"hidden\" name=\"_wpcf7_container_post\" value=\"0\" \/><input type=\"hidden\" name=\"_wpcf7_posted_data_hash\" value=\"\" \/><input type=\"hidden\" name=\"_wpcf7cf_hidden_group_fields\" value=\"[]\" \/><input type=\"hidden\" name=\"_wpcf7cf_hidden_groups\" value=\"[]\" \/><input type=\"hidden\" name=\"_wpcf7cf_visible_groups\" value=\"[]\" \/><input type=\"hidden\" name=\"_wpcf7cf_repeaters\" value=\"[]\" \/><input type=\"hidden\" name=\"_wpcf7cf_steps\" value=\"{}\" \/><input type=\"hidden\" name=\"_wpcf7cf_options\" value=\"{&quot;form_id&quot;:2749,&quot;conditions&quot;:[],&quot;settings&quot;:{&quot;animation&quot;:&quot;yes&quot;,&quot;animation_intime&quot;:200,&quot;animation_outtime&quot;:200,&quot;conditions_ui&quot;:&quot;normal&quot;,&quot;notice_dismissed&quot;:false,&quot;notice_dismissed_rollback-cf7-5.6.3&quot;:true}}\" \/><input type=\"hidden\" name=\"_wpcf7dtx_version\" value=\"5.0.5\" \/>\n<\/fieldset>\n<h4>Vos informations :\n<\/h4>\n<p>* Les champs suivis d\u2019un ast\u00e9risque sont obligatoires. Le formulaire est destin\u00e9 \u00e0 des professionnels.\n<\/p>\n<div class=\"form-row\">\n\t<div class=\"col-50 custom-input\">\n\t\t<p><span class=\"wpcf7-form-control-wrap\" data-autocomplete=\"given-name\" autocomplete=\"given-name\" name=\"firstname\"><input  maxlength=\"400\" class=\"wpcf7-form-control wpcf7-text wpcf7-validates-as-required\" aria-required=\"true\" aria-invalid=\"false\" placeholder=\"Votre pr\u00e9nom*\" value=\"\" type=\"text\" autocomplete=\"given-name\" autocomplete=\"given-name\" name=\"firstname\" \/><\/span>\n\t\t<\/p>\n\t<\/div>\n\t<div class=\"col-50 custom-input\">\n\t\t<p><span class=\"wpcf7-form-control-wrap\" data-autocomplete=\"family-name\" name=\"lastname\"><input  maxlength=\"400\" class=\"wpcf7-form-control wpcf7-text wpcf7-validates-as-required\" aria-required=\"true\" aria-invalid=\"false\" placeholder=\"Votre nom*\" value=\"\" type=\"text\" autocomplete=\"family-name\" name=\"lastname\" \/><\/span>\n\t\t<\/p>\n\t<\/div>\n<\/div>\n<div class=\"form-row\">\n\t<div class=\"col-50 custom-input\">\n\t\t<p><span class=\"wpcf7-form-control-wrap\" data-name=\"company\"><input  maxlength=\"400\" class=\"wpcf7-form-control wpcf7-text wpcf7-validates-as-required\" aria-required=\"true\" aria-invalid=\"false\" placeholder=\"Votre soci\u00e9t\u00e9*\" value=\"\" type=\"text\" name=\"company\" \/><\/span>\n\t\t<\/p>\n\t<\/div>\n\t<div class=\"col-50 custom-input\">\n\t\t<p><span class=\"wpcf7-form-control-wrap\" data-name=\"position\"><input  maxlength=\"400\" class=\"wpcf7-form-control wpcf7-text wpcf7-validates-as-required\" aria-required=\"true\" aria-invalid=\"false\" placeholder=\"Votre fonction*\" value=\"\" type=\"text\" name=\"position\" \/><\/span>\n\t\t<\/p>\n\t<\/div>\n<\/div>\n<div class=\"form-row\">\n\t<div class=\"col-50 custom-input\">\n\t\t<p><span class=\"wpcf7-form-control-wrap\" data-name=\"email\"><input  maxlength=\"400\" class=\"wpcf7-form-control wpcf7-email wpcf7-validates-as-required wpcf7-text wpcf7-validates-as-email\" aria-required=\"true\" aria-invalid=\"false\" placeholder=\"Votre email*\" value=\"\" autocomplete=\"email\" type=\"email\" title=\"Sous le format nom@domaine.fr\" name=\"email\" \/><\/span>\n\t\t<\/p>\n\t<\/div>\n\t<div class=\"col-50 custom-input\">\n\t\t<p><span class=\"wpcf7-form-control-wrap\" data-autocomplete=\"tel\" name=\"phone\" title=\"Sous le format +330102030405\"><input  maxlength=\"400\" class=\"wpcf7-form-control wpcf7-text wpcf7-validates-as-required\" aria-required=\"true\" aria-invalid=\"false\" placeholder=\"Votre t\u00e9l\u00e9phone*\" value=\"\" type=\"text\" autocomplete=\"tel\" name=\"phone\" title=\"Sous le format +330102030405\" \/><\/span>\n\t\t<\/p>\n\t<\/div>\n<\/div>\n<div class=\"form-check\">\n\t<p><span class=\"wpcf7-form-control-wrap\" data-name=\"subscribe-newsletter\"><span class=\"wpcf7-form-control wpcf7-acceptance optional\"><span class=\"wpcf7-list-item\"><label><input type=\"checkbox\" name=\"subscribe-newsletter\" value=\"1\" aria-invalid=\"false\" \/><span class=\"wpcf7-list-item-label\">Recevoir les informations et actualit\u00e9s de Tessi par e-mail<\/span><\/label><\/span><\/span><\/span>\n\t<\/p>\n<\/div>\n<div class=\"form-check rgpd\">\n\t<p class=\"optin\">Les finalit\u00e9s des traitements que Tessi effectue sont les suivantes : envoi d\u2019informations commerciales et\/ou de notifications et\/ou de documents demand\u00e9s, gestion des relations avec nos prospects et\/ou nos clients et\/ou nos partenaires. <a href=\"https:\/\/www.tessi.eu\/fr\/politique-dutilisation-des-donnees-personnelles\/\" target=\"_blank\">En savoir plus<\/a>\n\t<\/p>\n<\/div>\n<div class=\"button-wrapper\">\n\t<div class=\"capcha\">\n\t\t<p><div class=\"orange_captcha_wrapper hidden wpcf7-form-control wpcf7-orange_captcha\" data-type=\"IMAGE\" data-locale=\"fr\"><div class=\"captcha\"><div class=\"element \" data-type=\"IMAGE\"><img decoding=\"async\" data-no-lazy=\"1\" src=\"\" alt=\"Captcha visuel\"\/><\/div><div class=\"element hidden\" data-type=\"AUDIO\"><audio title=\"Captcha audio\" controls><source data-no-lazy=\"1\" src=\"\" type=\"audio\/wav\">Your browser does not support the audio element.<\/audio><\/div><div class=\"controls\"><a href=\"\" data-action=\"switch\" title=\"Switch to audio\" data-type=\"AUDIO\"><img decoding=\"async\" data-no-lazy=\"1\" src=\"https:\/\/www.tessi.eu\/wp-content\/plugins\/orange-captcha\/assets\/img\/AUDIO.svg\"\/><\/a><a href=\"\" title=\"Refresh\" data-action=\"refresh\"><img decoding=\"async\" data-no-lazy=\"1\" src=\"https:\/\/www.tessi.eu\/wp-content\/plugins\/orange-captcha\/assets\/img\/refresh.svg\"\/><\/a><\/div><\/div><div class=\"input\"><span class=\"wpcf7-form-control-wrap orange_captcha\"><input type=\"text\" class=\"orange_captcha_answer\" autocomplete=\"off\" aria-invalid=\"false\" required aria-required=\"false\" name=\"orange_captcha[answer]\" placeholder=\"Please type the code above\" \/><\/span><input type=\"hidden\" class=\"orange_captcha_id\" name=\"orange_captcha[id]\" value=\"\"\/><\/div><\/div>\n\t\t<\/p>\n\t<\/div>\n\t<div class=\"cta-container\">\n\t\t<div class=\"btn-new btn-border-degrade\">\n\t\t\t<div class=\"btn-border-degrade-content btn-border-degrade-content-with-input\">\n\t\t\t\t<p><input class=\"wpcf7-form-control wpcf7-submit has-spinner text\" type=\"submit\" value=\"Valider mon inscription\" \/>\n\t\t\t\t<\/p>\n\t\t\t<\/div>\n\t\t<\/div>\n\t<\/div>\n<\/div>\n<input class=\"wpcf7-form-control wpcf7-hidden\" value=\"fr\" type=\"hidden\" name=\"current_lang\" \/>\n<input class=\"wpcf7-form-control wpcf7-hidden\" value=\"66259\" type=\"hidden\" name=\"current_post\" \/><div class=\"wpcf7-response-output\" aria-hidden=\"true\"><\/div>\n<\/form>\n<\/div>\n                        <\/div>\n                    <\/div>\n\n                <\/div>\n            <\/div>\n        <\/div>\n        <div class=\"wrapper-cta-popin-custom\" style=\"text-align:center\">\n\t\t\t<a href=\"#\"\n\t\t\tclass=\"active-popin-inscription-event btn-new btn-arrow btn-border-degrade\"\n\t\t\ttarget=\"_blank\">\n\t\t\t<div class=\"btn-border-degrade-content white\">\n\t\t\t\t\t<span class=\"text\">S'inscrire<\/span>\n\t\t\t<\/div>\n\t\t\t<\/a>\n        <\/div>\n    \n","protected":false},"excerpt":{"rendered":"<p>Soir\u00e9e privil\u00e8ge Acteurs Assurance &nbsp; \u00a0\u00a0Jeudi 12 f\u00e9vrier 2026 &#8211; d\u00e8s 19h00 Nous avons le plaisir de vous convier \u00e0 la soir\u00e9e annuelle de Tessi , sp\u00e9cialement d\u00e9di\u00e9e aux directions g\u00e9n\u00e9rales m\u00e9tiers et IT de nos clients professionnels de l\u2019Assurance. Ce cocktail d\u00eenatoire sera l\u2019opportunit\u00e9 de rencontres et d\u2019\u00e9changes conviviaux dans un lieu artistique d\u2019ordinaire [&hellip;]<\/p>\n","protected":false},"author":45,"featured_media":0,"comment_status":"closed","ping_status":"closed","sticky":false,"template":"","format":"standard","meta":{"_acf_changed":false,"footnotes":""},"categories":[47,768],"tags":[],"class_list":["post-66259","post","type-post","status-publish","format-standard","hentry","category-news","category-assurance"],"acf":[],"yoast_head":"<!-- This site is optimized with the Yoast SEO Premium plugin v22.3 (Yoast SEO v27.1.1) - https:\/\/yoast.com\/product\/yoast-seo-premium-wordpress\/ -->\n<title>Soir\u00e9e privil\u00e8ge des d\u00e9cideurs de l&#039;Assurance - Tessi International<\/title>\n<meta name=\"robots\" content=\"index, follow, max-snippet:-1, max-image-preview:large, max-video-preview:-1\" \/>\n<link rel=\"canonical\" href=\"https:\/\/www.tessi.eu\/fr\/soiree-privilege-des-decideurs-de-lassurance\/\" \/>\n<meta property=\"og:locale\" content=\"fr_FR\" \/>\n<meta property=\"og:type\" content=\"article\" \/>\n<meta property=\"og:title\" content=\"Soir\u00e9e privil\u00e8ge des d\u00e9cideurs de l&#039;Assurance\" \/>\n<meta property=\"og:description\" content=\"Soir\u00e9e privil\u00e8ge Acteurs Assurance &nbsp; \u00a0\u00a0Jeudi 12 f\u00e9vrier 2026 &#8211; d\u00e8s 19h00 Nous avons le plaisir de vous convier \u00e0 la soir\u00e9e annuelle de Tessi , sp\u00e9cialement d\u00e9di\u00e9e aux directions g\u00e9n\u00e9rales m\u00e9tiers et IT de nos clients professionnels de l\u2019Assurance. Ce cocktail d\u00eenatoire sera l\u2019opportunit\u00e9 de rencontres et d\u2019\u00e9changes conviviaux dans un lieu artistique d\u2019ordinaire [&hellip;]\" \/>\n<meta property=\"og:url\" content=\"https:\/\/www.tessi.eu\/fr\/soiree-privilege-des-decideurs-de-lassurance\/\" \/>\n<meta property=\"og:site_name\" content=\"Tessi International\" \/>\n<meta property=\"article:published_time\" content=\"2025-02-12T18:00:55+00:00\" \/>\n<meta property=\"article:modified_time\" content=\"2025-12-10T10:01:58+00:00\" \/>\n<meta property=\"og:image\" content=\"https:\/\/www.tessi.eu\/wp-content\/uploads\/2024\/09\/calendrier.png\" \/>\n<meta name=\"author\" content=\"Sarah Darahem\" \/>\n<meta name=\"twitter:card\" content=\"summary_large_image\" \/>\n<meta name=\"twitter:label1\" content=\"\u00c9crit par\" \/>\n\t<meta name=\"twitter:data1\" content=\"Sarah Darahem\" \/>\n\t<meta name=\"twitter:label2\" content=\"Dur\u00e9e de lecture estim\u00e9e\" \/>\n\t<meta name=\"twitter:data2\" content=\"2 minutes\" \/>\n<script type=\"application\/ld+json\" class=\"yoast-schema-graph\">{\"@context\":\"https:\/\/schema.org\",\"@graph\":[{\"@type\":\"Article\",\"@id\":\"https:\/\/www.tessi.eu\/fr\/soiree-privilege-des-decideurs-de-lassurance\/#article\",\"isPartOf\":{\"@id\":\"https:\/\/www.tessi.eu\/fr\/soiree-privilege-des-decideurs-de-lassurance\/\"},\"author\":{\"name\":\"Sarah Darahem\",\"@id\":\"https:\/\/www.tessi.eu\/fr\/#\/schema\/person\/7ae6b397f697926944c69fca89e1b178\"},\"headline\":\"Soir\u00e9e privil\u00e8ge des d\u00e9cideurs de l&rsquo;Assurance\",\"datePublished\":\"2025-02-12T18:00:55+00:00\",\"dateModified\":\"2025-12-10T10:01:58+00:00\",\"mainEntityOfPage\":{\"@id\":\"https:\/\/www.tessi.eu\/fr\/soiree-privilege-des-decideurs-de-lassurance\/\"},\"wordCount\":168,\"image\":{\"@id\":\"https:\/\/www.tessi.eu\/fr\/soiree-privilege-des-decideurs-de-lassurance\/#primaryimage\"},\"thumbnailUrl\":\"https:\/\/www.tessi.eu\/wp-content\/uploads\/2024\/09\/calendrier.png\",\"articleSection\":[\"News\",\"Assurance\"],\"inLanguage\":\"fr-FR\"},{\"@type\":\"WebPage\",\"@id\":\"https:\/\/www.tessi.eu\/fr\/soiree-privilege-des-decideurs-de-lassurance\/\",\"url\":\"https:\/\/www.tessi.eu\/fr\/soiree-privilege-des-decideurs-de-lassurance\/\",\"name\":\"Soir\u00e9e privil\u00e8ge des d\u00e9cideurs de l'Assurance - Tessi International\",\"isPartOf\":{\"@id\":\"https:\/\/www.tessi.eu\/fr\/#website\"},\"primaryImageOfPage\":{\"@id\":\"https:\/\/www.tessi.eu\/fr\/soiree-privilege-des-decideurs-de-lassurance\/#primaryimage\"},\"image\":{\"@id\":\"https:\/\/www.tessi.eu\/fr\/soiree-privilege-des-decideurs-de-lassurance\/#primaryimage\"},\"thumbnailUrl\":\"https:\/\/www.tessi.eu\/wp-content\/uploads\/2024\/09\/calendrier.png\",\"datePublished\":\"2025-02-12T18:00:55+00:00\",\"dateModified\":\"2025-12-10T10:01:58+00:00\",\"author\":{\"@id\":\"https:\/\/www.tessi.eu\/fr\/#\/schema\/person\/7ae6b397f697926944c69fca89e1b178\"},\"breadcrumb\":{\"@id\":\"https:\/\/www.tessi.eu\/fr\/soiree-privilege-des-decideurs-de-lassurance\/#breadcrumb\"},\"inLanguage\":\"fr-FR\",\"potentialAction\":[{\"@type\":\"ReadAction\",\"target\":[\"https:\/\/www.tessi.eu\/fr\/soiree-privilege-des-decideurs-de-lassurance\/\"]}]},{\"@type\":\"ImageObject\",\"inLanguage\":\"fr-FR\",\"@id\":\"https:\/\/www.tessi.eu\/fr\/soiree-privilege-des-decideurs-de-lassurance\/#primaryimage\",\"url\":\"https:\/\/www.tessi.eu\/wp-content\/uploads\/2024\/09\/calendrier.png\",\"contentUrl\":\"https:\/\/www.tessi.eu\/wp-content\/uploads\/2024\/09\/calendrier.png\"},{\"@type\":\"BreadcrumbList\",\"@id\":\"https:\/\/www.tessi.eu\/fr\/soiree-privilege-des-decideurs-de-lassurance\/#breadcrumb\",\"itemListElement\":[{\"@type\":\"ListItem\",\"position\":1,\"name\":\"Home\",\"item\":\"https:\/\/www.tessi.eu\/fr\/\"},{\"@type\":\"ListItem\",\"position\":2,\"name\":\"Soir\u00e9e privil\u00e8ge des d\u00e9cideurs de l&rsquo;Assurance\"}]},{\"@type\":\"WebSite\",\"@id\":\"https:\/\/www.tessi.eu\/fr\/#website\",\"url\":\"https:\/\/www.tessi.eu\/fr\/\",\"name\":\"Tessi International\",\"description\":\"\",\"potentialAction\":[{\"@type\":\"SearchAction\",\"target\":{\"@type\":\"EntryPoint\",\"urlTemplate\":\"https:\/\/www.tessi.eu\/fr\/?s={search_term_string}\"},\"query-input\":{\"@type\":\"PropertyValueSpecification\",\"valueRequired\":true,\"valueName\":\"search_term_string\"}}],\"inLanguage\":\"fr-FR\"},{\"@type\":\"Person\",\"@id\":\"https:\/\/www.tessi.eu\/fr\/#\/schema\/person\/7ae6b397f697926944c69fca89e1b178\",\"name\":\"Sarah Darahem\",\"image\":{\"@type\":\"ImageObject\",\"inLanguage\":\"fr-FR\",\"@id\":\"https:\/\/www.tessi.eu\/fr\/#\/schema\/person\/image\/\",\"url\":\"https:\/\/secure.gravatar.com\/avatar\/6525aa8b1aa5027da355b7a4a84fd644919e990d5ec826c39050d5a625319a00?s=96&d=mm&r=g\",\"contentUrl\":\"https:\/\/secure.gravatar.com\/avatar\/6525aa8b1aa5027da355b7a4a84fd644919e990d5ec826c39050d5a625319a00?s=96&d=mm&r=g\",\"caption\":\"Sarah Darahem\"}}]}<\/script>\n<!-- \/ Yoast SEO Premium plugin. -->","yoast_head_json":{"title":"Soir\u00e9e privil\u00e8ge des d\u00e9cideurs de l'Assurance - Tessi International","robots":{"index":"index","follow":"follow","max-snippet":"max-snippet:-1","max-image-preview":"max-image-preview:large","max-video-preview":"max-video-preview:-1"},"canonical":"https:\/\/www.tessi.eu\/fr\/soiree-privilege-des-decideurs-de-lassurance\/","og_locale":"fr_FR","og_type":"article","og_title":"Soir\u00e9e privil\u00e8ge des d\u00e9cideurs de l'Assurance","og_description":"Soir\u00e9e privil\u00e8ge Acteurs Assurance &nbsp; \u00a0\u00a0Jeudi 12 f\u00e9vrier 2026 &#8211; d\u00e8s 19h00 Nous avons le plaisir de vous convier \u00e0 la soir\u00e9e annuelle de Tessi , sp\u00e9cialement d\u00e9di\u00e9e aux directions g\u00e9n\u00e9rales m\u00e9tiers et IT de nos clients professionnels de l\u2019Assurance. Ce cocktail d\u00eenatoire sera l\u2019opportunit\u00e9 de rencontres et d\u2019\u00e9changes conviviaux dans un lieu artistique d\u2019ordinaire [&hellip;]","og_url":"https:\/\/www.tessi.eu\/fr\/soiree-privilege-des-decideurs-de-lassurance\/","og_site_name":"Tessi International","article_published_time":"2025-02-12T18:00:55+00:00","article_modified_time":"2025-12-10T10:01:58+00:00","og_image":[{"url":"https:\/\/www.tessi.eu\/wp-content\/uploads\/2024\/09\/calendrier.png","type":"","width":"","height":""}],"author":"Sarah Darahem","twitter_card":"summary_large_image","twitter_misc":{"\u00c9crit par":"Sarah Darahem","Dur\u00e9e de lecture estim\u00e9e":"2 minutes"},"schema":{"@context":"https:\/\/schema.org","@graph":[{"@type":"Article","@id":"https:\/\/www.tessi.eu\/fr\/soiree-privilege-des-decideurs-de-lassurance\/#article","isPartOf":{"@id":"https:\/\/www.tessi.eu\/fr\/soiree-privilege-des-decideurs-de-lassurance\/"},"author":{"name":"Sarah Darahem","@id":"https:\/\/www.tessi.eu\/fr\/#\/schema\/person\/7ae6b397f697926944c69fca89e1b178"},"headline":"Soir\u00e9e privil\u00e8ge des d\u00e9cideurs de l&rsquo;Assurance","datePublished":"2025-02-12T18:00:55+00:00","dateModified":"2025-12-10T10:01:58+00:00","mainEntityOfPage":{"@id":"https:\/\/www.tessi.eu\/fr\/soiree-privilege-des-decideurs-de-lassurance\/"},"wordCount":168,"image":{"@id":"https:\/\/www.tessi.eu\/fr\/soiree-privilege-des-decideurs-de-lassurance\/#primaryimage"},"thumbnailUrl":"https:\/\/www.tessi.eu\/wp-content\/uploads\/2024\/09\/calendrier.png","articleSection":["News","Assurance"],"inLanguage":"fr-FR"},{"@type":"WebPage","@id":"https:\/\/www.tessi.eu\/fr\/soiree-privilege-des-decideurs-de-lassurance\/","url":"https:\/\/www.tessi.eu\/fr\/soiree-privilege-des-decideurs-de-lassurance\/","name":"Soir\u00e9e privil\u00e8ge des d\u00e9cideurs de l'Assurance - Tessi International","isPartOf":{"@id":"https:\/\/www.tessi.eu\/fr\/#website"},"primaryImageOfPage":{"@id":"https:\/\/www.tessi.eu\/fr\/soiree-privilege-des-decideurs-de-lassurance\/#primaryimage"},"image":{"@id":"https:\/\/www.tessi.eu\/fr\/soiree-privilege-des-decideurs-de-lassurance\/#primaryimage"},"thumbnailUrl":"https:\/\/www.tessi.eu\/wp-content\/uploads\/2024\/09\/calendrier.png","datePublished":"2025-02-12T18:00:55+00:00","dateModified":"2025-12-10T10:01:58+00:00","author":{"@id":"https:\/\/www.tessi.eu\/fr\/#\/schema\/person\/7ae6b397f697926944c69fca89e1b178"},"breadcrumb":{"@id":"https:\/\/www.tessi.eu\/fr\/soiree-privilege-des-decideurs-de-lassurance\/#breadcrumb"},"inLanguage":"fr-FR","potentialAction":[{"@type":"ReadAction","target":["https:\/\/www.tessi.eu\/fr\/soiree-privilege-des-decideurs-de-lassurance\/"]}]},{"@type":"ImageObject","inLanguage":"fr-FR","@id":"https:\/\/www.tessi.eu\/fr\/soiree-privilege-des-decideurs-de-lassurance\/#primaryimage","url":"https:\/\/www.tessi.eu\/wp-content\/uploads\/2024\/09\/calendrier.png","contentUrl":"https:\/\/www.tessi.eu\/wp-content\/uploads\/2024\/09\/calendrier.png"},{"@type":"BreadcrumbList","@id":"https:\/\/www.tessi.eu\/fr\/soiree-privilege-des-decideurs-de-lassurance\/#breadcrumb","itemListElement":[{"@type":"ListItem","position":1,"name":"Home","item":"https:\/\/www.tessi.eu\/fr\/"},{"@type":"ListItem","position":2,"name":"Soir\u00e9e privil\u00e8ge des d\u00e9cideurs de l&rsquo;Assurance"}]},{"@type":"WebSite","@id":"https:\/\/www.tessi.eu\/fr\/#website","url":"https:\/\/www.tessi.eu\/fr\/","name":"Tessi International","description":"","potentialAction":[{"@type":"SearchAction","target":{"@type":"EntryPoint","urlTemplate":"https:\/\/www.tessi.eu\/fr\/?s={search_term_string}"},"query-input":{"@type":"PropertyValueSpecification","valueRequired":true,"valueName":"search_term_string"}}],"inLanguage":"fr-FR"},{"@type":"Person","@id":"https:\/\/www.tessi.eu\/fr\/#\/schema\/person\/7ae6b397f697926944c69fca89e1b178","name":"Sarah Darahem","image":{"@type":"ImageObject","inLanguage":"fr-FR","@id":"https:\/\/www.tessi.eu\/fr\/#\/schema\/person\/image\/","url":"https:\/\/secure.gravatar.com\/avatar\/6525aa8b1aa5027da355b7a4a84fd644919e990d5ec826c39050d5a625319a00?s=96&d=mm&r=g","contentUrl":"https:\/\/secure.gravatar.com\/avatar\/6525aa8b1aa5027da355b7a4a84fd644919e990d5ec826c39050d5a625319a00?s=96&d=mm&r=g","caption":"Sarah Darahem"}}]}},"_links":{"self":[{"href":"https:\/\/www.tessi.eu\/fr\/wp-json\/wp\/v2\/posts\/66259\/"}],"collection":[{"href":"https:\/\/www.tessi.eu\/fr\/wp-json\/wp\/v2\/posts\/"}],"about":[{"href":"https:\/\/www.tessi.eu\/fr\/wp-json\/wp\/v2\/types\/post\/"}],"author":[{"embeddable":true,"href":"https:\/\/www.tessi.eu\/fr\/wp-json\/wp\/v2\/users\/45\/"}],"replies":[{"embeddable":true,"href":"https:\/\/www.tessi.eu\/fr\/wp-json\/wp\/v2\/comments\/?post=66259"}],"version-history":[{"count":10,"href":"https:\/\/www.tessi.eu\/fr\/wp-json\/wp\/v2\/posts\/66259\/revisions\/"}],"predecessor-version":[{"id":66582,"href":"https:\/\/www.tessi.eu\/fr\/wp-json\/wp\/v2\/posts\/66259\/revisions\/66582\/"}],"wp:attachment":[{"href":"https:\/\/www.tessi.eu\/fr\/wp-json\/wp\/v2\/media\/?parent=66259"}],"wp:term":[{"taxonomy":"category","embeddable":true,"href":"https:\/\/www.tessi.eu\/fr\/wp-json\/wp\/v2\/categories\/?post=66259"},{"taxonomy":"post_tag","embeddable":true,"href":"https:\/\/www.tessi.eu\/fr\/wp-json\/wp\/v2\/tags\/?post=66259"}],"curies":[{"name":"wp","href":"https:\/\/api.w.org\/{rel}","templated":true}]}}