{"id":63583,"date":"2025-09-29T17:34:14","date_gmt":"2025-09-29T15:34:14","guid":{"rendered":"https:\/\/www.tessi.eu\/?p=63583\/"},"modified":"2025-11-28T09:38:00","modified_gmt":"2025-11-28T08:38:00","slug":"numerique-responsable-la-dematerialisation-comme-levier-cle","status":"publish","type":"post","link":"https:\/\/www.tessi.eu\/fr\/numerique-responsable-la-dematerialisation-comme-levier-cle\/","title":{"rendered":"Num\u00e9rique responsable : la d\u00e9mat\u00e9rialisation comme levier cl\u00e9"},"content":{"rendered":"<h2 data-start=\"1063\" data-end=\"1107\">Les freins identifi\u00e9s par les d\u00e9cideurs<\/h2>\n<p data-start=\"1108\" data-end=\"1222\">Si l\u2019engagement progresse, <strong>l\u2019\u00e9tude Exaegis\u2013Markess \u00ab Engager le secteur public vers un num\u00e9rique plus responsable \u00bb<\/strong> r\u00e9v\u00e8le des obstacles qui ralentissent le passage de la strat\u00e9gie \u00e0 l\u2019action :<\/p>\n<ul>\n<li data-start=\"949\" data-end=\"1000\">Manque d\u2019acculturation des agents et \u00e9lus (53 %).<\/li>\n<li data-start=\"1003\" data-end=\"1084\">Conflits de priorit\u00e9 avec d\u2019autres enjeux, par exemple la cybers\u00e9curit\u00e9 (53 %).<\/li>\n<li data-start=\"1087\" data-end=\"1131\">Pas de budget clairement identifi\u00e9 (46 %).<\/li>\n<li data-start=\"1134\" data-end=\"1224\">Difficult\u00e9 \u00e0 d\u00e9finir et \u00e0 suivre des indicateurs de performance environnementale (44 %).<\/li>\n<li data-start=\"1227\" data-end=\"1309\">Faible transparence des fournisseurs sur les pratiques environnementales (39 %).<\/li>\n<li data-start=\"1312\" data-end=\"1346\">R\u00e9sistance au changement (33 %).<\/li>\n<\/ul>\n<p data-start=\"1348\" data-end=\"1463\">Ces freins expliquent pourquoi de nombreux organismes publics tardent \u00e0 transformer leurs ambitions en r\u00e9sultats.<\/p>\n<h2 data-start=\"1465\" data-end=\"1536\">D\u00e9mat\u00e9rialisation et archivage \u00e9lectronique\u00a0: des leviers concrets<\/h2>\n<p data-start=\"1537\" data-end=\"1650\">Parmi les leviers activables, la <a href=\"https:\/\/www.tessi.eu\/fr\/solution\/services\/digitalisation-des-processus-documentaires\/document\/dematerialisation-des-flux-entrants-multicanaux\/\">d\u00e9mat\u00e9rialisation<\/a> et l\u2019<a href=\"https:\/\/www.tessi.eu\/fr\/solution\/technologies\/edition-de-logiciels\/document-management\/solution-darchivage-electronique-sae-ecm\/\">archivage \u00e9lectronique<\/a> occupent une place essentielle :<\/p>\n<ul data-start=\"1651\" data-end=\"2123\">\n<li data-start=\"1651\" data-end=\"1763\">\n<p data-start=\"1653\" data-end=\"1763\"><strong>R\u00e9duction du papier et des impressions :<\/strong> moins de ressources consomm\u00e9es et moins de transports de documents.<\/p>\n<\/li>\n<li data-start=\"1764\" data-end=\"1906\">\n<p data-start=\"1766\" data-end=\"1906\"><strong>Optimisation et stockage des donn\u00e9es dans des infrastructures engag\u00e9es en mati\u00e8re de \u00ab\u00a0Num\u00e9rique Responsable\u00a0\u00bb :<\/strong> r\u00e9duction de la taille des fichiers (compression, nombre de pages&#8230;), optimisation des serveurs physiques et mutualisation du stockage dans des centres de donn\u00e9es ayant une d\u00e9marche environnementale et de d\u00e9carbonation tr\u00e8s engag\u00e9e (plan de sobri\u00e9t\u00e9 \u00e9nerg\u00e9tique en place, recours aux \u00e9nergies renouvelables, gestion sobre de l&rsquo;eau et des syst\u00e8mes de refroidissement&#8230;)<\/p>\n<\/li>\n<li data-start=\"1907\" data-end=\"2015\">\n<p data-start=\"1909\" data-end=\"2015\"><strong>Tra\u00e7abilit\u00e9 et conformit\u00e9 :<\/strong> archivage \u00e9lectronique certifi\u00e9, garantissant valeur probatoire et s\u00e9curit\u00e9.<\/p>\n<\/li>\n<li data-start=\"2016\" data-end=\"2123\">\n<p data-start=\"2018\" data-end=\"2123\"><strong>Fluidit\u00e9 des parcours usagers :<\/strong> une gestion documentaire plus simple, plus rapide et accessible \u00e0 tous.<\/p>\n<\/li>\n<\/ul>\n<p data-start=\"2125\" data-end=\"2314\">Ces actions, combin\u00e9es \u00e0 une gouvernance documentaire solide et \u00e0 l\u2019\u00e9co-conception des services num\u00e9riques, soutiennent directement la sobri\u00e9t\u00e9 num\u00e9rique recherch\u00e9e par le secteur public.<\/p>\n<h2 data-start=\"2316\" data-end=\"2383\">Passer du projet \u00e0 l\u2019action : l\u2019importance de l\u2019accompagnement<\/h2>\n<p>La r\u00e9ussite d\u2019une strat\u00e9gie de num\u00e9rique responsable ne repose pas uniquement sur la volont\u00e9. Elle exige expertise, m\u00e9thodologie et capacit\u00e9 op\u00e9rationnelle. C\u2019est pourquoi <strong>57 % des organismes publics envisagent de faire appel \u00e0 un prestataire externe<\/strong>.<\/p>\n<p>Mais <strong>choisir le bon partenaire<\/strong> est tout aussi d\u00e9terminant. Il s\u2019agit de collaborer avec des acteurs :<\/p>\n<ul>\n<li>qui justifient de leurs engagements en mati\u00e8re de <strong>num\u00e9rique responsable<\/strong>, id\u00e9alement labellis\u00e9s par un organisme tiers ;<\/li>\n<li>qui disposent d\u2019une <strong>gouvernance solide<\/strong>, pilotant une strat\u00e9gie environnementale, \u00e9thique et soci\u00e9tale ;<\/li>\n<li>qui d\u00e9veloppent des <strong>solutions num\u00e9riques \u00e9co-con\u00e7ues et accessibles<\/strong>, favorisant l\u2019inclusion ;<\/li>\n<li>qui s\u2019appuient sur des <strong>solutions d\u2019h\u00e9bergement vertueuses<\/strong> ;<\/li>\n<li>et qui <strong>mesurent r\u00e9guli\u00e8rement leurs performances<\/strong> pour r\u00e9duire leurs impacts environnementaux, mais aussi \u00e9thiques et soci\u00e9taux.<\/li>\n<\/ul>\n<p data-start=\"2639\" data-end=\"2969\">Le groupement CGI, Tessi et Eliot a \u00e9t\u00e9 s\u00e9lectionn\u00e9 par l\u2019UGAP pour <a href=\"https:\/\/www.ugap.fr\/assistance-a-la-dematerialisation-c4479493\">le march\u00e9 d\u2019assistance \u00e0 la d\u00e9mat\u00e9rialisation et \u00e0 l\u2019archivage \u00e9lectronique<\/a>. Ce march\u00e9 national permet \u00e0 toutes les administrations, \u00e9tablissements publics, collectivit\u00e9s territoriales et acteurs de la sph\u00e8re sociale d\u2019acc\u00e9der facilement \u00e0 une offre compl\u00e8te :<\/p>\n<ul data-start=\"2970\" data-end=\"3184\">\n<li data-start=\"2970\" data-end=\"2996\">\n<p data-start=\"2972\" data-end=\"2996\">Conseil et diagnostic.<\/p>\n<\/li>\n<li data-start=\"2997\" data-end=\"3061\">\n<p data-start=\"2999\" data-end=\"3061\">Conception et int\u00e9gration de solutions de d\u00e9mat\u00e9rialisation.<\/p>\n<\/li>\n<li data-start=\"3062\" data-end=\"3127\">\n<p data-start=\"3064\" data-end=\"3127\">Num\u00e9risation industrielle et archivage \u00e9lectronique certifi\u00e9.<\/p>\n<\/li>\n<li data-start=\"3128\" data-end=\"3184\">\n<p data-start=\"3130\" data-end=\"3184\">Conduite du changement et accompagnement des agents.<\/p>\n<\/li>\n<\/ul>\n<h2 data-start=\"3186\" data-end=\"3201\">Un cadre simple avec l\u2019UGAP<\/h2>\n<p data-start=\"3202\" data-end=\"3645\">Les chiffres de l\u2019\u00e9tude Exaegis\u2013Markess sont clairs : <strong>la transition est lanc\u00e9e, mais elle n\u00e9cessite un accompagnement expert<\/strong>. Le num\u00e9rique responsable ne se limite pas \u00e0 une strat\u00e9gie affich\u00e9e. Il repose sur des solutions concr\u00e8tes comme la d\u00e9mat\u00e9rialisation et l\u2019archivage \u00e9lectronique.<\/p>\n<p data-start=\"3202\" data-end=\"3645\">Avec le march\u00e9 UGAP, port\u00e9 par CGI, Tessi et Eliot, les organismes publics disposent d\u2019un cadre simple et s\u00e9curis\u00e9 pour franchir ce cap.<\/p>\n<p data-start=\"3647\" data-end=\"3781\">\ud83d\udc49 Contactez d\u00e8s aujourd\u2019hui nos experts et engagez votre organisation vers un num\u00e9rique plus responsable, durable et inclusif.<\/p>\n<p>&nbsp;<\/p>\n<p style=\"font-size: 0.875em; color: #6b7280; margin-top: 0.5rem; font-style: italic;\" data-start=\"3783\" data-end=\"3896\">* Source : \u00c9tude Exaegis\u2013Markess \u00ab Engager le secteur public vers un num\u00e9rique plus responsable \u00bb (2024-2026).<\/p>\n","protected":false},"excerpt":{"rendered":"<p>Les freins identifi\u00e9s par les d\u00e9cideurs Si l\u2019engagement progresse, l\u2019\u00e9tude Exaegis\u2013Markess \u00ab Engager le secteur public vers un num\u00e9rique plus responsable \u00bb r\u00e9v\u00e8le des obstacles qui ralentissent le passage de la strat\u00e9gie \u00e0 l\u2019action : Manque d\u2019acculturation des agents et \u00e9lus (53 %). Conflits de priorit\u00e9 avec d\u2019autres enjeux, par exemple la cybers\u00e9curit\u00e9 (53 %). [&hellip;]<\/p>\n","protected":false},"author":40,"featured_media":63599,"comment_status":"closed","ping_status":"closed","sticky":true,"template":"","format":"standard","meta":{"_acf_changed":false,"footnotes":""},"categories":[47],"tags":[811],"class_list":["post-63583","post","type-post","status-publish","format-standard","has-post-thumbnail","hentry","category-news","tag-secteur-public"],"acf":[],"yoast_head":"<!-- This site is optimized with the Yoast SEO Premium plugin v22.3 (Yoast SEO v27.1.1) - https:\/\/yoast.com\/product\/yoast-seo-premium-wordpress\/ -->\n<title>Num\u00e9rique responsable : la d\u00e9mat\u00e9rialisation comme levier cl\u00e9<\/title>\n<meta name=\"description\" content=\"Num\u00e9rique responsable : d\u00e9mat\u00e9rialisation et archivage \u00e9lectronique, des leviers cl\u00e9s pour des services publics sobres et performants.\" \/>\n<meta name=\"robots\" content=\"index, follow, max-snippet:-1, max-image-preview:large, max-video-preview:-1\" \/>\n<link rel=\"canonical\" href=\"https:\/\/www.tessi.eu\/fr\/numerique-responsable-la-dematerialisation-comme-levier-cle\/\" \/>\n<meta property=\"og:locale\" content=\"fr_FR\" \/>\n<meta property=\"og:type\" content=\"article\" \/>\n<meta property=\"og:title\" content=\"Num\u00e9rique responsable : la d\u00e9mat\u00e9rialisation comme levier cl\u00e9\" \/>\n<meta property=\"og:description\" content=\"Num\u00e9rique responsable : d\u00e9mat\u00e9rialisation et archivage \u00e9lectronique, des leviers cl\u00e9s pour des services publics sobres et performants.\" \/>\n<meta property=\"og:url\" content=\"https:\/\/www.tessi.eu\/fr\/numerique-responsable-la-dematerialisation-comme-levier-cle\/\" \/>\n<meta property=\"og:site_name\" content=\"Tessi International\" \/>\n<meta property=\"article:published_time\" content=\"2025-09-29T15:34:14+00:00\" \/>\n<meta property=\"article:modified_time\" content=\"2025-11-28T08:38:00+00:00\" \/>\n<meta property=\"og:image\" content=\"https:\/\/www.tessi.eu\/wp-content\/uploads\/2025\/09\/vignette-article-num-resp.jpg\" \/>\n\t<meta property=\"og:image:width\" content=\"506\" \/>\n\t<meta property=\"og:image:height\" content=\"398\" \/>\n\t<meta property=\"og:image:type\" content=\"image\/jpeg\" \/>\n<meta name=\"author\" content=\"anaispini\" \/>\n<meta name=\"twitter:card\" content=\"summary_large_image\" \/>\n<meta name=\"twitter:label1\" content=\"\u00c9crit par\" \/>\n\t<meta name=\"twitter:data1\" content=\"anaispini\" \/>\n\t<meta name=\"twitter:label2\" content=\"Dur\u00e9e de lecture estim\u00e9e\" \/>\n\t<meta name=\"twitter:data2\" content=\"3 minutes\" \/>\n<script type=\"application\/ld+json\" class=\"yoast-schema-graph\">{\"@context\":\"https:\/\/schema.org\",\"@graph\":[{\"@type\":\"Article\",\"@id\":\"https:\/\/www.tessi.eu\/fr\/numerique-responsable-la-dematerialisation-comme-levier-cle\/#article\",\"isPartOf\":{\"@id\":\"https:\/\/www.tessi.eu\/fr\/numerique-responsable-la-dematerialisation-comme-levier-cle\/\"},\"author\":{\"name\":\"anaispini\",\"@id\":\"https:\/\/www.tessi.eu\/fr\/#\/schema\/person\/d77f035bf12ae0e82161e0101f82602f\"},\"headline\":\"Num\u00e9rique responsable : la d\u00e9mat\u00e9rialisation comme levier cl\u00e9\",\"datePublished\":\"2025-09-29T15:34:14+00:00\",\"dateModified\":\"2025-11-28T08:38:00+00:00\",\"mainEntityOfPage\":{\"@id\":\"https:\/\/www.tessi.eu\/fr\/numerique-responsable-la-dematerialisation-comme-levier-cle\/\"},\"wordCount\":633,\"image\":{\"@id\":\"https:\/\/www.tessi.eu\/fr\/numerique-responsable-la-dematerialisation-comme-levier-cle\/#primaryimage\"},\"thumbnailUrl\":\"https:\/\/www.tessi.eu\/wp-content\/uploads\/2025\/09\/vignette-article-num-resp.jpg\",\"keywords\":[\"Secteur Public\"],\"articleSection\":[\"News\"],\"inLanguage\":\"fr-FR\"},{\"@type\":\"WebPage\",\"@id\":\"https:\/\/www.tessi.eu\/fr\/numerique-responsable-la-dematerialisation-comme-levier-cle\/\",\"url\":\"https:\/\/www.tessi.eu\/fr\/numerique-responsable-la-dematerialisation-comme-levier-cle\/\",\"name\":\"Num\u00e9rique responsable : la d\u00e9mat\u00e9rialisation comme levier cl\u00e9\",\"isPartOf\":{\"@id\":\"https:\/\/www.tessi.eu\/fr\/#website\"},\"primaryImageOfPage\":{\"@id\":\"https:\/\/www.tessi.eu\/fr\/numerique-responsable-la-dematerialisation-comme-levier-cle\/#primaryimage\"},\"image\":{\"@id\":\"https:\/\/www.tessi.eu\/fr\/numerique-responsable-la-dematerialisation-comme-levier-cle\/#primaryimage\"},\"thumbnailUrl\":\"https:\/\/www.tessi.eu\/wp-content\/uploads\/2025\/09\/vignette-article-num-resp.jpg\",\"datePublished\":\"2025-09-29T15:34:14+00:00\",\"dateModified\":\"2025-11-28T08:38:00+00:00\",\"author\":{\"@id\":\"https:\/\/www.tessi.eu\/fr\/#\/schema\/person\/d77f035bf12ae0e82161e0101f82602f\"},\"description\":\"Num\u00e9rique responsable : d\u00e9mat\u00e9rialisation et archivage \u00e9lectronique, des leviers cl\u00e9s pour des services publics sobres et performants.\",\"breadcrumb\":{\"@id\":\"https:\/\/www.tessi.eu\/fr\/numerique-responsable-la-dematerialisation-comme-levier-cle\/#breadcrumb\"},\"inLanguage\":\"fr-FR\",\"potentialAction\":[{\"@type\":\"ReadAction\",\"target\":[\"https:\/\/www.tessi.eu\/fr\/numerique-responsable-la-dematerialisation-comme-levier-cle\/\"]}]},{\"@type\":\"ImageObject\",\"inLanguage\":\"fr-FR\",\"@id\":\"https:\/\/www.tessi.eu\/fr\/numerique-responsable-la-dematerialisation-comme-levier-cle\/#primaryimage\",\"url\":\"https:\/\/www.tessi.eu\/wp-content\/uploads\/2025\/09\/vignette-article-num-resp.jpg\",\"contentUrl\":\"https:\/\/www.tessi.eu\/wp-content\/uploads\/2025\/09\/vignette-article-num-resp.jpg\",\"width\":506,\"height\":398},{\"@type\":\"BreadcrumbList\",\"@id\":\"https:\/\/www.tessi.eu\/fr\/numerique-responsable-la-dematerialisation-comme-levier-cle\/#breadcrumb\",\"itemListElement\":[{\"@type\":\"ListItem\",\"position\":1,\"name\":\"Home\",\"item\":\"https:\/\/www.tessi.eu\/fr\/\"},{\"@type\":\"ListItem\",\"position\":2,\"name\":\"Num\u00e9rique responsable : la d\u00e9mat\u00e9rialisation comme levier cl\u00e9\"}]},{\"@type\":\"WebSite\",\"@id\":\"https:\/\/www.tessi.eu\/fr\/#website\",\"url\":\"https:\/\/www.tessi.eu\/fr\/\",\"name\":\"Tessi International\",\"description\":\"\",\"potentialAction\":[{\"@type\":\"SearchAction\",\"target\":{\"@type\":\"EntryPoint\",\"urlTemplate\":\"https:\/\/www.tessi.eu\/fr\/?s={search_term_string}\"},\"query-input\":{\"@type\":\"PropertyValueSpecification\",\"valueRequired\":true,\"valueName\":\"search_term_string\"}}],\"inLanguage\":\"fr-FR\"},{\"@type\":\"Person\",\"@id\":\"https:\/\/www.tessi.eu\/fr\/#\/schema\/person\/d77f035bf12ae0e82161e0101f82602f\",\"name\":\"anaispini\",\"image\":{\"@type\":\"ImageObject\",\"inLanguage\":\"fr-FR\",\"@id\":\"https:\/\/www.tessi.eu\/fr\/#\/schema\/person\/image\/\",\"url\":\"https:\/\/secure.gravatar.com\/avatar\/2ff05654bdb61baf433b7775a00e4ac807d60b5c5b4d3fa3c236a586f2157ed9?s=96&d=mm&r=g\",\"contentUrl\":\"https:\/\/secure.gravatar.com\/avatar\/2ff05654bdb61baf433b7775a00e4ac807d60b5c5b4d3fa3c236a586f2157ed9?s=96&d=mm&r=g\",\"caption\":\"anaispini\"}}]}<\/script>\n<!-- \/ Yoast SEO Premium plugin. -->","yoast_head_json":{"title":"Num\u00e9rique responsable : la d\u00e9mat\u00e9rialisation comme levier cl\u00e9","description":"Num\u00e9rique responsable : d\u00e9mat\u00e9rialisation et archivage \u00e9lectronique, des leviers cl\u00e9s pour des services publics sobres et performants.","robots":{"index":"index","follow":"follow","max-snippet":"max-snippet:-1","max-image-preview":"max-image-preview:large","max-video-preview":"max-video-preview:-1"},"canonical":"https:\/\/www.tessi.eu\/fr\/numerique-responsable-la-dematerialisation-comme-levier-cle\/","og_locale":"fr_FR","og_type":"article","og_title":"Num\u00e9rique responsable : la d\u00e9mat\u00e9rialisation comme levier cl\u00e9","og_description":"Num\u00e9rique responsable : d\u00e9mat\u00e9rialisation et archivage \u00e9lectronique, des leviers cl\u00e9s pour des services publics sobres et performants.","og_url":"https:\/\/www.tessi.eu\/fr\/numerique-responsable-la-dematerialisation-comme-levier-cle\/","og_site_name":"Tessi International","article_published_time":"2025-09-29T15:34:14+00:00","article_modified_time":"2025-11-28T08:38:00+00:00","og_image":[{"width":506,"height":398,"url":"https:\/\/www.tessi.eu\/wp-content\/uploads\/2025\/09\/vignette-article-num-resp.jpg","type":"image\/jpeg"}],"author":"anaispini","twitter_card":"summary_large_image","twitter_misc":{"\u00c9crit par":"anaispini","Dur\u00e9e de lecture estim\u00e9e":"3 minutes"},"schema":{"@context":"https:\/\/schema.org","@graph":[{"@type":"Article","@id":"https:\/\/www.tessi.eu\/fr\/numerique-responsable-la-dematerialisation-comme-levier-cle\/#article","isPartOf":{"@id":"https:\/\/www.tessi.eu\/fr\/numerique-responsable-la-dematerialisation-comme-levier-cle\/"},"author":{"name":"anaispini","@id":"https:\/\/www.tessi.eu\/fr\/#\/schema\/person\/d77f035bf12ae0e82161e0101f82602f"},"headline":"Num\u00e9rique responsable : la d\u00e9mat\u00e9rialisation comme levier cl\u00e9","datePublished":"2025-09-29T15:34:14+00:00","dateModified":"2025-11-28T08:38:00+00:00","mainEntityOfPage":{"@id":"https:\/\/www.tessi.eu\/fr\/numerique-responsable-la-dematerialisation-comme-levier-cle\/"},"wordCount":633,"image":{"@id":"https:\/\/www.tessi.eu\/fr\/numerique-responsable-la-dematerialisation-comme-levier-cle\/#primaryimage"},"thumbnailUrl":"https:\/\/www.tessi.eu\/wp-content\/uploads\/2025\/09\/vignette-article-num-resp.jpg","keywords":["Secteur Public"],"articleSection":["News"],"inLanguage":"fr-FR"},{"@type":"WebPage","@id":"https:\/\/www.tessi.eu\/fr\/numerique-responsable-la-dematerialisation-comme-levier-cle\/","url":"https:\/\/www.tessi.eu\/fr\/numerique-responsable-la-dematerialisation-comme-levier-cle\/","name":"Num\u00e9rique responsable : la d\u00e9mat\u00e9rialisation comme levier cl\u00e9","isPartOf":{"@id":"https:\/\/www.tessi.eu\/fr\/#website"},"primaryImageOfPage":{"@id":"https:\/\/www.tessi.eu\/fr\/numerique-responsable-la-dematerialisation-comme-levier-cle\/#primaryimage"},"image":{"@id":"https:\/\/www.tessi.eu\/fr\/numerique-responsable-la-dematerialisation-comme-levier-cle\/#primaryimage"},"thumbnailUrl":"https:\/\/www.tessi.eu\/wp-content\/uploads\/2025\/09\/vignette-article-num-resp.jpg","datePublished":"2025-09-29T15:34:14+00:00","dateModified":"2025-11-28T08:38:00+00:00","author":{"@id":"https:\/\/www.tessi.eu\/fr\/#\/schema\/person\/d77f035bf12ae0e82161e0101f82602f"},"description":"Num\u00e9rique responsable : d\u00e9mat\u00e9rialisation et archivage \u00e9lectronique, des leviers cl\u00e9s pour des services publics sobres et performants.","breadcrumb":{"@id":"https:\/\/www.tessi.eu\/fr\/numerique-responsable-la-dematerialisation-comme-levier-cle\/#breadcrumb"},"inLanguage":"fr-FR","potentialAction":[{"@type":"ReadAction","target":["https:\/\/www.tessi.eu\/fr\/numerique-responsable-la-dematerialisation-comme-levier-cle\/"]}]},{"@type":"ImageObject","inLanguage":"fr-FR","@id":"https:\/\/www.tessi.eu\/fr\/numerique-responsable-la-dematerialisation-comme-levier-cle\/#primaryimage","url":"https:\/\/www.tessi.eu\/wp-content\/uploads\/2025\/09\/vignette-article-num-resp.jpg","contentUrl":"https:\/\/www.tessi.eu\/wp-content\/uploads\/2025\/09\/vignette-article-num-resp.jpg","width":506,"height":398},{"@type":"BreadcrumbList","@id":"https:\/\/www.tessi.eu\/fr\/numerique-responsable-la-dematerialisation-comme-levier-cle\/#breadcrumb","itemListElement":[{"@type":"ListItem","position":1,"name":"Home","item":"https:\/\/www.tessi.eu\/fr\/"},{"@type":"ListItem","position":2,"name":"Num\u00e9rique responsable : la d\u00e9mat\u00e9rialisation comme levier cl\u00e9"}]},{"@type":"WebSite","@id":"https:\/\/www.tessi.eu\/fr\/#website","url":"https:\/\/www.tessi.eu\/fr\/","name":"Tessi International","description":"","potentialAction":[{"@type":"SearchAction","target":{"@type":"EntryPoint","urlTemplate":"https:\/\/www.tessi.eu\/fr\/?s={search_term_string}"},"query-input":{"@type":"PropertyValueSpecification","valueRequired":true,"valueName":"search_term_string"}}],"inLanguage":"fr-FR"},{"@type":"Person","@id":"https:\/\/www.tessi.eu\/fr\/#\/schema\/person\/d77f035bf12ae0e82161e0101f82602f","name":"anaispini","image":{"@type":"ImageObject","inLanguage":"fr-FR","@id":"https:\/\/www.tessi.eu\/fr\/#\/schema\/person\/image\/","url":"https:\/\/secure.gravatar.com\/avatar\/2ff05654bdb61baf433b7775a00e4ac807d60b5c5b4d3fa3c236a586f2157ed9?s=96&d=mm&r=g","contentUrl":"https:\/\/secure.gravatar.com\/avatar\/2ff05654bdb61baf433b7775a00e4ac807d60b5c5b4d3fa3c236a586f2157ed9?s=96&d=mm&r=g","caption":"anaispini"}}]}},"_links":{"self":[{"href":"https:\/\/www.tessi.eu\/fr\/wp-json\/wp\/v2\/posts\/63583\/"}],"collection":[{"href":"https:\/\/www.tessi.eu\/fr\/wp-json\/wp\/v2\/posts\/"}],"about":[{"href":"https:\/\/www.tessi.eu\/fr\/wp-json\/wp\/v2\/types\/post\/"}],"author":[{"embeddable":true,"href":"https:\/\/www.tessi.eu\/fr\/wp-json\/wp\/v2\/users\/40\/"}],"replies":[{"embeddable":true,"href":"https:\/\/www.tessi.eu\/fr\/wp-json\/wp\/v2\/comments\/?post=63583"}],"version-history":[{"count":10,"href":"https:\/\/www.tessi.eu\/fr\/wp-json\/wp\/v2\/posts\/63583\/revisions\/"}],"predecessor-version":[{"id":66233,"href":"https:\/\/www.tessi.eu\/fr\/wp-json\/wp\/v2\/posts\/63583\/revisions\/66233\/"}],"wp:featuredmedia":[{"embeddable":true,"href":"https:\/\/www.tessi.eu\/fr\/wp-json\/wp\/v2\/media\/63599\/"}],"wp:attachment":[{"href":"https:\/\/www.tessi.eu\/fr\/wp-json\/wp\/v2\/media\/?parent=63583"}],"wp:term":[{"taxonomy":"category","embeddable":true,"href":"https:\/\/www.tessi.eu\/fr\/wp-json\/wp\/v2\/categories\/?post=63583"},{"taxonomy":"post_tag","embeddable":true,"href":"https:\/\/www.tessi.eu\/fr\/wp-json\/wp\/v2\/tags\/?post=63583"}],"curies":[{"name":"wp","href":"https:\/\/api.w.org\/{rel}","templated":true}]}}