{"id":55744,"date":"2025-04-11T08:00:50","date_gmt":"2025-04-11T06:00:50","guid":{"rendered":"https:\/\/www.tessi.eu\/?p=55744\/"},"modified":"2025-04-11T12:17:17","modified_gmt":"2025-04-11T10:17:17","slug":"application-mobile-carte-vitale-deja-850-000-activations","status":"publish","type":"post","link":"https:\/\/www.tessi.eu\/fr\/application-mobile-carte-vitale-deja-850-000-activations\/","title":{"rendered":"Application mobile carte Vitale : d\u00e9j\u00e0 850 000 activations !"},"content":{"rendered":"<p><script type=\"application\/ld+json\">\n{\n  \"@context\": \"https:\/\/schema.org\",\n  \"@type\": \"NewsArticle\",\n  \"headline\": \"Application carte Vitale num\u00e9rique : accessibilit\u00e9 \u00e9largie et accompagnement par Tessi\",\n  \"datePublished\": \"2025-03-18\",\n  \"dateModified\": \"2025-03-18\",\n  \"author\": {\n    \"@type\": \"Organization\",\n    \"name\": \"Tessi\"\n  },\n  \"publisher\": {\n    \"@type\": \"Organization\",\n    \"name\": \"Tessi\",\n    \"logo\": {\n      \"@type\": \"ImageObject\",\n      \"url\": \"https:\/\/www.tessi.eu\/wp-content\/uploads\/2022\/11\/logo-tessi.svg\"\n    }\n  },\n  \"description\": \"Depuis mars 2025, l\u2019application carte Vitale num\u00e9rique est accessible \u00e0 tous les d\u00e9tenteurs d'une CNIe. Tessi accompagne l'Assurance Maladie et le GIE SESAM-Vitale dans ce projet innovant de v\u00e9rification d\u2019identit\u00e9 \u00e0 distance.\",\n  \"mainEntityOfPage\": {\n    \"@type\": \"WebPage\",\n    \"@id\": \"https:\/\/www.tessi.eu\/actualites\/application-carte-vitale-numerique-accompagnement\/\"\n  }\n}\n<\/script><\/p>\n<p><strong>Tessi tient \u00e0 f\u00e9liciter l\u2019Assurance Maladie et le GIE SESAM-Vitale pour ces premiers r\u00e9sultats extr\u00eamement positifs.<\/strong><\/p>\n<p>A l\u2019occasion de <a href=\"https:\/\/www.bfmtv.com\/tech\/actualites\/info-bfmtv-carte-vitale-dematerialisee-150-000-telechargements-en-une-semaine_AN-202503260038.html\">cette annonce<\/a>, Marguerite Cazeneuve, Directrice d\u00e9l\u00e9gu\u00e9e de l\u2019Assurance Maladie, pr\u00e9cisait m\u00eame qu\u2019au-del\u00e0 de ces r\u00e9cents t\u00e9l\u00e9chargements, c\u2019est <strong>850 000 personnes qui ont d\u00e9j\u00e0 activ\u00e9 leur carte Vitale num\u00e9rique<\/strong>, et ce, gr\u00e2ce au parcours digital de v\u00e9rification d\u2019identit\u00e9 \u00e0 distance mis en place depuis la phase d\u2019exp\u00e9rimentation ouverte sur 23 d\u00e9partements.<\/p>\n<p>Tessi est tr\u00e8s fier d\u2019accompagner, avec son partenaire Signicat, les \u00e9quipes du GIE SESAM-Vitale depuis 5 ans sur ce parcours de v\u00e9rification d\u2019identit\u00e9 \u00e0 distance, ayant permis cette concr\u00e9tisation durant toute la phase d\u2019exp\u00e9rimentation.<\/p>\n<p>Comme le pr\u00e9cise <a href=\"https:\/\/www.sesam-vitale.fr\/en\/enjeux-appli-carte-vitale\">le site du GIE SESAM-Vitale<\/a>, \u00e0 l\u2019heure o\u00f9 l\u2019accessibilit\u00e9 \u00e0 l\u2019application carte Vitale via France Identit\u00e9 s\u2019ouvre tout naturellement aux porteurs de la CNIe, <strong>Tessi souligne l\u2019importance de rester \u00e9galement pleinement engag\u00e9 autour d\u2019un parcours alternatif ouvert \u00e0 tous<\/strong>, dans un souci d\u2019inclusion et d\u2019accessibilit\u00e9 \u00e0 100% des assur\u00e9s.<\/p>\n<p><span style=\"color: #005faa;\"><em>\u00ab\u00a0Nous remercions tr\u00e8s sinc\u00e8rement l\u2019Assurance Maladie et le GIE SESAM-Vitale pour leur confiance depuis 5 ans, ayant permis de concr\u00e9tiser le lancement de l\u2019appli carte Vitale. Nous restons pleinement engag\u00e9s \u00e0 leur c\u00f4t\u00e9 pour accompagner le d\u00e9ploiement et l\u2019\u00e9volution de ce service innovant \u00e0 destination des assur\u00e9s et des professionnels de sant\u00e9.\u00a0\u00bb d\u00e9clare Virginie Degeorgis, Directrice G\u00e9n\u00e9rale de Tessi France.<\/em><\/span><\/p>\n","protected":false},"excerpt":{"rendered":"<p>Tessi tient \u00e0 f\u00e9liciter l\u2019Assurance Maladie et le GIE SESAM-Vitale pour ces premiers r\u00e9sultats extr\u00eamement positifs. A l\u2019occasion de cette annonce, Marguerite Cazeneuve, Directrice d\u00e9l\u00e9gu\u00e9e de l\u2019Assurance Maladie, pr\u00e9cisait m\u00eame qu\u2019au-del\u00e0 de ces r\u00e9cents t\u00e9l\u00e9chargements, c\u2019est 850 000 personnes qui ont d\u00e9j\u00e0 activ\u00e9 leur carte Vitale num\u00e9rique, et ce, gr\u00e2ce au parcours digital de v\u00e9rification [&hellip;]<\/p>\n","protected":false},"author":11,"featured_media":55768,"comment_status":"closed","ping_status":"closed","sticky":true,"template":"","format":"standard","meta":{"_acf_changed":false,"footnotes":""},"categories":[47],"tags":[],"class_list":["post-55744","post","type-post","status-publish","format-standard","has-post-thumbnail","hentry","category-news"],"acf":[],"yoast_head":"<!-- This site is optimized with the Yoast SEO Premium plugin v22.3 (Yoast SEO v27.1.1) - https:\/\/yoast.com\/product\/yoast-seo-premium-wordpress\/ -->\n<title>Application mobile carte Vitale : d\u00e9j\u00e0 850 000 activations ! - Tessi International<\/title>\n<meta name=\"description\" content=\"L&#039;application carte Vitale num\u00e9rique est d\u00e9sormais accessible \u00e0 tous les d\u00e9tenteurs d&#039;une CNIe. Tessi accompagne l&#039;Assurance Maladie et le GIE SESAM-Vitale pour une v\u00e9rification d&#039;identit\u00e9 \u00e0 distance inclusive et s\u00e9curis\u00e9e.\" \/>\n<meta name=\"robots\" content=\"index, follow, max-snippet:-1, max-image-preview:large, max-video-preview:-1\" \/>\n<link rel=\"canonical\" href=\"https:\/\/www.tessi.eu\/fr\/application-mobile-carte-vitale-deja-850-000-activations\/\" \/>\n<meta property=\"og:locale\" content=\"fr_FR\" \/>\n<meta property=\"og:type\" content=\"article\" \/>\n<meta property=\"og:title\" content=\"Application mobile carte Vitale : d\u00e9j\u00e0 850 000 activations !\" \/>\n<meta property=\"og:description\" content=\"Depuis mars 2025, l\u2019application carte Vitale num\u00e9rique est accessible \u00e0 tous les d\u00e9tenteurs d&#039;une CNIe. Tessi accompagne l&#039;Assurance Maladie et le GIE SESAM-Vitale dans ce projet innovant de v\u00e9rification d\u2019identit\u00e9 \u00e0 distance.\" \/>\n<meta property=\"og:url\" content=\"https:\/\/www.tessi.eu\/fr\/application-mobile-carte-vitale-deja-850-000-activations\/\" \/>\n<meta property=\"og:site_name\" content=\"Tessi International\" \/>\n<meta property=\"article:published_time\" content=\"2025-04-11T06:00:50+00:00\" \/>\n<meta property=\"article:modified_time\" content=\"2025-04-11T10:17:17+00:00\" \/>\n<meta property=\"og:image\" content=\"https:\/\/www.tessi.eu\/wp-content\/uploads\/2025\/04\/vignette-gie-sesam-vitale-tessi.jpg\" \/>\n\t<meta property=\"og:image:width\" content=\"532\" \/>\n\t<meta property=\"og:image:height\" content=\"350\" \/>\n\t<meta property=\"og:image:type\" content=\"image\/jpeg\" \/>\n<meta name=\"author\" content=\"cbonnet\" \/>\n<meta name=\"twitter:card\" content=\"summary_large_image\" \/>\n<meta name=\"twitter:label1\" content=\"\u00c9crit par\" \/>\n\t<meta name=\"twitter:data1\" content=\"cbonnet\" \/>\n\t<meta name=\"twitter:label2\" content=\"Dur\u00e9e de lecture estim\u00e9e\" \/>\n\t<meta name=\"twitter:data2\" content=\"2 minutes\" \/>\n<script type=\"application\/ld+json\" class=\"yoast-schema-graph\">{\"@context\":\"https:\/\/schema.org\",\"@graph\":[{\"@type\":\"NewsArticle\",\"@id\":\"https:\/\/www.tessi.eu\/fr\/application-mobile-carte-vitale-deja-850-000-activations\/#article\",\"isPartOf\":{\"@id\":\"https:\/\/www.tessi.eu\/fr\/application-mobile-carte-vitale-deja-850-000-activations\/\"},\"author\":{\"name\":\"cbonnet\",\"@id\":\"https:\/\/www.tessi.eu\/fr\/#\/schema\/person\/859d0f8ee0e735b277dee0268b7ad791\"},\"headline\":\"Application mobile carte Vitale : d\u00e9j\u00e0 850 000 activations !\",\"datePublished\":\"2025-04-11T06:00:50+00:00\",\"dateModified\":\"2025-04-11T10:17:17+00:00\",\"mainEntityOfPage\":{\"@id\":\"https:\/\/www.tessi.eu\/fr\/application-mobile-carte-vitale-deja-850-000-activations\/\"},\"wordCount\":261,\"image\":{\"@id\":\"https:\/\/www.tessi.eu\/fr\/application-mobile-carte-vitale-deja-850-000-activations\/#primaryimage\"},\"thumbnailUrl\":\"https:\/\/www.tessi.eu\/wp-content\/uploads\/2025\/04\/vignette-gie-sesam-vitale-tessi.jpg\",\"articleSection\":[\"News\"],\"inLanguage\":\"fr-FR\"},{\"@type\":\"WebPage\",\"@id\":\"https:\/\/www.tessi.eu\/fr\/application-mobile-carte-vitale-deja-850-000-activations\/\",\"url\":\"https:\/\/www.tessi.eu\/fr\/application-mobile-carte-vitale-deja-850-000-activations\/\",\"name\":\"Application mobile carte Vitale : d\u00e9j\u00e0 850 000 activations ! - Tessi International\",\"isPartOf\":{\"@id\":\"https:\/\/www.tessi.eu\/fr\/#website\"},\"primaryImageOfPage\":{\"@id\":\"https:\/\/www.tessi.eu\/fr\/application-mobile-carte-vitale-deja-850-000-activations\/#primaryimage\"},\"image\":{\"@id\":\"https:\/\/www.tessi.eu\/fr\/application-mobile-carte-vitale-deja-850-000-activations\/#primaryimage\"},\"thumbnailUrl\":\"https:\/\/www.tessi.eu\/wp-content\/uploads\/2025\/04\/vignette-gie-sesam-vitale-tessi.jpg\",\"datePublished\":\"2025-04-11T06:00:50+00:00\",\"dateModified\":\"2025-04-11T10:17:17+00:00\",\"author\":{\"@id\":\"https:\/\/www.tessi.eu\/fr\/#\/schema\/person\/859d0f8ee0e735b277dee0268b7ad791\"},\"description\":\"L'application carte Vitale num\u00e9rique est d\u00e9sormais accessible \u00e0 tous les d\u00e9tenteurs d'une CNIe. Tessi accompagne l'Assurance Maladie et le GIE SESAM-Vitale pour une v\u00e9rification d'identit\u00e9 \u00e0 distance inclusive et s\u00e9curis\u00e9e.\",\"breadcrumb\":{\"@id\":\"https:\/\/www.tessi.eu\/fr\/application-mobile-carte-vitale-deja-850-000-activations\/#breadcrumb\"},\"inLanguage\":\"fr-FR\",\"potentialAction\":[{\"@type\":\"ReadAction\",\"target\":[\"https:\/\/www.tessi.eu\/fr\/application-mobile-carte-vitale-deja-850-000-activations\/\"]}]},{\"@type\":\"ImageObject\",\"inLanguage\":\"fr-FR\",\"@id\":\"https:\/\/www.tessi.eu\/fr\/application-mobile-carte-vitale-deja-850-000-activations\/#primaryimage\",\"url\":\"https:\/\/www.tessi.eu\/wp-content\/uploads\/2025\/04\/vignette-gie-sesam-vitale-tessi.jpg\",\"contentUrl\":\"https:\/\/www.tessi.eu\/wp-content\/uploads\/2025\/04\/vignette-gie-sesam-vitale-tessi.jpg\",\"width\":532,\"height\":350,\"caption\":\"vignette gie sesam vitale tessi\"},{\"@type\":\"BreadcrumbList\",\"@id\":\"https:\/\/www.tessi.eu\/fr\/application-mobile-carte-vitale-deja-850-000-activations\/#breadcrumb\",\"itemListElement\":[{\"@type\":\"ListItem\",\"position\":1,\"name\":\"Home\",\"item\":\"https:\/\/www.tessi.eu\/fr\/\"},{\"@type\":\"ListItem\",\"position\":2,\"name\":\"Application mobile carte Vitale : d\u00e9j\u00e0 850 000 activations !\"}]},{\"@type\":\"WebSite\",\"@id\":\"https:\/\/www.tessi.eu\/fr\/#website\",\"url\":\"https:\/\/www.tessi.eu\/fr\/\",\"name\":\"Tessi International\",\"description\":\"\",\"potentialAction\":[{\"@type\":\"SearchAction\",\"target\":{\"@type\":\"EntryPoint\",\"urlTemplate\":\"https:\/\/www.tessi.eu\/fr\/?s={search_term_string}\"},\"query-input\":{\"@type\":\"PropertyValueSpecification\",\"valueRequired\":true,\"valueName\":\"search_term_string\"}}],\"inLanguage\":\"fr-FR\"},{\"@type\":\"Person\",\"@id\":\"https:\/\/www.tessi.eu\/fr\/#\/schema\/person\/859d0f8ee0e735b277dee0268b7ad791\",\"name\":\"cbonnet\",\"image\":{\"@type\":\"ImageObject\",\"inLanguage\":\"fr-FR\",\"@id\":\"https:\/\/www.tessi.eu\/fr\/#\/schema\/person\/image\/\",\"url\":\"https:\/\/secure.gravatar.com\/avatar\/0d01ab1b427b196966268d5f1407f20f6367aba1866f9ac86912cfd758c2f669?s=96&d=mm&r=g\",\"contentUrl\":\"https:\/\/secure.gravatar.com\/avatar\/0d01ab1b427b196966268d5f1407f20f6367aba1866f9ac86912cfd758c2f669?s=96&d=mm&r=g\",\"caption\":\"cbonnet\"}}]}<\/script>\n<!-- \/ Yoast SEO Premium plugin. -->","yoast_head_json":{"title":"Application mobile carte Vitale : d\u00e9j\u00e0 850 000 activations ! - Tessi International","description":"L'application carte Vitale num\u00e9rique est d\u00e9sormais accessible \u00e0 tous les d\u00e9tenteurs d'une CNIe. Tessi accompagne l'Assurance Maladie et le GIE SESAM-Vitale pour une v\u00e9rification d'identit\u00e9 \u00e0 distance inclusive et s\u00e9curis\u00e9e.","robots":{"index":"index","follow":"follow","max-snippet":"max-snippet:-1","max-image-preview":"max-image-preview:large","max-video-preview":"max-video-preview:-1"},"canonical":"https:\/\/www.tessi.eu\/fr\/application-mobile-carte-vitale-deja-850-000-activations\/","og_locale":"fr_FR","og_type":"article","og_title":"Application mobile carte Vitale : d\u00e9j\u00e0 850 000 activations !","og_description":"Depuis mars 2025, l\u2019application carte Vitale num\u00e9rique est accessible \u00e0 tous les d\u00e9tenteurs d'une CNIe. Tessi accompagne l'Assurance Maladie et le GIE SESAM-Vitale dans ce projet innovant de v\u00e9rification d\u2019identit\u00e9 \u00e0 distance.","og_url":"https:\/\/www.tessi.eu\/fr\/application-mobile-carte-vitale-deja-850-000-activations\/","og_site_name":"Tessi International","article_published_time":"2025-04-11T06:00:50+00:00","article_modified_time":"2025-04-11T10:17:17+00:00","og_image":[{"width":532,"height":350,"url":"https:\/\/www.tessi.eu\/wp-content\/uploads\/2025\/04\/vignette-gie-sesam-vitale-tessi.jpg","type":"image\/jpeg"}],"author":"cbonnet","twitter_card":"summary_large_image","twitter_misc":{"\u00c9crit par":"cbonnet","Dur\u00e9e de lecture estim\u00e9e":"2 minutes"},"schema":{"@context":"https:\/\/schema.org","@graph":[{"@type":"NewsArticle","@id":"https:\/\/www.tessi.eu\/fr\/application-mobile-carte-vitale-deja-850-000-activations\/#article","isPartOf":{"@id":"https:\/\/www.tessi.eu\/fr\/application-mobile-carte-vitale-deja-850-000-activations\/"},"author":{"name":"cbonnet","@id":"https:\/\/www.tessi.eu\/fr\/#\/schema\/person\/859d0f8ee0e735b277dee0268b7ad791"},"headline":"Application mobile carte Vitale : d\u00e9j\u00e0 850 000 activations !","datePublished":"2025-04-11T06:00:50+00:00","dateModified":"2025-04-11T10:17:17+00:00","mainEntityOfPage":{"@id":"https:\/\/www.tessi.eu\/fr\/application-mobile-carte-vitale-deja-850-000-activations\/"},"wordCount":261,"image":{"@id":"https:\/\/www.tessi.eu\/fr\/application-mobile-carte-vitale-deja-850-000-activations\/#primaryimage"},"thumbnailUrl":"https:\/\/www.tessi.eu\/wp-content\/uploads\/2025\/04\/vignette-gie-sesam-vitale-tessi.jpg","articleSection":["News"],"inLanguage":"fr-FR"},{"@type":"WebPage","@id":"https:\/\/www.tessi.eu\/fr\/application-mobile-carte-vitale-deja-850-000-activations\/","url":"https:\/\/www.tessi.eu\/fr\/application-mobile-carte-vitale-deja-850-000-activations\/","name":"Application mobile carte Vitale : d\u00e9j\u00e0 850 000 activations ! - Tessi International","isPartOf":{"@id":"https:\/\/www.tessi.eu\/fr\/#website"},"primaryImageOfPage":{"@id":"https:\/\/www.tessi.eu\/fr\/application-mobile-carte-vitale-deja-850-000-activations\/#primaryimage"},"image":{"@id":"https:\/\/www.tessi.eu\/fr\/application-mobile-carte-vitale-deja-850-000-activations\/#primaryimage"},"thumbnailUrl":"https:\/\/www.tessi.eu\/wp-content\/uploads\/2025\/04\/vignette-gie-sesam-vitale-tessi.jpg","datePublished":"2025-04-11T06:00:50+00:00","dateModified":"2025-04-11T10:17:17+00:00","author":{"@id":"https:\/\/www.tessi.eu\/fr\/#\/schema\/person\/859d0f8ee0e735b277dee0268b7ad791"},"description":"L'application carte Vitale num\u00e9rique est d\u00e9sormais accessible \u00e0 tous les d\u00e9tenteurs d'une CNIe. Tessi accompagne l'Assurance Maladie et le GIE SESAM-Vitale pour une v\u00e9rification d'identit\u00e9 \u00e0 distance inclusive et s\u00e9curis\u00e9e.","breadcrumb":{"@id":"https:\/\/www.tessi.eu\/fr\/application-mobile-carte-vitale-deja-850-000-activations\/#breadcrumb"},"inLanguage":"fr-FR","potentialAction":[{"@type":"ReadAction","target":["https:\/\/www.tessi.eu\/fr\/application-mobile-carte-vitale-deja-850-000-activations\/"]}]},{"@type":"ImageObject","inLanguage":"fr-FR","@id":"https:\/\/www.tessi.eu\/fr\/application-mobile-carte-vitale-deja-850-000-activations\/#primaryimage","url":"https:\/\/www.tessi.eu\/wp-content\/uploads\/2025\/04\/vignette-gie-sesam-vitale-tessi.jpg","contentUrl":"https:\/\/www.tessi.eu\/wp-content\/uploads\/2025\/04\/vignette-gie-sesam-vitale-tessi.jpg","width":532,"height":350,"caption":"vignette gie sesam vitale tessi"},{"@type":"BreadcrumbList","@id":"https:\/\/www.tessi.eu\/fr\/application-mobile-carte-vitale-deja-850-000-activations\/#breadcrumb","itemListElement":[{"@type":"ListItem","position":1,"name":"Home","item":"https:\/\/www.tessi.eu\/fr\/"},{"@type":"ListItem","position":2,"name":"Application mobile carte Vitale : d\u00e9j\u00e0 850 000 activations !"}]},{"@type":"WebSite","@id":"https:\/\/www.tessi.eu\/fr\/#website","url":"https:\/\/www.tessi.eu\/fr\/","name":"Tessi International","description":"","potentialAction":[{"@type":"SearchAction","target":{"@type":"EntryPoint","urlTemplate":"https:\/\/www.tessi.eu\/fr\/?s={search_term_string}"},"query-input":{"@type":"PropertyValueSpecification","valueRequired":true,"valueName":"search_term_string"}}],"inLanguage":"fr-FR"},{"@type":"Person","@id":"https:\/\/www.tessi.eu\/fr\/#\/schema\/person\/859d0f8ee0e735b277dee0268b7ad791","name":"cbonnet","image":{"@type":"ImageObject","inLanguage":"fr-FR","@id":"https:\/\/www.tessi.eu\/fr\/#\/schema\/person\/image\/","url":"https:\/\/secure.gravatar.com\/avatar\/0d01ab1b427b196966268d5f1407f20f6367aba1866f9ac86912cfd758c2f669?s=96&d=mm&r=g","contentUrl":"https:\/\/secure.gravatar.com\/avatar\/0d01ab1b427b196966268d5f1407f20f6367aba1866f9ac86912cfd758c2f669?s=96&d=mm&r=g","caption":"cbonnet"}}]}},"_links":{"self":[{"href":"https:\/\/www.tessi.eu\/fr\/wp-json\/wp\/v2\/posts\/55744\/"}],"collection":[{"href":"https:\/\/www.tessi.eu\/fr\/wp-json\/wp\/v2\/posts\/"}],"about":[{"href":"https:\/\/www.tessi.eu\/fr\/wp-json\/wp\/v2\/types\/post\/"}],"author":[{"embeddable":true,"href":"https:\/\/www.tessi.eu\/fr\/wp-json\/wp\/v2\/users\/11\/"}],"replies":[{"embeddable":true,"href":"https:\/\/www.tessi.eu\/fr\/wp-json\/wp\/v2\/comments\/?post=55744"}],"version-history":[{"count":6,"href":"https:\/\/www.tessi.eu\/fr\/wp-json\/wp\/v2\/posts\/55744\/revisions\/"}],"predecessor-version":[{"id":55787,"href":"https:\/\/www.tessi.eu\/fr\/wp-json\/wp\/v2\/posts\/55744\/revisions\/55787\/"}],"wp:featuredmedia":[{"embeddable":true,"href":"https:\/\/www.tessi.eu\/fr\/wp-json\/wp\/v2\/media\/55768\/"}],"wp:attachment":[{"href":"https:\/\/www.tessi.eu\/fr\/wp-json\/wp\/v2\/media\/?parent=55744"}],"wp:term":[{"taxonomy":"category","embeddable":true,"href":"https:\/\/www.tessi.eu\/fr\/wp-json\/wp\/v2\/categories\/?post=55744"},{"taxonomy":"post_tag","embeddable":true,"href":"https:\/\/www.tessi.eu\/fr\/wp-json\/wp\/v2\/tags\/?post=55744"}],"curies":[{"name":"wp","href":"https:\/\/api.w.org\/{rel}","templated":true}]}}