{"id":47219,"date":"2024-09-02T18:38:47","date_gmt":"2024-09-02T16:38:47","guid":{"rendered":"https:\/\/www.tessi.eu\/?p=47219\/"},"modified":"2024-09-04T14:22:52","modified_gmt":"2024-09-04T12:22:52","slug":"dematerialisation-archives-region-ile-de-france","status":"publish","type":"post","link":"https:\/\/www.tessi.eu\/fr\/dematerialisation-archives-region-ile-de-france\/","title":{"rendered":"La R\u00e9gion \u00cele-de-France opte pour la d\u00e9mat\u00e9rialisation de ses archives avec Tessi"},"content":{"rendered":"<p>La R\u00e9gion \u00cele-de-France a franchi une \u00e9tape cl\u00e9 dans sa transformation num\u00e9rique en confiant \u00e0 Tessi la d\u00e9mat\u00e9rialisation des archives du p\u00f4le Formation Professionnelle et Apprentissage.<\/p>\n<p>Ce projet ambitieux r\u00e9pondait \u00e0 une probl\u00e9matique complexe : <strong>g\u00e9rer et acc\u00e9der facilement \u00e0 plus 170 000 documents papier<\/strong>, repr\u00e9sentant 30 m\u00e8tres lin\u00e9aires d\u2019archives. Le service de formation professionnelle et apprentissage devait non seulement num\u00e9riser ces documents, mais aussi garantir une gestion s\u00e9curis\u00e9e et fluide des donn\u00e9es, tout en assurant la continuit\u00e9 du service.<\/p>\n<p>Face \u00e0 ces d\u00e9fis, Tessi a propos\u00e9 une solution sur mesure. En collaborant \u00e9troitement avec les \u00e9quipes du <a href=\"https:\/\/www.iledefrance.fr\/\">Conseil R\u00e9gional<\/a>, Tessi a assur\u00e9 un accompagnement complet, de l\u2019analyse des besoins \u00e0 la mise en \u0153uvre de la solution de d\u00e9mat\u00e9rialisation des archives. Le r\u00e9sultat ? <strong>Une num\u00e9risation r\u00e9ussie qui a non seulement facilit\u00e9 l\u2019acc\u00e8s aux documents, mais a aussi optimis\u00e9 les processus internes, simplifiant la gestion quotidienne des dossiers.<\/strong><\/p>\n<p><em>\u00ab\u00a0C\u2019est tellement plus facile d&rsquo;avoir toutes nos pi\u00e8ces \u00e0 disposition en permanence en quelques clics\u00a0\u00bb<\/em>, explique William Pinard, chef de service au p\u00f4le Formation Professionnelle. Cette r\u00e9ussite t\u00e9moigne de l\u2019efficacit\u00e9 des solutions de Tessi pour accompagner les collectivit\u00e9s territoriales dans leur transformation digitale et la <a href=\"https:\/\/www.tessi.eu\/fr\/solution\/services\/digitalisation-des-processus-documentaires\/document\/gestion-electronique-des-documents\/\">gestion \u00e9lectronique de leurs documents<\/a>, en s\u2019adaptant parfaitement \u00e0 leurs sp\u00e9cificit\u00e9s.<\/p>\n<div style=\"text-align: center; width: 100%;\">\n<h4 style=\"text-align: center;\"><span style=\"color: #ea527e;\">D\u00e9couvrez en vid\u00e9o le t\u00e9moignage de William Pinard, Chef de service \u00e0 la R\u00e9gion Ile-de-France<\/span><\/h4>\n<p><iframe loading=\"lazy\" title=\"YouTube video player\" src=\"https:\/\/www.youtube.com\/embed\/GOTjWbZhZSQ?si=UGMnpQJdfYFh7ASN\" width=\"840\" height=\"473\" frameborder=\"0\" allowfullscreen=\"allowfullscreen\"><\/iframe><\/p>\n<\/div>\n<p>&nbsp;<\/p>\n","protected":false},"excerpt":{"rendered":"<p>La R\u00e9gion \u00cele-de-France a franchi une \u00e9tape cl\u00e9 dans sa transformation num\u00e9rique en confiant \u00e0 Tessi la d\u00e9mat\u00e9rialisation des archives du p\u00f4le Formation Professionnelle et Apprentissage. Ce projet ambitieux r\u00e9pondait \u00e0 une probl\u00e9matique complexe : g\u00e9rer et acc\u00e9der facilement \u00e0 plus 170 000 documents papier, repr\u00e9sentant 30 m\u00e8tres lin\u00e9aires d\u2019archives. Le service de formation professionnelle [&hellip;]<\/p>\n","protected":false},"author":40,"featured_media":47230,"comment_status":"closed","ping_status":"closed","sticky":false,"template":"","format":"standard","meta":{"_acf_changed":false,"footnotes":""},"categories":[47],"tags":[],"class_list":["post-47219","post","type-post","status-publish","format-standard","has-post-thumbnail","hentry","category-news"],"acf":[],"yoast_head":"<!-- This site is optimized with the Yoast SEO Premium plugin v22.3 (Yoast SEO v27.1.1) - https:\/\/yoast.com\/product\/yoast-seo-premium-wordpress\/ -->\n<title>D\u00e9mat\u00e9rialisation archives : la R\u00e9gion \u00cele-de-France choisit Tessi<\/title>\n<meta name=\"description\" content=\"La d\u00e9mat\u00e9rialisation des archives de la R\u00e9gion \u00cele-de-France avec Tessi a permis d&#039;optimiser la gestion de 170 000 documents.\" \/>\n<meta name=\"robots\" content=\"index, follow, max-snippet:-1, max-image-preview:large, max-video-preview:-1\" \/>\n<link rel=\"canonical\" href=\"https:\/\/www.tessi.eu\/fr\/dematerialisation-archives-region-ile-de-france\/\" \/>\n<meta property=\"og:locale\" content=\"fr_FR\" \/>\n<meta property=\"og:type\" content=\"article\" \/>\n<meta property=\"og:title\" content=\"La R\u00e9gion \u00cele-de-France opte pour la d\u00e9mat\u00e9rialisation de ses archives avec Tessi\" \/>\n<meta property=\"og:description\" content=\"La d\u00e9mat\u00e9rialisation des archives de la R\u00e9gion \u00cele-de-France avec Tessi a permis d&#039;optimiser la gestion de 170 000 documents.\" \/>\n<meta property=\"og:url\" content=\"https:\/\/www.tessi.eu\/fr\/dematerialisation-archives-region-ile-de-france\/\" \/>\n<meta property=\"og:site_name\" content=\"Tessi International\" \/>\n<meta property=\"article:published_time\" content=\"2024-09-02T16:38:47+00:00\" \/>\n<meta property=\"article:modified_time\" content=\"2024-09-04T12:22:52+00:00\" \/>\n<meta property=\"og:image\" content=\"https:\/\/www.tessi.eu\/wp-content\/uploads\/2024\/08\/template-vignette-mise-en-avant.png\" \/>\n\t<meta property=\"og:image:width\" content=\"506\" \/>\n\t<meta property=\"og:image:height\" content=\"398\" \/>\n\t<meta property=\"og:image:type\" content=\"image\/png\" \/>\n<meta name=\"author\" content=\"anaispini\" \/>\n<meta name=\"twitter:card\" content=\"summary_large_image\" \/>\n<meta name=\"twitter:label1\" content=\"\u00c9crit par\" \/>\n\t<meta name=\"twitter:data1\" content=\"anaispini\" \/>\n\t<meta name=\"twitter:label2\" content=\"Dur\u00e9e de lecture estim\u00e9e\" \/>\n\t<meta name=\"twitter:data2\" content=\"2 minutes\" \/>\n<script type=\"application\/ld+json\" class=\"yoast-schema-graph\">{\"@context\":\"https:\/\/schema.org\",\"@graph\":[{\"@type\":\"Article\",\"@id\":\"https:\/\/www.tessi.eu\/fr\/dematerialisation-archives-region-ile-de-france\/#article\",\"isPartOf\":{\"@id\":\"https:\/\/www.tessi.eu\/fr\/dematerialisation-archives-region-ile-de-france\/\"},\"author\":{\"name\":\"anaispini\",\"@id\":\"https:\/\/www.tessi.eu\/fr\/#\/schema\/person\/d77f035bf12ae0e82161e0101f82602f\"},\"headline\":\"La R\u00e9gion \u00cele-de-France opte pour la d\u00e9mat\u00e9rialisation de ses archives avec Tessi\",\"datePublished\":\"2024-09-02T16:38:47+00:00\",\"dateModified\":\"2024-09-04T12:22:52+00:00\",\"mainEntityOfPage\":{\"@id\":\"https:\/\/www.tessi.eu\/fr\/dematerialisation-archives-region-ile-de-france\/\"},\"wordCount\":265,\"image\":{\"@id\":\"https:\/\/www.tessi.eu\/fr\/dematerialisation-archives-region-ile-de-france\/#primaryimage\"},\"thumbnailUrl\":\"https:\/\/www.tessi.eu\/wp-content\/uploads\/2024\/08\/template-vignette-mise-en-avant.png\",\"articleSection\":[\"News\"],\"inLanguage\":\"fr-FR\"},{\"@type\":\"WebPage\",\"@id\":\"https:\/\/www.tessi.eu\/fr\/dematerialisation-archives-region-ile-de-france\/\",\"url\":\"https:\/\/www.tessi.eu\/fr\/dematerialisation-archives-region-ile-de-france\/\",\"name\":\"D\u00e9mat\u00e9rialisation archives : la R\u00e9gion \u00cele-de-France choisit Tessi\",\"isPartOf\":{\"@id\":\"https:\/\/www.tessi.eu\/fr\/#website\"},\"primaryImageOfPage\":{\"@id\":\"https:\/\/www.tessi.eu\/fr\/dematerialisation-archives-region-ile-de-france\/#primaryimage\"},\"image\":{\"@id\":\"https:\/\/www.tessi.eu\/fr\/dematerialisation-archives-region-ile-de-france\/#primaryimage\"},\"thumbnailUrl\":\"https:\/\/www.tessi.eu\/wp-content\/uploads\/2024\/08\/template-vignette-mise-en-avant.png\",\"datePublished\":\"2024-09-02T16:38:47+00:00\",\"dateModified\":\"2024-09-04T12:22:52+00:00\",\"author\":{\"@id\":\"https:\/\/www.tessi.eu\/fr\/#\/schema\/person\/d77f035bf12ae0e82161e0101f82602f\"},\"description\":\"La d\u00e9mat\u00e9rialisation des archives de la R\u00e9gion \u00cele-de-France avec Tessi a permis d'optimiser la gestion de 170 000 documents.\",\"breadcrumb\":{\"@id\":\"https:\/\/www.tessi.eu\/fr\/dematerialisation-archives-region-ile-de-france\/#breadcrumb\"},\"inLanguage\":\"fr-FR\",\"potentialAction\":[{\"@type\":\"ReadAction\",\"target\":[\"https:\/\/www.tessi.eu\/fr\/dematerialisation-archives-region-ile-de-france\/\"]}]},{\"@type\":\"ImageObject\",\"inLanguage\":\"fr-FR\",\"@id\":\"https:\/\/www.tessi.eu\/fr\/dematerialisation-archives-region-ile-de-france\/#primaryimage\",\"url\":\"https:\/\/www.tessi.eu\/wp-content\/uploads\/2024\/08\/template-vignette-mise-en-avant.png\",\"contentUrl\":\"https:\/\/www.tessi.eu\/wp-content\/uploads\/2024\/08\/template-vignette-mise-en-avant.png\",\"width\":506,\"height\":398,\"caption\":\"D\u00e9mat\u00e9rialisation archives R\u00e9gion Ile-de-France\"},{\"@type\":\"BreadcrumbList\",\"@id\":\"https:\/\/www.tessi.eu\/fr\/dematerialisation-archives-region-ile-de-france\/#breadcrumb\",\"itemListElement\":[{\"@type\":\"ListItem\",\"position\":1,\"name\":\"Home\",\"item\":\"https:\/\/www.tessi.eu\/fr\/\"},{\"@type\":\"ListItem\",\"position\":2,\"name\":\"La R\u00e9gion \u00cele-de-France opte pour la d\u00e9mat\u00e9rialisation de ses archives avec Tessi\"}]},{\"@type\":\"WebSite\",\"@id\":\"https:\/\/www.tessi.eu\/fr\/#website\",\"url\":\"https:\/\/www.tessi.eu\/fr\/\",\"name\":\"Tessi International\",\"description\":\"\",\"potentialAction\":[{\"@type\":\"SearchAction\",\"target\":{\"@type\":\"EntryPoint\",\"urlTemplate\":\"https:\/\/www.tessi.eu\/fr\/?s={search_term_string}\"},\"query-input\":{\"@type\":\"PropertyValueSpecification\",\"valueRequired\":true,\"valueName\":\"search_term_string\"}}],\"inLanguage\":\"fr-FR\"},{\"@type\":\"Person\",\"@id\":\"https:\/\/www.tessi.eu\/fr\/#\/schema\/person\/d77f035bf12ae0e82161e0101f82602f\",\"name\":\"anaispini\",\"image\":{\"@type\":\"ImageObject\",\"inLanguage\":\"fr-FR\",\"@id\":\"https:\/\/www.tessi.eu\/fr\/#\/schema\/person\/image\/\",\"url\":\"https:\/\/secure.gravatar.com\/avatar\/2ff05654bdb61baf433b7775a00e4ac807d60b5c5b4d3fa3c236a586f2157ed9?s=96&d=mm&r=g\",\"contentUrl\":\"https:\/\/secure.gravatar.com\/avatar\/2ff05654bdb61baf433b7775a00e4ac807d60b5c5b4d3fa3c236a586f2157ed9?s=96&d=mm&r=g\",\"caption\":\"anaispini\"}}]}<\/script>\n<!-- \/ Yoast SEO Premium plugin. -->","yoast_head_json":{"title":"D\u00e9mat\u00e9rialisation archives : la R\u00e9gion \u00cele-de-France choisit Tessi","description":"La d\u00e9mat\u00e9rialisation des archives de la R\u00e9gion \u00cele-de-France avec Tessi a permis d'optimiser la gestion de 170 000 documents.","robots":{"index":"index","follow":"follow","max-snippet":"max-snippet:-1","max-image-preview":"max-image-preview:large","max-video-preview":"max-video-preview:-1"},"canonical":"https:\/\/www.tessi.eu\/fr\/dematerialisation-archives-region-ile-de-france\/","og_locale":"fr_FR","og_type":"article","og_title":"La R\u00e9gion \u00cele-de-France opte pour la d\u00e9mat\u00e9rialisation de ses archives avec Tessi","og_description":"La d\u00e9mat\u00e9rialisation des archives de la R\u00e9gion \u00cele-de-France avec Tessi a permis d'optimiser la gestion de 170 000 documents.","og_url":"https:\/\/www.tessi.eu\/fr\/dematerialisation-archives-region-ile-de-france\/","og_site_name":"Tessi International","article_published_time":"2024-09-02T16:38:47+00:00","article_modified_time":"2024-09-04T12:22:52+00:00","og_image":[{"width":506,"height":398,"url":"https:\/\/www.tessi.eu\/wp-content\/uploads\/2024\/08\/template-vignette-mise-en-avant.png","type":"image\/png"}],"author":"anaispini","twitter_card":"summary_large_image","twitter_misc":{"\u00c9crit par":"anaispini","Dur\u00e9e de lecture estim\u00e9e":"2 minutes"},"schema":{"@context":"https:\/\/schema.org","@graph":[{"@type":"Article","@id":"https:\/\/www.tessi.eu\/fr\/dematerialisation-archives-region-ile-de-france\/#article","isPartOf":{"@id":"https:\/\/www.tessi.eu\/fr\/dematerialisation-archives-region-ile-de-france\/"},"author":{"name":"anaispini","@id":"https:\/\/www.tessi.eu\/fr\/#\/schema\/person\/d77f035bf12ae0e82161e0101f82602f"},"headline":"La R\u00e9gion \u00cele-de-France opte pour la d\u00e9mat\u00e9rialisation de ses archives avec Tessi","datePublished":"2024-09-02T16:38:47+00:00","dateModified":"2024-09-04T12:22:52+00:00","mainEntityOfPage":{"@id":"https:\/\/www.tessi.eu\/fr\/dematerialisation-archives-region-ile-de-france\/"},"wordCount":265,"image":{"@id":"https:\/\/www.tessi.eu\/fr\/dematerialisation-archives-region-ile-de-france\/#primaryimage"},"thumbnailUrl":"https:\/\/www.tessi.eu\/wp-content\/uploads\/2024\/08\/template-vignette-mise-en-avant.png","articleSection":["News"],"inLanguage":"fr-FR"},{"@type":"WebPage","@id":"https:\/\/www.tessi.eu\/fr\/dematerialisation-archives-region-ile-de-france\/","url":"https:\/\/www.tessi.eu\/fr\/dematerialisation-archives-region-ile-de-france\/","name":"D\u00e9mat\u00e9rialisation archives : la R\u00e9gion \u00cele-de-France choisit Tessi","isPartOf":{"@id":"https:\/\/www.tessi.eu\/fr\/#website"},"primaryImageOfPage":{"@id":"https:\/\/www.tessi.eu\/fr\/dematerialisation-archives-region-ile-de-france\/#primaryimage"},"image":{"@id":"https:\/\/www.tessi.eu\/fr\/dematerialisation-archives-region-ile-de-france\/#primaryimage"},"thumbnailUrl":"https:\/\/www.tessi.eu\/wp-content\/uploads\/2024\/08\/template-vignette-mise-en-avant.png","datePublished":"2024-09-02T16:38:47+00:00","dateModified":"2024-09-04T12:22:52+00:00","author":{"@id":"https:\/\/www.tessi.eu\/fr\/#\/schema\/person\/d77f035bf12ae0e82161e0101f82602f"},"description":"La d\u00e9mat\u00e9rialisation des archives de la R\u00e9gion \u00cele-de-France avec Tessi a permis d'optimiser la gestion de 170 000 documents.","breadcrumb":{"@id":"https:\/\/www.tessi.eu\/fr\/dematerialisation-archives-region-ile-de-france\/#breadcrumb"},"inLanguage":"fr-FR","potentialAction":[{"@type":"ReadAction","target":["https:\/\/www.tessi.eu\/fr\/dematerialisation-archives-region-ile-de-france\/"]}]},{"@type":"ImageObject","inLanguage":"fr-FR","@id":"https:\/\/www.tessi.eu\/fr\/dematerialisation-archives-region-ile-de-france\/#primaryimage","url":"https:\/\/www.tessi.eu\/wp-content\/uploads\/2024\/08\/template-vignette-mise-en-avant.png","contentUrl":"https:\/\/www.tessi.eu\/wp-content\/uploads\/2024\/08\/template-vignette-mise-en-avant.png","width":506,"height":398,"caption":"D\u00e9mat\u00e9rialisation archives R\u00e9gion Ile-de-France"},{"@type":"BreadcrumbList","@id":"https:\/\/www.tessi.eu\/fr\/dematerialisation-archives-region-ile-de-france\/#breadcrumb","itemListElement":[{"@type":"ListItem","position":1,"name":"Home","item":"https:\/\/www.tessi.eu\/fr\/"},{"@type":"ListItem","position":2,"name":"La R\u00e9gion \u00cele-de-France opte pour la d\u00e9mat\u00e9rialisation de ses archives avec Tessi"}]},{"@type":"WebSite","@id":"https:\/\/www.tessi.eu\/fr\/#website","url":"https:\/\/www.tessi.eu\/fr\/","name":"Tessi International","description":"","potentialAction":[{"@type":"SearchAction","target":{"@type":"EntryPoint","urlTemplate":"https:\/\/www.tessi.eu\/fr\/?s={search_term_string}"},"query-input":{"@type":"PropertyValueSpecification","valueRequired":true,"valueName":"search_term_string"}}],"inLanguage":"fr-FR"},{"@type":"Person","@id":"https:\/\/www.tessi.eu\/fr\/#\/schema\/person\/d77f035bf12ae0e82161e0101f82602f","name":"anaispini","image":{"@type":"ImageObject","inLanguage":"fr-FR","@id":"https:\/\/www.tessi.eu\/fr\/#\/schema\/person\/image\/","url":"https:\/\/secure.gravatar.com\/avatar\/2ff05654bdb61baf433b7775a00e4ac807d60b5c5b4d3fa3c236a586f2157ed9?s=96&d=mm&r=g","contentUrl":"https:\/\/secure.gravatar.com\/avatar\/2ff05654bdb61baf433b7775a00e4ac807d60b5c5b4d3fa3c236a586f2157ed9?s=96&d=mm&r=g","caption":"anaispini"}}]}},"_links":{"self":[{"href":"https:\/\/www.tessi.eu\/fr\/wp-json\/wp\/v2\/posts\/47219\/"}],"collection":[{"href":"https:\/\/www.tessi.eu\/fr\/wp-json\/wp\/v2\/posts\/"}],"about":[{"href":"https:\/\/www.tessi.eu\/fr\/wp-json\/wp\/v2\/types\/post\/"}],"author":[{"embeddable":true,"href":"https:\/\/www.tessi.eu\/fr\/wp-json\/wp\/v2\/users\/40\/"}],"replies":[{"embeddable":true,"href":"https:\/\/www.tessi.eu\/fr\/wp-json\/wp\/v2\/comments\/?post=47219"}],"version-history":[{"count":6,"href":"https:\/\/www.tessi.eu\/fr\/wp-json\/wp\/v2\/posts\/47219\/revisions\/"}],"predecessor-version":[{"id":47239,"href":"https:\/\/www.tessi.eu\/fr\/wp-json\/wp\/v2\/posts\/47219\/revisions\/47239\/"}],"wp:featuredmedia":[{"embeddable":true,"href":"https:\/\/www.tessi.eu\/fr\/wp-json\/wp\/v2\/media\/47230\/"}],"wp:attachment":[{"href":"https:\/\/www.tessi.eu\/fr\/wp-json\/wp\/v2\/media\/?parent=47219"}],"wp:term":[{"taxonomy":"category","embeddable":true,"href":"https:\/\/www.tessi.eu\/fr\/wp-json\/wp\/v2\/categories\/?post=47219"},{"taxonomy":"post_tag","embeddable":true,"href":"https:\/\/www.tessi.eu\/fr\/wp-json\/wp\/v2\/tags\/?post=47219"}],"curies":[{"name":"wp","href":"https:\/\/api.w.org\/{rel}","templated":true}]}}