{"id":45972,"date":"2024-06-27T09:28:02","date_gmt":"2024-06-27T07:28:02","guid":{"rendered":"https:\/\/www.tessi.eu\/tessi-reunit-sa-filiale-vilt-et-sa-division-conseil-integration-copy\/"},"modified":"2024-07-02T11:02:59","modified_gmt":"2024-07-02T09:02:59","slug":"tessi-nomme-jean-luc-vecchio-a-la-tete-de-la-nouvelle-direction-des-alliances-strategiques","status":"publish","type":"post","link":"https:\/\/www.tessi.eu\/fr\/tessi-nomme-jean-luc-vecchio-a-la-tete-de-la-nouvelle-direction-des-alliances-strategiques\/","title":{"rendered":"Tessi nomme Jean-Luc Vecchio \u00e0 la t\u00eate de la nouvelle Direction des Alliances Strat\u00e9giques"},"content":{"rendered":"<p>Jean-Luc Vecchio prendra ses fonctions de Directeur des Alliances Strat\u00e9giques le 1er juillet 2024. Il portera, au sein du Comex, la volont\u00e9 du Groupe d\u2019intensifier ses partenariats strat\u00e9giques en France et \u00e0 l\u2019international.<\/p>\n<p>En tant que Directeur des Alliances Strat\u00e9giques de Tessi, il aura pour missions principales de :<\/p>\n<ul>\n<li>Concevoir et animer des relations au niveau Corporate pour d\u00e9velopper un r\u00e9seau de partenaires business, technologiques, consulting, \u00e9ducation et recherche, analystes, associations professionnelles, etc. et ainsi renforcer l\u2019\u00e9cosyst\u00e8me de Tessi ;<\/li>\n<li>Participer \u00e0 l\u2019expansion internationale d\u2019alliances d\u00e9j\u00e0 r\u00e9ussies \u00e0 l\u2019\u00e9chelle d\u2019un pays ;<\/li>\n<li>Piloter le programme \u00ab P\u00e9pites Shaker \u00bb d\u2019identification de startups et de fertilisation crois\u00e9e avec le Groupe ;<\/li>\n<li>Contribuer \u00e0 l\u2019acc\u00e9l\u00e9ration de l\u2019adoption de l\u2019IA au sein du Groupe, en \u00e9troite collaboration avec le Directeur de la Strat\u00e9gie et du D\u00e9veloppement.<\/li>\n<\/ul>\n<p><span style=\"color: #005faa;\">\u00ab\u00a0<em>Notre ambition est de renforcer notre position de leader sur le march\u00e9 en \u00e9tablissant des alliances strat\u00e9giques qui favoriseront l\u2019innovation et l\u2019excellence op\u00e9rationnelle. Avec Jean-Luc Vecchio \u00e0 la t\u00eate de ce nouveau p\u00f4le, nous sommes convaincus que nous pourrons acc\u00e9l\u00e9rer notre croissance et offrir encore plus de valeur \u00e0 nos clients et partenaires\u00a0\u00bb<\/em> <strong>d\u00e9clare Claire FISTAROL, Pr\u00e9sidente de Tessi.<\/strong><\/span><\/p>\n<p>Pr\u00e9alablement Directeur G\u00e9n\u00e9ral de la division Conseil &amp; Int\u00e9gration Europe (depuis 2015, ann\u00e9e de l\u2019acquisition par Tessi de l\u2019ESN \u2013 dont il \u00e9tait actionnaire et qu&rsquo;il vient de hisser au rang de n\u00b01 Europ\u00e9enne de la Total Experience), et Directeur G\u00e9n\u00e9ral des activit\u00e9s BPO de Tessi en Suisse (de 2019 \u00e0 2022), Jean-Luc Vecchio pourra s\u2019appuyer sur sa connaissance approfondie du Groupe pour remplir les missions de ses nouvelles fonctions.<\/p>\n<p>Dipl\u00f4m\u00e9 de Grenoble Ecole de Management (GEM) en 1994, d\u2019un cursus au Centre d\u2019Entrepreneuriat de l\u2019EM Lyon en 2007, Jean-Luc Vecchio suit actuellement une formation \u00e0 l\u2019IFA-Science Po pour l\u2019obtention d\u2019un certificat d\u2019Administrateur de Soci\u00e9t\u00e9s. Tr\u00e8s investi sur les enjeux de formation et de transformation digitale &amp; durable des organisations, Jean-Luc Vecchio si\u00e8ge au Comex de la Fondation de GEM, est membre du Comit\u00e9 Scientifique et Strat\u00e9gique de la chaire de recherche \u00ab Digital, Organizations &amp; Society \u00bb de GEM et si\u00e8ge \u00e0 l\u2019Advisory Board de la start-up Odonatech qui m\u00eale GenAI et finance comportementale pour disrupter l\u2019Epargne<\/p>\n<p>&nbsp;<\/p>\n<p><a class=\"btn-new btn-border-degrade\" title=\"T\u00e9l\u00e9charger le communiqu\u00e9 [PDF]\" href=\"https:\/\/www.tessi.eu\/wp-content\/uploads\/2024\/06\/cp-tessi-nomination-jean-luc-vecchio-fr-1.pdf\" target=\"_blank\" rel=\"noopener\"><span class=\"btn-border-degrade-content\"><span class=\"text\">T\u00e9l\u00e9charger le communiqu\u00e9<\/span><\/span><\/a><\/p>\n","protected":false},"excerpt":{"rendered":"<p>Jean-Luc Vecchio prendra ses fonctions de Directeur des Alliances Strat\u00e9giques le 1er juillet 2024. Il portera, au sein du Comex, la volont\u00e9 du Groupe d\u2019intensifier ses partenariats strat\u00e9giques en France et \u00e0 l\u2019international. En tant que Directeur des Alliances Strat\u00e9giques de Tessi, il aura pour missions principales de : Concevoir et animer des relations au [&hellip;]<\/p>\n","protected":false},"author":12,"featured_media":36986,"comment_status":"closed","ping_status":"closed","sticky":true,"template":"","format":"standard","meta":{"_acf_changed":false,"footnotes":""},"categories":[47,149],"tags":[],"class_list":["post-45972","post","type-post","status-publish","format-standard","has-post-thumbnail","hentry","category-news","category-conseil"],"acf":[],"yoast_head":"<!-- This site is optimized with the Yoast SEO Premium plugin v22.3 (Yoast SEO v27.1.1) - https:\/\/yoast.com\/product\/yoast-seo-premium-wordpress\/ -->\n<title>Tessi nomme Jean-Luc Vecchio \u00e0 la t\u00eate de la nouvelle Direction des Alliances Strat\u00e9giques<\/title>\n<meta name=\"description\" content=\"VILT est reconnue pour son expertise dans les domaines de l&#039;Exp\u00e9rience Client, l&#039;Exp\u00e9rience Employ\u00e9 et l&#039;int\u00e9gration de solutions technologiques avanc\u00e9es. La division Conseil &amp; Int\u00e9gration de Tessi est connue pour son savoir-faire unique en Gestion des Communications Client (CCM), en conseil et en int\u00e9gration de syst\u00e8mes.\" \/>\n<meta name=\"robots\" content=\"index, follow, max-snippet:-1, max-image-preview:large, max-video-preview:-1\" \/>\n<link rel=\"canonical\" href=\"https:\/\/www.tessi.eu\/fr\/tessi-nomme-jean-luc-vecchio-a-la-tete-de-la-nouvelle-direction-des-alliances-strategiques\/\" \/>\n<meta property=\"og:locale\" content=\"fr_FR\" \/>\n<meta property=\"og:type\" content=\"article\" \/>\n<meta property=\"og:title\" content=\"Tessi nomme Jean-Luc Vecchio \u00e0 la t\u00eate de la nouvelle Direction des Alliances Strat\u00e9giques\" \/>\n<meta property=\"og:description\" content=\"VILT est reconnue pour son expertise dans les domaines de l&#039;Exp\u00e9rience Client, l&#039;Exp\u00e9rience Employ\u00e9 et l&#039;int\u00e9gration de solutions technologiques avanc\u00e9es. La division Conseil &amp; Int\u00e9gration de Tessi est connue pour son savoir-faire unique en Gestion des Communications Client (CCM), en conseil et en int\u00e9gration de syst\u00e8mes.\" \/>\n<meta property=\"og:url\" content=\"https:\/\/www.tessi.eu\/fr\/tessi-nomme-jean-luc-vecchio-a-la-tete-de-la-nouvelle-direction-des-alliances-strategiques\/\" \/>\n<meta property=\"og:site_name\" content=\"Tessi International\" \/>\n<meta property=\"article:published_time\" content=\"2024-06-27T07:28:02+00:00\" \/>\n<meta property=\"article:modified_time\" content=\"2024-07-02T09:02:59+00:00\" \/>\n<meta property=\"og:image\" content=\"https:\/\/www.tessi.eu\/wp-content\/uploads\/2023\/06\/vignette-tessi-2023.png\" \/>\n\t<meta property=\"og:image:width\" content=\"532\" \/>\n\t<meta property=\"og:image:height\" content=\"350\" \/>\n\t<meta property=\"og:image:type\" content=\"image\/png\" \/>\n<meta name=\"author\" content=\"pmallet\" \/>\n<meta name=\"twitter:card\" content=\"summary_large_image\" \/>\n<meta name=\"twitter:label1\" content=\"\u00c9crit par\" \/>\n\t<meta name=\"twitter:data1\" content=\"pmallet\" \/>\n\t<meta name=\"twitter:label2\" content=\"Dur\u00e9e de lecture estim\u00e9e\" \/>\n\t<meta name=\"twitter:data2\" content=\"2 minutes\" \/>\n<script type=\"application\/ld+json\" class=\"yoast-schema-graph\">{\"@context\":\"https:\/\/schema.org\",\"@graph\":[{\"@type\":\"Article\",\"@id\":\"https:\/\/www.tessi.eu\/fr\/tessi-nomme-jean-luc-vecchio-a-la-tete-de-la-nouvelle-direction-des-alliances-strategiques\/#article\",\"isPartOf\":{\"@id\":\"https:\/\/www.tessi.eu\/fr\/tessi-nomme-jean-luc-vecchio-a-la-tete-de-la-nouvelle-direction-des-alliances-strategiques\/\"},\"author\":{\"name\":\"pmallet\",\"@id\":\"https:\/\/www.tessi.eu\/fr\/#\/schema\/person\/0c662bb797314a35603fe3fd7b4d09bb\"},\"headline\":\"Tessi nomme Jean-Luc Vecchio \u00e0 la t\u00eate de la nouvelle Direction des Alliances Strat\u00e9giques\",\"datePublished\":\"2024-06-27T07:28:02+00:00\",\"dateModified\":\"2024-07-02T09:02:59+00:00\",\"mainEntityOfPage\":{\"@id\":\"https:\/\/www.tessi.eu\/fr\/tessi-nomme-jean-luc-vecchio-a-la-tete-de-la-nouvelle-direction-des-alliances-strategiques\/\"},\"wordCount\":422,\"image\":{\"@id\":\"https:\/\/www.tessi.eu\/fr\/tessi-nomme-jean-luc-vecchio-a-la-tete-de-la-nouvelle-direction-des-alliances-strategiques\/#primaryimage\"},\"thumbnailUrl\":\"https:\/\/www.tessi.eu\/wp-content\/uploads\/2023\/06\/vignette-tessi-2023.png\",\"articleSection\":[\"News\",\"Conseil\"],\"inLanguage\":\"fr-FR\"},{\"@type\":\"WebPage\",\"@id\":\"https:\/\/www.tessi.eu\/fr\/tessi-nomme-jean-luc-vecchio-a-la-tete-de-la-nouvelle-direction-des-alliances-strategiques\/\",\"url\":\"https:\/\/www.tessi.eu\/fr\/tessi-nomme-jean-luc-vecchio-a-la-tete-de-la-nouvelle-direction-des-alliances-strategiques\/\",\"name\":\"Tessi nomme Jean-Luc Vecchio \u00e0 la t\u00eate de la nouvelle Direction des Alliances Strat\u00e9giques\",\"isPartOf\":{\"@id\":\"https:\/\/www.tessi.eu\/fr\/#website\"},\"primaryImageOfPage\":{\"@id\":\"https:\/\/www.tessi.eu\/fr\/tessi-nomme-jean-luc-vecchio-a-la-tete-de-la-nouvelle-direction-des-alliances-strategiques\/#primaryimage\"},\"image\":{\"@id\":\"https:\/\/www.tessi.eu\/fr\/tessi-nomme-jean-luc-vecchio-a-la-tete-de-la-nouvelle-direction-des-alliances-strategiques\/#primaryimage\"},\"thumbnailUrl\":\"https:\/\/www.tessi.eu\/wp-content\/uploads\/2023\/06\/vignette-tessi-2023.png\",\"datePublished\":\"2024-06-27T07:28:02+00:00\",\"dateModified\":\"2024-07-02T09:02:59+00:00\",\"author\":{\"@id\":\"https:\/\/www.tessi.eu\/fr\/#\/schema\/person\/0c662bb797314a35603fe3fd7b4d09bb\"},\"description\":\"VILT est reconnue pour son expertise dans les domaines de l'Exp\u00e9rience Client, l'Exp\u00e9rience Employ\u00e9 et l'int\u00e9gration de solutions technologiques avanc\u00e9es. La division Conseil & Int\u00e9gration de Tessi est connue pour son savoir-faire unique en Gestion des Communications Client (CCM), en conseil et en int\u00e9gration de syst\u00e8mes.\",\"breadcrumb\":{\"@id\":\"https:\/\/www.tessi.eu\/fr\/tessi-nomme-jean-luc-vecchio-a-la-tete-de-la-nouvelle-direction-des-alliances-strategiques\/#breadcrumb\"},\"inLanguage\":\"fr-FR\",\"potentialAction\":[{\"@type\":\"ReadAction\",\"target\":[\"https:\/\/www.tessi.eu\/fr\/tessi-nomme-jean-luc-vecchio-a-la-tete-de-la-nouvelle-direction-des-alliances-strategiques\/\"]}]},{\"@type\":\"ImageObject\",\"inLanguage\":\"fr-FR\",\"@id\":\"https:\/\/www.tessi.eu\/fr\/tessi-nomme-jean-luc-vecchio-a-la-tete-de-la-nouvelle-direction-des-alliances-strategiques\/#primaryimage\",\"url\":\"https:\/\/www.tessi.eu\/wp-content\/uploads\/2023\/06\/vignette-tessi-2023.png\",\"contentUrl\":\"https:\/\/www.tessi.eu\/wp-content\/uploads\/2023\/06\/vignette-tessi-2023.png\",\"width\":532,\"height\":350,\"caption\":\"vignette tessi\"},{\"@type\":\"BreadcrumbList\",\"@id\":\"https:\/\/www.tessi.eu\/fr\/tessi-nomme-jean-luc-vecchio-a-la-tete-de-la-nouvelle-direction-des-alliances-strategiques\/#breadcrumb\",\"itemListElement\":[{\"@type\":\"ListItem\",\"position\":1,\"name\":\"Home\",\"item\":\"https:\/\/www.tessi.eu\/fr\/\"},{\"@type\":\"ListItem\",\"position\":2,\"name\":\"Tessi nomme Jean-Luc Vecchio \u00e0 la t\u00eate de la nouvelle Direction des Alliances Strat\u00e9giques\"}]},{\"@type\":\"WebSite\",\"@id\":\"https:\/\/www.tessi.eu\/fr\/#website\",\"url\":\"https:\/\/www.tessi.eu\/fr\/\",\"name\":\"Tessi International\",\"description\":\"\",\"potentialAction\":[{\"@type\":\"SearchAction\",\"target\":{\"@type\":\"EntryPoint\",\"urlTemplate\":\"https:\/\/www.tessi.eu\/fr\/?s={search_term_string}\"},\"query-input\":{\"@type\":\"PropertyValueSpecification\",\"valueRequired\":true,\"valueName\":\"search_term_string\"}}],\"inLanguage\":\"fr-FR\"},{\"@type\":\"Person\",\"@id\":\"https:\/\/www.tessi.eu\/fr\/#\/schema\/person\/0c662bb797314a35603fe3fd7b4d09bb\",\"name\":\"pmallet\",\"image\":{\"@type\":\"ImageObject\",\"inLanguage\":\"fr-FR\",\"@id\":\"https:\/\/www.tessi.eu\/fr\/#\/schema\/person\/image\/\",\"url\":\"https:\/\/secure.gravatar.com\/avatar\/285d36b3faf28a1d856148cf2d579763696444924b5af229391323d21a89f987?s=96&d=mm&r=g\",\"contentUrl\":\"https:\/\/secure.gravatar.com\/avatar\/285d36b3faf28a1d856148cf2d579763696444924b5af229391323d21a89f987?s=96&d=mm&r=g\",\"caption\":\"pmallet\"}}]}<\/script>\n<!-- \/ Yoast SEO Premium plugin. -->","yoast_head_json":{"title":"Tessi nomme Jean-Luc Vecchio \u00e0 la t\u00eate de la nouvelle Direction des Alliances Strat\u00e9giques","description":"VILT est reconnue pour son expertise dans les domaines de l'Exp\u00e9rience Client, l'Exp\u00e9rience Employ\u00e9 et l'int\u00e9gration de solutions technologiques avanc\u00e9es. La division Conseil & Int\u00e9gration de Tessi est connue pour son savoir-faire unique en Gestion des Communications Client (CCM), en conseil et en int\u00e9gration de syst\u00e8mes.","robots":{"index":"index","follow":"follow","max-snippet":"max-snippet:-1","max-image-preview":"max-image-preview:large","max-video-preview":"max-video-preview:-1"},"canonical":"https:\/\/www.tessi.eu\/fr\/tessi-nomme-jean-luc-vecchio-a-la-tete-de-la-nouvelle-direction-des-alliances-strategiques\/","og_locale":"fr_FR","og_type":"article","og_title":"Tessi nomme Jean-Luc Vecchio \u00e0 la t\u00eate de la nouvelle Direction des Alliances Strat\u00e9giques","og_description":"VILT est reconnue pour son expertise dans les domaines de l'Exp\u00e9rience Client, l'Exp\u00e9rience Employ\u00e9 et l'int\u00e9gration de solutions technologiques avanc\u00e9es. La division Conseil & Int\u00e9gration de Tessi est connue pour son savoir-faire unique en Gestion des Communications Client (CCM), en conseil et en int\u00e9gration de syst\u00e8mes.","og_url":"https:\/\/www.tessi.eu\/fr\/tessi-nomme-jean-luc-vecchio-a-la-tete-de-la-nouvelle-direction-des-alliances-strategiques\/","og_site_name":"Tessi International","article_published_time":"2024-06-27T07:28:02+00:00","article_modified_time":"2024-07-02T09:02:59+00:00","og_image":[{"width":532,"height":350,"url":"https:\/\/www.tessi.eu\/wp-content\/uploads\/2023\/06\/vignette-tessi-2023.png","type":"image\/png"}],"author":"pmallet","twitter_card":"summary_large_image","twitter_misc":{"\u00c9crit par":"pmallet","Dur\u00e9e de lecture estim\u00e9e":"2 minutes"},"schema":{"@context":"https:\/\/schema.org","@graph":[{"@type":"Article","@id":"https:\/\/www.tessi.eu\/fr\/tessi-nomme-jean-luc-vecchio-a-la-tete-de-la-nouvelle-direction-des-alliances-strategiques\/#article","isPartOf":{"@id":"https:\/\/www.tessi.eu\/fr\/tessi-nomme-jean-luc-vecchio-a-la-tete-de-la-nouvelle-direction-des-alliances-strategiques\/"},"author":{"name":"pmallet","@id":"https:\/\/www.tessi.eu\/fr\/#\/schema\/person\/0c662bb797314a35603fe3fd7b4d09bb"},"headline":"Tessi nomme Jean-Luc Vecchio \u00e0 la t\u00eate de la nouvelle Direction des Alliances Strat\u00e9giques","datePublished":"2024-06-27T07:28:02+00:00","dateModified":"2024-07-02T09:02:59+00:00","mainEntityOfPage":{"@id":"https:\/\/www.tessi.eu\/fr\/tessi-nomme-jean-luc-vecchio-a-la-tete-de-la-nouvelle-direction-des-alliances-strategiques\/"},"wordCount":422,"image":{"@id":"https:\/\/www.tessi.eu\/fr\/tessi-nomme-jean-luc-vecchio-a-la-tete-de-la-nouvelle-direction-des-alliances-strategiques\/#primaryimage"},"thumbnailUrl":"https:\/\/www.tessi.eu\/wp-content\/uploads\/2023\/06\/vignette-tessi-2023.png","articleSection":["News","Conseil"],"inLanguage":"fr-FR"},{"@type":"WebPage","@id":"https:\/\/www.tessi.eu\/fr\/tessi-nomme-jean-luc-vecchio-a-la-tete-de-la-nouvelle-direction-des-alliances-strategiques\/","url":"https:\/\/www.tessi.eu\/fr\/tessi-nomme-jean-luc-vecchio-a-la-tete-de-la-nouvelle-direction-des-alliances-strategiques\/","name":"Tessi nomme Jean-Luc Vecchio \u00e0 la t\u00eate de la nouvelle Direction des Alliances Strat\u00e9giques","isPartOf":{"@id":"https:\/\/www.tessi.eu\/fr\/#website"},"primaryImageOfPage":{"@id":"https:\/\/www.tessi.eu\/fr\/tessi-nomme-jean-luc-vecchio-a-la-tete-de-la-nouvelle-direction-des-alliances-strategiques\/#primaryimage"},"image":{"@id":"https:\/\/www.tessi.eu\/fr\/tessi-nomme-jean-luc-vecchio-a-la-tete-de-la-nouvelle-direction-des-alliances-strategiques\/#primaryimage"},"thumbnailUrl":"https:\/\/www.tessi.eu\/wp-content\/uploads\/2023\/06\/vignette-tessi-2023.png","datePublished":"2024-06-27T07:28:02+00:00","dateModified":"2024-07-02T09:02:59+00:00","author":{"@id":"https:\/\/www.tessi.eu\/fr\/#\/schema\/person\/0c662bb797314a35603fe3fd7b4d09bb"},"description":"VILT est reconnue pour son expertise dans les domaines de l'Exp\u00e9rience Client, l'Exp\u00e9rience Employ\u00e9 et l'int\u00e9gration de solutions technologiques avanc\u00e9es. La division Conseil & Int\u00e9gration de Tessi est connue pour son savoir-faire unique en Gestion des Communications Client (CCM), en conseil et en int\u00e9gration de syst\u00e8mes.","breadcrumb":{"@id":"https:\/\/www.tessi.eu\/fr\/tessi-nomme-jean-luc-vecchio-a-la-tete-de-la-nouvelle-direction-des-alliances-strategiques\/#breadcrumb"},"inLanguage":"fr-FR","potentialAction":[{"@type":"ReadAction","target":["https:\/\/www.tessi.eu\/fr\/tessi-nomme-jean-luc-vecchio-a-la-tete-de-la-nouvelle-direction-des-alliances-strategiques\/"]}]},{"@type":"ImageObject","inLanguage":"fr-FR","@id":"https:\/\/www.tessi.eu\/fr\/tessi-nomme-jean-luc-vecchio-a-la-tete-de-la-nouvelle-direction-des-alliances-strategiques\/#primaryimage","url":"https:\/\/www.tessi.eu\/wp-content\/uploads\/2023\/06\/vignette-tessi-2023.png","contentUrl":"https:\/\/www.tessi.eu\/wp-content\/uploads\/2023\/06\/vignette-tessi-2023.png","width":532,"height":350,"caption":"vignette tessi"},{"@type":"BreadcrumbList","@id":"https:\/\/www.tessi.eu\/fr\/tessi-nomme-jean-luc-vecchio-a-la-tete-de-la-nouvelle-direction-des-alliances-strategiques\/#breadcrumb","itemListElement":[{"@type":"ListItem","position":1,"name":"Home","item":"https:\/\/www.tessi.eu\/fr\/"},{"@type":"ListItem","position":2,"name":"Tessi nomme Jean-Luc Vecchio \u00e0 la t\u00eate de la nouvelle Direction des Alliances Strat\u00e9giques"}]},{"@type":"WebSite","@id":"https:\/\/www.tessi.eu\/fr\/#website","url":"https:\/\/www.tessi.eu\/fr\/","name":"Tessi International","description":"","potentialAction":[{"@type":"SearchAction","target":{"@type":"EntryPoint","urlTemplate":"https:\/\/www.tessi.eu\/fr\/?s={search_term_string}"},"query-input":{"@type":"PropertyValueSpecification","valueRequired":true,"valueName":"search_term_string"}}],"inLanguage":"fr-FR"},{"@type":"Person","@id":"https:\/\/www.tessi.eu\/fr\/#\/schema\/person\/0c662bb797314a35603fe3fd7b4d09bb","name":"pmallet","image":{"@type":"ImageObject","inLanguage":"fr-FR","@id":"https:\/\/www.tessi.eu\/fr\/#\/schema\/person\/image\/","url":"https:\/\/secure.gravatar.com\/avatar\/285d36b3faf28a1d856148cf2d579763696444924b5af229391323d21a89f987?s=96&d=mm&r=g","contentUrl":"https:\/\/secure.gravatar.com\/avatar\/285d36b3faf28a1d856148cf2d579763696444924b5af229391323d21a89f987?s=96&d=mm&r=g","caption":"pmallet"}}]}},"_links":{"self":[{"href":"https:\/\/www.tessi.eu\/fr\/wp-json\/wp\/v2\/posts\/45972\/"}],"collection":[{"href":"https:\/\/www.tessi.eu\/fr\/wp-json\/wp\/v2\/posts\/"}],"about":[{"href":"https:\/\/www.tessi.eu\/fr\/wp-json\/wp\/v2\/types\/post\/"}],"author":[{"embeddable":true,"href":"https:\/\/www.tessi.eu\/fr\/wp-json\/wp\/v2\/users\/12\/"}],"replies":[{"embeddable":true,"href":"https:\/\/www.tessi.eu\/fr\/wp-json\/wp\/v2\/comments\/?post=45972"}],"version-history":[{"count":7,"href":"https:\/\/www.tessi.eu\/fr\/wp-json\/wp\/v2\/posts\/45972\/revisions\/"}],"predecessor-version":[{"id":46192,"href":"https:\/\/www.tessi.eu\/fr\/wp-json\/wp\/v2\/posts\/45972\/revisions\/46192\/"}],"wp:featuredmedia":[{"embeddable":true,"href":"https:\/\/www.tessi.eu\/fr\/wp-json\/wp\/v2\/media\/36986\/"}],"wp:attachment":[{"href":"https:\/\/www.tessi.eu\/fr\/wp-json\/wp\/v2\/media\/?parent=45972"}],"wp:term":[{"taxonomy":"category","embeddable":true,"href":"https:\/\/www.tessi.eu\/fr\/wp-json\/wp\/v2\/categories\/?post=45972"},{"taxonomy":"post_tag","embeddable":true,"href":"https:\/\/www.tessi.eu\/fr\/wp-json\/wp\/v2\/tags\/?post=45972"}],"curies":[{"name":"wp","href":"https:\/\/api.w.org\/{rel}","templated":true}]}}