{"id":43410,"date":"2024-03-18T14:00:26","date_gmt":"2024-03-18T13:00:26","guid":{"rendered":"https:\/\/www.tessi.eu\/tessi-annonce-la-nomination-d-antoine-voirand-en-tant-que-directeur-de-la-strategie-et-du-developpement-copy\/"},"modified":"2024-07-02T11:05:29","modified_gmt":"2024-07-02T09:05:29","slug":"tessi-annonce-la-creation-dun-pole-facture-electronique-et-nomme-francois-quais-comme-directeur","status":"publish","type":"post","link":"https:\/\/www.tessi.eu\/fr\/tessi-annonce-la-creation-dun-pole-facture-electronique-et-nomme-francois-quais-comme-directeur\/","title":{"rendered":"Tessi annonce la cr\u00e9ation d\u2019un p\u00f4le Facture \u00c9lectronique et nomme Fran\u00e7ois QUAIS comme directeur"},"content":{"rendered":"<p>Au poste nouvellement cr\u00e9\u00e9 de Directeur de l\u2019activit\u00e9 Facture \u00c9lectronique, Fran\u00e7ois QUAIS aura pour missions principales d\u2019accompagner les directions financi\u00e8res dans la digitalisation de leurs processus, de d\u00e9velopper l\u2019activit\u00e9 commerciale \u00e0 l\u2019\u00e9chelle europ\u00e9enne avec la <a href=\"https:\/\/solutions.lesechos.fr\/juridique\/c\/directive-vida-quel-impact-pour-le-commerce-en-ligne-42385\/\" target=\"_blank\" rel=\"noopener\">Directive VIDA<\/a> (VAT in the Digital Age) et in fine de faire de Tessi le leader europ\u00e9en du march\u00e9.<\/p>\n<p>Avec cette nomination, Tessi r\u00e9affirme ses ambitions sur des investissements \u00e0 forte intensit\u00e9 technologique avec notamment la plateforme <a href=\"https:\/\/www.tessi.eu\/fr\/solution\/technologies\/edition-de-logiciels\/facture-et-paiement\/dematerialisation-fiscale-des-factures-avec-digital-invoice-by-tessi\/\">DIGITAL INVOICE by Tessi<\/a>, une solution 100% int\u00e9gr\u00e9e qui permet aux organisations d\u2019automatiser leur processus d\u2019achat et de se pr\u00e9parer \u00e0 la g\u00e9n\u00e9ralisation de la facturation \u00e9lectronique en France, effective d\u00e8s septembre 2026.<\/p>\n<p>Ce p\u00f4le d\u00e9di\u00e9 s&rsquo;inscrit dans une strat\u00e9gie de consolidation du positionnement de Tessi en tant qu&rsquo;acteur majeur sur le march\u00e9 en plein essor de<br \/>\nla facturation \u00e9lectronique. En effet, depuis 2021, Tessi s&rsquo;est engag\u00e9 dans une d\u00e9marche visant l&rsquo;obtention du statut de Plateforme de D\u00e9mat\u00e9rialisation Partenaire (PDP), dont l&rsquo;accomplissement est pr\u00e9vu dans les prochains mois.<\/p>\n<p><span style=\"color: #005faa;\"><em>\u00ab La facture \u00e9lectronique est un enjeu strat\u00e9gique pour toutes les entreprises. Cette nomination vient confirmer notre ambition de positionner Tessi comme un acteur incontournable de la Facture Electronique en France et en Europe. Avec Tessi, nos clients peuvent b\u00e9n\u00e9ficier d\u2019une plateforme performante et des services \u00e0 valeur ajout\u00e9e, mais aussi de l\u2019expertise de nos \u00e9quipes pour les accompagner dans leurs enjeux de digitalisation de leurs processus financiers. \u00bb <\/em><strong>d\u00e9clare Virginie DEGEORGIS, Directrice g\u00e9n\u00e9rale de Tessi France<\/strong>.<\/span><\/p>\n<p>Fort de pr\u00e8s de quinze ans d\u2019exp\u00e9riences commerciales, Fran\u00e7ois QUAIS d\u00e9bute sa carri\u00e8re chez un acteur europ\u00e9en de la Facturation Electronique avant de rejoindre Tessi. Ces dix derni\u00e8res ann\u00e9es au sein du Groupe, il a occup\u00e9 plusieurs fonctions dont la derni\u00e8re en date est celle de Directeur de march\u00e9 Banque et Services Financiers.<\/p>\n<p>\u00c0 la t\u00eate d\u2019une \u00e9quipe de 100 personnes, Fran\u00e7ois QUAIS reportera \u00e0 Virginie DEGEORGIS, Directrice g\u00e9n\u00e9rale de Tessi France.<\/p>\n<p>&nbsp;<\/p>\n<p><a class=\"btn-new btn-border-degrade\" title=\"T\u00e9l\u00e9charger le communiqu\u00e9 [PDF]\" href=\"https:\/\/www.tessi.eu\/wp-content\/uploads\/2024\/03\/20240318-cp-tessi-annonce-la-creation-dun-pole-facture-electronique-et-nomme-francois-quais-comme-directeur.pdf\" target=\"_blank\" rel=\"noopener\"><span class=\"btn-border-degrade-content\"><span class=\"text\">T\u00e9l\u00e9charger le communiqu\u00e9<\/span><\/span><\/a><\/p>\n","protected":false},"excerpt":{"rendered":"<p>Au poste nouvellement cr\u00e9\u00e9 de Directeur de l\u2019activit\u00e9 Facture \u00c9lectronique, Fran\u00e7ois QUAIS aura pour missions principales d\u2019accompagner les directions financi\u00e8res dans la digitalisation de leurs processus, de d\u00e9velopper l\u2019activit\u00e9 commerciale \u00e0 l\u2019\u00e9chelle europ\u00e9enne avec la Directive VIDA (VAT in the Digital Age) et in fine de faire de Tessi le leader europ\u00e9en du march\u00e9. Avec [&hellip;]<\/p>\n","protected":false},"author":12,"featured_media":36986,"comment_status":"closed","ping_status":"closed","sticky":true,"template":"","format":"standard","meta":{"_acf_changed":false,"footnotes":""},"categories":[47],"tags":[],"class_list":["post-43410","post","type-post","status-publish","format-standard","has-post-thumbnail","hentry","category-news"],"acf":[],"yoast_head":"<!-- This site is optimized with the Yoast SEO Premium plugin v22.3 (Yoast SEO v27.1.1) - https:\/\/yoast.com\/product\/yoast-seo-premium-wordpress\/ -->\n<title>Tessi annonce la cr\u00e9ation d\u2019un p\u00f4le Facture \u00c9lectronique et nomme Fran\u00e7ois QUAIS comme directeur - Tessi International<\/title>\n<meta name=\"description\" content=\"Tessi d\u00e9veloppe son expertise en cr\u00e9ant un p\u00f4le Facture \u00c9lectronique dirig\u00e9 par Fran\u00e7ois QUAIS. Cette cr\u00e9ation s&#039;inscrit dans le cadre de la g\u00e9n\u00e9ralisation de la facturation \u00e9lectronique, pr\u00e9vue pour une entr\u00e9e en vigueur en 2026.\" \/>\n<meta name=\"robots\" content=\"index, follow, max-snippet:-1, max-image-preview:large, max-video-preview:-1\" \/>\n<link rel=\"canonical\" href=\"https:\/\/www.tessi.eu\/fr\/tessi-annonce-la-creation-dun-pole-facture-electronique-et-nomme-francois-quais-comme-directeur\/\" \/>\n<meta property=\"og:locale\" content=\"fr_FR\" \/>\n<meta property=\"og:type\" content=\"article\" \/>\n<meta property=\"og:title\" content=\"Tessi annonce la cr\u00e9ation d\u2019un p\u00f4le Facture \u00c9lectronique et nomme Fran\u00e7ois QUAIS comme directeur\" \/>\n<meta property=\"og:description\" content=\"Tessi d\u00e9veloppe son expertise en cr\u00e9ant un p\u00f4le Facture \u00c9lectronique dirig\u00e9 par Fran\u00e7ois QUAIS. Cette cr\u00e9ation s&#039;inscrit dans le cadre de la g\u00e9n\u00e9ralisation de la facturation \u00e9lectronique, pr\u00e9vue pour une entr\u00e9e en vigueur en 2026.\" \/>\n<meta property=\"og:url\" content=\"https:\/\/www.tessi.eu\/fr\/tessi-annonce-la-creation-dun-pole-facture-electronique-et-nomme-francois-quais-comme-directeur\/\" \/>\n<meta property=\"og:site_name\" content=\"Tessi International\" \/>\n<meta property=\"article:published_time\" content=\"2024-03-18T13:00:26+00:00\" \/>\n<meta property=\"article:modified_time\" content=\"2024-07-02T09:05:29+00:00\" \/>\n<meta property=\"og:image\" content=\"https:\/\/www.tessi.eu\/wp-content\/uploads\/2023\/06\/vignette-tessi-2023.png\" \/>\n\t<meta property=\"og:image:width\" content=\"532\" \/>\n\t<meta property=\"og:image:height\" content=\"350\" \/>\n\t<meta property=\"og:image:type\" content=\"image\/png\" \/>\n<meta name=\"author\" content=\"pmallet\" \/>\n<meta name=\"twitter:card\" content=\"summary_large_image\" \/>\n<meta name=\"twitter:label1\" content=\"\u00c9crit par\" \/>\n\t<meta name=\"twitter:data1\" content=\"pmallet\" \/>\n\t<meta name=\"twitter:label2\" content=\"Dur\u00e9e de lecture estim\u00e9e\" \/>\n\t<meta name=\"twitter:data2\" content=\"2 minutes\" \/>\n<script type=\"application\/ld+json\" class=\"yoast-schema-graph\">{\"@context\":\"https:\/\/schema.org\",\"@graph\":[{\"@type\":\"Article\",\"@id\":\"https:\/\/www.tessi.eu\/fr\/tessi-annonce-la-creation-dun-pole-facture-electronique-et-nomme-francois-quais-comme-directeur\/#article\",\"isPartOf\":{\"@id\":\"https:\/\/www.tessi.eu\/fr\/tessi-annonce-la-creation-dun-pole-facture-electronique-et-nomme-francois-quais-comme-directeur\/\"},\"author\":{\"name\":\"pmallet\",\"@id\":\"https:\/\/www.tessi.eu\/fr\/#\/schema\/person\/0c662bb797314a35603fe3fd7b4d09bb\"},\"headline\":\"Tessi annonce la cr\u00e9ation d\u2019un p\u00f4le Facture \u00c9lectronique et nomme Fran\u00e7ois QUAIS comme directeur\",\"datePublished\":\"2024-03-18T13:00:26+00:00\",\"dateModified\":\"2024-07-02T09:05:29+00:00\",\"mainEntityOfPage\":{\"@id\":\"https:\/\/www.tessi.eu\/fr\/tessi-annonce-la-creation-dun-pole-facture-electronique-et-nomme-francois-quais-comme-directeur\/\"},\"wordCount\":375,\"image\":{\"@id\":\"https:\/\/www.tessi.eu\/fr\/tessi-annonce-la-creation-dun-pole-facture-electronique-et-nomme-francois-quais-comme-directeur\/#primaryimage\"},\"thumbnailUrl\":\"https:\/\/www.tessi.eu\/wp-content\/uploads\/2023\/06\/vignette-tessi-2023.png\",\"articleSection\":[\"News\"],\"inLanguage\":\"fr-FR\"},{\"@type\":\"WebPage\",\"@id\":\"https:\/\/www.tessi.eu\/fr\/tessi-annonce-la-creation-dun-pole-facture-electronique-et-nomme-francois-quais-comme-directeur\/\",\"url\":\"https:\/\/www.tessi.eu\/fr\/tessi-annonce-la-creation-dun-pole-facture-electronique-et-nomme-francois-quais-comme-directeur\/\",\"name\":\"Tessi annonce la cr\u00e9ation d\u2019un p\u00f4le Facture \u00c9lectronique et nomme Fran\u00e7ois QUAIS comme directeur - Tessi International\",\"isPartOf\":{\"@id\":\"https:\/\/www.tessi.eu\/fr\/#website\"},\"primaryImageOfPage\":{\"@id\":\"https:\/\/www.tessi.eu\/fr\/tessi-annonce-la-creation-dun-pole-facture-electronique-et-nomme-francois-quais-comme-directeur\/#primaryimage\"},\"image\":{\"@id\":\"https:\/\/www.tessi.eu\/fr\/tessi-annonce-la-creation-dun-pole-facture-electronique-et-nomme-francois-quais-comme-directeur\/#primaryimage\"},\"thumbnailUrl\":\"https:\/\/www.tessi.eu\/wp-content\/uploads\/2023\/06\/vignette-tessi-2023.png\",\"datePublished\":\"2024-03-18T13:00:26+00:00\",\"dateModified\":\"2024-07-02T09:05:29+00:00\",\"author\":{\"@id\":\"https:\/\/www.tessi.eu\/fr\/#\/schema\/person\/0c662bb797314a35603fe3fd7b4d09bb\"},\"description\":\"Tessi d\u00e9veloppe son expertise en cr\u00e9ant un p\u00f4le Facture \u00c9lectronique dirig\u00e9 par Fran\u00e7ois QUAIS. Cette cr\u00e9ation s'inscrit dans le cadre de la g\u00e9n\u00e9ralisation de la facturation \u00e9lectronique, pr\u00e9vue pour une entr\u00e9e en vigueur en 2026.\",\"breadcrumb\":{\"@id\":\"https:\/\/www.tessi.eu\/fr\/tessi-annonce-la-creation-dun-pole-facture-electronique-et-nomme-francois-quais-comme-directeur\/#breadcrumb\"},\"inLanguage\":\"fr-FR\",\"potentialAction\":[{\"@type\":\"ReadAction\",\"target\":[\"https:\/\/www.tessi.eu\/fr\/tessi-annonce-la-creation-dun-pole-facture-electronique-et-nomme-francois-quais-comme-directeur\/\"]}]},{\"@type\":\"ImageObject\",\"inLanguage\":\"fr-FR\",\"@id\":\"https:\/\/www.tessi.eu\/fr\/tessi-annonce-la-creation-dun-pole-facture-electronique-et-nomme-francois-quais-comme-directeur\/#primaryimage\",\"url\":\"https:\/\/www.tessi.eu\/wp-content\/uploads\/2023\/06\/vignette-tessi-2023.png\",\"contentUrl\":\"https:\/\/www.tessi.eu\/wp-content\/uploads\/2023\/06\/vignette-tessi-2023.png\",\"width\":532,\"height\":350,\"caption\":\"vignette tessi\"},{\"@type\":\"BreadcrumbList\",\"@id\":\"https:\/\/www.tessi.eu\/fr\/tessi-annonce-la-creation-dun-pole-facture-electronique-et-nomme-francois-quais-comme-directeur\/#breadcrumb\",\"itemListElement\":[{\"@type\":\"ListItem\",\"position\":1,\"name\":\"Home\",\"item\":\"https:\/\/www.tessi.eu\/fr\/\"},{\"@type\":\"ListItem\",\"position\":2,\"name\":\"Tessi annonce la cr\u00e9ation d\u2019un p\u00f4le Facture \u00c9lectronique et nomme Fran\u00e7ois QUAIS comme directeur\"}]},{\"@type\":\"WebSite\",\"@id\":\"https:\/\/www.tessi.eu\/fr\/#website\",\"url\":\"https:\/\/www.tessi.eu\/fr\/\",\"name\":\"Tessi International\",\"description\":\"\",\"potentialAction\":[{\"@type\":\"SearchAction\",\"target\":{\"@type\":\"EntryPoint\",\"urlTemplate\":\"https:\/\/www.tessi.eu\/fr\/?s={search_term_string}\"},\"query-input\":{\"@type\":\"PropertyValueSpecification\",\"valueRequired\":true,\"valueName\":\"search_term_string\"}}],\"inLanguage\":\"fr-FR\"},{\"@type\":\"Person\",\"@id\":\"https:\/\/www.tessi.eu\/fr\/#\/schema\/person\/0c662bb797314a35603fe3fd7b4d09bb\",\"name\":\"pmallet\",\"image\":{\"@type\":\"ImageObject\",\"inLanguage\":\"fr-FR\",\"@id\":\"https:\/\/www.tessi.eu\/fr\/#\/schema\/person\/image\/\",\"url\":\"https:\/\/secure.gravatar.com\/avatar\/285d36b3faf28a1d856148cf2d579763696444924b5af229391323d21a89f987?s=96&d=mm&r=g\",\"contentUrl\":\"https:\/\/secure.gravatar.com\/avatar\/285d36b3faf28a1d856148cf2d579763696444924b5af229391323d21a89f987?s=96&d=mm&r=g\",\"caption\":\"pmallet\"}}]}<\/script>\n<!-- \/ Yoast SEO Premium plugin. -->","yoast_head_json":{"title":"Tessi annonce la cr\u00e9ation d\u2019un p\u00f4le Facture \u00c9lectronique et nomme Fran\u00e7ois QUAIS comme directeur - Tessi International","description":"Tessi d\u00e9veloppe son expertise en cr\u00e9ant un p\u00f4le Facture \u00c9lectronique dirig\u00e9 par Fran\u00e7ois QUAIS. Cette cr\u00e9ation s'inscrit dans le cadre de la g\u00e9n\u00e9ralisation de la facturation \u00e9lectronique, pr\u00e9vue pour une entr\u00e9e en vigueur en 2026.","robots":{"index":"index","follow":"follow","max-snippet":"max-snippet:-1","max-image-preview":"max-image-preview:large","max-video-preview":"max-video-preview:-1"},"canonical":"https:\/\/www.tessi.eu\/fr\/tessi-annonce-la-creation-dun-pole-facture-electronique-et-nomme-francois-quais-comme-directeur\/","og_locale":"fr_FR","og_type":"article","og_title":"Tessi annonce la cr\u00e9ation d\u2019un p\u00f4le Facture \u00c9lectronique et nomme Fran\u00e7ois QUAIS comme directeur","og_description":"Tessi d\u00e9veloppe son expertise en cr\u00e9ant un p\u00f4le Facture \u00c9lectronique dirig\u00e9 par Fran\u00e7ois QUAIS. Cette cr\u00e9ation s'inscrit dans le cadre de la g\u00e9n\u00e9ralisation de la facturation \u00e9lectronique, pr\u00e9vue pour une entr\u00e9e en vigueur en 2026.","og_url":"https:\/\/www.tessi.eu\/fr\/tessi-annonce-la-creation-dun-pole-facture-electronique-et-nomme-francois-quais-comme-directeur\/","og_site_name":"Tessi International","article_published_time":"2024-03-18T13:00:26+00:00","article_modified_time":"2024-07-02T09:05:29+00:00","og_image":[{"width":532,"height":350,"url":"https:\/\/www.tessi.eu\/wp-content\/uploads\/2023\/06\/vignette-tessi-2023.png","type":"image\/png"}],"author":"pmallet","twitter_card":"summary_large_image","twitter_misc":{"\u00c9crit par":"pmallet","Dur\u00e9e de lecture estim\u00e9e":"2 minutes"},"schema":{"@context":"https:\/\/schema.org","@graph":[{"@type":"Article","@id":"https:\/\/www.tessi.eu\/fr\/tessi-annonce-la-creation-dun-pole-facture-electronique-et-nomme-francois-quais-comme-directeur\/#article","isPartOf":{"@id":"https:\/\/www.tessi.eu\/fr\/tessi-annonce-la-creation-dun-pole-facture-electronique-et-nomme-francois-quais-comme-directeur\/"},"author":{"name":"pmallet","@id":"https:\/\/www.tessi.eu\/fr\/#\/schema\/person\/0c662bb797314a35603fe3fd7b4d09bb"},"headline":"Tessi annonce la cr\u00e9ation d\u2019un p\u00f4le Facture \u00c9lectronique et nomme Fran\u00e7ois QUAIS comme directeur","datePublished":"2024-03-18T13:00:26+00:00","dateModified":"2024-07-02T09:05:29+00:00","mainEntityOfPage":{"@id":"https:\/\/www.tessi.eu\/fr\/tessi-annonce-la-creation-dun-pole-facture-electronique-et-nomme-francois-quais-comme-directeur\/"},"wordCount":375,"image":{"@id":"https:\/\/www.tessi.eu\/fr\/tessi-annonce-la-creation-dun-pole-facture-electronique-et-nomme-francois-quais-comme-directeur\/#primaryimage"},"thumbnailUrl":"https:\/\/www.tessi.eu\/wp-content\/uploads\/2023\/06\/vignette-tessi-2023.png","articleSection":["News"],"inLanguage":"fr-FR"},{"@type":"WebPage","@id":"https:\/\/www.tessi.eu\/fr\/tessi-annonce-la-creation-dun-pole-facture-electronique-et-nomme-francois-quais-comme-directeur\/","url":"https:\/\/www.tessi.eu\/fr\/tessi-annonce-la-creation-dun-pole-facture-electronique-et-nomme-francois-quais-comme-directeur\/","name":"Tessi annonce la cr\u00e9ation d\u2019un p\u00f4le Facture \u00c9lectronique et nomme Fran\u00e7ois QUAIS comme directeur - Tessi International","isPartOf":{"@id":"https:\/\/www.tessi.eu\/fr\/#website"},"primaryImageOfPage":{"@id":"https:\/\/www.tessi.eu\/fr\/tessi-annonce-la-creation-dun-pole-facture-electronique-et-nomme-francois-quais-comme-directeur\/#primaryimage"},"image":{"@id":"https:\/\/www.tessi.eu\/fr\/tessi-annonce-la-creation-dun-pole-facture-electronique-et-nomme-francois-quais-comme-directeur\/#primaryimage"},"thumbnailUrl":"https:\/\/www.tessi.eu\/wp-content\/uploads\/2023\/06\/vignette-tessi-2023.png","datePublished":"2024-03-18T13:00:26+00:00","dateModified":"2024-07-02T09:05:29+00:00","author":{"@id":"https:\/\/www.tessi.eu\/fr\/#\/schema\/person\/0c662bb797314a35603fe3fd7b4d09bb"},"description":"Tessi d\u00e9veloppe son expertise en cr\u00e9ant un p\u00f4le Facture \u00c9lectronique dirig\u00e9 par Fran\u00e7ois QUAIS. Cette cr\u00e9ation s'inscrit dans le cadre de la g\u00e9n\u00e9ralisation de la facturation \u00e9lectronique, pr\u00e9vue pour une entr\u00e9e en vigueur en 2026.","breadcrumb":{"@id":"https:\/\/www.tessi.eu\/fr\/tessi-annonce-la-creation-dun-pole-facture-electronique-et-nomme-francois-quais-comme-directeur\/#breadcrumb"},"inLanguage":"fr-FR","potentialAction":[{"@type":"ReadAction","target":["https:\/\/www.tessi.eu\/fr\/tessi-annonce-la-creation-dun-pole-facture-electronique-et-nomme-francois-quais-comme-directeur\/"]}]},{"@type":"ImageObject","inLanguage":"fr-FR","@id":"https:\/\/www.tessi.eu\/fr\/tessi-annonce-la-creation-dun-pole-facture-electronique-et-nomme-francois-quais-comme-directeur\/#primaryimage","url":"https:\/\/www.tessi.eu\/wp-content\/uploads\/2023\/06\/vignette-tessi-2023.png","contentUrl":"https:\/\/www.tessi.eu\/wp-content\/uploads\/2023\/06\/vignette-tessi-2023.png","width":532,"height":350,"caption":"vignette tessi"},{"@type":"BreadcrumbList","@id":"https:\/\/www.tessi.eu\/fr\/tessi-annonce-la-creation-dun-pole-facture-electronique-et-nomme-francois-quais-comme-directeur\/#breadcrumb","itemListElement":[{"@type":"ListItem","position":1,"name":"Home","item":"https:\/\/www.tessi.eu\/fr\/"},{"@type":"ListItem","position":2,"name":"Tessi annonce la cr\u00e9ation d\u2019un p\u00f4le Facture \u00c9lectronique et nomme Fran\u00e7ois QUAIS comme directeur"}]},{"@type":"WebSite","@id":"https:\/\/www.tessi.eu\/fr\/#website","url":"https:\/\/www.tessi.eu\/fr\/","name":"Tessi International","description":"","potentialAction":[{"@type":"SearchAction","target":{"@type":"EntryPoint","urlTemplate":"https:\/\/www.tessi.eu\/fr\/?s={search_term_string}"},"query-input":{"@type":"PropertyValueSpecification","valueRequired":true,"valueName":"search_term_string"}}],"inLanguage":"fr-FR"},{"@type":"Person","@id":"https:\/\/www.tessi.eu\/fr\/#\/schema\/person\/0c662bb797314a35603fe3fd7b4d09bb","name":"pmallet","image":{"@type":"ImageObject","inLanguage":"fr-FR","@id":"https:\/\/www.tessi.eu\/fr\/#\/schema\/person\/image\/","url":"https:\/\/secure.gravatar.com\/avatar\/285d36b3faf28a1d856148cf2d579763696444924b5af229391323d21a89f987?s=96&d=mm&r=g","contentUrl":"https:\/\/secure.gravatar.com\/avatar\/285d36b3faf28a1d856148cf2d579763696444924b5af229391323d21a89f987?s=96&d=mm&r=g","caption":"pmallet"}}]}},"_links":{"self":[{"href":"https:\/\/www.tessi.eu\/fr\/wp-json\/wp\/v2\/posts\/43410\/"}],"collection":[{"href":"https:\/\/www.tessi.eu\/fr\/wp-json\/wp\/v2\/posts\/"}],"about":[{"href":"https:\/\/www.tessi.eu\/fr\/wp-json\/wp\/v2\/types\/post\/"}],"author":[{"embeddable":true,"href":"https:\/\/www.tessi.eu\/fr\/wp-json\/wp\/v2\/users\/12\/"}],"replies":[{"embeddable":true,"href":"https:\/\/www.tessi.eu\/fr\/wp-json\/wp\/v2\/comments\/?post=43410"}],"version-history":[{"count":8,"href":"https:\/\/www.tessi.eu\/fr\/wp-json\/wp\/v2\/posts\/43410\/revisions\/"}],"predecessor-version":[{"id":46196,"href":"https:\/\/www.tessi.eu\/fr\/wp-json\/wp\/v2\/posts\/43410\/revisions\/46196\/"}],"wp:featuredmedia":[{"embeddable":true,"href":"https:\/\/www.tessi.eu\/fr\/wp-json\/wp\/v2\/media\/36986\/"}],"wp:attachment":[{"href":"https:\/\/www.tessi.eu\/fr\/wp-json\/wp\/v2\/media\/?parent=43410"}],"wp:term":[{"taxonomy":"category","embeddable":true,"href":"https:\/\/www.tessi.eu\/fr\/wp-json\/wp\/v2\/categories\/?post=43410"},{"taxonomy":"post_tag","embeddable":true,"href":"https:\/\/www.tessi.eu\/fr\/wp-json\/wp\/v2\/tags\/?post=43410"}],"curies":[{"name":"wp","href":"https:\/\/api.w.org\/{rel}","templated":true}]}}