{"id":41930,"date":"2024-01-09T14:00:02","date_gmt":"2024-01-09T13:00:02","guid":{"rendered":"https:\/\/www.tessi.eu\/tessi-sengage-pour-une-meilleure-gestion-de-ses-dechets-copy\/"},"modified":"2024-01-09T14:25:27","modified_gmt":"2024-01-09T13:25:27","slug":"tessi-sengage-pour-une-meilleure-gestion-de-ses-dechets-2023-2024","status":"publish","type":"post","link":"https:\/\/www.tessi.eu\/fr\/tessi-sengage-pour-une-meilleure-gestion-de-ses-dechets-2023-2024\/","title":{"rendered":"Tessi s\u2019engage pour une meilleure gestion de ses d\u00e9chets (2023-2024)"},"content":{"rendered":"<style>\n.loupe-widget {\n  position: relative;\n  display: inline-block;\n  will-change: transform;\n}\n.loupe-widget__loupe {\n  position: absolute;\n  z-index: 100;\n  top: 50%;\n  left: 50%;\n  width: 250px;\n  height: 250px;\n  transform: translate(-50%, -50%);\n  border-radius: 50%;\n  background-repeat: no-repeat;\n  border: 3px solid #1a214d;\n  box-shadow: 0 0 10px 1px rgba(0, 0, 0, 0.2);\n  background-color: white;\n  display: none;\n}\n.loupe-widget:hover {\n  cursor: url(data:image\/gif;base64,R0lGODlhAQABAIAAAAAAAP\/\/\/yH5BAEAAAAALAAAAAABAAEAAAIBRAA7), auto;\n}\n.loupe-widget:hover .loupe-widget__loupe {\n  display: block;\n  pointer-events: none;\n}\n<\/style>\n<p><script>\n  window.console = window.console || function(t) {};\n  if (document.location.search.match(\/type=embed\/gi)) {\n    window.parent.postMessage(\"resize\", \"*\");\n  }\n<\/script><\/p>\n<div style=\"text-align: justify;\">Dans le cadre de notre politique environnementale, en 2023, <strong>30 sites Tessi situ\u00e9s en France et en Outre-mer effectuent le tri de leurs d\u00e9chets de bureaux (5 flux)<\/strong>.<\/p>\n<p>Les d\u00e9chets \u00ab papier, carton, plastique, m\u00e9tal, bois (palettes) et verre \u00bb sont d\u00e9sormais tri\u00e9s puis collect\u00e9s et achemin\u00e9s par des prestataires priv\u00e9s vers des fili\u00e8res de recyclage de proximit\u00e9.<\/p>\n<p>Nous contribuons ainsi \u00e0 l\u2019\u00e9conomie circulaire locale tout en r\u00e9duisant nos impacts environnementaux.<\/p><\/div>\n<p><span style=\"font-size: 13px;\"><em>Vous pouvez utiliser la molette de votre souris pour augmenter ou r\u00e9duire le zoom<\/em><\/span> \ud83d\ude09<\/p>\n<p>&nbsp;<\/p>\n<div class=\"loupe-widget js-loupe\">\n<div class=\"loupe-widget__loupe js-loupe-element\" style=\"background-image: url('https:\/\/www.tessi.eu\/wp-content\/uploads\/2023\/12\/carte-france-metro-3500x4391-2023.jpg'); background-position: calc(96.4% - 92.8px) calc(21.8% - -56.4px); top: 131px; left: 771px;\"><\/div>\n<p><img decoding=\"async\" class=\"loupe-widget__image js-loupe-image\" src=\"https:\/\/www.tessi.eu\/wp-content\/uploads\/2023\/12\/carte-france-metro-3500x4391-2023.jpg\" alt=\"Carte France tri selectif\" data-image-full=\"https:\/\/www.tessi.eu\/wp-content\/uploads\/2023\/12\/carte-france-metro-3500x4391-2023.jpg\">\n<\/div>\n<p><script src=\"https:\/\/www.tessi.eu\/wp-includes\/js\/jquery\/jquery.min.js\"><\/script><br \/>\n<script id=\"rendered-js\">\n;(function () {\n  function roundToPlace(num, place) {\n    return Math.round(num * Math.pow(10, place)) \/ Math.pow(10, place);\n  }\n  jQuery('.js-loupe').each(function () {\n    var $this = jQuery(this);\n    var $image = jQuery('.js-loupe-image', $this);\n    var imgBigUrl = $image.attr('data-image-full');\n    var $loupe = jQuery('.js-loupe-element', $this).css('background-image', 'url(' + imgBigUrl + ')');\n    var loupeSize = [$loupe.width(), $loupe.height()];\n    var bigImgSize = [0, 0];\n    var zoomLvl = 1;\n    var bigImg = document.createElement('img');\n    bigImg.onload = function () {\n      bigImgSize = [bigImg.width, bigImg.height];\n    };\n    bigImg.src = imgBigUrl;\n    $this.on('mousemove', function (e) {\n      var positionRatio = [\n      Math.round(e.offsetX \/ $image.width() * 1000) \/ 1000,\n      Math.round(e.offsetY \/ $image.height() * 1000) \/ 1000];\n      var offset = [\n      loupeSize[0] * positionRatio[0] - loupeSize[0] \/ 2,\n      loupeSize[1] * positionRatio[1] - loupeSize[1] \/ 2];\n      var positionPercent = [\n      'calc(' + positionRatio[0] * 100 + '% - ' + offset[0] + 'px)',\n      'calc(' + positionRatio[1] * 100 + '% - ' + offset[1] + 'px)'];\n      $loupe.css({\n        'background-position': positionPercent.join(' '),\n        'top': e.offsetY,\n        'left': e.offsetX });\n    });\n    $this.on('mousewheel DOMMouseScroll', function (event) {\n      event.preventDefault();\n      if (event.originalEvent.wheelDelta > 0 || event.originalEvent.detail < 0) {\n        if (zoomLvl < 1.5) {\n          zoomLvl += 0.1;\n          $loupe.css('background-size', bigImgSize[0] * zoomLvl + 'px ' + bigImgSize[1] * zoomLvl + 'px');\n        }\n      } else\n      {\n        if (zoomLvl > 0.5) {\n          zoomLvl -= 0.1;\n          $loupe.css('background-size', bigImgSize[0] * zoomLvl + 'px ' + bigImgSize[1] * zoomLvl + 'px');\n        }\n      }\n    });\n  });\n})();\n<\/script><\/p>\n","protected":false},"excerpt":{"rendered":"<p>Dans le cadre de notre politique environnementale, en 2023, 30 sites Tessi situ\u00e9s en France et en Outre-mer effectuent le tri de leurs d\u00e9chets de bureaux (5 flux). Les d\u00e9chets \u00ab papier, carton, plastique, m\u00e9tal, bois (palettes) et verre \u00bb sont d\u00e9sormais tri\u00e9s puis collect\u00e9s et achemin\u00e9s par des prestataires priv\u00e9s vers des fili\u00e8res de [&hellip;]<\/p>\n","protected":false},"author":12,"featured_media":32013,"comment_status":"closed","ping_status":"closed","sticky":true,"template":"","format":"standard","meta":{"_acf_changed":false,"footnotes":""},"categories":[47],"tags":[],"class_list":["post-41930","post","type-post","status-publish","format-standard","has-post-thumbnail","hentry","category-news"],"acf":[],"yoast_head":"<!-- This site is optimized with the Yoast SEO Premium plugin v22.3 (Yoast SEO v27.1.1) - https:\/\/yoast.com\/product\/yoast-seo-premium-wordpress\/ -->\n<title>Tessi s\u2019engage pour une meilleure gestion de ses d\u00e9chets (2023-2024) - Tessi International<\/title>\n<meta name=\"robots\" content=\"noindex, nofollow\" \/>\n<meta property=\"og:locale\" content=\"fr_FR\" \/>\n<meta property=\"og:type\" content=\"article\" \/>\n<meta property=\"og:title\" content=\"Tessi s\u2019engage pour une meilleure gestion de ses d\u00e9chets (2023-2024)\" \/>\n<meta property=\"og:description\" content=\"Dans le cadre de notre politique environnementale, en 2023, 30 sites Tessi situ\u00e9s en France et en Outre-mer effectuent le tri de leurs d\u00e9chets de bureaux (5 flux). Les d\u00e9chets \u00ab papier, carton, plastique, m\u00e9tal, bois (palettes) et verre \u00bb sont d\u00e9sormais tri\u00e9s puis collect\u00e9s et achemin\u00e9s par des prestataires priv\u00e9s vers des fili\u00e8res de [&hellip;]\" \/>\n<meta property=\"og:url\" content=\"https:\/\/www.tessi.eu\/fr\/tessi-sengage-pour-une-meilleure-gestion-de-ses-dechets-2023-2024\/\" \/>\n<meta property=\"og:site_name\" content=\"Tessi International\" \/>\n<meta property=\"article:published_time\" content=\"2024-01-09T13:00:02+00:00\" \/>\n<meta property=\"article:modified_time\" content=\"2024-01-09T13:25:27+00:00\" \/>\n<meta property=\"og:image\" content=\"https:\/\/www.tessi.eu\/wp-content\/uploads\/2023\/04\/vignette-tri-selectif-1.jpg\" \/>\n\t<meta property=\"og:image:width\" content=\"532\" \/>\n\t<meta property=\"og:image:height\" content=\"350\" \/>\n\t<meta property=\"og:image:type\" content=\"image\/jpeg\" \/>\n<meta name=\"author\" content=\"pmallet\" \/>\n<meta name=\"twitter:card\" content=\"summary_large_image\" \/>\n<meta name=\"twitter:label1\" content=\"\u00c9crit par\" \/>\n\t<meta name=\"twitter:data1\" content=\"pmallet\" \/>\n\t<meta name=\"twitter:label2\" content=\"Dur\u00e9e de lecture estim\u00e9e\" \/>\n\t<meta name=\"twitter:data2\" content=\"1 minute\" \/>\n<script type=\"application\/ld+json\" class=\"yoast-schema-graph\">{\"@context\":\"https:\/\/schema.org\",\"@graph\":[{\"@type\":\"Article\",\"@id\":\"https:\/\/www.tessi.eu\/fr\/tessi-sengage-pour-une-meilleure-gestion-de-ses-dechets-2023-2024\/#article\",\"isPartOf\":{\"@id\":\"https:\/\/www.tessi.eu\/fr\/tessi-sengage-pour-une-meilleure-gestion-de-ses-dechets-2023-2024\/\"},\"author\":{\"name\":\"pmallet\",\"@id\":\"https:\/\/www.tessi.eu\/fr\/#\/schema\/person\/0c662bb797314a35603fe3fd7b4d09bb\"},\"headline\":\"Tessi s\u2019engage pour une meilleure gestion de ses d\u00e9chets (2023-2024)\",\"datePublished\":\"2024-01-09T13:00:02+00:00\",\"dateModified\":\"2024-01-09T13:25:27+00:00\",\"mainEntityOfPage\":{\"@id\":\"https:\/\/www.tessi.eu\/fr\/tessi-sengage-pour-une-meilleure-gestion-de-ses-dechets-2023-2024\/\"},\"wordCount\":106,\"image\":{\"@id\":\"https:\/\/www.tessi.eu\/fr\/tessi-sengage-pour-une-meilleure-gestion-de-ses-dechets-2023-2024\/#primaryimage\"},\"thumbnailUrl\":\"https:\/\/www.tessi.eu\/wp-content\/uploads\/2023\/04\/vignette-tri-selectif-1.jpg\",\"articleSection\":[\"News\"],\"inLanguage\":\"fr-FR\"},{\"@type\":\"WebPage\",\"@id\":\"https:\/\/www.tessi.eu\/fr\/tessi-sengage-pour-une-meilleure-gestion-de-ses-dechets-2023-2024\/\",\"url\":\"https:\/\/www.tessi.eu\/fr\/tessi-sengage-pour-une-meilleure-gestion-de-ses-dechets-2023-2024\/\",\"name\":\"Tessi s\u2019engage pour une meilleure gestion de ses d\u00e9chets (2023-2024) - Tessi International\",\"isPartOf\":{\"@id\":\"https:\/\/www.tessi.eu\/fr\/#website\"},\"primaryImageOfPage\":{\"@id\":\"https:\/\/www.tessi.eu\/fr\/tessi-sengage-pour-une-meilleure-gestion-de-ses-dechets-2023-2024\/#primaryimage\"},\"image\":{\"@id\":\"https:\/\/www.tessi.eu\/fr\/tessi-sengage-pour-une-meilleure-gestion-de-ses-dechets-2023-2024\/#primaryimage\"},\"thumbnailUrl\":\"https:\/\/www.tessi.eu\/wp-content\/uploads\/2023\/04\/vignette-tri-selectif-1.jpg\",\"datePublished\":\"2024-01-09T13:00:02+00:00\",\"dateModified\":\"2024-01-09T13:25:27+00:00\",\"author\":{\"@id\":\"https:\/\/www.tessi.eu\/fr\/#\/schema\/person\/0c662bb797314a35603fe3fd7b4d09bb\"},\"breadcrumb\":{\"@id\":\"https:\/\/www.tessi.eu\/fr\/tessi-sengage-pour-une-meilleure-gestion-de-ses-dechets-2023-2024\/#breadcrumb\"},\"inLanguage\":\"fr-FR\",\"potentialAction\":[{\"@type\":\"ReadAction\",\"target\":[\"https:\/\/www.tessi.eu\/fr\/tessi-sengage-pour-une-meilleure-gestion-de-ses-dechets-2023-2024\/\"]}]},{\"@type\":\"ImageObject\",\"inLanguage\":\"fr-FR\",\"@id\":\"https:\/\/www.tessi.eu\/fr\/tessi-sengage-pour-une-meilleure-gestion-de-ses-dechets-2023-2024\/#primaryimage\",\"url\":\"https:\/\/www.tessi.eu\/wp-content\/uploads\/2023\/04\/vignette-tri-selectif-1.jpg\",\"contentUrl\":\"https:\/\/www.tessi.eu\/wp-content\/uploads\/2023\/04\/vignette-tri-selectif-1.jpg\",\"width\":532,\"height\":350,\"caption\":\"vignette tri selectif\"},{\"@type\":\"BreadcrumbList\",\"@id\":\"https:\/\/www.tessi.eu\/fr\/tessi-sengage-pour-une-meilleure-gestion-de-ses-dechets-2023-2024\/#breadcrumb\",\"itemListElement\":[{\"@type\":\"ListItem\",\"position\":1,\"name\":\"Home\",\"item\":\"https:\/\/www.tessi.eu\/fr\/\"},{\"@type\":\"ListItem\",\"position\":2,\"name\":\"Tessi s\u2019engage pour une meilleure gestion de ses d\u00e9chets (2023-2024)\"}]},{\"@type\":\"WebSite\",\"@id\":\"https:\/\/www.tessi.eu\/fr\/#website\",\"url\":\"https:\/\/www.tessi.eu\/fr\/\",\"name\":\"Tessi International\",\"description\":\"\",\"potentialAction\":[{\"@type\":\"SearchAction\",\"target\":{\"@type\":\"EntryPoint\",\"urlTemplate\":\"https:\/\/www.tessi.eu\/fr\/?s={search_term_string}\"},\"query-input\":{\"@type\":\"PropertyValueSpecification\",\"valueRequired\":true,\"valueName\":\"search_term_string\"}}],\"inLanguage\":\"fr-FR\"},{\"@type\":\"Person\",\"@id\":\"https:\/\/www.tessi.eu\/fr\/#\/schema\/person\/0c662bb797314a35603fe3fd7b4d09bb\",\"name\":\"pmallet\",\"image\":{\"@type\":\"ImageObject\",\"inLanguage\":\"fr-FR\",\"@id\":\"https:\/\/www.tessi.eu\/fr\/#\/schema\/person\/image\/\",\"url\":\"https:\/\/secure.gravatar.com\/avatar\/285d36b3faf28a1d856148cf2d579763696444924b5af229391323d21a89f987?s=96&d=mm&r=g\",\"contentUrl\":\"https:\/\/secure.gravatar.com\/avatar\/285d36b3faf28a1d856148cf2d579763696444924b5af229391323d21a89f987?s=96&d=mm&r=g\",\"caption\":\"pmallet\"}}]}<\/script>\n<!-- \/ Yoast SEO Premium plugin. -->","yoast_head_json":{"title":"Tessi s\u2019engage pour une meilleure gestion de ses d\u00e9chets (2023-2024) - Tessi International","robots":{"index":"noindex","follow":"nofollow"},"og_locale":"fr_FR","og_type":"article","og_title":"Tessi s\u2019engage pour une meilleure gestion de ses d\u00e9chets (2023-2024)","og_description":"Dans le cadre de notre politique environnementale, en 2023, 30 sites Tessi situ\u00e9s en France et en Outre-mer effectuent le tri de leurs d\u00e9chets de bureaux (5 flux). Les d\u00e9chets \u00ab papier, carton, plastique, m\u00e9tal, bois (palettes) et verre \u00bb sont d\u00e9sormais tri\u00e9s puis collect\u00e9s et achemin\u00e9s par des prestataires priv\u00e9s vers des fili\u00e8res de [&hellip;]","og_url":"https:\/\/www.tessi.eu\/fr\/tessi-sengage-pour-une-meilleure-gestion-de-ses-dechets-2023-2024\/","og_site_name":"Tessi International","article_published_time":"2024-01-09T13:00:02+00:00","article_modified_time":"2024-01-09T13:25:27+00:00","og_image":[{"width":532,"height":350,"url":"https:\/\/www.tessi.eu\/wp-content\/uploads\/2023\/04\/vignette-tri-selectif-1.jpg","type":"image\/jpeg"}],"author":"pmallet","twitter_card":"summary_large_image","twitter_misc":{"\u00c9crit par":"pmallet","Dur\u00e9e de lecture estim\u00e9e":"1 minute"},"schema":{"@context":"https:\/\/schema.org","@graph":[{"@type":"Article","@id":"https:\/\/www.tessi.eu\/fr\/tessi-sengage-pour-une-meilleure-gestion-de-ses-dechets-2023-2024\/#article","isPartOf":{"@id":"https:\/\/www.tessi.eu\/fr\/tessi-sengage-pour-une-meilleure-gestion-de-ses-dechets-2023-2024\/"},"author":{"name":"pmallet","@id":"https:\/\/www.tessi.eu\/fr\/#\/schema\/person\/0c662bb797314a35603fe3fd7b4d09bb"},"headline":"Tessi s\u2019engage pour une meilleure gestion de ses d\u00e9chets (2023-2024)","datePublished":"2024-01-09T13:00:02+00:00","dateModified":"2024-01-09T13:25:27+00:00","mainEntityOfPage":{"@id":"https:\/\/www.tessi.eu\/fr\/tessi-sengage-pour-une-meilleure-gestion-de-ses-dechets-2023-2024\/"},"wordCount":106,"image":{"@id":"https:\/\/www.tessi.eu\/fr\/tessi-sengage-pour-une-meilleure-gestion-de-ses-dechets-2023-2024\/#primaryimage"},"thumbnailUrl":"https:\/\/www.tessi.eu\/wp-content\/uploads\/2023\/04\/vignette-tri-selectif-1.jpg","articleSection":["News"],"inLanguage":"fr-FR"},{"@type":"WebPage","@id":"https:\/\/www.tessi.eu\/fr\/tessi-sengage-pour-une-meilleure-gestion-de-ses-dechets-2023-2024\/","url":"https:\/\/www.tessi.eu\/fr\/tessi-sengage-pour-une-meilleure-gestion-de-ses-dechets-2023-2024\/","name":"Tessi s\u2019engage pour une meilleure gestion de ses d\u00e9chets (2023-2024) - Tessi International","isPartOf":{"@id":"https:\/\/www.tessi.eu\/fr\/#website"},"primaryImageOfPage":{"@id":"https:\/\/www.tessi.eu\/fr\/tessi-sengage-pour-une-meilleure-gestion-de-ses-dechets-2023-2024\/#primaryimage"},"image":{"@id":"https:\/\/www.tessi.eu\/fr\/tessi-sengage-pour-une-meilleure-gestion-de-ses-dechets-2023-2024\/#primaryimage"},"thumbnailUrl":"https:\/\/www.tessi.eu\/wp-content\/uploads\/2023\/04\/vignette-tri-selectif-1.jpg","datePublished":"2024-01-09T13:00:02+00:00","dateModified":"2024-01-09T13:25:27+00:00","author":{"@id":"https:\/\/www.tessi.eu\/fr\/#\/schema\/person\/0c662bb797314a35603fe3fd7b4d09bb"},"breadcrumb":{"@id":"https:\/\/www.tessi.eu\/fr\/tessi-sengage-pour-une-meilleure-gestion-de-ses-dechets-2023-2024\/#breadcrumb"},"inLanguage":"fr-FR","potentialAction":[{"@type":"ReadAction","target":["https:\/\/www.tessi.eu\/fr\/tessi-sengage-pour-une-meilleure-gestion-de-ses-dechets-2023-2024\/"]}]},{"@type":"ImageObject","inLanguage":"fr-FR","@id":"https:\/\/www.tessi.eu\/fr\/tessi-sengage-pour-une-meilleure-gestion-de-ses-dechets-2023-2024\/#primaryimage","url":"https:\/\/www.tessi.eu\/wp-content\/uploads\/2023\/04\/vignette-tri-selectif-1.jpg","contentUrl":"https:\/\/www.tessi.eu\/wp-content\/uploads\/2023\/04\/vignette-tri-selectif-1.jpg","width":532,"height":350,"caption":"vignette tri selectif"},{"@type":"BreadcrumbList","@id":"https:\/\/www.tessi.eu\/fr\/tessi-sengage-pour-une-meilleure-gestion-de-ses-dechets-2023-2024\/#breadcrumb","itemListElement":[{"@type":"ListItem","position":1,"name":"Home","item":"https:\/\/www.tessi.eu\/fr\/"},{"@type":"ListItem","position":2,"name":"Tessi s\u2019engage pour une meilleure gestion de ses d\u00e9chets (2023-2024)"}]},{"@type":"WebSite","@id":"https:\/\/www.tessi.eu\/fr\/#website","url":"https:\/\/www.tessi.eu\/fr\/","name":"Tessi International","description":"","potentialAction":[{"@type":"SearchAction","target":{"@type":"EntryPoint","urlTemplate":"https:\/\/www.tessi.eu\/fr\/?s={search_term_string}"},"query-input":{"@type":"PropertyValueSpecification","valueRequired":true,"valueName":"search_term_string"}}],"inLanguage":"fr-FR"},{"@type":"Person","@id":"https:\/\/www.tessi.eu\/fr\/#\/schema\/person\/0c662bb797314a35603fe3fd7b4d09bb","name":"pmallet","image":{"@type":"ImageObject","inLanguage":"fr-FR","@id":"https:\/\/www.tessi.eu\/fr\/#\/schema\/person\/image\/","url":"https:\/\/secure.gravatar.com\/avatar\/285d36b3faf28a1d856148cf2d579763696444924b5af229391323d21a89f987?s=96&d=mm&r=g","contentUrl":"https:\/\/secure.gravatar.com\/avatar\/285d36b3faf28a1d856148cf2d579763696444924b5af229391323d21a89f987?s=96&d=mm&r=g","caption":"pmallet"}}]}},"_links":{"self":[{"href":"https:\/\/www.tessi.eu\/fr\/wp-json\/wp\/v2\/posts\/41930\/"}],"collection":[{"href":"https:\/\/www.tessi.eu\/fr\/wp-json\/wp\/v2\/posts\/"}],"about":[{"href":"https:\/\/www.tessi.eu\/fr\/wp-json\/wp\/v2\/types\/post\/"}],"author":[{"embeddable":true,"href":"https:\/\/www.tessi.eu\/fr\/wp-json\/wp\/v2\/users\/12\/"}],"replies":[{"embeddable":true,"href":"https:\/\/www.tessi.eu\/fr\/wp-json\/wp\/v2\/comments\/?post=41930"}],"version-history":[{"count":5,"href":"https:\/\/www.tessi.eu\/fr\/wp-json\/wp\/v2\/posts\/41930\/revisions\/"}],"predecessor-version":[{"id":41988,"href":"https:\/\/www.tessi.eu\/fr\/wp-json\/wp\/v2\/posts\/41930\/revisions\/41988\/"}],"wp:featuredmedia":[{"embeddable":true,"href":"https:\/\/www.tessi.eu\/fr\/wp-json\/wp\/v2\/media\/32013\/"}],"wp:attachment":[{"href":"https:\/\/www.tessi.eu\/fr\/wp-json\/wp\/v2\/media\/?parent=41930"}],"wp:term":[{"taxonomy":"category","embeddable":true,"href":"https:\/\/www.tessi.eu\/fr\/wp-json\/wp\/v2\/categories\/?post=41930"},{"taxonomy":"post_tag","embeddable":true,"href":"https:\/\/www.tessi.eu\/fr\/wp-json\/wp\/v2\/tags\/?post=41930"}],"curies":[{"name":"wp","href":"https:\/\/api.w.org\/{rel}","templated":true}]}}