{"id":40639,"date":"2023-10-24T11:05:48","date_gmt":"2023-10-24T09:05:48","guid":{"rendered":"https:\/\/www.tessi.eu\/tessi-structure-sa-gouvernance-pour-accelerer-son-developpement-dans-la-relation-clients-copy\/"},"modified":"2024-07-02T11:06:46","modified_gmt":"2024-07-02T09:06:46","slug":"tessi-annonce-la-nomination-d-antoine-voirand-en-tant-que-directeur-de-la-strategie-et-du-developpement","status":"publish","type":"post","link":"https:\/\/www.tessi.eu\/fr\/tessi-annonce-la-nomination-d-antoine-voirand-en-tant-que-directeur-de-la-strategie-et-du-developpement\/","title":{"rendered":"Tessi annonce la nomination d\u2019Antoine VOIRAND en tant que Directeur de la strat\u00e9gie et du d\u00e9veloppement"},"content":{"rendered":"<p>Antoine VOIRAND aura, sous la supervision du Directoire, la charge d\u2019\u00e9laborer la strat\u00e9gie \u00e0 5 ans du groupe Tessi, de porter des chantiers de transformation et de d\u00e9velopper de nouvelles offres packag\u00e9es.<\/p>\n<p>Dans ses nouvelles attributions, il devra veiller \u00e0 la r\u00e9alisation op\u00e9rationnelle du plan strat\u00e9gique de d\u00e9veloppement du Groupe.<\/p>\n<p>Dipl\u00f4m\u00e9 d\u2019HEC Paris, il a \u00e9volu\u00e9 pendant 9 ans comme consultant en strat\u00e9gie au sein du cabinet de conseil en management Roland Berger. \u00c0 ce titre, il a accompagn\u00e9 des fonds d\u2019investissement, des acteurs publics ou encore de grands groupes fran\u00e7ais dans leurs transformations respectives.<\/p>\n<p>Cette cr\u00e9ation de poste d\u00e9montre la volont\u00e9 du groupe Tessi de renforcer ses \u00e9quipes dans un contexte de forte acc\u00e9l\u00e9ration de la digitalisation des entreprises et des administrations.<\/p>\n<p><span style=\"color: #005faa;\"><em>\u00ab Nous nous f\u00e9licitons de la nomination d\u2019Antoine VOIRAND au poste de Directeur de la strat\u00e9gie et du d\u00e9veloppement. Son parcours professionnel et son expertise permettront \u00e0 Tessi d\u2019acc\u00e9l\u00e9rer les chantiers de transformation du Groupe d\u2019un point de vue organisationnel, technologique et commercial, ainsi que le d\u00e9veloppement de nos produits et services digitaux. Je lui souhaite plein succ\u00e8s dans ses nouvelles fonctions. \u00bb <\/em><strong>d\u00e9clare Claire FISTAROL, Pr\u00e9sidente de Tessi<\/strong>.<\/span><\/p>\n<p>&nbsp;<\/p>\n<p><a class=\"btn-new btn-border-degrade\" title=\"T\u00e9l\u00e9charger le communiqu\u00e9\" href=\"https:\/\/www.tessi.eu\/wp-content\/uploads\/2023\/10\/cp-nomination-antoine-voirand.pdf\" target=\"_blank\" rel=\"noopener\"><span class=\"btn-border-degrade-content\"><span class=\"text\">T\u00e9l\u00e9charger le communiqu\u00e9<\/span><\/span><\/a><\/p>\n","protected":false},"excerpt":{"rendered":"<p>Antoine VOIRAND aura, sous la supervision du Directoire, la charge d\u2019\u00e9laborer la strat\u00e9gie \u00e0 5 ans du groupe Tessi, de porter des chantiers de transformation et de d\u00e9velopper de nouvelles offres packag\u00e9es. Dans ses nouvelles attributions, il devra veiller \u00e0 la r\u00e9alisation op\u00e9rationnelle du plan strat\u00e9gique de d\u00e9veloppement du Groupe. Dipl\u00f4m\u00e9 d\u2019HEC Paris, il a [&hellip;]<\/p>\n","protected":false},"author":11,"featured_media":36986,"comment_status":"closed","ping_status":"closed","sticky":true,"template":"","format":"standard","meta":{"_acf_changed":false,"footnotes":""},"categories":[47],"tags":[],"class_list":["post-40639","post","type-post","status-publish","format-standard","has-post-thumbnail","hentry","category-news"],"acf":[],"yoast_head":"<!-- This site is optimized with the Yoast SEO Premium plugin v22.3 (Yoast SEO v27.1.1) - https:\/\/yoast.com\/product\/yoast-seo-premium-wordpress\/ -->\n<title>Tessi annonce la nomination d\u2019Antoine VOIRAND en tant que Directeur de la strat\u00e9gie et du d\u00e9veloppement - Tessi International<\/title>\n<meta name=\"description\" content=\"Tessi, acteur international des Business Process Services annonce la nomination d\u2019Antoine VOIRAND en tant que Directeur de la strat\u00e9gie et du d\u00e9veloppement \u00e0 compter de 1er octobre 2023. Il reportera \u00e0 Claire FISTAROL, Pr\u00e9sidente de Tessi et sera membre du Comit\u00e9 Ex\u00e9cutif du Groupe.\" \/>\n<meta name=\"robots\" content=\"index, follow, max-snippet:-1, max-image-preview:large, max-video-preview:-1\" \/>\n<link rel=\"canonical\" href=\"https:\/\/www.tessi.eu\/fr\/tessi-annonce-la-nomination-d-antoine-voirand-en-tant-que-directeur-de-la-strategie-et-du-developpement\/\" \/>\n<meta property=\"og:locale\" content=\"fr_FR\" \/>\n<meta property=\"og:type\" content=\"article\" \/>\n<meta property=\"og:title\" content=\"Tessi annonce la nomination d\u2019Antoine VOIRAND en tant que Directeur de la strat\u00e9gie et du d\u00e9veloppement\" \/>\n<meta property=\"og:description\" content=\"Tessi, acteur international des Business Process Services annonce la nomination d\u2019Antoine VOIRAND en tant que Directeur de la strat\u00e9gie et du d\u00e9veloppement \u00e0 compter de 1er octobre 2023. Il reportera \u00e0 Claire FISTAROL, Pr\u00e9sidente de Tessi et sera membre du Comit\u00e9 Ex\u00e9cutif du Groupe.\" \/>\n<meta property=\"og:url\" content=\"https:\/\/www.tessi.eu\/fr\/tessi-annonce-la-nomination-d-antoine-voirand-en-tant-que-directeur-de-la-strategie-et-du-developpement\/\" \/>\n<meta property=\"og:site_name\" content=\"Tessi International\" \/>\n<meta property=\"article:published_time\" content=\"2023-10-24T09:05:48+00:00\" \/>\n<meta property=\"article:modified_time\" content=\"2024-07-02T09:06:46+00:00\" \/>\n<meta property=\"og:image\" content=\"https:\/\/www.tessi.eu\/wp-content\/uploads\/2023\/06\/vignette-tessi-2023.png\" \/>\n\t<meta property=\"og:image:width\" content=\"532\" \/>\n\t<meta property=\"og:image:height\" content=\"350\" \/>\n\t<meta property=\"og:image:type\" content=\"image\/png\" \/>\n<meta name=\"author\" content=\"cbonnet\" \/>\n<meta name=\"twitter:card\" content=\"summary_large_image\" \/>\n<meta name=\"twitter:label1\" content=\"\u00c9crit par\" \/>\n\t<meta name=\"twitter:data1\" content=\"cbonnet\" \/>\n\t<meta name=\"twitter:label2\" content=\"Dur\u00e9e de lecture estim\u00e9e\" \/>\n\t<meta name=\"twitter:data2\" content=\"2 minutes\" \/>\n<script type=\"application\/ld+json\" class=\"yoast-schema-graph\">{\"@context\":\"https:\/\/schema.org\",\"@graph\":[{\"@type\":\"Article\",\"@id\":\"https:\/\/www.tessi.eu\/fr\/tessi-annonce-la-nomination-d-antoine-voirand-en-tant-que-directeur-de-la-strategie-et-du-developpement\/#article\",\"isPartOf\":{\"@id\":\"https:\/\/www.tessi.eu\/fr\/tessi-annonce-la-nomination-d-antoine-voirand-en-tant-que-directeur-de-la-strategie-et-du-developpement\/\"},\"author\":{\"name\":\"cbonnet\",\"@id\":\"https:\/\/www.tessi.eu\/fr\/#\/schema\/person\/859d0f8ee0e735b277dee0268b7ad791\"},\"headline\":\"Tessi annonce la nomination d\u2019Antoine VOIRAND en tant que Directeur de la strat\u00e9gie et du d\u00e9veloppement\",\"datePublished\":\"2023-10-24T09:05:48+00:00\",\"dateModified\":\"2024-07-02T09:06:46+00:00\",\"mainEntityOfPage\":{\"@id\":\"https:\/\/www.tessi.eu\/fr\/tessi-annonce-la-nomination-d-antoine-voirand-en-tant-que-directeur-de-la-strategie-et-du-developpement\/\"},\"wordCount\":238,\"image\":{\"@id\":\"https:\/\/www.tessi.eu\/fr\/tessi-annonce-la-nomination-d-antoine-voirand-en-tant-que-directeur-de-la-strategie-et-du-developpement\/#primaryimage\"},\"thumbnailUrl\":\"https:\/\/www.tessi.eu\/wp-content\/uploads\/2023\/06\/vignette-tessi-2023.png\",\"articleSection\":[\"News\"],\"inLanguage\":\"fr-FR\"},{\"@type\":\"WebPage\",\"@id\":\"https:\/\/www.tessi.eu\/fr\/tessi-annonce-la-nomination-d-antoine-voirand-en-tant-que-directeur-de-la-strategie-et-du-developpement\/\",\"url\":\"https:\/\/www.tessi.eu\/fr\/tessi-annonce-la-nomination-d-antoine-voirand-en-tant-que-directeur-de-la-strategie-et-du-developpement\/\",\"name\":\"Tessi annonce la nomination d\u2019Antoine VOIRAND en tant que Directeur de la strat\u00e9gie et du d\u00e9veloppement - Tessi International\",\"isPartOf\":{\"@id\":\"https:\/\/www.tessi.eu\/fr\/#website\"},\"primaryImageOfPage\":{\"@id\":\"https:\/\/www.tessi.eu\/fr\/tessi-annonce-la-nomination-d-antoine-voirand-en-tant-que-directeur-de-la-strategie-et-du-developpement\/#primaryimage\"},\"image\":{\"@id\":\"https:\/\/www.tessi.eu\/fr\/tessi-annonce-la-nomination-d-antoine-voirand-en-tant-que-directeur-de-la-strategie-et-du-developpement\/#primaryimage\"},\"thumbnailUrl\":\"https:\/\/www.tessi.eu\/wp-content\/uploads\/2023\/06\/vignette-tessi-2023.png\",\"datePublished\":\"2023-10-24T09:05:48+00:00\",\"dateModified\":\"2024-07-02T09:06:46+00:00\",\"author\":{\"@id\":\"https:\/\/www.tessi.eu\/fr\/#\/schema\/person\/859d0f8ee0e735b277dee0268b7ad791\"},\"description\":\"Tessi, acteur international des Business Process Services annonce la nomination d\u2019Antoine VOIRAND en tant que Directeur de la strat\u00e9gie et du d\u00e9veloppement \u00e0 compter de 1er octobre 2023. Il reportera \u00e0 Claire FISTAROL, Pr\u00e9sidente de Tessi et sera membre du Comit\u00e9 Ex\u00e9cutif du Groupe.\",\"breadcrumb\":{\"@id\":\"https:\/\/www.tessi.eu\/fr\/tessi-annonce-la-nomination-d-antoine-voirand-en-tant-que-directeur-de-la-strategie-et-du-developpement\/#breadcrumb\"},\"inLanguage\":\"fr-FR\",\"potentialAction\":[{\"@type\":\"ReadAction\",\"target\":[\"https:\/\/www.tessi.eu\/fr\/tessi-annonce-la-nomination-d-antoine-voirand-en-tant-que-directeur-de-la-strategie-et-du-developpement\/\"]}]},{\"@type\":\"ImageObject\",\"inLanguage\":\"fr-FR\",\"@id\":\"https:\/\/www.tessi.eu\/fr\/tessi-annonce-la-nomination-d-antoine-voirand-en-tant-que-directeur-de-la-strategie-et-du-developpement\/#primaryimage\",\"url\":\"https:\/\/www.tessi.eu\/wp-content\/uploads\/2023\/06\/vignette-tessi-2023.png\",\"contentUrl\":\"https:\/\/www.tessi.eu\/wp-content\/uploads\/2023\/06\/vignette-tessi-2023.png\",\"width\":532,\"height\":350,\"caption\":\"vignette tessi\"},{\"@type\":\"BreadcrumbList\",\"@id\":\"https:\/\/www.tessi.eu\/fr\/tessi-annonce-la-nomination-d-antoine-voirand-en-tant-que-directeur-de-la-strategie-et-du-developpement\/#breadcrumb\",\"itemListElement\":[{\"@type\":\"ListItem\",\"position\":1,\"name\":\"Home\",\"item\":\"https:\/\/www.tessi.eu\/fr\/\"},{\"@type\":\"ListItem\",\"position\":2,\"name\":\"Tessi annonce la nomination d\u2019Antoine VOIRAND en tant que Directeur de la strat\u00e9gie et du d\u00e9veloppement\"}]},{\"@type\":\"WebSite\",\"@id\":\"https:\/\/www.tessi.eu\/fr\/#website\",\"url\":\"https:\/\/www.tessi.eu\/fr\/\",\"name\":\"Tessi International\",\"description\":\"\",\"potentialAction\":[{\"@type\":\"SearchAction\",\"target\":{\"@type\":\"EntryPoint\",\"urlTemplate\":\"https:\/\/www.tessi.eu\/fr\/?s={search_term_string}\"},\"query-input\":{\"@type\":\"PropertyValueSpecification\",\"valueRequired\":true,\"valueName\":\"search_term_string\"}}],\"inLanguage\":\"fr-FR\"},{\"@type\":\"Person\",\"@id\":\"https:\/\/www.tessi.eu\/fr\/#\/schema\/person\/859d0f8ee0e735b277dee0268b7ad791\",\"name\":\"cbonnet\",\"image\":{\"@type\":\"ImageObject\",\"inLanguage\":\"fr-FR\",\"@id\":\"https:\/\/www.tessi.eu\/fr\/#\/schema\/person\/image\/\",\"url\":\"https:\/\/secure.gravatar.com\/avatar\/0d01ab1b427b196966268d5f1407f20f6367aba1866f9ac86912cfd758c2f669?s=96&d=mm&r=g\",\"contentUrl\":\"https:\/\/secure.gravatar.com\/avatar\/0d01ab1b427b196966268d5f1407f20f6367aba1866f9ac86912cfd758c2f669?s=96&d=mm&r=g\",\"caption\":\"cbonnet\"}}]}<\/script>\n<!-- \/ Yoast SEO Premium plugin. -->","yoast_head_json":{"title":"Tessi annonce la nomination d\u2019Antoine VOIRAND en tant que Directeur de la strat\u00e9gie et du d\u00e9veloppement - Tessi International","description":"Tessi, acteur international des Business Process Services annonce la nomination d\u2019Antoine VOIRAND en tant que Directeur de la strat\u00e9gie et du d\u00e9veloppement \u00e0 compter de 1er octobre 2023. Il reportera \u00e0 Claire FISTAROL, Pr\u00e9sidente de Tessi et sera membre du Comit\u00e9 Ex\u00e9cutif du Groupe.","robots":{"index":"index","follow":"follow","max-snippet":"max-snippet:-1","max-image-preview":"max-image-preview:large","max-video-preview":"max-video-preview:-1"},"canonical":"https:\/\/www.tessi.eu\/fr\/tessi-annonce-la-nomination-d-antoine-voirand-en-tant-que-directeur-de-la-strategie-et-du-developpement\/","og_locale":"fr_FR","og_type":"article","og_title":"Tessi annonce la nomination d\u2019Antoine VOIRAND en tant que Directeur de la strat\u00e9gie et du d\u00e9veloppement","og_description":"Tessi, acteur international des Business Process Services annonce la nomination d\u2019Antoine VOIRAND en tant que Directeur de la strat\u00e9gie et du d\u00e9veloppement \u00e0 compter de 1er octobre 2023. Il reportera \u00e0 Claire FISTAROL, Pr\u00e9sidente de Tessi et sera membre du Comit\u00e9 Ex\u00e9cutif du Groupe.","og_url":"https:\/\/www.tessi.eu\/fr\/tessi-annonce-la-nomination-d-antoine-voirand-en-tant-que-directeur-de-la-strategie-et-du-developpement\/","og_site_name":"Tessi International","article_published_time":"2023-10-24T09:05:48+00:00","article_modified_time":"2024-07-02T09:06:46+00:00","og_image":[{"width":532,"height":350,"url":"https:\/\/www.tessi.eu\/wp-content\/uploads\/2023\/06\/vignette-tessi-2023.png","type":"image\/png"}],"author":"cbonnet","twitter_card":"summary_large_image","twitter_misc":{"\u00c9crit par":"cbonnet","Dur\u00e9e de lecture estim\u00e9e":"2 minutes"},"schema":{"@context":"https:\/\/schema.org","@graph":[{"@type":"Article","@id":"https:\/\/www.tessi.eu\/fr\/tessi-annonce-la-nomination-d-antoine-voirand-en-tant-que-directeur-de-la-strategie-et-du-developpement\/#article","isPartOf":{"@id":"https:\/\/www.tessi.eu\/fr\/tessi-annonce-la-nomination-d-antoine-voirand-en-tant-que-directeur-de-la-strategie-et-du-developpement\/"},"author":{"name":"cbonnet","@id":"https:\/\/www.tessi.eu\/fr\/#\/schema\/person\/859d0f8ee0e735b277dee0268b7ad791"},"headline":"Tessi annonce la nomination d\u2019Antoine VOIRAND en tant que Directeur de la strat\u00e9gie et du d\u00e9veloppement","datePublished":"2023-10-24T09:05:48+00:00","dateModified":"2024-07-02T09:06:46+00:00","mainEntityOfPage":{"@id":"https:\/\/www.tessi.eu\/fr\/tessi-annonce-la-nomination-d-antoine-voirand-en-tant-que-directeur-de-la-strategie-et-du-developpement\/"},"wordCount":238,"image":{"@id":"https:\/\/www.tessi.eu\/fr\/tessi-annonce-la-nomination-d-antoine-voirand-en-tant-que-directeur-de-la-strategie-et-du-developpement\/#primaryimage"},"thumbnailUrl":"https:\/\/www.tessi.eu\/wp-content\/uploads\/2023\/06\/vignette-tessi-2023.png","articleSection":["News"],"inLanguage":"fr-FR"},{"@type":"WebPage","@id":"https:\/\/www.tessi.eu\/fr\/tessi-annonce-la-nomination-d-antoine-voirand-en-tant-que-directeur-de-la-strategie-et-du-developpement\/","url":"https:\/\/www.tessi.eu\/fr\/tessi-annonce-la-nomination-d-antoine-voirand-en-tant-que-directeur-de-la-strategie-et-du-developpement\/","name":"Tessi annonce la nomination d\u2019Antoine VOIRAND en tant que Directeur de la strat\u00e9gie et du d\u00e9veloppement - Tessi International","isPartOf":{"@id":"https:\/\/www.tessi.eu\/fr\/#website"},"primaryImageOfPage":{"@id":"https:\/\/www.tessi.eu\/fr\/tessi-annonce-la-nomination-d-antoine-voirand-en-tant-que-directeur-de-la-strategie-et-du-developpement\/#primaryimage"},"image":{"@id":"https:\/\/www.tessi.eu\/fr\/tessi-annonce-la-nomination-d-antoine-voirand-en-tant-que-directeur-de-la-strategie-et-du-developpement\/#primaryimage"},"thumbnailUrl":"https:\/\/www.tessi.eu\/wp-content\/uploads\/2023\/06\/vignette-tessi-2023.png","datePublished":"2023-10-24T09:05:48+00:00","dateModified":"2024-07-02T09:06:46+00:00","author":{"@id":"https:\/\/www.tessi.eu\/fr\/#\/schema\/person\/859d0f8ee0e735b277dee0268b7ad791"},"description":"Tessi, acteur international des Business Process Services annonce la nomination d\u2019Antoine VOIRAND en tant que Directeur de la strat\u00e9gie et du d\u00e9veloppement \u00e0 compter de 1er octobre 2023. Il reportera \u00e0 Claire FISTAROL, Pr\u00e9sidente de Tessi et sera membre du Comit\u00e9 Ex\u00e9cutif du Groupe.","breadcrumb":{"@id":"https:\/\/www.tessi.eu\/fr\/tessi-annonce-la-nomination-d-antoine-voirand-en-tant-que-directeur-de-la-strategie-et-du-developpement\/#breadcrumb"},"inLanguage":"fr-FR","potentialAction":[{"@type":"ReadAction","target":["https:\/\/www.tessi.eu\/fr\/tessi-annonce-la-nomination-d-antoine-voirand-en-tant-que-directeur-de-la-strategie-et-du-developpement\/"]}]},{"@type":"ImageObject","inLanguage":"fr-FR","@id":"https:\/\/www.tessi.eu\/fr\/tessi-annonce-la-nomination-d-antoine-voirand-en-tant-que-directeur-de-la-strategie-et-du-developpement\/#primaryimage","url":"https:\/\/www.tessi.eu\/wp-content\/uploads\/2023\/06\/vignette-tessi-2023.png","contentUrl":"https:\/\/www.tessi.eu\/wp-content\/uploads\/2023\/06\/vignette-tessi-2023.png","width":532,"height":350,"caption":"vignette tessi"},{"@type":"BreadcrumbList","@id":"https:\/\/www.tessi.eu\/fr\/tessi-annonce-la-nomination-d-antoine-voirand-en-tant-que-directeur-de-la-strategie-et-du-developpement\/#breadcrumb","itemListElement":[{"@type":"ListItem","position":1,"name":"Home","item":"https:\/\/www.tessi.eu\/fr\/"},{"@type":"ListItem","position":2,"name":"Tessi annonce la nomination d\u2019Antoine VOIRAND en tant que Directeur de la strat\u00e9gie et du d\u00e9veloppement"}]},{"@type":"WebSite","@id":"https:\/\/www.tessi.eu\/fr\/#website","url":"https:\/\/www.tessi.eu\/fr\/","name":"Tessi International","description":"","potentialAction":[{"@type":"SearchAction","target":{"@type":"EntryPoint","urlTemplate":"https:\/\/www.tessi.eu\/fr\/?s={search_term_string}"},"query-input":{"@type":"PropertyValueSpecification","valueRequired":true,"valueName":"search_term_string"}}],"inLanguage":"fr-FR"},{"@type":"Person","@id":"https:\/\/www.tessi.eu\/fr\/#\/schema\/person\/859d0f8ee0e735b277dee0268b7ad791","name":"cbonnet","image":{"@type":"ImageObject","inLanguage":"fr-FR","@id":"https:\/\/www.tessi.eu\/fr\/#\/schema\/person\/image\/","url":"https:\/\/secure.gravatar.com\/avatar\/0d01ab1b427b196966268d5f1407f20f6367aba1866f9ac86912cfd758c2f669?s=96&d=mm&r=g","contentUrl":"https:\/\/secure.gravatar.com\/avatar\/0d01ab1b427b196966268d5f1407f20f6367aba1866f9ac86912cfd758c2f669?s=96&d=mm&r=g","caption":"cbonnet"}}]}},"_links":{"self":[{"href":"https:\/\/www.tessi.eu\/fr\/wp-json\/wp\/v2\/posts\/40639\/"}],"collection":[{"href":"https:\/\/www.tessi.eu\/fr\/wp-json\/wp\/v2\/posts\/"}],"about":[{"href":"https:\/\/www.tessi.eu\/fr\/wp-json\/wp\/v2\/types\/post\/"}],"author":[{"embeddable":true,"href":"https:\/\/www.tessi.eu\/fr\/wp-json\/wp\/v2\/users\/11\/"}],"replies":[{"embeddable":true,"href":"https:\/\/www.tessi.eu\/fr\/wp-json\/wp\/v2\/comments\/?post=40639"}],"version-history":[{"count":2,"href":"https:\/\/www.tessi.eu\/fr\/wp-json\/wp\/v2\/posts\/40639\/revisions\/"}],"predecessor-version":[{"id":46199,"href":"https:\/\/www.tessi.eu\/fr\/wp-json\/wp\/v2\/posts\/40639\/revisions\/46199\/"}],"wp:featuredmedia":[{"embeddable":true,"href":"https:\/\/www.tessi.eu\/fr\/wp-json\/wp\/v2\/media\/36986\/"}],"wp:attachment":[{"href":"https:\/\/www.tessi.eu\/fr\/wp-json\/wp\/v2\/media\/?parent=40639"}],"wp:term":[{"taxonomy":"category","embeddable":true,"href":"https:\/\/www.tessi.eu\/fr\/wp-json\/wp\/v2\/categories\/?post=40639"},{"taxonomy":"post_tag","embeddable":true,"href":"https:\/\/www.tessi.eu\/fr\/wp-json\/wp\/v2\/tags\/?post=40639"}],"curies":[{"name":"wp","href":"https:\/\/api.w.org\/{rel}","templated":true}]}}