{"id":40152,"date":"2023-09-19T09:33:56","date_gmt":"2023-09-19T07:33:56","guid":{"rendered":"https:\/\/www.tessi.eu\/?p=40152\/"},"modified":"2024-07-02T11:06:43","modified_gmt":"2024-07-02T09:06:43","slug":"tessi-structure-sa-gouvernance-pour-accelerer-son-developpement-dans-la-relation-clients","status":"publish","type":"post","link":"https:\/\/www.tessi.eu\/fr\/tessi-structure-sa-gouvernance-pour-accelerer-son-developpement-dans-la-relation-clients\/","title":{"rendered":"Tessi structure sa gouvernance pour acc\u00e9l\u00e9rer son d\u00e9veloppement dans la relation clients"},"content":{"rendered":"<p>Tessi, acteur international des Business Process Services, qui accompagne les organisations dans la digitalisation de leurs parcours clients, annonce la nomination de Marc LABARRE en tant que Directeur g\u00e9n\u00e9ral de l\u2019activit\u00e9 Relation Clients de Tessi et d\u2019ADM Value, filiale du Groupe sp\u00e9cialiste de l\u2019outsourcing, et reconnue pour son savoir-faire dans la relation clients.<\/p>\n<p>Alors que l\u2019automatisation et la digitalisation bouleversent le march\u00e9 et n\u00e9cessitent de proposer des solutions sur mesure aux clients et partenaires, cette nomination d\u00e9montre la volont\u00e9 de Tessi d\u2019acc\u00e9l\u00e9rer son d\u00e9veloppement dans la relation clients. Le Groupe compte sur Marc LABARRE pour acc\u00e9l\u00e9rer les investissements d\u2019ADM Value dans les technologies de rupture dont l\u2019IA et nouer des partenariats strat\u00e9giques pour l\u2019activit\u00e9.<\/p>\n<p>Marc LABARRE aura pour missions de poursuivre la dynamique de d\u00e9veloppement l\u2019activit\u00e9 Relation client, d\u2019optimiser les synergies commerciales et op\u00e9rationnelles de cette activit\u00e9 au sein du groupe Tessi et proposer ainsi une offre de services int\u00e9gr\u00e9e et compl\u00e8te aux organisations.<\/p>\n<p>Marc LABARRE, qui a 30 ans d\u2019exp\u00e9rience dans la relation clients \u00e0 la fois chez l\u2019annonceur (Axa et SFR) et \u00e0 la Direction g\u00e9n\u00e9rale de prestataires (Data Base Factory et CCA International), reportera \u00e0 Claude BRIQU\u00c9, Pr\u00e9sident du conseil d\u2019administration d\u2019ADM Value.<\/p>\n<p><span style=\"color: #005faa;\"><em>\u00ab La nomination de Marc LABARRE, dont le parcours professionnel, l\u2019expertise et la connaissance du march\u00e9 sont reconnus, permet l\u2019acc\u00e9l\u00e9ration de nos activit\u00e9s dans la relation clients. Tessi et ADM Value proposent une offre unique sur le march\u00e9, une offre bas\u00e9e sur le meilleur de l\u2019humain et de la technologie, et qui recouvre toutes les dimensions de la relation clients multi-canal, l\u2019externalisation des processus m\u00e9tiers, le conseil et l\u2019int\u00e9gration. Je lui souhaite plein succ\u00e8s dans ses nouvelles fonctions.\u00a0\u00bb <\/em><strong>d\u00e9clare Claire FISTAROL, Pr\u00e9sidente du directoire de Tessi<\/strong>.<\/span><\/p>\n<p>&nbsp;<\/p>\n<p><a class=\"btn-new btn-border-degrade\" title=\"T\u00e9l\u00e9charger le communiqu\u00e9\" href=\"https:\/\/www.tessi.eu\/wp-content\/uploads\/2023\/09\/20230919-cp-tessi-nomination-marc-labarre.pdf\" target=\"_blank\" rel=\"noopener\"><span class=\"btn-border-degrade-content\"><span class=\"text\">T\u00e9l\u00e9charger le communiqu\u00e9<\/span><\/span><\/a><\/p>\n","protected":false},"excerpt":{"rendered":"<p>Tessi, acteur international des Business Process Services, qui accompagne les organisations dans la digitalisation de leurs parcours clients, annonce la nomination de Marc LABARRE en tant que Directeur g\u00e9n\u00e9ral de l\u2019activit\u00e9 Relation Clients de Tessi et d\u2019ADM Value, filiale du Groupe sp\u00e9cialiste de l\u2019outsourcing, et reconnue pour son savoir-faire dans la relation clients. Alors que [&hellip;]<\/p>\n","protected":false},"author":11,"featured_media":36986,"comment_status":"closed","ping_status":"closed","sticky":true,"template":"","format":"standard","meta":{"_acf_changed":false,"footnotes":""},"categories":[47],"tags":[],"class_list":["post-40152","post","type-post","status-publish","format-standard","has-post-thumbnail","hentry","category-news"],"acf":[],"yoast_head":"<!-- This site is optimized with the Yoast SEO Premium plugin v22.3 (Yoast SEO v27.1.1) - https:\/\/yoast.com\/product\/yoast-seo-premium-wordpress\/ -->\n<title>Tessi structure sa gouvernance pour acc\u00e9l\u00e9rer son d\u00e9veloppement dans la relation clients - Tessi International<\/title>\n<meta name=\"description\" content=\"Marc LABARRE est nomm\u00e9 Directeur g\u00e9n\u00e9ral d\u2019ADM Value et de l\u2019activit\u00e9 Relation Clients de Tessi, \u00e0 compter de juillet 2023. Il reportera \u00e0 Claude BRIQU\u00c9, Pr\u00e9sident du conseil d\u2019administration d\u2019ADM Value.\" \/>\n<meta name=\"robots\" content=\"index, follow, max-snippet:-1, max-image-preview:large, max-video-preview:-1\" \/>\n<link rel=\"canonical\" href=\"https:\/\/www.tessi.eu\/fr\/tessi-structure-sa-gouvernance-pour-accelerer-son-developpement-dans-la-relation-clients\/\" \/>\n<meta property=\"og:locale\" content=\"fr_FR\" \/>\n<meta property=\"og:type\" content=\"article\" \/>\n<meta property=\"og:title\" content=\"Tessi structure sa gouvernance pour acc\u00e9l\u00e9rer son d\u00e9veloppement dans la relation clients\" \/>\n<meta property=\"og:description\" content=\"Marc LABARRE est nomm\u00e9 Directeur g\u00e9n\u00e9ral d\u2019ADM Value et de l\u2019activit\u00e9 Relation Clients de Tessi, \u00e0 compter de juillet 2023. Il reportera \u00e0 Claude BRIQU\u00c9, Pr\u00e9sident du conseil d\u2019administration d\u2019ADM Value.\" \/>\n<meta property=\"og:url\" content=\"https:\/\/www.tessi.eu\/fr\/tessi-structure-sa-gouvernance-pour-accelerer-son-developpement-dans-la-relation-clients\/\" \/>\n<meta property=\"og:site_name\" content=\"Tessi International\" \/>\n<meta property=\"article:published_time\" content=\"2023-09-19T07:33:56+00:00\" \/>\n<meta property=\"article:modified_time\" content=\"2024-07-02T09:06:43+00:00\" \/>\n<meta property=\"og:image\" content=\"https:\/\/www.tessi.eu\/wp-content\/uploads\/2023\/06\/vignette-tessi-2023.png\" \/>\n\t<meta property=\"og:image:width\" content=\"532\" \/>\n\t<meta property=\"og:image:height\" content=\"350\" \/>\n\t<meta property=\"og:image:type\" content=\"image\/png\" \/>\n<meta name=\"author\" content=\"cbonnet\" \/>\n<meta name=\"twitter:card\" content=\"summary_large_image\" \/>\n<meta name=\"twitter:label1\" content=\"\u00c9crit par\" \/>\n\t<meta name=\"twitter:data1\" content=\"cbonnet\" \/>\n\t<meta name=\"twitter:label2\" content=\"Dur\u00e9e de lecture estim\u00e9e\" \/>\n\t<meta name=\"twitter:data2\" content=\"2 minutes\" \/>\n<script type=\"application\/ld+json\" class=\"yoast-schema-graph\">{\"@context\":\"https:\/\/schema.org\",\"@graph\":[{\"@type\":\"Article\",\"@id\":\"https:\/\/www.tessi.eu\/fr\/tessi-structure-sa-gouvernance-pour-accelerer-son-developpement-dans-la-relation-clients\/#article\",\"isPartOf\":{\"@id\":\"https:\/\/www.tessi.eu\/fr\/tessi-structure-sa-gouvernance-pour-accelerer-son-developpement-dans-la-relation-clients\/\"},\"author\":{\"name\":\"cbonnet\",\"@id\":\"https:\/\/www.tessi.eu\/fr\/#\/schema\/person\/859d0f8ee0e735b277dee0268b7ad791\"},\"headline\":\"Tessi structure sa gouvernance pour acc\u00e9l\u00e9rer son d\u00e9veloppement dans la relation clients\",\"datePublished\":\"2023-09-19T07:33:56+00:00\",\"dateModified\":\"2024-07-02T09:06:43+00:00\",\"mainEntityOfPage\":{\"@id\":\"https:\/\/www.tessi.eu\/fr\/tessi-structure-sa-gouvernance-pour-accelerer-son-developpement-dans-la-relation-clients\/\"},\"wordCount\":346,\"image\":{\"@id\":\"https:\/\/www.tessi.eu\/fr\/tessi-structure-sa-gouvernance-pour-accelerer-son-developpement-dans-la-relation-clients\/#primaryimage\"},\"thumbnailUrl\":\"https:\/\/www.tessi.eu\/wp-content\/uploads\/2023\/06\/vignette-tessi-2023.png\",\"articleSection\":[\"News\"],\"inLanguage\":\"fr-FR\"},{\"@type\":\"WebPage\",\"@id\":\"https:\/\/www.tessi.eu\/fr\/tessi-structure-sa-gouvernance-pour-accelerer-son-developpement-dans-la-relation-clients\/\",\"url\":\"https:\/\/www.tessi.eu\/fr\/tessi-structure-sa-gouvernance-pour-accelerer-son-developpement-dans-la-relation-clients\/\",\"name\":\"Tessi structure sa gouvernance pour acc\u00e9l\u00e9rer son d\u00e9veloppement dans la relation clients - Tessi International\",\"isPartOf\":{\"@id\":\"https:\/\/www.tessi.eu\/fr\/#website\"},\"primaryImageOfPage\":{\"@id\":\"https:\/\/www.tessi.eu\/fr\/tessi-structure-sa-gouvernance-pour-accelerer-son-developpement-dans-la-relation-clients\/#primaryimage\"},\"image\":{\"@id\":\"https:\/\/www.tessi.eu\/fr\/tessi-structure-sa-gouvernance-pour-accelerer-son-developpement-dans-la-relation-clients\/#primaryimage\"},\"thumbnailUrl\":\"https:\/\/www.tessi.eu\/wp-content\/uploads\/2023\/06\/vignette-tessi-2023.png\",\"datePublished\":\"2023-09-19T07:33:56+00:00\",\"dateModified\":\"2024-07-02T09:06:43+00:00\",\"author\":{\"@id\":\"https:\/\/www.tessi.eu\/fr\/#\/schema\/person\/859d0f8ee0e735b277dee0268b7ad791\"},\"description\":\"Marc LABARRE est nomm\u00e9 Directeur g\u00e9n\u00e9ral d\u2019ADM Value et de l\u2019activit\u00e9 Relation Clients de Tessi, \u00e0 compter de juillet 2023. Il reportera \u00e0 Claude BRIQU\u00c9, Pr\u00e9sident du conseil d\u2019administration d\u2019ADM Value.\",\"breadcrumb\":{\"@id\":\"https:\/\/www.tessi.eu\/fr\/tessi-structure-sa-gouvernance-pour-accelerer-son-developpement-dans-la-relation-clients\/#breadcrumb\"},\"inLanguage\":\"fr-FR\",\"potentialAction\":[{\"@type\":\"ReadAction\",\"target\":[\"https:\/\/www.tessi.eu\/fr\/tessi-structure-sa-gouvernance-pour-accelerer-son-developpement-dans-la-relation-clients\/\"]}]},{\"@type\":\"ImageObject\",\"inLanguage\":\"fr-FR\",\"@id\":\"https:\/\/www.tessi.eu\/fr\/tessi-structure-sa-gouvernance-pour-accelerer-son-developpement-dans-la-relation-clients\/#primaryimage\",\"url\":\"https:\/\/www.tessi.eu\/wp-content\/uploads\/2023\/06\/vignette-tessi-2023.png\",\"contentUrl\":\"https:\/\/www.tessi.eu\/wp-content\/uploads\/2023\/06\/vignette-tessi-2023.png\",\"width\":532,\"height\":350,\"caption\":\"vignette tessi\"},{\"@type\":\"BreadcrumbList\",\"@id\":\"https:\/\/www.tessi.eu\/fr\/tessi-structure-sa-gouvernance-pour-accelerer-son-developpement-dans-la-relation-clients\/#breadcrumb\",\"itemListElement\":[{\"@type\":\"ListItem\",\"position\":1,\"name\":\"Home\",\"item\":\"https:\/\/www.tessi.eu\/fr\/\"},{\"@type\":\"ListItem\",\"position\":2,\"name\":\"Tessi structure sa gouvernance pour acc\u00e9l\u00e9rer son d\u00e9veloppement dans la relation clients\"}]},{\"@type\":\"WebSite\",\"@id\":\"https:\/\/www.tessi.eu\/fr\/#website\",\"url\":\"https:\/\/www.tessi.eu\/fr\/\",\"name\":\"Tessi International\",\"description\":\"\",\"potentialAction\":[{\"@type\":\"SearchAction\",\"target\":{\"@type\":\"EntryPoint\",\"urlTemplate\":\"https:\/\/www.tessi.eu\/fr\/?s={search_term_string}\"},\"query-input\":{\"@type\":\"PropertyValueSpecification\",\"valueRequired\":true,\"valueName\":\"search_term_string\"}}],\"inLanguage\":\"fr-FR\"},{\"@type\":\"Person\",\"@id\":\"https:\/\/www.tessi.eu\/fr\/#\/schema\/person\/859d0f8ee0e735b277dee0268b7ad791\",\"name\":\"cbonnet\",\"image\":{\"@type\":\"ImageObject\",\"inLanguage\":\"fr-FR\",\"@id\":\"https:\/\/www.tessi.eu\/fr\/#\/schema\/person\/image\/\",\"url\":\"https:\/\/secure.gravatar.com\/avatar\/0d01ab1b427b196966268d5f1407f20f6367aba1866f9ac86912cfd758c2f669?s=96&d=mm&r=g\",\"contentUrl\":\"https:\/\/secure.gravatar.com\/avatar\/0d01ab1b427b196966268d5f1407f20f6367aba1866f9ac86912cfd758c2f669?s=96&d=mm&r=g\",\"caption\":\"cbonnet\"}}]}<\/script>\n<!-- \/ Yoast SEO Premium plugin. -->","yoast_head_json":{"title":"Tessi structure sa gouvernance pour acc\u00e9l\u00e9rer son d\u00e9veloppement dans la relation clients - Tessi International","description":"Marc LABARRE est nomm\u00e9 Directeur g\u00e9n\u00e9ral d\u2019ADM Value et de l\u2019activit\u00e9 Relation Clients de Tessi, \u00e0 compter de juillet 2023. Il reportera \u00e0 Claude BRIQU\u00c9, Pr\u00e9sident du conseil d\u2019administration d\u2019ADM Value.","robots":{"index":"index","follow":"follow","max-snippet":"max-snippet:-1","max-image-preview":"max-image-preview:large","max-video-preview":"max-video-preview:-1"},"canonical":"https:\/\/www.tessi.eu\/fr\/tessi-structure-sa-gouvernance-pour-accelerer-son-developpement-dans-la-relation-clients\/","og_locale":"fr_FR","og_type":"article","og_title":"Tessi structure sa gouvernance pour acc\u00e9l\u00e9rer son d\u00e9veloppement dans la relation clients","og_description":"Marc LABARRE est nomm\u00e9 Directeur g\u00e9n\u00e9ral d\u2019ADM Value et de l\u2019activit\u00e9 Relation Clients de Tessi, \u00e0 compter de juillet 2023. Il reportera \u00e0 Claude BRIQU\u00c9, Pr\u00e9sident du conseil d\u2019administration d\u2019ADM Value.","og_url":"https:\/\/www.tessi.eu\/fr\/tessi-structure-sa-gouvernance-pour-accelerer-son-developpement-dans-la-relation-clients\/","og_site_name":"Tessi International","article_published_time":"2023-09-19T07:33:56+00:00","article_modified_time":"2024-07-02T09:06:43+00:00","og_image":[{"width":532,"height":350,"url":"https:\/\/www.tessi.eu\/wp-content\/uploads\/2023\/06\/vignette-tessi-2023.png","type":"image\/png"}],"author":"cbonnet","twitter_card":"summary_large_image","twitter_misc":{"\u00c9crit par":"cbonnet","Dur\u00e9e de lecture estim\u00e9e":"2 minutes"},"schema":{"@context":"https:\/\/schema.org","@graph":[{"@type":"Article","@id":"https:\/\/www.tessi.eu\/fr\/tessi-structure-sa-gouvernance-pour-accelerer-son-developpement-dans-la-relation-clients\/#article","isPartOf":{"@id":"https:\/\/www.tessi.eu\/fr\/tessi-structure-sa-gouvernance-pour-accelerer-son-developpement-dans-la-relation-clients\/"},"author":{"name":"cbonnet","@id":"https:\/\/www.tessi.eu\/fr\/#\/schema\/person\/859d0f8ee0e735b277dee0268b7ad791"},"headline":"Tessi structure sa gouvernance pour acc\u00e9l\u00e9rer son d\u00e9veloppement dans la relation clients","datePublished":"2023-09-19T07:33:56+00:00","dateModified":"2024-07-02T09:06:43+00:00","mainEntityOfPage":{"@id":"https:\/\/www.tessi.eu\/fr\/tessi-structure-sa-gouvernance-pour-accelerer-son-developpement-dans-la-relation-clients\/"},"wordCount":346,"image":{"@id":"https:\/\/www.tessi.eu\/fr\/tessi-structure-sa-gouvernance-pour-accelerer-son-developpement-dans-la-relation-clients\/#primaryimage"},"thumbnailUrl":"https:\/\/www.tessi.eu\/wp-content\/uploads\/2023\/06\/vignette-tessi-2023.png","articleSection":["News"],"inLanguage":"fr-FR"},{"@type":"WebPage","@id":"https:\/\/www.tessi.eu\/fr\/tessi-structure-sa-gouvernance-pour-accelerer-son-developpement-dans-la-relation-clients\/","url":"https:\/\/www.tessi.eu\/fr\/tessi-structure-sa-gouvernance-pour-accelerer-son-developpement-dans-la-relation-clients\/","name":"Tessi structure sa gouvernance pour acc\u00e9l\u00e9rer son d\u00e9veloppement dans la relation clients - Tessi International","isPartOf":{"@id":"https:\/\/www.tessi.eu\/fr\/#website"},"primaryImageOfPage":{"@id":"https:\/\/www.tessi.eu\/fr\/tessi-structure-sa-gouvernance-pour-accelerer-son-developpement-dans-la-relation-clients\/#primaryimage"},"image":{"@id":"https:\/\/www.tessi.eu\/fr\/tessi-structure-sa-gouvernance-pour-accelerer-son-developpement-dans-la-relation-clients\/#primaryimage"},"thumbnailUrl":"https:\/\/www.tessi.eu\/wp-content\/uploads\/2023\/06\/vignette-tessi-2023.png","datePublished":"2023-09-19T07:33:56+00:00","dateModified":"2024-07-02T09:06:43+00:00","author":{"@id":"https:\/\/www.tessi.eu\/fr\/#\/schema\/person\/859d0f8ee0e735b277dee0268b7ad791"},"description":"Marc LABARRE est nomm\u00e9 Directeur g\u00e9n\u00e9ral d\u2019ADM Value et de l\u2019activit\u00e9 Relation Clients de Tessi, \u00e0 compter de juillet 2023. Il reportera \u00e0 Claude BRIQU\u00c9, Pr\u00e9sident du conseil d\u2019administration d\u2019ADM Value.","breadcrumb":{"@id":"https:\/\/www.tessi.eu\/fr\/tessi-structure-sa-gouvernance-pour-accelerer-son-developpement-dans-la-relation-clients\/#breadcrumb"},"inLanguage":"fr-FR","potentialAction":[{"@type":"ReadAction","target":["https:\/\/www.tessi.eu\/fr\/tessi-structure-sa-gouvernance-pour-accelerer-son-developpement-dans-la-relation-clients\/"]}]},{"@type":"ImageObject","inLanguage":"fr-FR","@id":"https:\/\/www.tessi.eu\/fr\/tessi-structure-sa-gouvernance-pour-accelerer-son-developpement-dans-la-relation-clients\/#primaryimage","url":"https:\/\/www.tessi.eu\/wp-content\/uploads\/2023\/06\/vignette-tessi-2023.png","contentUrl":"https:\/\/www.tessi.eu\/wp-content\/uploads\/2023\/06\/vignette-tessi-2023.png","width":532,"height":350,"caption":"vignette tessi"},{"@type":"BreadcrumbList","@id":"https:\/\/www.tessi.eu\/fr\/tessi-structure-sa-gouvernance-pour-accelerer-son-developpement-dans-la-relation-clients\/#breadcrumb","itemListElement":[{"@type":"ListItem","position":1,"name":"Home","item":"https:\/\/www.tessi.eu\/fr\/"},{"@type":"ListItem","position":2,"name":"Tessi structure sa gouvernance pour acc\u00e9l\u00e9rer son d\u00e9veloppement dans la relation clients"}]},{"@type":"WebSite","@id":"https:\/\/www.tessi.eu\/fr\/#website","url":"https:\/\/www.tessi.eu\/fr\/","name":"Tessi International","description":"","potentialAction":[{"@type":"SearchAction","target":{"@type":"EntryPoint","urlTemplate":"https:\/\/www.tessi.eu\/fr\/?s={search_term_string}"},"query-input":{"@type":"PropertyValueSpecification","valueRequired":true,"valueName":"search_term_string"}}],"inLanguage":"fr-FR"},{"@type":"Person","@id":"https:\/\/www.tessi.eu\/fr\/#\/schema\/person\/859d0f8ee0e735b277dee0268b7ad791","name":"cbonnet","image":{"@type":"ImageObject","inLanguage":"fr-FR","@id":"https:\/\/www.tessi.eu\/fr\/#\/schema\/person\/image\/","url":"https:\/\/secure.gravatar.com\/avatar\/0d01ab1b427b196966268d5f1407f20f6367aba1866f9ac86912cfd758c2f669?s=96&d=mm&r=g","contentUrl":"https:\/\/secure.gravatar.com\/avatar\/0d01ab1b427b196966268d5f1407f20f6367aba1866f9ac86912cfd758c2f669?s=96&d=mm&r=g","caption":"cbonnet"}}]}},"_links":{"self":[{"href":"https:\/\/www.tessi.eu\/fr\/wp-json\/wp\/v2\/posts\/40152\/"}],"collection":[{"href":"https:\/\/www.tessi.eu\/fr\/wp-json\/wp\/v2\/posts\/"}],"about":[{"href":"https:\/\/www.tessi.eu\/fr\/wp-json\/wp\/v2\/types\/post\/"}],"author":[{"embeddable":true,"href":"https:\/\/www.tessi.eu\/fr\/wp-json\/wp\/v2\/users\/11\/"}],"replies":[{"embeddable":true,"href":"https:\/\/www.tessi.eu\/fr\/wp-json\/wp\/v2\/comments\/?post=40152"}],"version-history":[{"count":6,"href":"https:\/\/www.tessi.eu\/fr\/wp-json\/wp\/v2\/posts\/40152\/revisions\/"}],"predecessor-version":[{"id":46201,"href":"https:\/\/www.tessi.eu\/fr\/wp-json\/wp\/v2\/posts\/40152\/revisions\/46201\/"}],"wp:featuredmedia":[{"embeddable":true,"href":"https:\/\/www.tessi.eu\/fr\/wp-json\/wp\/v2\/media\/36986\/"}],"wp:attachment":[{"href":"https:\/\/www.tessi.eu\/fr\/wp-json\/wp\/v2\/media\/?parent=40152"}],"wp:term":[{"taxonomy":"category","embeddable":true,"href":"https:\/\/www.tessi.eu\/fr\/wp-json\/wp\/v2\/categories\/?post=40152"},{"taxonomy":"post_tag","embeddable":true,"href":"https:\/\/www.tessi.eu\/fr\/wp-json\/wp\/v2\/tags\/?post=40152"}],"curies":[{"name":"wp","href":"https:\/\/api.w.org\/{rel}","templated":true}]}}