{"id":36978,"date":"2023-06-06T09:00:39","date_gmt":"2023-06-06T07:00:39","guid":{"rendered":"https:\/\/www.tessi.eu\/?p=36978\/"},"modified":"2024-07-02T11:15:44","modified_gmt":"2024-07-02T09:15:44","slug":"tessi-structure-sa-direction-des-ressources-humaines-en-france","status":"publish","type":"post","link":"https:\/\/www.tessi.eu\/fr\/tessi-structure-sa-direction-des-ressources-humaines-en-france\/","title":{"rendered":"Tessi structure sa direction des Ressources Humaines en France"},"content":{"rendered":"<p>Tessi, acteur international des Business Process Services, qui accompagne les entreprises et les administrations dans la digitalisation de leurs parcours clients, annonce la nomination d\u2019Aline Gerelli en tant que Directrice des Ressources Humaines France.<\/p>\n<p>Cette cr\u00e9ation de poste d\u00e9montre la volont\u00e9 de Tessi d\u2019int\u00e9grer davantage les ressources humaines au c\u0153ur de sa strat\u00e9gie de d\u00e9veloppement \u00e0 l\u2019\u00e9chelle nationale. La nouvelle organisation vise notamment \u00e0 am\u00e9liorer les processus RH dans leur ensemble.<\/p>\n<p>Aline Gerelli aura pour missions de d\u00e9velopper les axes prioritaires du Groupe : les relations sociales, le recrutement, la formation et la gestion des carri\u00e8res.<\/p>\n<p>Elle reportera \u00e0 Beno\u00eet BOURG, Directeur des Ressources Humaines Groupe et sera accompagn\u00e9e dans ses nouvelles fonctions de Fr\u00e9d\u00e9ric Boullier, Directeur des Relations Sociales et de la Transformation. Avant sa nomination, Aline Gerelli \u00e9tait Directrice Juridique et Social de Tessi Documents Services.<\/p>\n<p><span style=\"color: #005faa;\"><em>\u00ab\u00a0La cr\u00e9ation d\u2019une Direction des Ressources Humaines confirme l\u2019ambition de Tessi France de toujours mieux accompagner nos collaborateurs, au c\u0153ur de la strat\u00e9gie de d\u00e9veloppement de l\u2019entreprise. Aline Gerelli est une grande professionnelle dont le parcours et la parfaite connaissance du Groupe constituent des atouts cl\u00e9s pour prendre la t\u00eate de cette nouvelle direction. Je lui souhaite plein succ\u00e8s dans ses nouvelles fonctions. Cette nomination d\u00e9montre l&rsquo;engagement de Tessi \u00e0 am\u00e9liorer ses processus RH et \u00e0 d\u00e9velopper ses relations avec ses collaborateurs.\u00a0\u00bb <\/em><strong>d\u00e9clare Olivier Jolland, Directeur g\u00e9n\u00e9ral et membre du directoire de Tessi<\/strong>.<\/span><\/p>\n<p>&nbsp;<\/p>\n<p><a class=\"btn-new btn-border-degrade\" title=\"T\u00e9l\u00e9charger le cahier Human Interactive n\u00b03\" href=\"https:\/\/www.tessi.eu\/wp-content\/uploads\/2023\/06\/20230606-tessi-structure-sa-direction-des-ressources-humaines-en-france.pdf\" target=\"_blank\" rel=\"noopener\"><span class=\"btn-border-degrade-content\"><span class=\"text\">T\u00e9l\u00e9charger le communiqu\u00e9<\/span><\/span><\/a><\/p>\n","protected":false},"excerpt":{"rendered":"<p>Tessi, acteur international des Business Process Services, qui accompagne les entreprises et les administrations dans la digitalisation de leurs parcours clients, annonce la nomination d\u2019Aline Gerelli en tant que Directrice des Ressources Humaines France. Cette cr\u00e9ation de poste d\u00e9montre la volont\u00e9 de Tessi d\u2019int\u00e9grer davantage les ressources humaines au c\u0153ur de sa strat\u00e9gie de d\u00e9veloppement [&hellip;]<\/p>\n","protected":false},"author":1,"featured_media":36986,"comment_status":"closed","ping_status":"closed","sticky":true,"template":"","format":"standard","meta":{"_acf_changed":false,"footnotes":""},"categories":[47],"tags":[],"class_list":["post-36978","post","type-post","status-publish","format-standard","has-post-thumbnail","hentry","category-news"],"acf":[],"yoast_head":"<!-- This site is optimized with the Yoast SEO Premium plugin v22.3 (Yoast SEO v27.1.1) - https:\/\/yoast.com\/product\/yoast-seo-premium-wordpress\/ -->\n<title>Tessi structure sa direction des Ressources Humaines en France - Tessi International<\/title>\n<meta name=\"description\" content=\"Tessi, acteur international des Business Process Services, annonce la nomination d\u2019Aline Gerelli en tant que Directrice des Ressources Humaines France.\" \/>\n<meta name=\"robots\" content=\"index, follow, max-snippet:-1, max-image-preview:large, max-video-preview:-1\" \/>\n<link rel=\"canonical\" href=\"https:\/\/www.tessi.eu\/fr\/tessi-structure-sa-direction-des-ressources-humaines-en-france\/\" \/>\n<meta property=\"og:locale\" content=\"fr_FR\" \/>\n<meta property=\"og:type\" content=\"article\" \/>\n<meta property=\"og:title\" content=\"Tessi structure sa direction des Ressources Humaines en France\" \/>\n<meta property=\"og:description\" content=\"Tessi, acteur international des Business Process Services, annonce la nomination d\u2019Aline Gerelli en tant que Directrice des Ressources Humaines France.\" \/>\n<meta property=\"og:url\" content=\"https:\/\/www.tessi.eu\/fr\/tessi-structure-sa-direction-des-ressources-humaines-en-france\/\" \/>\n<meta property=\"og:site_name\" content=\"Tessi International\" \/>\n<meta property=\"article:published_time\" content=\"2023-06-06T07:00:39+00:00\" \/>\n<meta property=\"article:modified_time\" content=\"2024-07-02T09:15:44+00:00\" \/>\n<meta property=\"og:image\" content=\"https:\/\/www.tessi.eu\/wp-content\/uploads\/2023\/06\/vignette-tessi-2023.png\" \/>\n\t<meta property=\"og:image:width\" content=\"532\" \/>\n\t<meta property=\"og:image:height\" content=\"350\" \/>\n\t<meta property=\"og:image:type\" content=\"image\/png\" \/>\n<meta name=\"author\" content=\"limpide_admin\" \/>\n<meta name=\"twitter:card\" content=\"summary_large_image\" \/>\n<meta name=\"twitter:label1\" content=\"\u00c9crit par\" \/>\n\t<meta name=\"twitter:data1\" content=\"limpide_admin\" \/>\n\t<meta name=\"twitter:label2\" content=\"Dur\u00e9e de lecture estim\u00e9e\" \/>\n\t<meta name=\"twitter:data2\" content=\"2 minutes\" \/>\n<script type=\"application\/ld+json\" class=\"yoast-schema-graph\">{\"@context\":\"https:\/\/schema.org\",\"@graph\":[{\"@type\":\"Article\",\"@id\":\"https:\/\/www.tessi.eu\/fr\/tessi-structure-sa-direction-des-ressources-humaines-en-france\/#article\",\"isPartOf\":{\"@id\":\"https:\/\/www.tessi.eu\/fr\/tessi-structure-sa-direction-des-ressources-humaines-en-france\/\"},\"author\":{\"name\":\"limpide_admin\",\"@id\":\"https:\/\/www.tessi.eu\/fr\/#\/schema\/person\/2351c406fd33cac247ec1c445c126e1e\"},\"headline\":\"Tessi structure sa direction des Ressources Humaines en France\",\"datePublished\":\"2023-06-06T07:00:39+00:00\",\"dateModified\":\"2024-07-02T09:15:44+00:00\",\"mainEntityOfPage\":{\"@id\":\"https:\/\/www.tessi.eu\/fr\/tessi-structure-sa-direction-des-ressources-humaines-en-france\/\"},\"wordCount\":273,\"image\":{\"@id\":\"https:\/\/www.tessi.eu\/fr\/tessi-structure-sa-direction-des-ressources-humaines-en-france\/#primaryimage\"},\"thumbnailUrl\":\"https:\/\/www.tessi.eu\/wp-content\/uploads\/2023\/06\/vignette-tessi-2023.png\",\"articleSection\":[\"News\"],\"inLanguage\":\"fr-FR\"},{\"@type\":\"WebPage\",\"@id\":\"https:\/\/www.tessi.eu\/fr\/tessi-structure-sa-direction-des-ressources-humaines-en-france\/\",\"url\":\"https:\/\/www.tessi.eu\/fr\/tessi-structure-sa-direction-des-ressources-humaines-en-france\/\",\"name\":\"Tessi structure sa direction des Ressources Humaines en France - Tessi International\",\"isPartOf\":{\"@id\":\"https:\/\/www.tessi.eu\/fr\/#website\"},\"primaryImageOfPage\":{\"@id\":\"https:\/\/www.tessi.eu\/fr\/tessi-structure-sa-direction-des-ressources-humaines-en-france\/#primaryimage\"},\"image\":{\"@id\":\"https:\/\/www.tessi.eu\/fr\/tessi-structure-sa-direction-des-ressources-humaines-en-france\/#primaryimage\"},\"thumbnailUrl\":\"https:\/\/www.tessi.eu\/wp-content\/uploads\/2023\/06\/vignette-tessi-2023.png\",\"datePublished\":\"2023-06-06T07:00:39+00:00\",\"dateModified\":\"2024-07-02T09:15:44+00:00\",\"author\":{\"@id\":\"https:\/\/www.tessi.eu\/fr\/#\/schema\/person\/2351c406fd33cac247ec1c445c126e1e\"},\"description\":\"Tessi, acteur international des Business Process Services, annonce la nomination d\u2019Aline Gerelli en tant que Directrice des Ressources Humaines France.\",\"breadcrumb\":{\"@id\":\"https:\/\/www.tessi.eu\/fr\/tessi-structure-sa-direction-des-ressources-humaines-en-france\/#breadcrumb\"},\"inLanguage\":\"fr-FR\",\"potentialAction\":[{\"@type\":\"ReadAction\",\"target\":[\"https:\/\/www.tessi.eu\/fr\/tessi-structure-sa-direction-des-ressources-humaines-en-france\/\"]}]},{\"@type\":\"ImageObject\",\"inLanguage\":\"fr-FR\",\"@id\":\"https:\/\/www.tessi.eu\/fr\/tessi-structure-sa-direction-des-ressources-humaines-en-france\/#primaryimage\",\"url\":\"https:\/\/www.tessi.eu\/wp-content\/uploads\/2023\/06\/vignette-tessi-2023.png\",\"contentUrl\":\"https:\/\/www.tessi.eu\/wp-content\/uploads\/2023\/06\/vignette-tessi-2023.png\",\"width\":532,\"height\":350,\"caption\":\"vignette tessi\"},{\"@type\":\"BreadcrumbList\",\"@id\":\"https:\/\/www.tessi.eu\/fr\/tessi-structure-sa-direction-des-ressources-humaines-en-france\/#breadcrumb\",\"itemListElement\":[{\"@type\":\"ListItem\",\"position\":1,\"name\":\"Home\",\"item\":\"https:\/\/www.tessi.eu\/fr\/\"},{\"@type\":\"ListItem\",\"position\":2,\"name\":\"Tessi structure sa direction des Ressources Humaines en France\"}]},{\"@type\":\"WebSite\",\"@id\":\"https:\/\/www.tessi.eu\/fr\/#website\",\"url\":\"https:\/\/www.tessi.eu\/fr\/\",\"name\":\"Tessi International\",\"description\":\"\",\"potentialAction\":[{\"@type\":\"SearchAction\",\"target\":{\"@type\":\"EntryPoint\",\"urlTemplate\":\"https:\/\/www.tessi.eu\/fr\/?s={search_term_string}\"},\"query-input\":{\"@type\":\"PropertyValueSpecification\",\"valueRequired\":true,\"valueName\":\"search_term_string\"}}],\"inLanguage\":\"fr-FR\"},{\"@type\":\"Person\",\"@id\":\"https:\/\/www.tessi.eu\/fr\/#\/schema\/person\/2351c406fd33cac247ec1c445c126e1e\",\"name\":\"limpide_admin\",\"image\":{\"@type\":\"ImageObject\",\"inLanguage\":\"fr-FR\",\"@id\":\"https:\/\/www.tessi.eu\/fr\/#\/schema\/person\/image\/\",\"url\":\"https:\/\/secure.gravatar.com\/avatar\/b8af01a2278e1591ade1191d65336babef6cb64316c0e9ec09ae9a292dd3d446?s=96&d=mm&r=g\",\"contentUrl\":\"https:\/\/secure.gravatar.com\/avatar\/b8af01a2278e1591ade1191d65336babef6cb64316c0e9ec09ae9a292dd3d446?s=96&d=mm&r=g\",\"caption\":\"limpide_admin\"}}]}<\/script>\n<!-- \/ Yoast SEO Premium plugin. -->","yoast_head_json":{"title":"Tessi structure sa direction des Ressources Humaines en France - Tessi International","description":"Tessi, acteur international des Business Process Services, annonce la nomination d\u2019Aline Gerelli en tant que Directrice des Ressources Humaines France.","robots":{"index":"index","follow":"follow","max-snippet":"max-snippet:-1","max-image-preview":"max-image-preview:large","max-video-preview":"max-video-preview:-1"},"canonical":"https:\/\/www.tessi.eu\/fr\/tessi-structure-sa-direction-des-ressources-humaines-en-france\/","og_locale":"fr_FR","og_type":"article","og_title":"Tessi structure sa direction des Ressources Humaines en France","og_description":"Tessi, acteur international des Business Process Services, annonce la nomination d\u2019Aline Gerelli en tant que Directrice des Ressources Humaines France.","og_url":"https:\/\/www.tessi.eu\/fr\/tessi-structure-sa-direction-des-ressources-humaines-en-france\/","og_site_name":"Tessi International","article_published_time":"2023-06-06T07:00:39+00:00","article_modified_time":"2024-07-02T09:15:44+00:00","og_image":[{"width":532,"height":350,"url":"https:\/\/www.tessi.eu\/wp-content\/uploads\/2023\/06\/vignette-tessi-2023.png","type":"image\/png"}],"author":"limpide_admin","twitter_card":"summary_large_image","twitter_misc":{"\u00c9crit par":"limpide_admin","Dur\u00e9e de lecture estim\u00e9e":"2 minutes"},"schema":{"@context":"https:\/\/schema.org","@graph":[{"@type":"Article","@id":"https:\/\/www.tessi.eu\/fr\/tessi-structure-sa-direction-des-ressources-humaines-en-france\/#article","isPartOf":{"@id":"https:\/\/www.tessi.eu\/fr\/tessi-structure-sa-direction-des-ressources-humaines-en-france\/"},"author":{"name":"limpide_admin","@id":"https:\/\/www.tessi.eu\/fr\/#\/schema\/person\/2351c406fd33cac247ec1c445c126e1e"},"headline":"Tessi structure sa direction des Ressources Humaines en France","datePublished":"2023-06-06T07:00:39+00:00","dateModified":"2024-07-02T09:15:44+00:00","mainEntityOfPage":{"@id":"https:\/\/www.tessi.eu\/fr\/tessi-structure-sa-direction-des-ressources-humaines-en-france\/"},"wordCount":273,"image":{"@id":"https:\/\/www.tessi.eu\/fr\/tessi-structure-sa-direction-des-ressources-humaines-en-france\/#primaryimage"},"thumbnailUrl":"https:\/\/www.tessi.eu\/wp-content\/uploads\/2023\/06\/vignette-tessi-2023.png","articleSection":["News"],"inLanguage":"fr-FR"},{"@type":"WebPage","@id":"https:\/\/www.tessi.eu\/fr\/tessi-structure-sa-direction-des-ressources-humaines-en-france\/","url":"https:\/\/www.tessi.eu\/fr\/tessi-structure-sa-direction-des-ressources-humaines-en-france\/","name":"Tessi structure sa direction des Ressources Humaines en France - Tessi International","isPartOf":{"@id":"https:\/\/www.tessi.eu\/fr\/#website"},"primaryImageOfPage":{"@id":"https:\/\/www.tessi.eu\/fr\/tessi-structure-sa-direction-des-ressources-humaines-en-france\/#primaryimage"},"image":{"@id":"https:\/\/www.tessi.eu\/fr\/tessi-structure-sa-direction-des-ressources-humaines-en-france\/#primaryimage"},"thumbnailUrl":"https:\/\/www.tessi.eu\/wp-content\/uploads\/2023\/06\/vignette-tessi-2023.png","datePublished":"2023-06-06T07:00:39+00:00","dateModified":"2024-07-02T09:15:44+00:00","author":{"@id":"https:\/\/www.tessi.eu\/fr\/#\/schema\/person\/2351c406fd33cac247ec1c445c126e1e"},"description":"Tessi, acteur international des Business Process Services, annonce la nomination d\u2019Aline Gerelli en tant que Directrice des Ressources Humaines France.","breadcrumb":{"@id":"https:\/\/www.tessi.eu\/fr\/tessi-structure-sa-direction-des-ressources-humaines-en-france\/#breadcrumb"},"inLanguage":"fr-FR","potentialAction":[{"@type":"ReadAction","target":["https:\/\/www.tessi.eu\/fr\/tessi-structure-sa-direction-des-ressources-humaines-en-france\/"]}]},{"@type":"ImageObject","inLanguage":"fr-FR","@id":"https:\/\/www.tessi.eu\/fr\/tessi-structure-sa-direction-des-ressources-humaines-en-france\/#primaryimage","url":"https:\/\/www.tessi.eu\/wp-content\/uploads\/2023\/06\/vignette-tessi-2023.png","contentUrl":"https:\/\/www.tessi.eu\/wp-content\/uploads\/2023\/06\/vignette-tessi-2023.png","width":532,"height":350,"caption":"vignette tessi"},{"@type":"BreadcrumbList","@id":"https:\/\/www.tessi.eu\/fr\/tessi-structure-sa-direction-des-ressources-humaines-en-france\/#breadcrumb","itemListElement":[{"@type":"ListItem","position":1,"name":"Home","item":"https:\/\/www.tessi.eu\/fr\/"},{"@type":"ListItem","position":2,"name":"Tessi structure sa direction des Ressources Humaines en France"}]},{"@type":"WebSite","@id":"https:\/\/www.tessi.eu\/fr\/#website","url":"https:\/\/www.tessi.eu\/fr\/","name":"Tessi International","description":"","potentialAction":[{"@type":"SearchAction","target":{"@type":"EntryPoint","urlTemplate":"https:\/\/www.tessi.eu\/fr\/?s={search_term_string}"},"query-input":{"@type":"PropertyValueSpecification","valueRequired":true,"valueName":"search_term_string"}}],"inLanguage":"fr-FR"},{"@type":"Person","@id":"https:\/\/www.tessi.eu\/fr\/#\/schema\/person\/2351c406fd33cac247ec1c445c126e1e","name":"limpide_admin","image":{"@type":"ImageObject","inLanguage":"fr-FR","@id":"https:\/\/www.tessi.eu\/fr\/#\/schema\/person\/image\/","url":"https:\/\/secure.gravatar.com\/avatar\/b8af01a2278e1591ade1191d65336babef6cb64316c0e9ec09ae9a292dd3d446?s=96&d=mm&r=g","contentUrl":"https:\/\/secure.gravatar.com\/avatar\/b8af01a2278e1591ade1191d65336babef6cb64316c0e9ec09ae9a292dd3d446?s=96&d=mm&r=g","caption":"limpide_admin"}}]}},"_links":{"self":[{"href":"https:\/\/www.tessi.eu\/fr\/wp-json\/wp\/v2\/posts\/36978\/"}],"collection":[{"href":"https:\/\/www.tessi.eu\/fr\/wp-json\/wp\/v2\/posts\/"}],"about":[{"href":"https:\/\/www.tessi.eu\/fr\/wp-json\/wp\/v2\/types\/post\/"}],"author":[{"embeddable":true,"href":"https:\/\/www.tessi.eu\/fr\/wp-json\/wp\/v2\/users\/1\/"}],"replies":[{"embeddable":true,"href":"https:\/\/www.tessi.eu\/fr\/wp-json\/wp\/v2\/comments\/?post=36978"}],"version-history":[{"count":4,"href":"https:\/\/www.tessi.eu\/fr\/wp-json\/wp\/v2\/posts\/36978\/revisions\/"}],"predecessor-version":[{"id":46202,"href":"https:\/\/www.tessi.eu\/fr\/wp-json\/wp\/v2\/posts\/36978\/revisions\/46202\/"}],"wp:featuredmedia":[{"embeddable":true,"href":"https:\/\/www.tessi.eu\/fr\/wp-json\/wp\/v2\/media\/36986\/"}],"wp:attachment":[{"href":"https:\/\/www.tessi.eu\/fr\/wp-json\/wp\/v2\/media\/?parent=36978"}],"wp:term":[{"taxonomy":"category","embeddable":true,"href":"https:\/\/www.tessi.eu\/fr\/wp-json\/wp\/v2\/categories\/?post=36978"},{"taxonomy":"post_tag","embeddable":true,"href":"https:\/\/www.tessi.eu\/fr\/wp-json\/wp\/v2\/tags\/?post=36978"}],"curies":[{"name":"wp","href":"https:\/\/api.w.org\/{rel}","templated":true}]}}