{"id":36713,"date":"2023-04-18T10:47:00","date_gmt":"2023-04-18T08:47:00","guid":{"rendered":"https:\/\/www.tessi.eu\/?p=36713\/"},"modified":"2023-10-04T10:58:00","modified_gmt":"2023-10-04T08:58:00","slug":"politique-environnementale-du-groupe-tessi","status":"publish","type":"post","link":"https:\/\/www.tessi.eu\/fr\/politique-environnementale-du-groupe-tessi\/","title":{"rendered":"Politique environnementale du groupe Tessi"},"content":{"rendered":"<p>Celle-ci vise \u00e0 pr\u00e9venir les risques environnementaux et renforcer notre contribution en faveur de la lutte contre le d\u00e9r\u00e8glement climatique en conformit\u00e9 avec les r\u00e9glementations en vigueur.<\/p>\n<p>En ce sens, nous nous engageons \u00e0 :<\/p>\n<ul>\n<li>Mesurer et r\u00e9duire les \u00e9missions de gaz \u00e0 effet de serre directes et indirectes li\u00e9es \u00e0 nos activit\u00e9s,<\/li>\n<li>Optimiser et r\u00e9duire notre consommation d&rsquo;\u00e9nergies,<\/li>\n<li>Contribuer \u00e0 l&rsquo;\u00e9conomie circulaire en optimisant le recyclage et la valorisation de nos d\u00e9chets,<\/li>\n<li>Limiter nos d\u00e9placements et favoriser le recours \u00e0 l&rsquo;\u00e9co-mobilit\u00e9,<\/li>\n<li>Prendre en compte et diminuer l&rsquo;impact environnemental de nos solutions num\u00e9riques.<\/li>\n<\/ul>\n<p>Ces engagements nous permettent de contribuer aux objectifs de d\u00e9veloppement durable de l&rsquo;ONU (ODD), cela dans la continuit\u00e9 de notre adh\u00e9sion en 2011 au Pacte Mondial des nations unies.<\/p>\n<p>La d\u00e9finition et le pilotage de la politique environnementale sont plac\u00e9s sous la responsabilit\u00e9 de la direction RSE et concernent l&rsquo;ensemble du p\u00e9rim\u00e8tre Groupe int\u00e9grant ses filiales fran\u00e7aises et internationales, toutes activit\u00e9s confondues.<\/p>\n<p>Pour cela, la direction RSE s&rsquo;appuie sur une gouvernance \u00e0 2 niveaux :<\/p>\n<ul>\n<li>Des comit\u00e9s de direction, validant la d\u00e9marche RSE en coh\u00e9rence avec les orientations strat\u00e9giques du Groupe,<\/li>\n<li>Des comit\u00e9s ex\u00e9cutifs, permettant d&rsquo;assurer la bonne mise en application de ces orientations sur l&rsquo;ensemble des BUs du Groupe et services supports.<\/li>\n<\/ul>\n<p>Enfin, la mise en \u0153uvre et l&rsquo;adaptation des lignes directrices de notre d\u00e9marche RSE sont assur\u00e9es par :<\/p>\n<ul>\n<li>Un r\u00e9seau de r\u00e9f\u00e9rents RSE pr\u00e9sents en France ainsi que sur l&rsquo;ensemble de nos filiales internationales,<\/li>\n<li>Un r\u00e9seau de correspondants Qualit\u00e9.<\/li>\n<\/ul>\n<h3><strong>STRAT\u00c9GIE BAS CARBONE<\/strong><\/h3>\n<p>Afin de r\u00e9pondre \u00e0 nos engagements en mati\u00e8re de r\u00e9duction de l&#8217;empreinte carbone de nos activit\u00e9s, nous veillons \u00e0 mesurer nos \u00e9missions de gaz \u00e0 effet de serre (GES) directes et indirectes. Le groupe d\u00e9finit sa strat\u00e9gie climat en renouvelant en 2022 son bilan carbone (Scope 1, 2 et 3) sur le p\u00e9rim\u00e8tre complet de ses activit\u00e9s (p\u00e9rim\u00e8tre international) avec un focus sur l&#8217;empreinte de ses \u00e9quipements num\u00e9riques.<\/p>\n<p><strong><span style=\"color: #ea527e;\">\u2192<\/span> <\/strong>Ce bilan sera compl\u00e9t\u00e9 de la d\u00e9finition d&rsquo;une trajectoire environnementale et d&rsquo;un plan d&rsquo;action bas carbone align\u00e9 sur les objectifs mondiaux fix\u00e9s par les Accords de Paris et le Science Bases Target Initiative d&rsquo;ici 2025. Ces objectifs mondiaux engagent les entreprises \u00e0 r\u00e9duire \u00e0 minima de 50% leurs \u00e9missions de gaz \u00e0 effet de serre d&rsquo;ici 2030 et \u00e0 atteindre le \u00ab Z\u00e9ro Emissions Nette \u00bb de GES avant 2050.<\/p>\n<p><strong><span style=\"color: #ea527e;\">\u2192<\/span> <\/strong>Les d\u00e9placements de nos collaborateurs, trajets professionnels et trajets domicile-travail, repr\u00e9sentent l&rsquo;un des postes les plus importants en mati\u00e8re d&rsquo;\u00e9missions de GES.<br \/>\nAussi, nous nous engageons \u00e0 mettre en place des actions visant \u00e0 promouvoir les mobilit\u00e9s alternatives. Notre strat\u00e9gie bas carbone nous permettra de pr\u00e9ciser les objectifs sp\u00e9cifiquement li\u00e9s \u00e0 ce poste d&rsquo;\u00e9missions.<\/p>\n<p><strong><span style=\"color: #ea527e;\">\u2192<\/span> <\/strong>Par ailleurs, un plan d&rsquo;approvisionnement en \u00e9lectricit\u00e9 provenant de sources renouvelables est \u00e0 l&rsquo;\u00e9tude pour atteindre 100% d&rsquo;achats garantis d&rsquo;ici 2025.<\/p>\n<p>Conscient de l&rsquo;impact environnemental du secteur du num\u00e9rique et des enjeux associ\u00e9s, Tessi, Entreprise de Services Num\u00e9riques, s&rsquo;engage, au travers de son programme Num\u00e9rique Responsable \u00e0 mesurer et r\u00e9duire \u00e9galement l&#8217;empreinte environnementale des solutions, offres et applications que nous d\u00e9veloppons, pour que celles-ci deviennent un asset au b\u00e9n\u00e9fice de notre transition digitale et environnementale comme de celle de nos clients.<\/p>\n<p><strong><span style=\"color: #ea527e;\">\u2192<\/span><\/strong> 100% de nos collaborateurs seront sensibilis\u00e9s aux enjeux du num\u00e9rique responsable d&rsquo;ici 2025.<\/p>\n<p><strong><span style=\"color: #ea527e;\">\u2192<\/span><\/strong> 100% des nouvelles solutions num\u00e9riques Tessi int\u00e9greront des crit\u00e8res de durabilit\u00e9 dans leur conception d&rsquo;ici 2025.<\/p>\n<h3><strong>STRAT\u00c9GIE D&rsquo;OPTIMISATION ET DE R\u00c9DUCTION DE NOTRE CONSOMMATION D&rsquo;\u00c9NERGIE<\/strong><\/h3>\n<p>Afin de r\u00e9pondre \u00e0 nos engagements en mati\u00e8re de gestion de l&rsquo;\u00e9nergie, un plan de diminution de la consommation d&rsquo;\u00e9lectricit\u00e9 de nos sites a \u00e9t\u00e9 mis en place.<\/p>\n<p>En France plus particuli\u00e8rement, en r\u00e9ponse aux demandes du gouvernement et \u00e0 la tension sur le r\u00e9seau \u00e9lectrique pr\u00e9vue cet hiver, des mesures compl\u00e9mentaires ont \u00e9t\u00e9 d\u00e9ploy\u00e9es.<\/p>\n<p><strong><span style=\"color: #ea527e;\">\u2192<\/span><\/strong> Nos objectifs en la mati\u00e8re ont ainsi \u00e9t\u00e9 r\u00e9vis\u00e9s pour atteindre -15% en 2023 (vs N-1) en France.<\/p>\n<p><strong><span style=\"color: #ea527e;\">\u2192<\/span><\/strong> Par ailleurs, dans le cadre r\u00e9glementaire du d\u00e9cret tertiaire, nous sommes engag\u00e9s par ailleurs \u00e0 r\u00e9duire les consommations \u00e9nerg\u00e9tiques de nos b\u00e2timents (de plus de 1000 m2) de -40% d&rsquo;ici 2030, -50% d&rsquo;ici 2040 et -60% d&rsquo;ici 2050.<\/p>\n<h3><strong>STRAT\u00c9GIE DE R\u00c9DUCTION ET DE VALORISATION DES D\u00c9CHETS<\/strong><\/h3>\n<p>Le Groupe Tessi s&rsquo;engage \u00e0 contribuer au d\u00e9veloppement d&rsquo;une \u00e9conomie circulaire en optimisant le recyclage et la valorisation de l&rsquo;ensemble de ses d\u00e9chets (DIB, DEEE&#8230;).<\/p>\n<p><strong><span style=\"color: #ea527e;\">\u2192<\/span><\/strong> 100% de nos sites fran\u00e7ais pratiqueront le tri s\u00e9lectif de leurs d\u00e9chets d&rsquo;ici fin 2023 (papier, carton, plastique, m\u00e9tal, cartouches &amp; toners&#8230;). Ces d\u00e9chets sont ensuite collect\u00e9s et achemin\u00e9s par des prestataires priv\u00e9s vers des fili\u00e8res de recyclages appropri\u00e9es.<\/p>\n<p>Nous maximisons la dur\u00e9e de vie de nos \u00e9quipements \u00e9lectriques et \u00e9lectroniques et nos fournisseurs sp\u00e9cialis\u00e9s collectent et g\u00e8rent le reconditionnement, le recyclage ou la revalorisation de ces \u00e9quipements.<\/p>\n<p>En France, tous nos \u00e9quipements (DEEE) partent en fili\u00e8res de recyclage et\/ ou r\u00e9emploi par le biais de prestataires sp\u00e9cialis\u00e9s.<\/p>\n<p><strong><span style=\"color: #ea527e;\">\u2192<\/span><\/strong> En 2023, 100% de nos DEEE g\u00e9n\u00e9r\u00e9s seront recycl\u00e9s ou r\u00e9employ\u00e9s.<\/p>\n<h3><strong>DES PARTIES PRENANTES SENSIBILIS\u00c9ES \u00c0 NOTRE POLITIQUE ENVIRONNEMENTALE<\/strong><\/h3>\n<p>La communication de nos engagements en mati\u00e8re de protection de l&rsquo;environnement \u00e0 l&rsquo;ensemble de nos parties prenantes est une priorit\u00e9 absolue pour nous.<\/p>\n<p>Agir dans le respect de l&rsquo;environnement est la responsabilit\u00e9 de chacun de nos collaborateurs. C&rsquo;est pourquoi nous informons r\u00e9guli\u00e8rement nos employ\u00e9s sur les mesures de protection de l&rsquo;environnement et organisons des formations et sensibilisations aux enjeux climatiques et aux impacts environnementaux de nos activit\u00e9s.<\/p>\n<p>&nbsp;<\/p>\n<p><a class=\"btn-new btn-border-degrade\" title=\"T\u00e9l\u00e9charger notre politique environnementale\" href=\"https:\/\/www.tessi.eu\/fr\/wp-content\/uploads\/sites\/2\/2023\/04\/politique-environnementale-groupe-tessi-2023-1.pdf\" target=\"_blank\" rel=\"noopener\"><span class=\"btn-border-degrade-content\"><span class=\"text\">T\u00e9l\u00e9charger notre politique environnementale<\/span><\/span><\/a><\/p>\n","protected":false},"excerpt":{"rendered":"<p>Celle-ci vise \u00e0 pr\u00e9venir les risques environnementaux et renforcer notre contribution en faveur de la lutte contre le d\u00e9r\u00e8glement climatique en conformit\u00e9 avec les r\u00e9glementations en vigueur. En ce sens, nous nous engageons \u00e0 : Mesurer et r\u00e9duire les \u00e9missions de gaz \u00e0 effet de serre directes et indirectes li\u00e9es \u00e0 nos activit\u00e9s, Optimiser et [&hellip;]<\/p>\n","protected":false},"author":1,"featured_media":36714,"comment_status":"closed","ping_status":"closed","sticky":false,"template":"","format":"standard","meta":{"_acf_changed":false,"footnotes":""},"categories":[47,112],"tags":[],"class_list":["post-36713","post","type-post","status-publish","format-standard","has-post-thumbnail","hentry","category-news","category-politique-environnementale-et-societale"],"acf":[],"yoast_head":"<!-- This site is optimized with the Yoast SEO Premium plugin v22.3 (Yoast SEO v27.1.1) - https:\/\/yoast.com\/product\/yoast-seo-premium-wordpress\/ -->\n<title>Politique environnementale du groupe Tessi - Tessi International<\/title>\n<meta name=\"description\" content=\"Le groupe Tessi m\u00e8ne depuis plusieurs ann\u00e9es une politique environnementale simple et efficace, bas\u00e9e sur la prise en compte des enjeux environnementaux les plus significatifs de son activit\u00e9, identifi\u00e9s dans le cadre de son analyse de mat\u00e9rialit\u00e9.\" \/>\n<meta name=\"robots\" content=\"index, follow, max-snippet:-1, max-image-preview:large, max-video-preview:-1\" \/>\n<link rel=\"canonical\" href=\"https:\/\/www.tessi.eu\/fr\/politique-environnementale-du-groupe-tessi\/\" \/>\n<meta property=\"og:locale\" content=\"fr_FR\" \/>\n<meta property=\"og:type\" content=\"article\" \/>\n<meta property=\"og:title\" content=\"Politique environnementale du groupe Tessi\" \/>\n<meta property=\"og:description\" content=\"Le groupe Tessi m\u00e8ne depuis plusieurs ann\u00e9es une politique environnementale simple et efficace, bas\u00e9e sur la prise en compte des enjeux environnementaux les plus significatifs de son activit\u00e9, identifi\u00e9s dans le cadre de son analyse de mat\u00e9rialit\u00e9.\" \/>\n<meta property=\"og:url\" content=\"https:\/\/www.tessi.eu\/fr\/politique-environnementale-du-groupe-tessi\/\" \/>\n<meta property=\"og:site_name\" content=\"Tessi International\" \/>\n<meta property=\"article:published_time\" content=\"2023-04-18T08:47:00+00:00\" \/>\n<meta property=\"article:modified_time\" content=\"2023-10-04T08:58:00+00:00\" \/>\n<meta property=\"og:image\" content=\"https:\/\/www.tessi.eu\/wp-content\/uploads\/2023\/06\/vignette-rse-news-41.png\" \/>\n\t<meta property=\"og:image:width\" content=\"532\" \/>\n\t<meta property=\"og:image:height\" content=\"350\" \/>\n\t<meta property=\"og:image:type\" content=\"image\/png\" \/>\n<meta name=\"author\" content=\"limpide_admin\" \/>\n<meta name=\"twitter:card\" content=\"summary_large_image\" \/>\n<meta name=\"twitter:label1\" content=\"\u00c9crit par\" \/>\n\t<meta name=\"twitter:data1\" content=\"limpide_admin\" \/>\n\t<meta name=\"twitter:label2\" content=\"Dur\u00e9e de lecture estim\u00e9e\" \/>\n\t<meta name=\"twitter:data2\" content=\"5 minutes\" \/>\n<script type=\"application\/ld+json\" class=\"yoast-schema-graph\">{\"@context\":\"https:\/\/schema.org\",\"@graph\":[{\"@type\":\"Article\",\"@id\":\"https:\/\/www.tessi.eu\/fr\/politique-environnementale-du-groupe-tessi\/#article\",\"isPartOf\":{\"@id\":\"https:\/\/www.tessi.eu\/fr\/politique-environnementale-du-groupe-tessi\/\"},\"author\":{\"name\":\"limpide_admin\",\"@id\":\"https:\/\/www.tessi.eu\/fr\/#\/schema\/person\/2351c406fd33cac247ec1c445c126e1e\"},\"headline\":\"Politique environnementale du groupe Tessi\",\"datePublished\":\"2023-04-18T08:47:00+00:00\",\"dateModified\":\"2023-10-04T08:58:00+00:00\",\"mainEntityOfPage\":{\"@id\":\"https:\/\/www.tessi.eu\/fr\/politique-environnementale-du-groupe-tessi\/\"},\"wordCount\":1007,\"image\":{\"@id\":\"https:\/\/www.tessi.eu\/fr\/politique-environnementale-du-groupe-tessi\/#primaryimage\"},\"thumbnailUrl\":\"https:\/\/www.tessi.eu\/wp-content\/uploads\/2023\/06\/vignette-rse-news-41.png\",\"articleSection\":[\"News\",\"Politique environnementale et soci\u00e9tale\"],\"inLanguage\":\"fr-FR\"},{\"@type\":\"WebPage\",\"@id\":\"https:\/\/www.tessi.eu\/fr\/politique-environnementale-du-groupe-tessi\/\",\"url\":\"https:\/\/www.tessi.eu\/fr\/politique-environnementale-du-groupe-tessi\/\",\"name\":\"Politique environnementale du groupe Tessi - Tessi International\",\"isPartOf\":{\"@id\":\"https:\/\/www.tessi.eu\/fr\/#website\"},\"primaryImageOfPage\":{\"@id\":\"https:\/\/www.tessi.eu\/fr\/politique-environnementale-du-groupe-tessi\/#primaryimage\"},\"image\":{\"@id\":\"https:\/\/www.tessi.eu\/fr\/politique-environnementale-du-groupe-tessi\/#primaryimage\"},\"thumbnailUrl\":\"https:\/\/www.tessi.eu\/wp-content\/uploads\/2023\/06\/vignette-rse-news-41.png\",\"datePublished\":\"2023-04-18T08:47:00+00:00\",\"dateModified\":\"2023-10-04T08:58:00+00:00\",\"author\":{\"@id\":\"https:\/\/www.tessi.eu\/fr\/#\/schema\/person\/2351c406fd33cac247ec1c445c126e1e\"},\"description\":\"Le groupe Tessi m\u00e8ne depuis plusieurs ann\u00e9es une politique environnementale simple et efficace, bas\u00e9e sur la prise en compte des enjeux environnementaux les plus significatifs de son activit\u00e9, identifi\u00e9s dans le cadre de son analyse de mat\u00e9rialit\u00e9.\",\"breadcrumb\":{\"@id\":\"https:\/\/www.tessi.eu\/fr\/politique-environnementale-du-groupe-tessi\/#breadcrumb\"},\"inLanguage\":\"fr-FR\",\"potentialAction\":[{\"@type\":\"ReadAction\",\"target\":[\"https:\/\/www.tessi.eu\/fr\/politique-environnementale-du-groupe-tessi\/\"]}]},{\"@type\":\"ImageObject\",\"inLanguage\":\"fr-FR\",\"@id\":\"https:\/\/www.tessi.eu\/fr\/politique-environnementale-du-groupe-tessi\/#primaryimage\",\"url\":\"https:\/\/www.tessi.eu\/wp-content\/uploads\/2023\/06\/vignette-rse-news-41.png\",\"contentUrl\":\"https:\/\/www.tessi.eu\/wp-content\/uploads\/2023\/06\/vignette-rse-news-41.png\",\"width\":532,\"height\":350,\"caption\":\"vignette rse news\"},{\"@type\":\"BreadcrumbList\",\"@id\":\"https:\/\/www.tessi.eu\/fr\/politique-environnementale-du-groupe-tessi\/#breadcrumb\",\"itemListElement\":[{\"@type\":\"ListItem\",\"position\":1,\"name\":\"Home\",\"item\":\"https:\/\/www.tessi.eu\/fr\/\"},{\"@type\":\"ListItem\",\"position\":2,\"name\":\"Politique environnementale du groupe Tessi\"}]},{\"@type\":\"WebSite\",\"@id\":\"https:\/\/www.tessi.eu\/fr\/#website\",\"url\":\"https:\/\/www.tessi.eu\/fr\/\",\"name\":\"Tessi International\",\"description\":\"\",\"potentialAction\":[{\"@type\":\"SearchAction\",\"target\":{\"@type\":\"EntryPoint\",\"urlTemplate\":\"https:\/\/www.tessi.eu\/fr\/?s={search_term_string}\"},\"query-input\":{\"@type\":\"PropertyValueSpecification\",\"valueRequired\":true,\"valueName\":\"search_term_string\"}}],\"inLanguage\":\"fr-FR\"},{\"@type\":\"Person\",\"@id\":\"https:\/\/www.tessi.eu\/fr\/#\/schema\/person\/2351c406fd33cac247ec1c445c126e1e\",\"name\":\"limpide_admin\",\"image\":{\"@type\":\"ImageObject\",\"inLanguage\":\"fr-FR\",\"@id\":\"https:\/\/www.tessi.eu\/fr\/#\/schema\/person\/image\/\",\"url\":\"https:\/\/secure.gravatar.com\/avatar\/b8af01a2278e1591ade1191d65336babef6cb64316c0e9ec09ae9a292dd3d446?s=96&d=mm&r=g\",\"contentUrl\":\"https:\/\/secure.gravatar.com\/avatar\/b8af01a2278e1591ade1191d65336babef6cb64316c0e9ec09ae9a292dd3d446?s=96&d=mm&r=g\",\"caption\":\"limpide_admin\"}}]}<\/script>\n<!-- \/ Yoast SEO Premium plugin. -->","yoast_head_json":{"title":"Politique environnementale du groupe Tessi - Tessi International","description":"Le groupe Tessi m\u00e8ne depuis plusieurs ann\u00e9es une politique environnementale simple et efficace, bas\u00e9e sur la prise en compte des enjeux environnementaux les plus significatifs de son activit\u00e9, identifi\u00e9s dans le cadre de son analyse de mat\u00e9rialit\u00e9.","robots":{"index":"index","follow":"follow","max-snippet":"max-snippet:-1","max-image-preview":"max-image-preview:large","max-video-preview":"max-video-preview:-1"},"canonical":"https:\/\/www.tessi.eu\/fr\/politique-environnementale-du-groupe-tessi\/","og_locale":"fr_FR","og_type":"article","og_title":"Politique environnementale du groupe Tessi","og_description":"Le groupe Tessi m\u00e8ne depuis plusieurs ann\u00e9es une politique environnementale simple et efficace, bas\u00e9e sur la prise en compte des enjeux environnementaux les plus significatifs de son activit\u00e9, identifi\u00e9s dans le cadre de son analyse de mat\u00e9rialit\u00e9.","og_url":"https:\/\/www.tessi.eu\/fr\/politique-environnementale-du-groupe-tessi\/","og_site_name":"Tessi International","article_published_time":"2023-04-18T08:47:00+00:00","article_modified_time":"2023-10-04T08:58:00+00:00","og_image":[{"width":532,"height":350,"url":"https:\/\/www.tessi.eu\/wp-content\/uploads\/2023\/06\/vignette-rse-news-41.png","type":"image\/png"}],"author":"limpide_admin","twitter_card":"summary_large_image","twitter_misc":{"\u00c9crit par":"limpide_admin","Dur\u00e9e de lecture estim\u00e9e":"5 minutes"},"schema":{"@context":"https:\/\/schema.org","@graph":[{"@type":"Article","@id":"https:\/\/www.tessi.eu\/fr\/politique-environnementale-du-groupe-tessi\/#article","isPartOf":{"@id":"https:\/\/www.tessi.eu\/fr\/politique-environnementale-du-groupe-tessi\/"},"author":{"name":"limpide_admin","@id":"https:\/\/www.tessi.eu\/fr\/#\/schema\/person\/2351c406fd33cac247ec1c445c126e1e"},"headline":"Politique environnementale du groupe Tessi","datePublished":"2023-04-18T08:47:00+00:00","dateModified":"2023-10-04T08:58:00+00:00","mainEntityOfPage":{"@id":"https:\/\/www.tessi.eu\/fr\/politique-environnementale-du-groupe-tessi\/"},"wordCount":1007,"image":{"@id":"https:\/\/www.tessi.eu\/fr\/politique-environnementale-du-groupe-tessi\/#primaryimage"},"thumbnailUrl":"https:\/\/www.tessi.eu\/wp-content\/uploads\/2023\/06\/vignette-rse-news-41.png","articleSection":["News","Politique environnementale et soci\u00e9tale"],"inLanguage":"fr-FR"},{"@type":"WebPage","@id":"https:\/\/www.tessi.eu\/fr\/politique-environnementale-du-groupe-tessi\/","url":"https:\/\/www.tessi.eu\/fr\/politique-environnementale-du-groupe-tessi\/","name":"Politique environnementale du groupe Tessi - Tessi International","isPartOf":{"@id":"https:\/\/www.tessi.eu\/fr\/#website"},"primaryImageOfPage":{"@id":"https:\/\/www.tessi.eu\/fr\/politique-environnementale-du-groupe-tessi\/#primaryimage"},"image":{"@id":"https:\/\/www.tessi.eu\/fr\/politique-environnementale-du-groupe-tessi\/#primaryimage"},"thumbnailUrl":"https:\/\/www.tessi.eu\/wp-content\/uploads\/2023\/06\/vignette-rse-news-41.png","datePublished":"2023-04-18T08:47:00+00:00","dateModified":"2023-10-04T08:58:00+00:00","author":{"@id":"https:\/\/www.tessi.eu\/fr\/#\/schema\/person\/2351c406fd33cac247ec1c445c126e1e"},"description":"Le groupe Tessi m\u00e8ne depuis plusieurs ann\u00e9es une politique environnementale simple et efficace, bas\u00e9e sur la prise en compte des enjeux environnementaux les plus significatifs de son activit\u00e9, identifi\u00e9s dans le cadre de son analyse de mat\u00e9rialit\u00e9.","breadcrumb":{"@id":"https:\/\/www.tessi.eu\/fr\/politique-environnementale-du-groupe-tessi\/#breadcrumb"},"inLanguage":"fr-FR","potentialAction":[{"@type":"ReadAction","target":["https:\/\/www.tessi.eu\/fr\/politique-environnementale-du-groupe-tessi\/"]}]},{"@type":"ImageObject","inLanguage":"fr-FR","@id":"https:\/\/www.tessi.eu\/fr\/politique-environnementale-du-groupe-tessi\/#primaryimage","url":"https:\/\/www.tessi.eu\/wp-content\/uploads\/2023\/06\/vignette-rse-news-41.png","contentUrl":"https:\/\/www.tessi.eu\/wp-content\/uploads\/2023\/06\/vignette-rse-news-41.png","width":532,"height":350,"caption":"vignette rse news"},{"@type":"BreadcrumbList","@id":"https:\/\/www.tessi.eu\/fr\/politique-environnementale-du-groupe-tessi\/#breadcrumb","itemListElement":[{"@type":"ListItem","position":1,"name":"Home","item":"https:\/\/www.tessi.eu\/fr\/"},{"@type":"ListItem","position":2,"name":"Politique environnementale du groupe Tessi"}]},{"@type":"WebSite","@id":"https:\/\/www.tessi.eu\/fr\/#website","url":"https:\/\/www.tessi.eu\/fr\/","name":"Tessi International","description":"","potentialAction":[{"@type":"SearchAction","target":{"@type":"EntryPoint","urlTemplate":"https:\/\/www.tessi.eu\/fr\/?s={search_term_string}"},"query-input":{"@type":"PropertyValueSpecification","valueRequired":true,"valueName":"search_term_string"}}],"inLanguage":"fr-FR"},{"@type":"Person","@id":"https:\/\/www.tessi.eu\/fr\/#\/schema\/person\/2351c406fd33cac247ec1c445c126e1e","name":"limpide_admin","image":{"@type":"ImageObject","inLanguage":"fr-FR","@id":"https:\/\/www.tessi.eu\/fr\/#\/schema\/person\/image\/","url":"https:\/\/secure.gravatar.com\/avatar\/b8af01a2278e1591ade1191d65336babef6cb64316c0e9ec09ae9a292dd3d446?s=96&d=mm&r=g","contentUrl":"https:\/\/secure.gravatar.com\/avatar\/b8af01a2278e1591ade1191d65336babef6cb64316c0e9ec09ae9a292dd3d446?s=96&d=mm&r=g","caption":"limpide_admin"}}]}},"_links":{"self":[{"href":"https:\/\/www.tessi.eu\/fr\/wp-json\/wp\/v2\/posts\/36713\/"}],"collection":[{"href":"https:\/\/www.tessi.eu\/fr\/wp-json\/wp\/v2\/posts\/"}],"about":[{"href":"https:\/\/www.tessi.eu\/fr\/wp-json\/wp\/v2\/types\/post\/"}],"author":[{"embeddable":true,"href":"https:\/\/www.tessi.eu\/fr\/wp-json\/wp\/v2\/users\/1\/"}],"replies":[{"embeddable":true,"href":"https:\/\/www.tessi.eu\/fr\/wp-json\/wp\/v2\/comments\/?post=36713"}],"version-history":[{"count":4,"href":"https:\/\/www.tessi.eu\/fr\/wp-json\/wp\/v2\/posts\/36713\/revisions\/"}],"predecessor-version":[{"id":40358,"href":"https:\/\/www.tessi.eu\/fr\/wp-json\/wp\/v2\/posts\/36713\/revisions\/40358\/"}],"wp:featuredmedia":[{"embeddable":true,"href":"https:\/\/www.tessi.eu\/fr\/wp-json\/wp\/v2\/media\/36714\/"}],"wp:attachment":[{"href":"https:\/\/www.tessi.eu\/fr\/wp-json\/wp\/v2\/media\/?parent=36713"}],"wp:term":[{"taxonomy":"category","embeddable":true,"href":"https:\/\/www.tessi.eu\/fr\/wp-json\/wp\/v2\/categories\/?post=36713"},{"taxonomy":"post_tag","embeddable":true,"href":"https:\/\/www.tessi.eu\/fr\/wp-json\/wp\/v2\/tags\/?post=36713"}],"curies":[{"name":"wp","href":"https:\/\/api.w.org\/{rel}","templated":true}]}}