{"id":32562,"date":"2019-05-16T17:25:08","date_gmt":"2019-05-16T15:25:08","guid":{"rendered":"https:\/\/www.tessi.eu\/jeconsens-fr-et-tessi-signent-un-partenariat-pour-aider-les-patients-a-gerer-leurs-droits-dans-leur-parcours-numerique-de-soins\/"},"modified":"2019-05-16T17:25:08","modified_gmt":"2019-05-16T15:25:08","slug":"jeconsens-fr-et-tessi-signent-un-partenariat-pour-aider-les-patients-a-gerer-leurs-droits-dans-leur-parcours-numerique-de-soins","status":"publish","type":"post","link":"https:\/\/www.tessi.eu\/fr\/jeconsens-fr-et-tessi-signent-un-partenariat-pour-aider-les-patients-a-gerer-leurs-droits-dans-leur-parcours-numerique-de-soins\/","title":{"rendered":"jeconsens.fr et Tessi signent un partenariat pour aider les patients \u00e0 g\u00e9rer leurs droits dans leur parcours num\u00e9rique de soins"},"content":{"rendered":"<h5>Alors que seuls 6% des Fran\u00e7ais interrog\u00e9s connaissent l\u2019ensemble de leurs droits et que le d\u00e9veloppement du num\u00e9rique en sant\u00e9 acc\u00e9l\u00e8re la n\u00e9cessit\u00e9 de les aider \u00e0 les exercer, la plateforme de confiance jeconsens.fr accompagne les patients dans leur parcours de soins.<\/h5>\n<p>88% des Fran\u00e7ais consid\u00e8rent que le m\u00e9decin est le mieux plac\u00e9 pour leur donner des Informations. Pourtant, la eSant\u00e9 aide les patients \u00e0 s\u2019impliquer dans leurs parcours de soins. Pour preuve, la plateforme jeconsens.fr les aide \u00e0 comprendre leurs droits et partager leurs souhaits :<\/p>\n<ul>\n<li>Identification des repr\u00e9sentants l\u00e9gaux<\/li>\n<li>Consentement \u00e0 une intervention de fa\u00e7on \u00e9clair\u00e9e<\/li>\n<li>Partage de donn\u00e9es de sant\u00e9<\/li>\n<li>D\u00e9signation de la Personne de confiance<\/li>\n<li>R\u00e9daction des Directives anticip\u00e9es<\/li>\n<\/ul>\n<p>Elle les accompagne dans un parcours personnalis\u00e9, mis \u00e0 disposition par le m\u00e9decin et l\u2019\u00e9tablissement de sant\u00e9. Inform\u00e9, rassur\u00e9 et accompagn\u00e9, le patient devient r\u00e9ellement acteur de son parcours de soins.<\/p>\n<p>[&#8230;]<\/p>\n<p><a href=\"https:\/\/www.tessi.eu\/wp-content\/uploads\/2023\/04\/partenariat-tessi-jcs.pdf\" target=\"_blank\" rel=\"noopener noreferrer\">Lire le communiqu\u00e9 de presse<\/a><\/p>\n","protected":false},"excerpt":{"rendered":"<p>Alors que seuls 6% des Fran\u00e7ais interrog\u00e9s connaissent l\u2019ensemble de leurs droits et que le d\u00e9veloppement du num\u00e9rique en sant\u00e9 acc\u00e9l\u00e8re la n\u00e9cessit\u00e9 de les aider \u00e0 les exercer, la plateforme de confiance jeconsens.fr accompagne les patients dans leur parcours de soins. 88% des Fran\u00e7ais consid\u00e8rent que le m\u00e9decin est le mieux plac\u00e9 pour leur [&hellip;]<\/p>\n","protected":false},"author":40,"featured_media":11940,"comment_status":"closed","ping_status":"closed","sticky":false,"template":"","format":"standard","meta":{"_acf_changed":false,"footnotes":""},"categories":[47],"tags":[],"class_list":["post-32562","post","type-post","status-publish","format-standard","has-post-thumbnail","hentry","category-news"],"acf":[],"yoast_head":"<!-- This site is optimized with the Yoast SEO Premium plugin v22.3 (Yoast SEO v27.1.1) - https:\/\/yoast.com\/product\/yoast-seo-premium-wordpress\/ -->\n<title>jeconsens.fr et Tessi signent un partenariat pour aider les patients \u00e0 g\u00e9rer leurs droits dans leur parcours num\u00e9rique de soins - Tessi International<\/title>\n<meta name=\"robots\" content=\"index, follow, max-snippet:-1, max-image-preview:large, max-video-preview:-1\" \/>\n<link rel=\"canonical\" href=\"https:\/\/www.tessi.eu\/fr\/jeconsens-fr-et-tessi-signent-un-partenariat-pour-aider-les-patients-a-gerer-leurs-droits-dans-leur-parcours-numerique-de-soins\/\" \/>\n<meta property=\"og:locale\" content=\"fr_FR\" \/>\n<meta property=\"og:type\" content=\"article\" \/>\n<meta property=\"og:title\" content=\"jeconsens.fr et Tessi signent un partenariat pour aider les patients \u00e0 g\u00e9rer leurs droits dans leur parcours num\u00e9rique de soins\" \/>\n<meta property=\"og:description\" content=\"Alors que seuls 6% des Fran\u00e7ais interrog\u00e9s connaissent l\u2019ensemble de leurs droits et que le d\u00e9veloppement du num\u00e9rique en sant\u00e9 acc\u00e9l\u00e8re la n\u00e9cessit\u00e9 de les aider \u00e0 les exercer, la plateforme de confiance jeconsens.fr accompagne les patients dans leur parcours de soins. 88% des Fran\u00e7ais consid\u00e8rent que le m\u00e9decin est le mieux plac\u00e9 pour leur [&hellip;]\" \/>\n<meta property=\"og:url\" content=\"https:\/\/www.tessi.eu\/fr\/jeconsens-fr-et-tessi-signent-un-partenariat-pour-aider-les-patients-a-gerer-leurs-droits-dans-leur-parcours-numerique-de-soins\/\" \/>\n<meta property=\"og:site_name\" content=\"Tessi International\" \/>\n<meta property=\"article:published_time\" content=\"2019-05-16T15:25:08+00:00\" \/>\n<meta property=\"og:image\" content=\"https:\/\/tessi.on-web.fr\/wp-content\/uploads\/2020\/03\/tessi_actu_newblue.jpg\" \/>\n\t<meta property=\"og:image:width\" content=\"506\" \/>\n\t<meta property=\"og:image:height\" content=\"398\" \/>\n\t<meta property=\"og:image:type\" content=\"image\/jpeg\" \/>\n<meta name=\"author\" content=\"anaispini\" \/>\n<meta name=\"twitter:card\" content=\"summary_large_image\" \/>\n<meta name=\"twitter:label1\" content=\"\u00c9crit par\" \/>\n\t<meta name=\"twitter:data1\" content=\"anaispini\" \/>\n\t<meta name=\"twitter:label2\" content=\"Dur\u00e9e de lecture estim\u00e9e\" \/>\n\t<meta name=\"twitter:data2\" content=\"1 minute\" \/>\n<script type=\"application\/ld+json\" class=\"yoast-schema-graph\">{\"@context\":\"https:\/\/schema.org\",\"@graph\":[{\"@type\":\"Article\",\"@id\":\"https:\/\/www.tessi.eu\/fr\/jeconsens-fr-et-tessi-signent-un-partenariat-pour-aider-les-patients-a-gerer-leurs-droits-dans-leur-parcours-numerique-de-soins\/#article\",\"isPartOf\":{\"@id\":\"https:\/\/www.tessi.eu\/fr\/jeconsens-fr-et-tessi-signent-un-partenariat-pour-aider-les-patients-a-gerer-leurs-droits-dans-leur-parcours-numerique-de-soins\/\"},\"author\":{\"name\":\"anaispini\",\"@id\":\"https:\/\/www.tessi.eu\/fr\/#\/schema\/person\/d77f035bf12ae0e82161e0101f82602f\"},\"headline\":\"jeconsens.fr et Tessi signent un partenariat pour aider les patients \u00e0 g\u00e9rer leurs droits dans leur parcours num\u00e9rique de soins\",\"datePublished\":\"2019-05-16T15:25:08+00:00\",\"mainEntityOfPage\":{\"@id\":\"https:\/\/www.tessi.eu\/fr\/jeconsens-fr-et-tessi-signent-un-partenariat-pour-aider-les-patients-a-gerer-leurs-droits-dans-leur-parcours-numerique-de-soins\/\"},\"wordCount\":188,\"image\":{\"@id\":\"https:\/\/www.tessi.eu\/fr\/jeconsens-fr-et-tessi-signent-un-partenariat-pour-aider-les-patients-a-gerer-leurs-droits-dans-leur-parcours-numerique-de-soins\/#primaryimage\"},\"thumbnailUrl\":\"https:\/\/www.tessi.eu\/wp-content\/uploads\/2020\/03\/tessi_actu_newblue.jpg\",\"articleSection\":[\"News\"],\"inLanguage\":\"fr-FR\"},{\"@type\":\"WebPage\",\"@id\":\"https:\/\/www.tessi.eu\/fr\/jeconsens-fr-et-tessi-signent-un-partenariat-pour-aider-les-patients-a-gerer-leurs-droits-dans-leur-parcours-numerique-de-soins\/\",\"url\":\"https:\/\/www.tessi.eu\/fr\/jeconsens-fr-et-tessi-signent-un-partenariat-pour-aider-les-patients-a-gerer-leurs-droits-dans-leur-parcours-numerique-de-soins\/\",\"name\":\"jeconsens.fr et Tessi signent un partenariat pour aider les patients \u00e0 g\u00e9rer leurs droits dans leur parcours num\u00e9rique de soins - Tessi International\",\"isPartOf\":{\"@id\":\"https:\/\/www.tessi.eu\/fr\/#website\"},\"primaryImageOfPage\":{\"@id\":\"https:\/\/www.tessi.eu\/fr\/jeconsens-fr-et-tessi-signent-un-partenariat-pour-aider-les-patients-a-gerer-leurs-droits-dans-leur-parcours-numerique-de-soins\/#primaryimage\"},\"image\":{\"@id\":\"https:\/\/www.tessi.eu\/fr\/jeconsens-fr-et-tessi-signent-un-partenariat-pour-aider-les-patients-a-gerer-leurs-droits-dans-leur-parcours-numerique-de-soins\/#primaryimage\"},\"thumbnailUrl\":\"https:\/\/www.tessi.eu\/wp-content\/uploads\/2020\/03\/tessi_actu_newblue.jpg\",\"datePublished\":\"2019-05-16T15:25:08+00:00\",\"author\":{\"@id\":\"https:\/\/www.tessi.eu\/fr\/#\/schema\/person\/d77f035bf12ae0e82161e0101f82602f\"},\"breadcrumb\":{\"@id\":\"https:\/\/www.tessi.eu\/fr\/jeconsens-fr-et-tessi-signent-un-partenariat-pour-aider-les-patients-a-gerer-leurs-droits-dans-leur-parcours-numerique-de-soins\/#breadcrumb\"},\"inLanguage\":\"fr-FR\",\"potentialAction\":[{\"@type\":\"ReadAction\",\"target\":[\"https:\/\/www.tessi.eu\/fr\/jeconsens-fr-et-tessi-signent-un-partenariat-pour-aider-les-patients-a-gerer-leurs-droits-dans-leur-parcours-numerique-de-soins\/\"]}]},{\"@type\":\"ImageObject\",\"inLanguage\":\"fr-FR\",\"@id\":\"https:\/\/www.tessi.eu\/fr\/jeconsens-fr-et-tessi-signent-un-partenariat-pour-aider-les-patients-a-gerer-leurs-droits-dans-leur-parcours-numerique-de-soins\/#primaryimage\",\"url\":\"https:\/\/www.tessi.eu\/wp-content\/uploads\/2020\/03\/tessi_actu_newblue.jpg\",\"contentUrl\":\"https:\/\/www.tessi.eu\/wp-content\/uploads\/2020\/03\/tessi_actu_newblue.jpg\",\"width\":506,\"height\":398,\"caption\":\"tessi actu newblue\"},{\"@type\":\"BreadcrumbList\",\"@id\":\"https:\/\/www.tessi.eu\/fr\/jeconsens-fr-et-tessi-signent-un-partenariat-pour-aider-les-patients-a-gerer-leurs-droits-dans-leur-parcours-numerique-de-soins\/#breadcrumb\",\"itemListElement\":[{\"@type\":\"ListItem\",\"position\":1,\"name\":\"Home\",\"item\":\"https:\/\/www.tessi.eu\/fr\/\"},{\"@type\":\"ListItem\",\"position\":2,\"name\":\"jeconsens.fr et Tessi signent un partenariat pour aider les patients \u00e0 g\u00e9rer leurs droits dans leur parcours num\u00e9rique de soins\"}]},{\"@type\":\"WebSite\",\"@id\":\"https:\/\/www.tessi.eu\/fr\/#website\",\"url\":\"https:\/\/www.tessi.eu\/fr\/\",\"name\":\"Tessi International\",\"description\":\"\",\"potentialAction\":[{\"@type\":\"SearchAction\",\"target\":{\"@type\":\"EntryPoint\",\"urlTemplate\":\"https:\/\/www.tessi.eu\/fr\/?s={search_term_string}\"},\"query-input\":{\"@type\":\"PropertyValueSpecification\",\"valueRequired\":true,\"valueName\":\"search_term_string\"}}],\"inLanguage\":\"fr-FR\"},{\"@type\":\"Person\",\"@id\":\"https:\/\/www.tessi.eu\/fr\/#\/schema\/person\/d77f035bf12ae0e82161e0101f82602f\",\"name\":\"anaispini\",\"image\":{\"@type\":\"ImageObject\",\"inLanguage\":\"fr-FR\",\"@id\":\"https:\/\/www.tessi.eu\/fr\/#\/schema\/person\/image\/\",\"url\":\"https:\/\/secure.gravatar.com\/avatar\/2ff05654bdb61baf433b7775a00e4ac807d60b5c5b4d3fa3c236a586f2157ed9?s=96&d=mm&r=g\",\"contentUrl\":\"https:\/\/secure.gravatar.com\/avatar\/2ff05654bdb61baf433b7775a00e4ac807d60b5c5b4d3fa3c236a586f2157ed9?s=96&d=mm&r=g\",\"caption\":\"anaispini\"}}]}<\/script>\n<!-- \/ Yoast SEO Premium plugin. -->","yoast_head_json":{"title":"jeconsens.fr et Tessi signent un partenariat pour aider les patients \u00e0 g\u00e9rer leurs droits dans leur parcours num\u00e9rique de soins - Tessi International","robots":{"index":"index","follow":"follow","max-snippet":"max-snippet:-1","max-image-preview":"max-image-preview:large","max-video-preview":"max-video-preview:-1"},"canonical":"https:\/\/www.tessi.eu\/fr\/jeconsens-fr-et-tessi-signent-un-partenariat-pour-aider-les-patients-a-gerer-leurs-droits-dans-leur-parcours-numerique-de-soins\/","og_locale":"fr_FR","og_type":"article","og_title":"jeconsens.fr et Tessi signent un partenariat pour aider les patients \u00e0 g\u00e9rer leurs droits dans leur parcours num\u00e9rique de soins","og_description":"Alors que seuls 6% des Fran\u00e7ais interrog\u00e9s connaissent l\u2019ensemble de leurs droits et que le d\u00e9veloppement du num\u00e9rique en sant\u00e9 acc\u00e9l\u00e8re la n\u00e9cessit\u00e9 de les aider \u00e0 les exercer, la plateforme de confiance jeconsens.fr accompagne les patients dans leur parcours de soins. 88% des Fran\u00e7ais consid\u00e8rent que le m\u00e9decin est le mieux plac\u00e9 pour leur [&hellip;]","og_url":"https:\/\/www.tessi.eu\/fr\/jeconsens-fr-et-tessi-signent-un-partenariat-pour-aider-les-patients-a-gerer-leurs-droits-dans-leur-parcours-numerique-de-soins\/","og_site_name":"Tessi International","article_published_time":"2019-05-16T15:25:08+00:00","og_image":[{"width":506,"height":398,"url":"https:\/\/tessi.on-web.fr\/wp-content\/uploads\/2020\/03\/tessi_actu_newblue.jpg","type":"image\/jpeg"}],"author":"anaispini","twitter_card":"summary_large_image","twitter_misc":{"\u00c9crit par":"anaispini","Dur\u00e9e de lecture estim\u00e9e":"1 minute"},"schema":{"@context":"https:\/\/schema.org","@graph":[{"@type":"Article","@id":"https:\/\/www.tessi.eu\/fr\/jeconsens-fr-et-tessi-signent-un-partenariat-pour-aider-les-patients-a-gerer-leurs-droits-dans-leur-parcours-numerique-de-soins\/#article","isPartOf":{"@id":"https:\/\/www.tessi.eu\/fr\/jeconsens-fr-et-tessi-signent-un-partenariat-pour-aider-les-patients-a-gerer-leurs-droits-dans-leur-parcours-numerique-de-soins\/"},"author":{"name":"anaispini","@id":"https:\/\/www.tessi.eu\/fr\/#\/schema\/person\/d77f035bf12ae0e82161e0101f82602f"},"headline":"jeconsens.fr et Tessi signent un partenariat pour aider les patients \u00e0 g\u00e9rer leurs droits dans leur parcours num\u00e9rique de soins","datePublished":"2019-05-16T15:25:08+00:00","mainEntityOfPage":{"@id":"https:\/\/www.tessi.eu\/fr\/jeconsens-fr-et-tessi-signent-un-partenariat-pour-aider-les-patients-a-gerer-leurs-droits-dans-leur-parcours-numerique-de-soins\/"},"wordCount":188,"image":{"@id":"https:\/\/www.tessi.eu\/fr\/jeconsens-fr-et-tessi-signent-un-partenariat-pour-aider-les-patients-a-gerer-leurs-droits-dans-leur-parcours-numerique-de-soins\/#primaryimage"},"thumbnailUrl":"https:\/\/www.tessi.eu\/wp-content\/uploads\/2020\/03\/tessi_actu_newblue.jpg","articleSection":["News"],"inLanguage":"fr-FR"},{"@type":"WebPage","@id":"https:\/\/www.tessi.eu\/fr\/jeconsens-fr-et-tessi-signent-un-partenariat-pour-aider-les-patients-a-gerer-leurs-droits-dans-leur-parcours-numerique-de-soins\/","url":"https:\/\/www.tessi.eu\/fr\/jeconsens-fr-et-tessi-signent-un-partenariat-pour-aider-les-patients-a-gerer-leurs-droits-dans-leur-parcours-numerique-de-soins\/","name":"jeconsens.fr et Tessi signent un partenariat pour aider les patients \u00e0 g\u00e9rer leurs droits dans leur parcours num\u00e9rique de soins - Tessi International","isPartOf":{"@id":"https:\/\/www.tessi.eu\/fr\/#website"},"primaryImageOfPage":{"@id":"https:\/\/www.tessi.eu\/fr\/jeconsens-fr-et-tessi-signent-un-partenariat-pour-aider-les-patients-a-gerer-leurs-droits-dans-leur-parcours-numerique-de-soins\/#primaryimage"},"image":{"@id":"https:\/\/www.tessi.eu\/fr\/jeconsens-fr-et-tessi-signent-un-partenariat-pour-aider-les-patients-a-gerer-leurs-droits-dans-leur-parcours-numerique-de-soins\/#primaryimage"},"thumbnailUrl":"https:\/\/www.tessi.eu\/wp-content\/uploads\/2020\/03\/tessi_actu_newblue.jpg","datePublished":"2019-05-16T15:25:08+00:00","author":{"@id":"https:\/\/www.tessi.eu\/fr\/#\/schema\/person\/d77f035bf12ae0e82161e0101f82602f"},"breadcrumb":{"@id":"https:\/\/www.tessi.eu\/fr\/jeconsens-fr-et-tessi-signent-un-partenariat-pour-aider-les-patients-a-gerer-leurs-droits-dans-leur-parcours-numerique-de-soins\/#breadcrumb"},"inLanguage":"fr-FR","potentialAction":[{"@type":"ReadAction","target":["https:\/\/www.tessi.eu\/fr\/jeconsens-fr-et-tessi-signent-un-partenariat-pour-aider-les-patients-a-gerer-leurs-droits-dans-leur-parcours-numerique-de-soins\/"]}]},{"@type":"ImageObject","inLanguage":"fr-FR","@id":"https:\/\/www.tessi.eu\/fr\/jeconsens-fr-et-tessi-signent-un-partenariat-pour-aider-les-patients-a-gerer-leurs-droits-dans-leur-parcours-numerique-de-soins\/#primaryimage","url":"https:\/\/www.tessi.eu\/wp-content\/uploads\/2020\/03\/tessi_actu_newblue.jpg","contentUrl":"https:\/\/www.tessi.eu\/wp-content\/uploads\/2020\/03\/tessi_actu_newblue.jpg","width":506,"height":398,"caption":"tessi actu newblue"},{"@type":"BreadcrumbList","@id":"https:\/\/www.tessi.eu\/fr\/jeconsens-fr-et-tessi-signent-un-partenariat-pour-aider-les-patients-a-gerer-leurs-droits-dans-leur-parcours-numerique-de-soins\/#breadcrumb","itemListElement":[{"@type":"ListItem","position":1,"name":"Home","item":"https:\/\/www.tessi.eu\/fr\/"},{"@type":"ListItem","position":2,"name":"jeconsens.fr et Tessi signent un partenariat pour aider les patients \u00e0 g\u00e9rer leurs droits dans leur parcours num\u00e9rique de soins"}]},{"@type":"WebSite","@id":"https:\/\/www.tessi.eu\/fr\/#website","url":"https:\/\/www.tessi.eu\/fr\/","name":"Tessi International","description":"","potentialAction":[{"@type":"SearchAction","target":{"@type":"EntryPoint","urlTemplate":"https:\/\/www.tessi.eu\/fr\/?s={search_term_string}"},"query-input":{"@type":"PropertyValueSpecification","valueRequired":true,"valueName":"search_term_string"}}],"inLanguage":"fr-FR"},{"@type":"Person","@id":"https:\/\/www.tessi.eu\/fr\/#\/schema\/person\/d77f035bf12ae0e82161e0101f82602f","name":"anaispini","image":{"@type":"ImageObject","inLanguage":"fr-FR","@id":"https:\/\/www.tessi.eu\/fr\/#\/schema\/person\/image\/","url":"https:\/\/secure.gravatar.com\/avatar\/2ff05654bdb61baf433b7775a00e4ac807d60b5c5b4d3fa3c236a586f2157ed9?s=96&d=mm&r=g","contentUrl":"https:\/\/secure.gravatar.com\/avatar\/2ff05654bdb61baf433b7775a00e4ac807d60b5c5b4d3fa3c236a586f2157ed9?s=96&d=mm&r=g","caption":"anaispini"}}]}},"_links":{"self":[{"href":"https:\/\/www.tessi.eu\/fr\/wp-json\/wp\/v2\/posts\/32562\/"}],"collection":[{"href":"https:\/\/www.tessi.eu\/fr\/wp-json\/wp\/v2\/posts\/"}],"about":[{"href":"https:\/\/www.tessi.eu\/fr\/wp-json\/wp\/v2\/types\/post\/"}],"author":[{"embeddable":true,"href":"https:\/\/www.tessi.eu\/fr\/wp-json\/wp\/v2\/users\/40\/"}],"replies":[{"embeddable":true,"href":"https:\/\/www.tessi.eu\/fr\/wp-json\/wp\/v2\/comments\/?post=32562"}],"version-history":[{"count":1,"href":"https:\/\/www.tessi.eu\/fr\/wp-json\/wp\/v2\/posts\/32562\/revisions\/"}],"predecessor-version":[{"id":32570,"href":"https:\/\/www.tessi.eu\/fr\/wp-json\/wp\/v2\/posts\/32562\/revisions\/32570\/"}],"wp:featuredmedia":[{"embeddable":true,"href":"https:\/\/www.tessi.eu\/fr\/wp-json\/wp\/v2\/media\/11940\/"}],"wp:attachment":[{"href":"https:\/\/www.tessi.eu\/fr\/wp-json\/wp\/v2\/media\/?parent=32562"}],"wp:term":[{"taxonomy":"category","embeddable":true,"href":"https:\/\/www.tessi.eu\/fr\/wp-json\/wp\/v2\/categories\/?post=32562"},{"taxonomy":"post_tag","embeddable":true,"href":"https:\/\/www.tessi.eu\/fr\/wp-json\/wp\/v2\/tags\/?post=32562"}],"curies":[{"name":"wp","href":"https:\/\/api.w.org\/{rel}","templated":true}]}}