{"id":32546,"date":"2019-07-16T12:30:44","date_gmt":"2019-07-16T10:30:44","guid":{"rendered":"https:\/\/www.tessi.eu\/tessi-reconnu-pour-sa-politique-rse-par-lorganisme-de-notation-ecovadis\/"},"modified":"2022-05-17T10:51:10","modified_gmt":"2022-05-17T08:51:10","slug":"tessi-reconnu-pour-sa-politique-rse-par-lorganisme-de-notation-ecovadis","status":"publish","type":"post","link":"https:\/\/www.tessi.eu\/fr\/tessi-reconnu-pour-sa-politique-rse-par-lorganisme-de-notation-ecovadis\/","title":{"rendered":"Tessi reconnu pour sa politique RSE  par l\u2019organisme de notation EcoVadis"},"content":{"rendered":"<div style=\"width: 250px; float: left; padding-right: 40px;\"><img loading=\"lazy\" decoding=\"async\" src=\"https:\/\/www.tessi.eu\/fr\/wp-content\/uploads\/sites\/2\/2019\/07\/evovadis-2019.jpg\" alt=\"tessi\" width=\"220\" height=\"222\" border=\"0\" \/><\/div>\n<div style=\"height: 222px; padding: 20px 0px 0px 40px;\"><em><em><strong>Le groupe Tessi est une fois de plus reconnu pour la conduite de sa politique RSE (Responsabilit\u00e9 Soci\u00e9tale des Entreprises) par l\u2019organisme de notation Ecovadis.<br \/>\nIl se positionne dans le top 5 des meilleures performances des entreprises \u00e9valu\u00e9es.<\/strong><\/em><\/em>&nbsp;<\/p>\n<\/div>\n<div><em>Le Groupe est en progression par rapport \u00e0 l\u2019ann\u00e9e derni\u00e8re avec une note de 66\/100 : il obtient le label Gold pour la deuxi\u00e8me ann\u00e9e cons\u00e9cutive, t\u00e9moin de son engagement.<\/em><\/div>\n<div>\n<p>Cr\u00e9\u00e9 en 2007, Ecovadis est un organisme qui \u00e9value les politiques men\u00e9es par les entreprises sur quatre th\u00e9matiques principales : l\u2019environnement, l\u2019engagement social et \u00e9thique et la gestion des achats responsables. Pour cette \u00e9valuation, les entreprises fournissent \u00e0 Ecovadis des preuves documentaires et l\u2019ensemble des informations publiques sociales et environnementales du Groupe.<\/p>\n<p>Entreprise engag\u00e9e, Tessi est signataire depuis 2011 du Global Compact des Nations Unies et s\u2019attache \u00e0 respecter les 10 principes relatifs aux droits de l\u2019Homme, aux normes du travail, \u00e0 l\u2019environnement et \u00e0 la lutte contre la corruption. Le Groupe contribue ainsi \u00e0 sa mesure aux Objectifs de D\u00e9veloppement Durable en les int\u00e9grant dans sa strat\u00e9gie RSE.<\/p>\n<p>Tessi consid\u00e8re la richesse de son capital humain et le valorise comme un v\u00e9ritable facteur de performance. Signataire de la Charte de la diversit\u00e9 depuis mars 2018, le Groupe m\u00e8ne une politique diversit\u00e9 et handicap ambitieuse pour favoriser la diversit\u00e9 et lutter contre toutes les formes de discrimination.<\/p>\n<p>\u00c9galement conscient de l\u2019impact environnemental de ses activit\u00e9s, le Groupe se mobilise autour d\u2019un plan d\u2019action et d\u2019objectifs environnementaux sur les 3 axes suivants\u00a0: r\u00e9duire l\u2019empreinte environnementale des d\u00e9placements de ses collaborateurs, optimiser et r\u00e9duire sa consommation \u00e9lectrique, et optimiser le recyclage et la valorisation de ses d\u00e9chets.<\/p>\n<p><em>\u00ab\u00a0Ce r\u00e9sultat est une belle reconnaissance pour le Groupe et son engagement, mais c\u2019est aussi une incitation pour aller encore plus loin. La force et le poids de notre Groupe constituent des atouts consid\u00e9rables pour d\u00e9multiplier les initiatives en faveur de la RSE\u00a0: nous devons saisir cette opportunit\u00e9 pour continuer \u00e0 agir\u00a0\u00bb <\/em>ajoute Fr\u00e9d\u00e9rique Duffaud, Directrice RSE et d\u00e9veloppement durable Groupe.<\/p>\n<p><a href=\"https:\/\/www.tessi.eu\/fr\/wp-content\/uploads\/sites\/2\/2019\/07\/20190716_tessi-cp-ecovadis.pdf\" target=\"_blank\" rel=\"noopener noreferrer\">T\u00e9l\u00e9charger le communiqu\u00e9 de presse<\/a><\/p>\n<\/div>\n","protected":false},"excerpt":{"rendered":"<p>Le groupe Tessi est une fois de plus reconnu pour la conduite de sa politique RSE (Responsabilit\u00e9 Soci\u00e9tale des Entreprises) par l\u2019organisme de notation Ecovadis. Il se positionne dans le top 5 des meilleures performances des entreprises \u00e9valu\u00e9es.&nbsp; Le Groupe est en progression par rapport \u00e0 l\u2019ann\u00e9e derni\u00e8re avec une note de 66\/100 : il [&hellip;]<\/p>\n","protected":false},"author":11,"featured_media":32547,"comment_status":"closed","ping_status":"closed","sticky":false,"template":"","format":"standard","meta":{"_acf_changed":false,"footnotes":""},"categories":[47,112],"tags":[],"class_list":["post-32546","post","type-post","status-publish","format-standard","has-post-thumbnail","hentry","category-news","category-politique-environnementale-et-societale"],"acf":[],"yoast_head":"<!-- This site is optimized with the Yoast SEO Premium plugin v22.3 (Yoast SEO v27.1.1) - https:\/\/yoast.com\/product\/yoast-seo-premium-wordpress\/ -->\n<title>Tessi reconnu pour sa politique RSE par l\u2019organisme de notation EcoVadis - Tessi International<\/title>\n<meta name=\"robots\" content=\"index, follow, max-snippet:-1, max-image-preview:large, max-video-preview:-1\" \/>\n<link rel=\"canonical\" href=\"https:\/\/www.tessi.eu\/fr\/tessi-reconnu-pour-sa-politique-rse-par-lorganisme-de-notation-ecovadis\/\" \/>\n<meta property=\"og:locale\" content=\"fr_FR\" \/>\n<meta property=\"og:type\" content=\"article\" \/>\n<meta property=\"og:title\" content=\"Tessi reconnu pour sa politique RSE par l\u2019organisme de notation EcoVadis\" \/>\n<meta property=\"og:description\" content=\"Le groupe Tessi est une fois de plus reconnu pour la conduite de sa politique RSE (Responsabilit\u00e9 Soci\u00e9tale des Entreprises) par l\u2019organisme de notation Ecovadis. Il se positionne dans le top 5 des meilleures performances des entreprises \u00e9valu\u00e9es.&nbsp; Le Groupe est en progression par rapport \u00e0 l\u2019ann\u00e9e derni\u00e8re avec une note de 66\/100 : il [&hellip;]\" \/>\n<meta property=\"og:url\" content=\"https:\/\/www.tessi.eu\/fr\/tessi-reconnu-pour-sa-politique-rse-par-lorganisme-de-notation-ecovadis\/\" \/>\n<meta property=\"og:site_name\" content=\"Tessi International\" \/>\n<meta property=\"article:published_time\" content=\"2019-07-16T10:30:44+00:00\" \/>\n<meta property=\"article:modified_time\" content=\"2022-05-17T08:51:10+00:00\" \/>\n<meta property=\"og:image\" content=\"https:\/\/tessi.on-web.fr\/wp-content\/uploads\/2023\/04\/evovadis-2019-img-article-1.png\" \/>\n\t<meta property=\"og:image:width\" content=\"397\" \/>\n\t<meta property=\"og:image:height\" content=\"222\" \/>\n\t<meta property=\"og:image:type\" content=\"image\/png\" \/>\n<meta name=\"author\" content=\"cbonnet\" \/>\n<meta name=\"twitter:card\" content=\"summary_large_image\" \/>\n<meta name=\"twitter:label1\" content=\"\u00c9crit par\" \/>\n\t<meta name=\"twitter:data1\" content=\"cbonnet\" \/>\n\t<meta name=\"twitter:label2\" content=\"Dur\u00e9e de lecture estim\u00e9e\" \/>\n\t<meta name=\"twitter:data2\" content=\"2 minutes\" \/>\n<script type=\"application\/ld+json\" class=\"yoast-schema-graph\">{\"@context\":\"https:\/\/schema.org\",\"@graph\":[{\"@type\":\"Article\",\"@id\":\"https:\/\/www.tessi.eu\/fr\/tessi-reconnu-pour-sa-politique-rse-par-lorganisme-de-notation-ecovadis\/#article\",\"isPartOf\":{\"@id\":\"https:\/\/www.tessi.eu\/fr\/tessi-reconnu-pour-sa-politique-rse-par-lorganisme-de-notation-ecovadis\/\"},\"author\":{\"name\":\"cbonnet\",\"@id\":\"https:\/\/www.tessi.eu\/fr\/#\/schema\/person\/859d0f8ee0e735b277dee0268b7ad791\"},\"headline\":\"Tessi reconnu pour sa politique RSE par l\u2019organisme de notation EcoVadis\",\"datePublished\":\"2019-07-16T10:30:44+00:00\",\"dateModified\":\"2022-05-17T08:51:10+00:00\",\"mainEntityOfPage\":{\"@id\":\"https:\/\/www.tessi.eu\/fr\/tessi-reconnu-pour-sa-politique-rse-par-lorganisme-de-notation-ecovadis\/\"},\"wordCount\":380,\"image\":{\"@id\":\"https:\/\/www.tessi.eu\/fr\/tessi-reconnu-pour-sa-politique-rse-par-lorganisme-de-notation-ecovadis\/#primaryimage\"},\"thumbnailUrl\":\"https:\/\/www.tessi.eu\/wp-content\/uploads\/2023\/04\/evovadis-2019-img-article-1.png\",\"articleSection\":[\"News\",\"Politique environnementale et soci\u00e9tale\"],\"inLanguage\":\"fr-FR\"},{\"@type\":\"WebPage\",\"@id\":\"https:\/\/www.tessi.eu\/fr\/tessi-reconnu-pour-sa-politique-rse-par-lorganisme-de-notation-ecovadis\/\",\"url\":\"https:\/\/www.tessi.eu\/fr\/tessi-reconnu-pour-sa-politique-rse-par-lorganisme-de-notation-ecovadis\/\",\"name\":\"Tessi reconnu pour sa politique RSE par l\u2019organisme de notation EcoVadis - Tessi International\",\"isPartOf\":{\"@id\":\"https:\/\/www.tessi.eu\/fr\/#website\"},\"primaryImageOfPage\":{\"@id\":\"https:\/\/www.tessi.eu\/fr\/tessi-reconnu-pour-sa-politique-rse-par-lorganisme-de-notation-ecovadis\/#primaryimage\"},\"image\":{\"@id\":\"https:\/\/www.tessi.eu\/fr\/tessi-reconnu-pour-sa-politique-rse-par-lorganisme-de-notation-ecovadis\/#primaryimage\"},\"thumbnailUrl\":\"https:\/\/www.tessi.eu\/wp-content\/uploads\/2023\/04\/evovadis-2019-img-article-1.png\",\"datePublished\":\"2019-07-16T10:30:44+00:00\",\"dateModified\":\"2022-05-17T08:51:10+00:00\",\"author\":{\"@id\":\"https:\/\/www.tessi.eu\/fr\/#\/schema\/person\/859d0f8ee0e735b277dee0268b7ad791\"},\"breadcrumb\":{\"@id\":\"https:\/\/www.tessi.eu\/fr\/tessi-reconnu-pour-sa-politique-rse-par-lorganisme-de-notation-ecovadis\/#breadcrumb\"},\"inLanguage\":\"fr-FR\",\"potentialAction\":[{\"@type\":\"ReadAction\",\"target\":[\"https:\/\/www.tessi.eu\/fr\/tessi-reconnu-pour-sa-politique-rse-par-lorganisme-de-notation-ecovadis\/\"]}]},{\"@type\":\"ImageObject\",\"inLanguage\":\"fr-FR\",\"@id\":\"https:\/\/www.tessi.eu\/fr\/tessi-reconnu-pour-sa-politique-rse-par-lorganisme-de-notation-ecovadis\/#primaryimage\",\"url\":\"https:\/\/www.tessi.eu\/wp-content\/uploads\/2023\/04\/evovadis-2019-img-article-1.png\",\"contentUrl\":\"https:\/\/www.tessi.eu\/wp-content\/uploads\/2023\/04\/evovadis-2019-img-article-1.png\",\"width\":397,\"height\":222,\"caption\":\"evovadis img article\"},{\"@type\":\"BreadcrumbList\",\"@id\":\"https:\/\/www.tessi.eu\/fr\/tessi-reconnu-pour-sa-politique-rse-par-lorganisme-de-notation-ecovadis\/#breadcrumb\",\"itemListElement\":[{\"@type\":\"ListItem\",\"position\":1,\"name\":\"Home\",\"item\":\"https:\/\/www.tessi.eu\/fr\/\"},{\"@type\":\"ListItem\",\"position\":2,\"name\":\"Tessi reconnu pour sa politique RSE par l\u2019organisme de notation EcoVadis\"}]},{\"@type\":\"WebSite\",\"@id\":\"https:\/\/www.tessi.eu\/fr\/#website\",\"url\":\"https:\/\/www.tessi.eu\/fr\/\",\"name\":\"Tessi International\",\"description\":\"\",\"potentialAction\":[{\"@type\":\"SearchAction\",\"target\":{\"@type\":\"EntryPoint\",\"urlTemplate\":\"https:\/\/www.tessi.eu\/fr\/?s={search_term_string}\"},\"query-input\":{\"@type\":\"PropertyValueSpecification\",\"valueRequired\":true,\"valueName\":\"search_term_string\"}}],\"inLanguage\":\"fr-FR\"},{\"@type\":\"Person\",\"@id\":\"https:\/\/www.tessi.eu\/fr\/#\/schema\/person\/859d0f8ee0e735b277dee0268b7ad791\",\"name\":\"cbonnet\",\"image\":{\"@type\":\"ImageObject\",\"inLanguage\":\"fr-FR\",\"@id\":\"https:\/\/www.tessi.eu\/fr\/#\/schema\/person\/image\/\",\"url\":\"https:\/\/secure.gravatar.com\/avatar\/0d01ab1b427b196966268d5f1407f20f6367aba1866f9ac86912cfd758c2f669?s=96&d=mm&r=g\",\"contentUrl\":\"https:\/\/secure.gravatar.com\/avatar\/0d01ab1b427b196966268d5f1407f20f6367aba1866f9ac86912cfd758c2f669?s=96&d=mm&r=g\",\"caption\":\"cbonnet\"}}]}<\/script>\n<!-- \/ Yoast SEO Premium plugin. -->","yoast_head_json":{"title":"Tessi reconnu pour sa politique RSE par l\u2019organisme de notation EcoVadis - Tessi International","robots":{"index":"index","follow":"follow","max-snippet":"max-snippet:-1","max-image-preview":"max-image-preview:large","max-video-preview":"max-video-preview:-1"},"canonical":"https:\/\/www.tessi.eu\/fr\/tessi-reconnu-pour-sa-politique-rse-par-lorganisme-de-notation-ecovadis\/","og_locale":"fr_FR","og_type":"article","og_title":"Tessi reconnu pour sa politique RSE par l\u2019organisme de notation EcoVadis","og_description":"Le groupe Tessi est une fois de plus reconnu pour la conduite de sa politique RSE (Responsabilit\u00e9 Soci\u00e9tale des Entreprises) par l\u2019organisme de notation Ecovadis. Il se positionne dans le top 5 des meilleures performances des entreprises \u00e9valu\u00e9es.&nbsp; Le Groupe est en progression par rapport \u00e0 l\u2019ann\u00e9e derni\u00e8re avec une note de 66\/100 : il [&hellip;]","og_url":"https:\/\/www.tessi.eu\/fr\/tessi-reconnu-pour-sa-politique-rse-par-lorganisme-de-notation-ecovadis\/","og_site_name":"Tessi International","article_published_time":"2019-07-16T10:30:44+00:00","article_modified_time":"2022-05-17T08:51:10+00:00","og_image":[{"width":397,"height":222,"url":"https:\/\/tessi.on-web.fr\/wp-content\/uploads\/2023\/04\/evovadis-2019-img-article-1.png","type":"image\/png"}],"author":"cbonnet","twitter_card":"summary_large_image","twitter_misc":{"\u00c9crit par":"cbonnet","Dur\u00e9e de lecture estim\u00e9e":"2 minutes"},"schema":{"@context":"https:\/\/schema.org","@graph":[{"@type":"Article","@id":"https:\/\/www.tessi.eu\/fr\/tessi-reconnu-pour-sa-politique-rse-par-lorganisme-de-notation-ecovadis\/#article","isPartOf":{"@id":"https:\/\/www.tessi.eu\/fr\/tessi-reconnu-pour-sa-politique-rse-par-lorganisme-de-notation-ecovadis\/"},"author":{"name":"cbonnet","@id":"https:\/\/www.tessi.eu\/fr\/#\/schema\/person\/859d0f8ee0e735b277dee0268b7ad791"},"headline":"Tessi reconnu pour sa politique RSE par l\u2019organisme de notation EcoVadis","datePublished":"2019-07-16T10:30:44+00:00","dateModified":"2022-05-17T08:51:10+00:00","mainEntityOfPage":{"@id":"https:\/\/www.tessi.eu\/fr\/tessi-reconnu-pour-sa-politique-rse-par-lorganisme-de-notation-ecovadis\/"},"wordCount":380,"image":{"@id":"https:\/\/www.tessi.eu\/fr\/tessi-reconnu-pour-sa-politique-rse-par-lorganisme-de-notation-ecovadis\/#primaryimage"},"thumbnailUrl":"https:\/\/www.tessi.eu\/wp-content\/uploads\/2023\/04\/evovadis-2019-img-article-1.png","articleSection":["News","Politique environnementale et soci\u00e9tale"],"inLanguage":"fr-FR"},{"@type":"WebPage","@id":"https:\/\/www.tessi.eu\/fr\/tessi-reconnu-pour-sa-politique-rse-par-lorganisme-de-notation-ecovadis\/","url":"https:\/\/www.tessi.eu\/fr\/tessi-reconnu-pour-sa-politique-rse-par-lorganisme-de-notation-ecovadis\/","name":"Tessi reconnu pour sa politique RSE par l\u2019organisme de notation EcoVadis - Tessi International","isPartOf":{"@id":"https:\/\/www.tessi.eu\/fr\/#website"},"primaryImageOfPage":{"@id":"https:\/\/www.tessi.eu\/fr\/tessi-reconnu-pour-sa-politique-rse-par-lorganisme-de-notation-ecovadis\/#primaryimage"},"image":{"@id":"https:\/\/www.tessi.eu\/fr\/tessi-reconnu-pour-sa-politique-rse-par-lorganisme-de-notation-ecovadis\/#primaryimage"},"thumbnailUrl":"https:\/\/www.tessi.eu\/wp-content\/uploads\/2023\/04\/evovadis-2019-img-article-1.png","datePublished":"2019-07-16T10:30:44+00:00","dateModified":"2022-05-17T08:51:10+00:00","author":{"@id":"https:\/\/www.tessi.eu\/fr\/#\/schema\/person\/859d0f8ee0e735b277dee0268b7ad791"},"breadcrumb":{"@id":"https:\/\/www.tessi.eu\/fr\/tessi-reconnu-pour-sa-politique-rse-par-lorganisme-de-notation-ecovadis\/#breadcrumb"},"inLanguage":"fr-FR","potentialAction":[{"@type":"ReadAction","target":["https:\/\/www.tessi.eu\/fr\/tessi-reconnu-pour-sa-politique-rse-par-lorganisme-de-notation-ecovadis\/"]}]},{"@type":"ImageObject","inLanguage":"fr-FR","@id":"https:\/\/www.tessi.eu\/fr\/tessi-reconnu-pour-sa-politique-rse-par-lorganisme-de-notation-ecovadis\/#primaryimage","url":"https:\/\/www.tessi.eu\/wp-content\/uploads\/2023\/04\/evovadis-2019-img-article-1.png","contentUrl":"https:\/\/www.tessi.eu\/wp-content\/uploads\/2023\/04\/evovadis-2019-img-article-1.png","width":397,"height":222,"caption":"evovadis img article"},{"@type":"BreadcrumbList","@id":"https:\/\/www.tessi.eu\/fr\/tessi-reconnu-pour-sa-politique-rse-par-lorganisme-de-notation-ecovadis\/#breadcrumb","itemListElement":[{"@type":"ListItem","position":1,"name":"Home","item":"https:\/\/www.tessi.eu\/fr\/"},{"@type":"ListItem","position":2,"name":"Tessi reconnu pour sa politique RSE par l\u2019organisme de notation EcoVadis"}]},{"@type":"WebSite","@id":"https:\/\/www.tessi.eu\/fr\/#website","url":"https:\/\/www.tessi.eu\/fr\/","name":"Tessi International","description":"","potentialAction":[{"@type":"SearchAction","target":{"@type":"EntryPoint","urlTemplate":"https:\/\/www.tessi.eu\/fr\/?s={search_term_string}"},"query-input":{"@type":"PropertyValueSpecification","valueRequired":true,"valueName":"search_term_string"}}],"inLanguage":"fr-FR"},{"@type":"Person","@id":"https:\/\/www.tessi.eu\/fr\/#\/schema\/person\/859d0f8ee0e735b277dee0268b7ad791","name":"cbonnet","image":{"@type":"ImageObject","inLanguage":"fr-FR","@id":"https:\/\/www.tessi.eu\/fr\/#\/schema\/person\/image\/","url":"https:\/\/secure.gravatar.com\/avatar\/0d01ab1b427b196966268d5f1407f20f6367aba1866f9ac86912cfd758c2f669?s=96&d=mm&r=g","contentUrl":"https:\/\/secure.gravatar.com\/avatar\/0d01ab1b427b196966268d5f1407f20f6367aba1866f9ac86912cfd758c2f669?s=96&d=mm&r=g","caption":"cbonnet"}}]}},"_links":{"self":[{"href":"https:\/\/www.tessi.eu\/fr\/wp-json\/wp\/v2\/posts\/32546\/"}],"collection":[{"href":"https:\/\/www.tessi.eu\/fr\/wp-json\/wp\/v2\/posts\/"}],"about":[{"href":"https:\/\/www.tessi.eu\/fr\/wp-json\/wp\/v2\/types\/post\/"}],"author":[{"embeddable":true,"href":"https:\/\/www.tessi.eu\/fr\/wp-json\/wp\/v2\/users\/11\/"}],"replies":[{"embeddable":true,"href":"https:\/\/www.tessi.eu\/fr\/wp-json\/wp\/v2\/comments\/?post=32546"}],"version-history":[{"count":0,"href":"https:\/\/www.tessi.eu\/fr\/wp-json\/wp\/v2\/posts\/32546\/revisions\/"}],"wp:featuredmedia":[{"embeddable":true,"href":"https:\/\/www.tessi.eu\/fr\/wp-json\/wp\/v2\/media\/32547\/"}],"wp:attachment":[{"href":"https:\/\/www.tessi.eu\/fr\/wp-json\/wp\/v2\/media\/?parent=32546"}],"wp:term":[{"taxonomy":"category","embeddable":true,"href":"https:\/\/www.tessi.eu\/fr\/wp-json\/wp\/v2\/categories\/?post=32546"},{"taxonomy":"post_tag","embeddable":true,"href":"https:\/\/www.tessi.eu\/fr\/wp-json\/wp\/v2\/tags\/?post=32546"}],"curies":[{"name":"wp","href":"https:\/\/api.w.org\/{rel}","templated":true}]}}