{"id":32545,"date":"2019-08-06T17:15:39","date_gmt":"2019-08-06T15:15:39","guid":{"rendered":"https:\/\/www.tessi.eu\/chiffre-daffaires-du-premier-semestre-2019\/"},"modified":"2019-10-01T16:18:33","modified_gmt":"2019-10-01T14:18:33","slug":"chiffre-daffaires-du-premier-semestre-2019","status":"publish","type":"post","link":"https:\/\/www.tessi.eu\/fr\/chiffre-daffaires-du-premier-semestre-2019\/","title":{"rendered":"Communiqu\u00e9 financier : Chiffre d\u2019affaires du premier semestre 2019"},"content":{"rendered":"<p class=\"p2\">Tessi, acteur international des Business Process Services, a r\u00e9alis\u00e9 au cours du premier semestre 2019 un chiffre d\u2019affaires de 228,9 M\u20ac, en croissance de +11,4% compar\u00e9 au 1er semestre 2018.<br \/>\nLa soci\u00e9t\u00e9 Owliance, acquise au 30 juin 2018, a contribu\u00e9 pour 18,8 M\u20ac sur la p\u00e9riode.<br \/>\n\u00c0 p\u00e9rim\u00e8tre constant (hors Owliance en 2019 et Tessi Autriche en 2018), la croissance ressort ainsi \u00e0 +2,7%.<\/p>\n<p><a href=\"https:\/\/www.tessi.eu\/fr\/wp-content\/uploads\/sites\/2\/2019\/08\/tessi-190806-ca-t2-2019-fr.pdf\" target=\"_blank\" rel=\"noopener noreferrer\">T\u00e9l\u00e9charger le communiqu\u00e9 financier<\/a><\/p>\n","protected":false},"excerpt":{"rendered":"<p>Tessi, acteur international des Business Process Services, a r\u00e9alis\u00e9 au cours du premier semestre 2019 un chiffre d\u2019affaires de 228,9 M\u20ac, en croissance de +11,4% compar\u00e9 au 1er semestre 2018. La soci\u00e9t\u00e9 Owliance, acquise au 30 juin 2018, a contribu\u00e9 pour 18,8 M\u20ac sur la p\u00e9riode. \u00c0 p\u00e9rim\u00e8tre constant (hors Owliance en 2019 et Tessi [&hellip;]<\/p>\n","protected":false},"author":1,"featured_media":11940,"comment_status":"closed","ping_status":"closed","sticky":false,"template":"","format":"standard","meta":{"_acf_changed":false,"footnotes":""},"categories":[131],"tags":[],"class_list":["post-32545","post","type-post","status-publish","format-standard","has-post-thumbnail","hentry","category-financier"],"acf":[],"yoast_head":"<!-- This site is optimized with the Yoast SEO Premium plugin v22.3 (Yoast SEO v27.1.1) - https:\/\/yoast.com\/product\/yoast-seo-premium-wordpress\/ -->\n<title>Communiqu\u00e9 financier : Chiffre d\u2019affaires du premier semestre 2019 - Tessi International<\/title>\n<meta name=\"robots\" content=\"index, follow, max-snippet:-1, max-image-preview:large, max-video-preview:-1\" \/>\n<link rel=\"canonical\" href=\"https:\/\/www.tessi.eu\/fr\/chiffre-daffaires-du-premier-semestre-2019\/\" \/>\n<meta property=\"og:locale\" content=\"fr_FR\" \/>\n<meta property=\"og:type\" content=\"article\" \/>\n<meta property=\"og:title\" content=\"Communiqu\u00e9 financier : Chiffre d\u2019affaires du premier semestre 2019\" \/>\n<meta property=\"og:description\" content=\"Tessi, acteur international des Business Process Services, a r\u00e9alis\u00e9 au cours du premier semestre 2019 un chiffre d\u2019affaires de 228,9 M\u20ac, en croissance de +11,4% compar\u00e9 au 1er semestre 2018. La soci\u00e9t\u00e9 Owliance, acquise au 30 juin 2018, a contribu\u00e9 pour 18,8 M\u20ac sur la p\u00e9riode. \u00c0 p\u00e9rim\u00e8tre constant (hors Owliance en 2019 et Tessi [&hellip;]\" \/>\n<meta property=\"og:url\" content=\"https:\/\/www.tessi.eu\/fr\/chiffre-daffaires-du-premier-semestre-2019\/\" \/>\n<meta property=\"og:site_name\" content=\"Tessi International\" \/>\n<meta property=\"article:published_time\" content=\"2019-08-06T15:15:39+00:00\" \/>\n<meta property=\"article:modified_time\" content=\"2019-10-01T14:18:33+00:00\" \/>\n<meta property=\"og:image\" content=\"https:\/\/tessi.on-web.fr\/wp-content\/uploads\/2020\/03\/tessi_actu_newblue.jpg\" \/>\n\t<meta property=\"og:image:width\" content=\"506\" \/>\n\t<meta property=\"og:image:height\" content=\"398\" \/>\n\t<meta property=\"og:image:type\" content=\"image\/jpeg\" \/>\n<meta name=\"author\" content=\"limpide_admin\" \/>\n<meta name=\"twitter:card\" content=\"summary_large_image\" \/>\n<meta name=\"twitter:label1\" content=\"\u00c9crit par\" \/>\n\t<meta name=\"twitter:data1\" content=\"limpide_admin\" \/>\n<script type=\"application\/ld+json\" class=\"yoast-schema-graph\">{\"@context\":\"https:\/\/schema.org\",\"@graph\":[{\"@type\":\"Article\",\"@id\":\"https:\/\/www.tessi.eu\/fr\/chiffre-daffaires-du-premier-semestre-2019\/#article\",\"isPartOf\":{\"@id\":\"https:\/\/www.tessi.eu\/fr\/chiffre-daffaires-du-premier-semestre-2019\/\"},\"author\":{\"name\":\"limpide_admin\",\"@id\":\"https:\/\/www.tessi.eu\/fr\/#\/schema\/person\/2351c406fd33cac247ec1c445c126e1e\"},\"headline\":\"Communiqu\u00e9 financier : Chiffre d\u2019affaires du premier semestre 2019\",\"datePublished\":\"2019-08-06T15:15:39+00:00\",\"dateModified\":\"2019-10-01T14:18:33+00:00\",\"mainEntityOfPage\":{\"@id\":\"https:\/\/www.tessi.eu\/fr\/chiffre-daffaires-du-premier-semestre-2019\/\"},\"wordCount\":72,\"image\":{\"@id\":\"https:\/\/www.tessi.eu\/fr\/chiffre-daffaires-du-premier-semestre-2019\/#primaryimage\"},\"thumbnailUrl\":\"https:\/\/www.tessi.eu\/wp-content\/uploads\/2020\/03\/tessi_actu_newblue.jpg\",\"articleSection\":[\"Financier\"],\"inLanguage\":\"fr-FR\"},{\"@type\":\"WebPage\",\"@id\":\"https:\/\/www.tessi.eu\/fr\/chiffre-daffaires-du-premier-semestre-2019\/\",\"url\":\"https:\/\/www.tessi.eu\/fr\/chiffre-daffaires-du-premier-semestre-2019\/\",\"name\":\"Communiqu\u00e9 financier : Chiffre d\u2019affaires du premier semestre 2019 - Tessi International\",\"isPartOf\":{\"@id\":\"https:\/\/www.tessi.eu\/fr\/#website\"},\"primaryImageOfPage\":{\"@id\":\"https:\/\/www.tessi.eu\/fr\/chiffre-daffaires-du-premier-semestre-2019\/#primaryimage\"},\"image\":{\"@id\":\"https:\/\/www.tessi.eu\/fr\/chiffre-daffaires-du-premier-semestre-2019\/#primaryimage\"},\"thumbnailUrl\":\"https:\/\/www.tessi.eu\/wp-content\/uploads\/2020\/03\/tessi_actu_newblue.jpg\",\"datePublished\":\"2019-08-06T15:15:39+00:00\",\"dateModified\":\"2019-10-01T14:18:33+00:00\",\"author\":{\"@id\":\"https:\/\/www.tessi.eu\/fr\/#\/schema\/person\/2351c406fd33cac247ec1c445c126e1e\"},\"breadcrumb\":{\"@id\":\"https:\/\/www.tessi.eu\/fr\/chiffre-daffaires-du-premier-semestre-2019\/#breadcrumb\"},\"inLanguage\":\"fr-FR\",\"potentialAction\":[{\"@type\":\"ReadAction\",\"target\":[\"https:\/\/www.tessi.eu\/fr\/chiffre-daffaires-du-premier-semestre-2019\/\"]}]},{\"@type\":\"ImageObject\",\"inLanguage\":\"fr-FR\",\"@id\":\"https:\/\/www.tessi.eu\/fr\/chiffre-daffaires-du-premier-semestre-2019\/#primaryimage\",\"url\":\"https:\/\/www.tessi.eu\/wp-content\/uploads\/2020\/03\/tessi_actu_newblue.jpg\",\"contentUrl\":\"https:\/\/www.tessi.eu\/wp-content\/uploads\/2020\/03\/tessi_actu_newblue.jpg\",\"width\":506,\"height\":398,\"caption\":\"tessi actu newblue\"},{\"@type\":\"BreadcrumbList\",\"@id\":\"https:\/\/www.tessi.eu\/fr\/chiffre-daffaires-du-premier-semestre-2019\/#breadcrumb\",\"itemListElement\":[{\"@type\":\"ListItem\",\"position\":1,\"name\":\"Home\",\"item\":\"https:\/\/www.tessi.eu\/fr\/\"},{\"@type\":\"ListItem\",\"position\":2,\"name\":\"Communiqu\u00e9 financier : Chiffre d\u2019affaires du premier semestre 2019\"}]},{\"@type\":\"WebSite\",\"@id\":\"https:\/\/www.tessi.eu\/fr\/#website\",\"url\":\"https:\/\/www.tessi.eu\/fr\/\",\"name\":\"Tessi International\",\"description\":\"\",\"potentialAction\":[{\"@type\":\"SearchAction\",\"target\":{\"@type\":\"EntryPoint\",\"urlTemplate\":\"https:\/\/www.tessi.eu\/fr\/?s={search_term_string}\"},\"query-input\":{\"@type\":\"PropertyValueSpecification\",\"valueRequired\":true,\"valueName\":\"search_term_string\"}}],\"inLanguage\":\"fr-FR\"},{\"@type\":\"Person\",\"@id\":\"https:\/\/www.tessi.eu\/fr\/#\/schema\/person\/2351c406fd33cac247ec1c445c126e1e\",\"name\":\"limpide_admin\",\"image\":{\"@type\":\"ImageObject\",\"inLanguage\":\"fr-FR\",\"@id\":\"https:\/\/www.tessi.eu\/fr\/#\/schema\/person\/image\/\",\"url\":\"https:\/\/secure.gravatar.com\/avatar\/b8af01a2278e1591ade1191d65336babef6cb64316c0e9ec09ae9a292dd3d446?s=96&d=mm&r=g\",\"contentUrl\":\"https:\/\/secure.gravatar.com\/avatar\/b8af01a2278e1591ade1191d65336babef6cb64316c0e9ec09ae9a292dd3d446?s=96&d=mm&r=g\",\"caption\":\"limpide_admin\"}}]}<\/script>\n<!-- \/ Yoast SEO Premium plugin. -->","yoast_head_json":{"title":"Communiqu\u00e9 financier : Chiffre d\u2019affaires du premier semestre 2019 - Tessi International","robots":{"index":"index","follow":"follow","max-snippet":"max-snippet:-1","max-image-preview":"max-image-preview:large","max-video-preview":"max-video-preview:-1"},"canonical":"https:\/\/www.tessi.eu\/fr\/chiffre-daffaires-du-premier-semestre-2019\/","og_locale":"fr_FR","og_type":"article","og_title":"Communiqu\u00e9 financier : Chiffre d\u2019affaires du premier semestre 2019","og_description":"Tessi, acteur international des Business Process Services, a r\u00e9alis\u00e9 au cours du premier semestre 2019 un chiffre d\u2019affaires de 228,9 M\u20ac, en croissance de +11,4% compar\u00e9 au 1er semestre 2018. La soci\u00e9t\u00e9 Owliance, acquise au 30 juin 2018, a contribu\u00e9 pour 18,8 M\u20ac sur la p\u00e9riode. \u00c0 p\u00e9rim\u00e8tre constant (hors Owliance en 2019 et Tessi [&hellip;]","og_url":"https:\/\/www.tessi.eu\/fr\/chiffre-daffaires-du-premier-semestre-2019\/","og_site_name":"Tessi International","article_published_time":"2019-08-06T15:15:39+00:00","article_modified_time":"2019-10-01T14:18:33+00:00","og_image":[{"width":506,"height":398,"url":"https:\/\/tessi.on-web.fr\/wp-content\/uploads\/2020\/03\/tessi_actu_newblue.jpg","type":"image\/jpeg"}],"author":"limpide_admin","twitter_card":"summary_large_image","twitter_misc":{"\u00c9crit par":"limpide_admin"},"schema":{"@context":"https:\/\/schema.org","@graph":[{"@type":"Article","@id":"https:\/\/www.tessi.eu\/fr\/chiffre-daffaires-du-premier-semestre-2019\/#article","isPartOf":{"@id":"https:\/\/www.tessi.eu\/fr\/chiffre-daffaires-du-premier-semestre-2019\/"},"author":{"name":"limpide_admin","@id":"https:\/\/www.tessi.eu\/fr\/#\/schema\/person\/2351c406fd33cac247ec1c445c126e1e"},"headline":"Communiqu\u00e9 financier : Chiffre d\u2019affaires du premier semestre 2019","datePublished":"2019-08-06T15:15:39+00:00","dateModified":"2019-10-01T14:18:33+00:00","mainEntityOfPage":{"@id":"https:\/\/www.tessi.eu\/fr\/chiffre-daffaires-du-premier-semestre-2019\/"},"wordCount":72,"image":{"@id":"https:\/\/www.tessi.eu\/fr\/chiffre-daffaires-du-premier-semestre-2019\/#primaryimage"},"thumbnailUrl":"https:\/\/www.tessi.eu\/wp-content\/uploads\/2020\/03\/tessi_actu_newblue.jpg","articleSection":["Financier"],"inLanguage":"fr-FR"},{"@type":"WebPage","@id":"https:\/\/www.tessi.eu\/fr\/chiffre-daffaires-du-premier-semestre-2019\/","url":"https:\/\/www.tessi.eu\/fr\/chiffre-daffaires-du-premier-semestre-2019\/","name":"Communiqu\u00e9 financier : Chiffre d\u2019affaires du premier semestre 2019 - Tessi International","isPartOf":{"@id":"https:\/\/www.tessi.eu\/fr\/#website"},"primaryImageOfPage":{"@id":"https:\/\/www.tessi.eu\/fr\/chiffre-daffaires-du-premier-semestre-2019\/#primaryimage"},"image":{"@id":"https:\/\/www.tessi.eu\/fr\/chiffre-daffaires-du-premier-semestre-2019\/#primaryimage"},"thumbnailUrl":"https:\/\/www.tessi.eu\/wp-content\/uploads\/2020\/03\/tessi_actu_newblue.jpg","datePublished":"2019-08-06T15:15:39+00:00","dateModified":"2019-10-01T14:18:33+00:00","author":{"@id":"https:\/\/www.tessi.eu\/fr\/#\/schema\/person\/2351c406fd33cac247ec1c445c126e1e"},"breadcrumb":{"@id":"https:\/\/www.tessi.eu\/fr\/chiffre-daffaires-du-premier-semestre-2019\/#breadcrumb"},"inLanguage":"fr-FR","potentialAction":[{"@type":"ReadAction","target":["https:\/\/www.tessi.eu\/fr\/chiffre-daffaires-du-premier-semestre-2019\/"]}]},{"@type":"ImageObject","inLanguage":"fr-FR","@id":"https:\/\/www.tessi.eu\/fr\/chiffre-daffaires-du-premier-semestre-2019\/#primaryimage","url":"https:\/\/www.tessi.eu\/wp-content\/uploads\/2020\/03\/tessi_actu_newblue.jpg","contentUrl":"https:\/\/www.tessi.eu\/wp-content\/uploads\/2020\/03\/tessi_actu_newblue.jpg","width":506,"height":398,"caption":"tessi actu newblue"},{"@type":"BreadcrumbList","@id":"https:\/\/www.tessi.eu\/fr\/chiffre-daffaires-du-premier-semestre-2019\/#breadcrumb","itemListElement":[{"@type":"ListItem","position":1,"name":"Home","item":"https:\/\/www.tessi.eu\/fr\/"},{"@type":"ListItem","position":2,"name":"Communiqu\u00e9 financier : Chiffre d\u2019affaires du premier semestre 2019"}]},{"@type":"WebSite","@id":"https:\/\/www.tessi.eu\/fr\/#website","url":"https:\/\/www.tessi.eu\/fr\/","name":"Tessi International","description":"","potentialAction":[{"@type":"SearchAction","target":{"@type":"EntryPoint","urlTemplate":"https:\/\/www.tessi.eu\/fr\/?s={search_term_string}"},"query-input":{"@type":"PropertyValueSpecification","valueRequired":true,"valueName":"search_term_string"}}],"inLanguage":"fr-FR"},{"@type":"Person","@id":"https:\/\/www.tessi.eu\/fr\/#\/schema\/person\/2351c406fd33cac247ec1c445c126e1e","name":"limpide_admin","image":{"@type":"ImageObject","inLanguage":"fr-FR","@id":"https:\/\/www.tessi.eu\/fr\/#\/schema\/person\/image\/","url":"https:\/\/secure.gravatar.com\/avatar\/b8af01a2278e1591ade1191d65336babef6cb64316c0e9ec09ae9a292dd3d446?s=96&d=mm&r=g","contentUrl":"https:\/\/secure.gravatar.com\/avatar\/b8af01a2278e1591ade1191d65336babef6cb64316c0e9ec09ae9a292dd3d446?s=96&d=mm&r=g","caption":"limpide_admin"}}]}},"_links":{"self":[{"href":"https:\/\/www.tessi.eu\/fr\/wp-json\/wp\/v2\/posts\/32545\/"}],"collection":[{"href":"https:\/\/www.tessi.eu\/fr\/wp-json\/wp\/v2\/posts\/"}],"about":[{"href":"https:\/\/www.tessi.eu\/fr\/wp-json\/wp\/v2\/types\/post\/"}],"author":[{"embeddable":true,"href":"https:\/\/www.tessi.eu\/fr\/wp-json\/wp\/v2\/users\/1\/"}],"replies":[{"embeddable":true,"href":"https:\/\/www.tessi.eu\/fr\/wp-json\/wp\/v2\/comments\/?post=32545"}],"version-history":[{"count":0,"href":"https:\/\/www.tessi.eu\/fr\/wp-json\/wp\/v2\/posts\/32545\/revisions\/"}],"wp:featuredmedia":[{"embeddable":true,"href":"https:\/\/www.tessi.eu\/fr\/wp-json\/wp\/v2\/media\/11940\/"}],"wp:attachment":[{"href":"https:\/\/www.tessi.eu\/fr\/wp-json\/wp\/v2\/media\/?parent=32545"}],"wp:term":[{"taxonomy":"category","embeddable":true,"href":"https:\/\/www.tessi.eu\/fr\/wp-json\/wp\/v2\/categories\/?post=32545"},{"taxonomy":"post_tag","embeddable":true,"href":"https:\/\/www.tessi.eu\/fr\/wp-json\/wp\/v2\/tags\/?post=32545"}],"curies":[{"name":"wp","href":"https:\/\/api.w.org\/{rel}","templated":true}]}}