{"id":32481,"date":"2019-10-31T14:17:01","date_gmt":"2019-10-31T12:17:01","guid":{"rendered":"https:\/\/www.tessi.eu\/tessi-au-hyland-summit-2019-content-services-2\/"},"modified":"2019-10-31T15:07:45","modified_gmt":"2019-10-31T13:07:45","slug":"tessi-au-hyland-summit-2019-content-services","status":"publish","type":"post","link":"https:\/\/www.tessi.eu\/fr\/tessi-au-hyland-summit-2019-content-services\/","title":{"rendered":"Tessi au Hyland Summit EMEA 2019 : l\u2019\u00e9v\u00e9nement d\u00e9di\u00e9 aux \u00ab\u00a0Content Services\u00a0\u00bb"},"content":{"rendered":"<p>A cette occasion, clients et partenaires d\u00e9couvrent les derniers d\u00e9veloppements, nouvelles fonctionnalit\u00e9s, nouveaux produits de la plateforme de services de contenu OnBase.<\/p>\n<h2><strong>De la gestion de contenu d\u2019entreprise aux services de contenu\u00a0: plus qu\u2019une \u00e9volution s\u00e9mantique\u00a0?<\/strong><\/h2>\n<p>Fin 2016, <a href=\"https:\/\/www.gartner.com\/en\" target=\"_blank\" rel=\"noopener noreferrer\">Gartner<\/a>, soci\u00e9t\u00e9 de conseil et de recherche dans le domaine des techniques avanc\u00e9es annonce que le terme ECM c\u00e8de sa place, au profit d\u2019une nouvelle notion : les \u00ab Content Services \u00bb. Le cabinet annonce, \u00ab L<em>es plateformes de services de contenu marquent la prochaine \u00e9tape en mati\u00e8re de gestion de contenu d\u2019entreprise, faisant na\u00eetre de nouveaux services ouverts venant chasser les syst\u00e8mes ind\u00e9pendants.\u00a0\u00bb <\/em><\/p>\n<p>A nouveaux d\u00e9fis, nouveaux vocabulaire. Cette nouvelle d\u00e9nomination n\u2019est autre que le fruit d\u2019un constat. La d\u00e9cision du Gartner r\u00e9v\u00e8le un grand changement dans la mani\u00e8re dont les organisations cr\u00e9ent, utilisent et partagent le contenu en interne comme en externe. L\u2019 <a href=\"https:\/\/www.tessi.eu\/fr\/solution\/technologies\/conseil-integration\/conseil-integration\/ecm\/\" target=\"_blank\" rel=\"noopener noreferrer\">\u00ab Enterprise Content Management \u00bb (ECM)<\/a> ne refl\u00e9tait plus suffisamment les enjeux de la gestion d\u2019information d\u2019entreprise auxquels font face les entreprises aujourd\u2019hui. Les Content Services explicitent mieux le r\u00f4le des applications de contenu, offrant des solutions plus rapides et concr\u00e8tes aux probl\u00e9matiques m\u00e9tier.<\/p>\n<p>Lire l&rsquo;article complet : \u00ab\u00a0<a href=\"https:\/\/blog-consulting-and-integration.tessi.eu\/posts\/l-ecm-en-route-vers-les-content-services-gerer-ses-contenus-autrement\" target=\"_blank\" rel=\"noopener noreferrer\">L&rsquo;ECM sur la route vers les Content Services : g\u00e9rer ses contenus autrement<\/a>\u00a0\u00bb<\/p>\n<h2><strong>Hyland Summit EMEA, un rendez-vous annuel autour des services de contenu<\/strong><\/h2>\n<p>Du 05 au 07 Novembre aura lieu la 11<sup>\u00e8me<\/sup> \u00e9dition \u00e0 Amsterdam. C\u2019est l\u2019\u00e9v\u00e9nement id\u00e9al pour d\u00e9couvrir les derni\u00e8res tendances de march\u00e9 en mati\u00e8re de transformation num\u00e9rique et gestion d\u2019Information d\u2019Entreprise ; s\u2019impr\u00e9gner de la vision Hyland ; accro\u00eetre votre expertise OnBase ; sans oublier, int\u00e9grer la communaut\u00e9 Hyland pour \u00e9changer avec des experts du secteur et d\u2019autres clients.<\/p>\n<p>Durant ces 3 jours, conf\u00e9rences, ateliers, tables rondes se succ\u00e9deront autour de th\u00e9matiques m\u00e9tiers et sujets technologiques du moment. Des experts solutions, chefs d\u2019entreprise et responsables de secteur d\u2019activit\u00e9 divers nous partagerons \u00e9galement leurs r\u00e9flexions, et leur retour d\u2019exp\u00e9rience.<\/p>\n<p><em>Vous ne serez pas \u00e0 nos c\u00f4t\u00e9s\u00a0cette ann\u00e9e ? Suivez les actualit\u00e9s sur notre page <a href=\"https:\/\/www.linkedin.com\/company\/gdoc\/\" target=\"_blank\" rel=\"noopener noreferrer\">LinkedIn<\/a> pour ne pas manquer le r\u00e9capitulatif de l&rsquo;\u00e9dition 2019.<\/em><\/p>\n","protected":false},"excerpt":{"rendered":"<p>A cette occasion, clients et partenaires d\u00e9couvrent les derniers d\u00e9veloppements, nouvelles fonctionnalit\u00e9s, nouveaux produits de la plateforme de services de contenu OnBase. De la gestion de contenu d\u2019entreprise aux services de contenu\u00a0: plus qu\u2019une \u00e9volution s\u00e9mantique\u00a0? Fin 2016, Gartner, soci\u00e9t\u00e9 de conseil et de recherche dans le domaine des techniques avanc\u00e9es annonce que le terme [&hellip;]<\/p>\n","protected":false},"author":40,"featured_media":32482,"comment_status":"closed","ping_status":"closed","sticky":false,"template":"","format":"standard","meta":{"_acf_changed":false,"footnotes":""},"categories":[47],"tags":[],"class_list":["post-32481","post","type-post","status-publish","format-standard","has-post-thumbnail","hentry","category-news"],"acf":[],"yoast_head":"<!-- This site is optimized with the Yoast SEO Premium plugin v22.3 (Yoast SEO v27.1.1) - https:\/\/yoast.com\/product\/yoast-seo-premium-wordpress\/ -->\n<title>Tessi au Hyland Summit 2019 : L&#039;\u00e9v\u00e9nement d\u00e9di\u00e9 aux Content Services<\/title>\n<meta name=\"description\" content=\"Tessi Conseil &amp; Int\u00e9gration, acteur majeur sur le march\u00e9 de l&#039;ECM, sera au Hyland Summit EMEA 2019, le rendez-vous annuel d\u00e9di\u00e9 aux services de contenu.\" \/>\n<meta name=\"robots\" content=\"index, follow, max-snippet:-1, max-image-preview:large, max-video-preview:-1\" \/>\n<link rel=\"canonical\" href=\"https:\/\/www.tessi.eu\/fr\/tessi-au-hyland-summit-2019-content-services\/\" \/>\n<meta property=\"og:locale\" content=\"fr_FR\" \/>\n<meta property=\"og:type\" content=\"article\" \/>\n<meta property=\"og:title\" content=\"Tessi au Hyland Summit EMEA 2019 : l\u2019\u00e9v\u00e9nement d\u00e9di\u00e9 aux &quot;Content Services&quot;\" \/>\n<meta property=\"og:description\" content=\"Tessi Conseil &amp; Int\u00e9gration, acteur majeur sur le march\u00e9 de l&#039;ECM, sera au Hyland Summit EMEA 2019, le rendez-vous annuel d\u00e9di\u00e9 aux services de contenu.\" \/>\n<meta property=\"og:url\" content=\"https:\/\/www.tessi.eu\/fr\/tessi-au-hyland-summit-2019-content-services\/\" \/>\n<meta property=\"og:site_name\" content=\"Tessi International\" \/>\n<meta property=\"article:published_time\" content=\"2019-10-31T12:17:01+00:00\" \/>\n<meta property=\"article:modified_time\" content=\"2019-10-31T13:07:45+00:00\" \/>\n<meta property=\"og:image\" content=\"https:\/\/www.tessi.eu\/wp-content\/uploads\/2023\/04\/hyland_summit_2019.png\" \/>\n\t<meta property=\"og:image:width\" content=\"506\" \/>\n\t<meta property=\"og:image:height\" content=\"398\" \/>\n\t<meta property=\"og:image:type\" content=\"image\/png\" \/>\n<meta name=\"author\" content=\"anaispini\" \/>\n<meta name=\"twitter:card\" content=\"summary_large_image\" \/>\n<meta name=\"twitter:label1\" content=\"\u00c9crit par\" \/>\n\t<meta name=\"twitter:data1\" content=\"anaispini\" \/>\n\t<meta name=\"twitter:label2\" content=\"Dur\u00e9e de lecture estim\u00e9e\" \/>\n\t<meta name=\"twitter:data2\" content=\"2 minutes\" \/>\n<script type=\"application\/ld+json\" class=\"yoast-schema-graph\">{\"@context\":\"https:\/\/schema.org\",\"@graph\":[{\"@type\":\"Article\",\"@id\":\"https:\/\/www.tessi.eu\/fr\/tessi-au-hyland-summit-2019-content-services\/#article\",\"isPartOf\":{\"@id\":\"https:\/\/www.tessi.eu\/fr\/tessi-au-hyland-summit-2019-content-services\/\"},\"author\":{\"name\":\"anaispini\",\"@id\":\"https:\/\/www.tessi.eu\/fr\/#\/schema\/person\/d77f035bf12ae0e82161e0101f82602f\"},\"headline\":\"Tessi au Hyland Summit EMEA 2019 : l\u2019\u00e9v\u00e9nement d\u00e9di\u00e9 aux \u00ab\u00a0Content Services\u00a0\u00bb\",\"datePublished\":\"2019-10-31T12:17:01+00:00\",\"dateModified\":\"2019-10-31T13:07:45+00:00\",\"mainEntityOfPage\":{\"@id\":\"https:\/\/www.tessi.eu\/fr\/tessi-au-hyland-summit-2019-content-services\/\"},\"wordCount\":398,\"image\":{\"@id\":\"https:\/\/www.tessi.eu\/fr\/tessi-au-hyland-summit-2019-content-services\/#primaryimage\"},\"thumbnailUrl\":\"https:\/\/www.tessi.eu\/wp-content\/uploads\/2023\/04\/hyland_summit_2019.png\",\"articleSection\":[\"News\"],\"inLanguage\":\"fr-FR\"},{\"@type\":\"WebPage\",\"@id\":\"https:\/\/www.tessi.eu\/fr\/tessi-au-hyland-summit-2019-content-services\/\",\"url\":\"https:\/\/www.tessi.eu\/fr\/tessi-au-hyland-summit-2019-content-services\/\",\"name\":\"Tessi au Hyland Summit 2019 : L'\u00e9v\u00e9nement d\u00e9di\u00e9 aux Content Services\",\"isPartOf\":{\"@id\":\"https:\/\/www.tessi.eu\/fr\/#website\"},\"primaryImageOfPage\":{\"@id\":\"https:\/\/www.tessi.eu\/fr\/tessi-au-hyland-summit-2019-content-services\/#primaryimage\"},\"image\":{\"@id\":\"https:\/\/www.tessi.eu\/fr\/tessi-au-hyland-summit-2019-content-services\/#primaryimage\"},\"thumbnailUrl\":\"https:\/\/www.tessi.eu\/wp-content\/uploads\/2023\/04\/hyland_summit_2019.png\",\"datePublished\":\"2019-10-31T12:17:01+00:00\",\"dateModified\":\"2019-10-31T13:07:45+00:00\",\"author\":{\"@id\":\"https:\/\/www.tessi.eu\/fr\/#\/schema\/person\/d77f035bf12ae0e82161e0101f82602f\"},\"description\":\"Tessi Conseil & Int\u00e9gration, acteur majeur sur le march\u00e9 de l'ECM, sera au Hyland Summit EMEA 2019, le rendez-vous annuel d\u00e9di\u00e9 aux services de contenu.\",\"breadcrumb\":{\"@id\":\"https:\/\/www.tessi.eu\/fr\/tessi-au-hyland-summit-2019-content-services\/#breadcrumb\"},\"inLanguage\":\"fr-FR\",\"potentialAction\":[{\"@type\":\"ReadAction\",\"target\":[\"https:\/\/www.tessi.eu\/fr\/tessi-au-hyland-summit-2019-content-services\/\"]}]},{\"@type\":\"ImageObject\",\"inLanguage\":\"fr-FR\",\"@id\":\"https:\/\/www.tessi.eu\/fr\/tessi-au-hyland-summit-2019-content-services\/#primaryimage\",\"url\":\"https:\/\/www.tessi.eu\/wp-content\/uploads\/2023\/04\/hyland_summit_2019.png\",\"contentUrl\":\"https:\/\/www.tessi.eu\/wp-content\/uploads\/2023\/04\/hyland_summit_2019.png\",\"width\":506,\"height\":398,\"caption\":\"hyland summit\"},{\"@type\":\"BreadcrumbList\",\"@id\":\"https:\/\/www.tessi.eu\/fr\/tessi-au-hyland-summit-2019-content-services\/#breadcrumb\",\"itemListElement\":[{\"@type\":\"ListItem\",\"position\":1,\"name\":\"Home\",\"item\":\"https:\/\/www.tessi.eu\/fr\/\"},{\"@type\":\"ListItem\",\"position\":2,\"name\":\"Tessi au Hyland Summit EMEA 2019 : l\u2019\u00e9v\u00e9nement d\u00e9di\u00e9 aux \u00ab\u00a0Content Services\u00a0\u00bb\"}]},{\"@type\":\"WebSite\",\"@id\":\"https:\/\/www.tessi.eu\/fr\/#website\",\"url\":\"https:\/\/www.tessi.eu\/fr\/\",\"name\":\"Tessi International\",\"description\":\"\",\"potentialAction\":[{\"@type\":\"SearchAction\",\"target\":{\"@type\":\"EntryPoint\",\"urlTemplate\":\"https:\/\/www.tessi.eu\/fr\/?s={search_term_string}\"},\"query-input\":{\"@type\":\"PropertyValueSpecification\",\"valueRequired\":true,\"valueName\":\"search_term_string\"}}],\"inLanguage\":\"fr-FR\"},{\"@type\":\"Person\",\"@id\":\"https:\/\/www.tessi.eu\/fr\/#\/schema\/person\/d77f035bf12ae0e82161e0101f82602f\",\"name\":\"anaispini\",\"image\":{\"@type\":\"ImageObject\",\"inLanguage\":\"fr-FR\",\"@id\":\"https:\/\/www.tessi.eu\/fr\/#\/schema\/person\/image\/\",\"url\":\"https:\/\/secure.gravatar.com\/avatar\/2ff05654bdb61baf433b7775a00e4ac807d60b5c5b4d3fa3c236a586f2157ed9?s=96&d=mm&r=g\",\"contentUrl\":\"https:\/\/secure.gravatar.com\/avatar\/2ff05654bdb61baf433b7775a00e4ac807d60b5c5b4d3fa3c236a586f2157ed9?s=96&d=mm&r=g\",\"caption\":\"anaispini\"}}]}<\/script>\n<!-- \/ Yoast SEO Premium plugin. -->","yoast_head_json":{"title":"Tessi au Hyland Summit 2019 : L'\u00e9v\u00e9nement d\u00e9di\u00e9 aux Content Services","description":"Tessi Conseil & Int\u00e9gration, acteur majeur sur le march\u00e9 de l'ECM, sera au Hyland Summit EMEA 2019, le rendez-vous annuel d\u00e9di\u00e9 aux services de contenu.","robots":{"index":"index","follow":"follow","max-snippet":"max-snippet:-1","max-image-preview":"max-image-preview:large","max-video-preview":"max-video-preview:-1"},"canonical":"https:\/\/www.tessi.eu\/fr\/tessi-au-hyland-summit-2019-content-services\/","og_locale":"fr_FR","og_type":"article","og_title":"Tessi au Hyland Summit EMEA 2019 : l\u2019\u00e9v\u00e9nement d\u00e9di\u00e9 aux \"Content Services\"","og_description":"Tessi Conseil & Int\u00e9gration, acteur majeur sur le march\u00e9 de l'ECM, sera au Hyland Summit EMEA 2019, le rendez-vous annuel d\u00e9di\u00e9 aux services de contenu.","og_url":"https:\/\/www.tessi.eu\/fr\/tessi-au-hyland-summit-2019-content-services\/","og_site_name":"Tessi International","article_published_time":"2019-10-31T12:17:01+00:00","article_modified_time":"2019-10-31T13:07:45+00:00","og_image":[{"width":506,"height":398,"url":"https:\/\/www.tessi.eu\/wp-content\/uploads\/2023\/04\/hyland_summit_2019.png","type":"image\/png"}],"author":"anaispini","twitter_card":"summary_large_image","twitter_misc":{"\u00c9crit par":"anaispini","Dur\u00e9e de lecture estim\u00e9e":"2 minutes"},"schema":{"@context":"https:\/\/schema.org","@graph":[{"@type":"Article","@id":"https:\/\/www.tessi.eu\/fr\/tessi-au-hyland-summit-2019-content-services\/#article","isPartOf":{"@id":"https:\/\/www.tessi.eu\/fr\/tessi-au-hyland-summit-2019-content-services\/"},"author":{"name":"anaispini","@id":"https:\/\/www.tessi.eu\/fr\/#\/schema\/person\/d77f035bf12ae0e82161e0101f82602f"},"headline":"Tessi au Hyland Summit EMEA 2019 : l\u2019\u00e9v\u00e9nement d\u00e9di\u00e9 aux \u00ab\u00a0Content Services\u00a0\u00bb","datePublished":"2019-10-31T12:17:01+00:00","dateModified":"2019-10-31T13:07:45+00:00","mainEntityOfPage":{"@id":"https:\/\/www.tessi.eu\/fr\/tessi-au-hyland-summit-2019-content-services\/"},"wordCount":398,"image":{"@id":"https:\/\/www.tessi.eu\/fr\/tessi-au-hyland-summit-2019-content-services\/#primaryimage"},"thumbnailUrl":"https:\/\/www.tessi.eu\/wp-content\/uploads\/2023\/04\/hyland_summit_2019.png","articleSection":["News"],"inLanguage":"fr-FR"},{"@type":"WebPage","@id":"https:\/\/www.tessi.eu\/fr\/tessi-au-hyland-summit-2019-content-services\/","url":"https:\/\/www.tessi.eu\/fr\/tessi-au-hyland-summit-2019-content-services\/","name":"Tessi au Hyland Summit 2019 : L'\u00e9v\u00e9nement d\u00e9di\u00e9 aux Content Services","isPartOf":{"@id":"https:\/\/www.tessi.eu\/fr\/#website"},"primaryImageOfPage":{"@id":"https:\/\/www.tessi.eu\/fr\/tessi-au-hyland-summit-2019-content-services\/#primaryimage"},"image":{"@id":"https:\/\/www.tessi.eu\/fr\/tessi-au-hyland-summit-2019-content-services\/#primaryimage"},"thumbnailUrl":"https:\/\/www.tessi.eu\/wp-content\/uploads\/2023\/04\/hyland_summit_2019.png","datePublished":"2019-10-31T12:17:01+00:00","dateModified":"2019-10-31T13:07:45+00:00","author":{"@id":"https:\/\/www.tessi.eu\/fr\/#\/schema\/person\/d77f035bf12ae0e82161e0101f82602f"},"description":"Tessi Conseil & Int\u00e9gration, acteur majeur sur le march\u00e9 de l'ECM, sera au Hyland Summit EMEA 2019, le rendez-vous annuel d\u00e9di\u00e9 aux services de contenu.","breadcrumb":{"@id":"https:\/\/www.tessi.eu\/fr\/tessi-au-hyland-summit-2019-content-services\/#breadcrumb"},"inLanguage":"fr-FR","potentialAction":[{"@type":"ReadAction","target":["https:\/\/www.tessi.eu\/fr\/tessi-au-hyland-summit-2019-content-services\/"]}]},{"@type":"ImageObject","inLanguage":"fr-FR","@id":"https:\/\/www.tessi.eu\/fr\/tessi-au-hyland-summit-2019-content-services\/#primaryimage","url":"https:\/\/www.tessi.eu\/wp-content\/uploads\/2023\/04\/hyland_summit_2019.png","contentUrl":"https:\/\/www.tessi.eu\/wp-content\/uploads\/2023\/04\/hyland_summit_2019.png","width":506,"height":398,"caption":"hyland summit"},{"@type":"BreadcrumbList","@id":"https:\/\/www.tessi.eu\/fr\/tessi-au-hyland-summit-2019-content-services\/#breadcrumb","itemListElement":[{"@type":"ListItem","position":1,"name":"Home","item":"https:\/\/www.tessi.eu\/fr\/"},{"@type":"ListItem","position":2,"name":"Tessi au Hyland Summit EMEA 2019 : l\u2019\u00e9v\u00e9nement d\u00e9di\u00e9 aux \u00ab\u00a0Content Services\u00a0\u00bb"}]},{"@type":"WebSite","@id":"https:\/\/www.tessi.eu\/fr\/#website","url":"https:\/\/www.tessi.eu\/fr\/","name":"Tessi International","description":"","potentialAction":[{"@type":"SearchAction","target":{"@type":"EntryPoint","urlTemplate":"https:\/\/www.tessi.eu\/fr\/?s={search_term_string}"},"query-input":{"@type":"PropertyValueSpecification","valueRequired":true,"valueName":"search_term_string"}}],"inLanguage":"fr-FR"},{"@type":"Person","@id":"https:\/\/www.tessi.eu\/fr\/#\/schema\/person\/d77f035bf12ae0e82161e0101f82602f","name":"anaispini","image":{"@type":"ImageObject","inLanguage":"fr-FR","@id":"https:\/\/www.tessi.eu\/fr\/#\/schema\/person\/image\/","url":"https:\/\/secure.gravatar.com\/avatar\/2ff05654bdb61baf433b7775a00e4ac807d60b5c5b4d3fa3c236a586f2157ed9?s=96&d=mm&r=g","contentUrl":"https:\/\/secure.gravatar.com\/avatar\/2ff05654bdb61baf433b7775a00e4ac807d60b5c5b4d3fa3c236a586f2157ed9?s=96&d=mm&r=g","caption":"anaispini"}}]}},"_links":{"self":[{"href":"https:\/\/www.tessi.eu\/fr\/wp-json\/wp\/v2\/posts\/32481\/"}],"collection":[{"href":"https:\/\/www.tessi.eu\/fr\/wp-json\/wp\/v2\/posts\/"}],"about":[{"href":"https:\/\/www.tessi.eu\/fr\/wp-json\/wp\/v2\/types\/post\/"}],"author":[{"embeddable":true,"href":"https:\/\/www.tessi.eu\/fr\/wp-json\/wp\/v2\/users\/40\/"}],"replies":[{"embeddable":true,"href":"https:\/\/www.tessi.eu\/fr\/wp-json\/wp\/v2\/comments\/?post=32481"}],"version-history":[{"count":0,"href":"https:\/\/www.tessi.eu\/fr\/wp-json\/wp\/v2\/posts\/32481\/revisions\/"}],"wp:featuredmedia":[{"embeddable":true,"href":"https:\/\/www.tessi.eu\/fr\/wp-json\/wp\/v2\/media\/32482\/"}],"wp:attachment":[{"href":"https:\/\/www.tessi.eu\/fr\/wp-json\/wp\/v2\/media\/?parent=32481"}],"wp:term":[{"taxonomy":"category","embeddable":true,"href":"https:\/\/www.tessi.eu\/fr\/wp-json\/wp\/v2\/categories\/?post=32481"},{"taxonomy":"post_tag","embeddable":true,"href":"https:\/\/www.tessi.eu\/fr\/wp-json\/wp\/v2\/tags\/?post=32481"}],"curies":[{"name":"wp","href":"https:\/\/api.w.org\/{rel}","templated":true}]}}