{"id":32426,"date":"2019-11-25T09:52:34","date_gmt":"2019-11-25T08:52:34","guid":{"rendered":"https:\/\/www.tessi.eu\/tessi-sponsor-officiel-de-la-sportive-laura-tarantola-pour-lannee-2019-2020\/"},"modified":"2019-11-25T09:52:34","modified_gmt":"2019-11-25T08:52:34","slug":"tessi-sponsor-officiel-de-la-sportive-laura-tarantola-pour-lannee-2019-2020","status":"publish","type":"post","link":"https:\/\/www.tessi.eu\/fr\/tessi-sponsor-officiel-de-la-sportive-laura-tarantola-pour-lannee-2019-2020\/","title":{"rendered":"Tessi, sponsor officiel de la sportive Laura Tarantola pour l\u2019ann\u00e9e 2019-2020"},"content":{"rendered":"<p><strong>Acteur \u00e9conomique majeur de la R\u00e9gion Rh\u00f4ne-Alpes, Tessi apporte son soutien \u00e0 la grenobloise Laura Tarantola, championne du Monde d\u2019aviron 2018, s\u00e9lectionn\u00e9e pour les JO 2020 de Tokyo. Ag\u00e9e de 25 ans, Laura Tarantola concourt en aviron depuis l\u2019\u00e2ge de 16 ans et compte d\u2019ores et d\u00e9j\u00e0 plusieurs m\u00e9dailles \u00e0 son palmar\u00e8s tant en individuel qu\u2019en collectif. <\/strong><\/p>\n<div style=\"width: 300px; float: right;\"><img loading=\"lazy\" decoding=\"async\" class=\"size-full wp-image-10382 alignleft\" src=\"https:\/\/www.tessi.eu\/wp-content\/uploads\/2023\/04\/laura-tarantola.jpeg\" alt=\"Laura Tarantola\" width=\"300\" height=\"201\" \/><\/div>\n<p>Le coup d\u2019envoi des JO 2020 sera donn\u00e9 le 24 juillet prochain \u00e0 Tokyo. Laura Tarantola va y concourir en collectif dans la section \u00ab poids l\u00e9ger femme \u00bb aux c\u00f4t\u00e9s de sa partenaire Claire Bov\u00e9, avec qui elle s\u2019entra\u00eene depuis plus de 3 ans maintenant. Laura a commenc\u00e9 \u00e0 ramer \u00ab par hasard \u00bb \u00e0 l\u2019\u00e2ge de 14 ans et est parvenue en quelques ann\u00e9es \u00e0 se hisser sur le haut du podium. Sacr\u00e9e championne du Monde d\u2019aviron en septembre 2018 en Bulgarie, Laura est rest\u00e9e championne de France en individuel et collectif pendant 3 ann\u00e9es cons\u00e9cutives depuis 2016.<\/p>\n<p>Tout juste dipl\u00f4m\u00e9e d\u2019un master 2 de la <a href=\"https:\/\/alumni.grenoble-em.com\/actualite-trophees-gem-de-lannee-2018-laura-tarantola-gem-ifc-2017-gem-esc-2019-sportive-gem-de\" target=\"_blank\" rel=\"noopener noreferrer\">Grenoble Ecole de Management (GEM)<\/a>, la jeune sportive souhaite d\u00e9sormais consacrer ces prochains mois \u00e0 sa passion afin de pouvoir honorer les couleurs de la France en juillet prochain. Preuve de sa d\u00e9termination et de son investissement sans faille, Laura s\u2019entra\u00eene jusqu\u2019\u00e0 11 fois par semaine, soit pr\u00e8s de 25h d\u2019entra\u00eenement hebdomadaire.<\/p>\n<p><span style=\"color: #005faa;\">\u00ab L\u2019aviron est un sport aux ressources financi\u00e8res tr\u00e8s limit\u00e9es pour les athl\u00e8tes. Tessi, par son soutien, me permet aujourd\u2019hui d\u2019envisager mon avenir sportif plus sereinement et de me donner les moyens de d\u00e9fendre les couleurs de la France \u00e0 Tokyo en 2020. Et puis, en tant que grenobloise, je suis ravie d\u2019\u00eatre soutenue par une entreprise du territoire qui portent de belles valeurs humaines \u00bb <strong>explique Laura Tarantola.<\/strong><\/span><\/p>\n<p><span style=\"color: #005faa;\">\u00ab Nous sommes fiers d\u2019apporter notre soutien \u00e0 Laura. L\u2019aviron est un sport qui requiert plusieurs des valeurs que nous portons au sein de Tessi telles que l\u2019\u00e9coute, la rigueur ou encore la coh\u00e9sion. Nous avons \u00e0 c\u0153ur d\u2019accompagner les jeunes talents pour leur donner toutes les chances de briller, c\u2019est dans notre ADN. Nous le faisons aujourd\u2019hui avec les start-ups \u00e0 travers P\u00e9pites Shaker et demain avec Laura, dans un tout autre domaine, c\u2019est extr\u00eamement stimulant pour les \u00e9quipes \u00bb <strong>ajoute Benoit Bourg, directeur des Ressources Humaines chez Tessi.<\/strong><\/span><\/p>\n<form action=\"https:\/\/www.tessi.eu\/fr\/wp-content\/uploads\/sites\/2\/2019\/11\/2019-11-13_cp_laura-tarantola-vdef.pdf\" target=\"_blank\"><input class=\"wpcf7-form-control wpcf7-submit btn btn-light btn-custom btn-big btn-round\" type=\"submit\" value=\" T\u00e9l\u00e9charger le communiqu\u00e9 de presse \" \/><\/form>\n","protected":false},"excerpt":{"rendered":"<p>Acteur \u00e9conomique majeur de la R\u00e9gion Rh\u00f4ne-Alpes, Tessi apporte son soutien \u00e0 la grenobloise Laura Tarantola, championne du Monde d\u2019aviron 2018, s\u00e9lectionn\u00e9e pour les JO 2020 de Tokyo. Ag\u00e9e de 25 ans, Laura Tarantola concourt en aviron depuis l\u2019\u00e2ge de 16 ans et compte d\u2019ores et d\u00e9j\u00e0 plusieurs m\u00e9dailles \u00e0 son palmar\u00e8s tant en individuel [&hellip;]<\/p>\n","protected":false},"author":11,"featured_media":32427,"comment_status":"closed","ping_status":"closed","sticky":true,"template":"","format":"standard","meta":{"_acf_changed":false,"footnotes":""},"categories":[47],"tags":[],"class_list":["post-32426","post","type-post","status-publish","format-standard","has-post-thumbnail","hentry","category-news"],"acf":[],"yoast_head":"<!-- This site is optimized with the Yoast SEO Premium plugin v22.3 (Yoast SEO v27.1.1) - https:\/\/yoast.com\/product\/yoast-seo-premium-wordpress\/ -->\n<title>Tessi, sponsor officiel de la sportive Laura Tarantola pour l\u2019ann\u00e9e 2019-2020 - Tessi International<\/title>\n<meta name=\"description\" content=\"Tessi apporte son soutien \u00e0 la grenobloise Laura Tarantola, championne du Monde d\u2019aviron 2018, s\u00e9lectionn\u00e9e pour les JO 2020 de Tokyo.\" \/>\n<meta name=\"robots\" content=\"index, follow, max-snippet:-1, max-image-preview:large, max-video-preview:-1\" \/>\n<link rel=\"canonical\" href=\"https:\/\/www.tessi.eu\/fr\/tessi-sponsor-officiel-de-la-sportive-laura-tarantola-pour-lannee-2019-2020\/\" \/>\n<meta property=\"og:locale\" content=\"fr_FR\" \/>\n<meta property=\"og:type\" content=\"article\" \/>\n<meta property=\"og:title\" content=\"Tessi, sponsor officiel de la sportive Laura Tarantola pour l\u2019ann\u00e9e 2019-2020\" \/>\n<meta property=\"og:description\" content=\"Tessi apporte son soutien \u00e0 la grenobloise Laura Tarantola, championne du Monde d\u2019aviron 2018, s\u00e9lectionn\u00e9e pour les JO 2020 de Tokyo.\" \/>\n<meta property=\"og:url\" content=\"https:\/\/www.tessi.eu\/fr\/tessi-sponsor-officiel-de-la-sportive-laura-tarantola-pour-lannee-2019-2020\/\" \/>\n<meta property=\"og:site_name\" content=\"Tessi International\" \/>\n<meta property=\"article:published_time\" content=\"2019-11-25T08:52:34+00:00\" \/>\n<meta property=\"og:image\" content=\"https:\/\/tessi.on-web.fr\/wp-content\/uploads\/2023\/04\/laura-tarantola.jpeg\" \/>\n\t<meta property=\"og:image:width\" content=\"2064\" \/>\n\t<meta property=\"og:image:height\" content=\"1381\" \/>\n\t<meta property=\"og:image:type\" content=\"image\/jpeg\" \/>\n<meta name=\"author\" content=\"cbonnet\" \/>\n<meta name=\"twitter:card\" content=\"summary_large_image\" \/>\n<meta name=\"twitter:label1\" content=\"\u00c9crit par\" \/>\n\t<meta name=\"twitter:data1\" content=\"cbonnet\" \/>\n\t<meta name=\"twitter:label2\" content=\"Dur\u00e9e de lecture estim\u00e9e\" \/>\n\t<meta name=\"twitter:data2\" content=\"2 minutes\" \/>\n<script type=\"application\/ld+json\" class=\"yoast-schema-graph\">{\"@context\":\"https:\/\/schema.org\",\"@graph\":[{\"@type\":\"Article\",\"@id\":\"https:\/\/www.tessi.eu\/fr\/tessi-sponsor-officiel-de-la-sportive-laura-tarantola-pour-lannee-2019-2020\/#article\",\"isPartOf\":{\"@id\":\"https:\/\/www.tessi.eu\/fr\/tessi-sponsor-officiel-de-la-sportive-laura-tarantola-pour-lannee-2019-2020\/\"},\"author\":{\"name\":\"cbonnet\",\"@id\":\"https:\/\/www.tessi.eu\/fr\/#\/schema\/person\/859d0f8ee0e735b277dee0268b7ad791\"},\"headline\":\"Tessi, sponsor officiel de la sportive Laura Tarantola pour l\u2019ann\u00e9e 2019-2020\",\"datePublished\":\"2019-11-25T08:52:34+00:00\",\"mainEntityOfPage\":{\"@id\":\"https:\/\/www.tessi.eu\/fr\/tessi-sponsor-officiel-de-la-sportive-laura-tarantola-pour-lannee-2019-2020\/\"},\"wordCount\":411,\"image\":{\"@id\":\"https:\/\/www.tessi.eu\/fr\/tessi-sponsor-officiel-de-la-sportive-laura-tarantola-pour-lannee-2019-2020\/#primaryimage\"},\"thumbnailUrl\":\"https:\/\/www.tessi.eu\/wp-content\/uploads\/2023\/04\/laura-tarantola.jpeg\",\"articleSection\":[\"News\"],\"inLanguage\":\"fr-FR\"},{\"@type\":\"WebPage\",\"@id\":\"https:\/\/www.tessi.eu\/fr\/tessi-sponsor-officiel-de-la-sportive-laura-tarantola-pour-lannee-2019-2020\/\",\"url\":\"https:\/\/www.tessi.eu\/fr\/tessi-sponsor-officiel-de-la-sportive-laura-tarantola-pour-lannee-2019-2020\/\",\"name\":\"Tessi, sponsor officiel de la sportive Laura Tarantola pour l\u2019ann\u00e9e 2019-2020 - Tessi International\",\"isPartOf\":{\"@id\":\"https:\/\/www.tessi.eu\/fr\/#website\"},\"primaryImageOfPage\":{\"@id\":\"https:\/\/www.tessi.eu\/fr\/tessi-sponsor-officiel-de-la-sportive-laura-tarantola-pour-lannee-2019-2020\/#primaryimage\"},\"image\":{\"@id\":\"https:\/\/www.tessi.eu\/fr\/tessi-sponsor-officiel-de-la-sportive-laura-tarantola-pour-lannee-2019-2020\/#primaryimage\"},\"thumbnailUrl\":\"https:\/\/www.tessi.eu\/wp-content\/uploads\/2023\/04\/laura-tarantola.jpeg\",\"datePublished\":\"2019-11-25T08:52:34+00:00\",\"author\":{\"@id\":\"https:\/\/www.tessi.eu\/fr\/#\/schema\/person\/859d0f8ee0e735b277dee0268b7ad791\"},\"description\":\"Tessi apporte son soutien \u00e0 la grenobloise Laura Tarantola, championne du Monde d\u2019aviron 2018, s\u00e9lectionn\u00e9e pour les JO 2020 de Tokyo.\",\"breadcrumb\":{\"@id\":\"https:\/\/www.tessi.eu\/fr\/tessi-sponsor-officiel-de-la-sportive-laura-tarantola-pour-lannee-2019-2020\/#breadcrumb\"},\"inLanguage\":\"fr-FR\",\"potentialAction\":[{\"@type\":\"ReadAction\",\"target\":[\"https:\/\/www.tessi.eu\/fr\/tessi-sponsor-officiel-de-la-sportive-laura-tarantola-pour-lannee-2019-2020\/\"]}]},{\"@type\":\"ImageObject\",\"inLanguage\":\"fr-FR\",\"@id\":\"https:\/\/www.tessi.eu\/fr\/tessi-sponsor-officiel-de-la-sportive-laura-tarantola-pour-lannee-2019-2020\/#primaryimage\",\"url\":\"https:\/\/www.tessi.eu\/wp-content\/uploads\/2023\/04\/laura-tarantola.jpeg\",\"contentUrl\":\"https:\/\/www.tessi.eu\/wp-content\/uploads\/2023\/04\/laura-tarantola.jpeg\",\"width\":2064,\"height\":1381,\"caption\":\"laura tarantola\"},{\"@type\":\"BreadcrumbList\",\"@id\":\"https:\/\/www.tessi.eu\/fr\/tessi-sponsor-officiel-de-la-sportive-laura-tarantola-pour-lannee-2019-2020\/#breadcrumb\",\"itemListElement\":[{\"@type\":\"ListItem\",\"position\":1,\"name\":\"Home\",\"item\":\"https:\/\/www.tessi.eu\/fr\/\"},{\"@type\":\"ListItem\",\"position\":2,\"name\":\"Tessi, sponsor officiel de la sportive Laura Tarantola pour l\u2019ann\u00e9e 2019-2020\"}]},{\"@type\":\"WebSite\",\"@id\":\"https:\/\/www.tessi.eu\/fr\/#website\",\"url\":\"https:\/\/www.tessi.eu\/fr\/\",\"name\":\"Tessi International\",\"description\":\"\",\"potentialAction\":[{\"@type\":\"SearchAction\",\"target\":{\"@type\":\"EntryPoint\",\"urlTemplate\":\"https:\/\/www.tessi.eu\/fr\/?s={search_term_string}\"},\"query-input\":{\"@type\":\"PropertyValueSpecification\",\"valueRequired\":true,\"valueName\":\"search_term_string\"}}],\"inLanguage\":\"fr-FR\"},{\"@type\":\"Person\",\"@id\":\"https:\/\/www.tessi.eu\/fr\/#\/schema\/person\/859d0f8ee0e735b277dee0268b7ad791\",\"name\":\"cbonnet\",\"image\":{\"@type\":\"ImageObject\",\"inLanguage\":\"fr-FR\",\"@id\":\"https:\/\/www.tessi.eu\/fr\/#\/schema\/person\/image\/\",\"url\":\"https:\/\/secure.gravatar.com\/avatar\/0d01ab1b427b196966268d5f1407f20f6367aba1866f9ac86912cfd758c2f669?s=96&d=mm&r=g\",\"contentUrl\":\"https:\/\/secure.gravatar.com\/avatar\/0d01ab1b427b196966268d5f1407f20f6367aba1866f9ac86912cfd758c2f669?s=96&d=mm&r=g\",\"caption\":\"cbonnet\"}}]}<\/script>\n<!-- \/ Yoast SEO Premium plugin. -->","yoast_head_json":{"title":"Tessi, sponsor officiel de la sportive Laura Tarantola pour l\u2019ann\u00e9e 2019-2020 - Tessi International","description":"Tessi apporte son soutien \u00e0 la grenobloise Laura Tarantola, championne du Monde d\u2019aviron 2018, s\u00e9lectionn\u00e9e pour les JO 2020 de Tokyo.","robots":{"index":"index","follow":"follow","max-snippet":"max-snippet:-1","max-image-preview":"max-image-preview:large","max-video-preview":"max-video-preview:-1"},"canonical":"https:\/\/www.tessi.eu\/fr\/tessi-sponsor-officiel-de-la-sportive-laura-tarantola-pour-lannee-2019-2020\/","og_locale":"fr_FR","og_type":"article","og_title":"Tessi, sponsor officiel de la sportive Laura Tarantola pour l\u2019ann\u00e9e 2019-2020","og_description":"Tessi apporte son soutien \u00e0 la grenobloise Laura Tarantola, championne du Monde d\u2019aviron 2018, s\u00e9lectionn\u00e9e pour les JO 2020 de Tokyo.","og_url":"https:\/\/www.tessi.eu\/fr\/tessi-sponsor-officiel-de-la-sportive-laura-tarantola-pour-lannee-2019-2020\/","og_site_name":"Tessi International","article_published_time":"2019-11-25T08:52:34+00:00","og_image":[{"width":2064,"height":1381,"url":"https:\/\/tessi.on-web.fr\/wp-content\/uploads\/2023\/04\/laura-tarantola.jpeg","type":"image\/jpeg"}],"author":"cbonnet","twitter_card":"summary_large_image","twitter_misc":{"\u00c9crit par":"cbonnet","Dur\u00e9e de lecture estim\u00e9e":"2 minutes"},"schema":{"@context":"https:\/\/schema.org","@graph":[{"@type":"Article","@id":"https:\/\/www.tessi.eu\/fr\/tessi-sponsor-officiel-de-la-sportive-laura-tarantola-pour-lannee-2019-2020\/#article","isPartOf":{"@id":"https:\/\/www.tessi.eu\/fr\/tessi-sponsor-officiel-de-la-sportive-laura-tarantola-pour-lannee-2019-2020\/"},"author":{"name":"cbonnet","@id":"https:\/\/www.tessi.eu\/fr\/#\/schema\/person\/859d0f8ee0e735b277dee0268b7ad791"},"headline":"Tessi, sponsor officiel de la sportive Laura Tarantola pour l\u2019ann\u00e9e 2019-2020","datePublished":"2019-11-25T08:52:34+00:00","mainEntityOfPage":{"@id":"https:\/\/www.tessi.eu\/fr\/tessi-sponsor-officiel-de-la-sportive-laura-tarantola-pour-lannee-2019-2020\/"},"wordCount":411,"image":{"@id":"https:\/\/www.tessi.eu\/fr\/tessi-sponsor-officiel-de-la-sportive-laura-tarantola-pour-lannee-2019-2020\/#primaryimage"},"thumbnailUrl":"https:\/\/www.tessi.eu\/wp-content\/uploads\/2023\/04\/laura-tarantola.jpeg","articleSection":["News"],"inLanguage":"fr-FR"},{"@type":"WebPage","@id":"https:\/\/www.tessi.eu\/fr\/tessi-sponsor-officiel-de-la-sportive-laura-tarantola-pour-lannee-2019-2020\/","url":"https:\/\/www.tessi.eu\/fr\/tessi-sponsor-officiel-de-la-sportive-laura-tarantola-pour-lannee-2019-2020\/","name":"Tessi, sponsor officiel de la sportive Laura Tarantola pour l\u2019ann\u00e9e 2019-2020 - Tessi International","isPartOf":{"@id":"https:\/\/www.tessi.eu\/fr\/#website"},"primaryImageOfPage":{"@id":"https:\/\/www.tessi.eu\/fr\/tessi-sponsor-officiel-de-la-sportive-laura-tarantola-pour-lannee-2019-2020\/#primaryimage"},"image":{"@id":"https:\/\/www.tessi.eu\/fr\/tessi-sponsor-officiel-de-la-sportive-laura-tarantola-pour-lannee-2019-2020\/#primaryimage"},"thumbnailUrl":"https:\/\/www.tessi.eu\/wp-content\/uploads\/2023\/04\/laura-tarantola.jpeg","datePublished":"2019-11-25T08:52:34+00:00","author":{"@id":"https:\/\/www.tessi.eu\/fr\/#\/schema\/person\/859d0f8ee0e735b277dee0268b7ad791"},"description":"Tessi apporte son soutien \u00e0 la grenobloise Laura Tarantola, championne du Monde d\u2019aviron 2018, s\u00e9lectionn\u00e9e pour les JO 2020 de Tokyo.","breadcrumb":{"@id":"https:\/\/www.tessi.eu\/fr\/tessi-sponsor-officiel-de-la-sportive-laura-tarantola-pour-lannee-2019-2020\/#breadcrumb"},"inLanguage":"fr-FR","potentialAction":[{"@type":"ReadAction","target":["https:\/\/www.tessi.eu\/fr\/tessi-sponsor-officiel-de-la-sportive-laura-tarantola-pour-lannee-2019-2020\/"]}]},{"@type":"ImageObject","inLanguage":"fr-FR","@id":"https:\/\/www.tessi.eu\/fr\/tessi-sponsor-officiel-de-la-sportive-laura-tarantola-pour-lannee-2019-2020\/#primaryimage","url":"https:\/\/www.tessi.eu\/wp-content\/uploads\/2023\/04\/laura-tarantola.jpeg","contentUrl":"https:\/\/www.tessi.eu\/wp-content\/uploads\/2023\/04\/laura-tarantola.jpeg","width":2064,"height":1381,"caption":"laura tarantola"},{"@type":"BreadcrumbList","@id":"https:\/\/www.tessi.eu\/fr\/tessi-sponsor-officiel-de-la-sportive-laura-tarantola-pour-lannee-2019-2020\/#breadcrumb","itemListElement":[{"@type":"ListItem","position":1,"name":"Home","item":"https:\/\/www.tessi.eu\/fr\/"},{"@type":"ListItem","position":2,"name":"Tessi, sponsor officiel de la sportive Laura Tarantola pour l\u2019ann\u00e9e 2019-2020"}]},{"@type":"WebSite","@id":"https:\/\/www.tessi.eu\/fr\/#website","url":"https:\/\/www.tessi.eu\/fr\/","name":"Tessi International","description":"","potentialAction":[{"@type":"SearchAction","target":{"@type":"EntryPoint","urlTemplate":"https:\/\/www.tessi.eu\/fr\/?s={search_term_string}"},"query-input":{"@type":"PropertyValueSpecification","valueRequired":true,"valueName":"search_term_string"}}],"inLanguage":"fr-FR"},{"@type":"Person","@id":"https:\/\/www.tessi.eu\/fr\/#\/schema\/person\/859d0f8ee0e735b277dee0268b7ad791","name":"cbonnet","image":{"@type":"ImageObject","inLanguage":"fr-FR","@id":"https:\/\/www.tessi.eu\/fr\/#\/schema\/person\/image\/","url":"https:\/\/secure.gravatar.com\/avatar\/0d01ab1b427b196966268d5f1407f20f6367aba1866f9ac86912cfd758c2f669?s=96&d=mm&r=g","contentUrl":"https:\/\/secure.gravatar.com\/avatar\/0d01ab1b427b196966268d5f1407f20f6367aba1866f9ac86912cfd758c2f669?s=96&d=mm&r=g","caption":"cbonnet"}}]}},"_links":{"self":[{"href":"https:\/\/www.tessi.eu\/fr\/wp-json\/wp\/v2\/posts\/32426\/"}],"collection":[{"href":"https:\/\/www.tessi.eu\/fr\/wp-json\/wp\/v2\/posts\/"}],"about":[{"href":"https:\/\/www.tessi.eu\/fr\/wp-json\/wp\/v2\/types\/post\/"}],"author":[{"embeddable":true,"href":"https:\/\/www.tessi.eu\/fr\/wp-json\/wp\/v2\/users\/11\/"}],"replies":[{"embeddable":true,"href":"https:\/\/www.tessi.eu\/fr\/wp-json\/wp\/v2\/comments\/?post=32426"}],"version-history":[{"count":1,"href":"https:\/\/www.tessi.eu\/fr\/wp-json\/wp\/v2\/posts\/32426\/revisions\/"}],"predecessor-version":[{"id":32434,"href":"https:\/\/www.tessi.eu\/fr\/wp-json\/wp\/v2\/posts\/32426\/revisions\/32434\/"}],"wp:featuredmedia":[{"embeddable":true,"href":"https:\/\/www.tessi.eu\/fr\/wp-json\/wp\/v2\/media\/32427\/"}],"wp:attachment":[{"href":"https:\/\/www.tessi.eu\/fr\/wp-json\/wp\/v2\/media\/?parent=32426"}],"wp:term":[{"taxonomy":"category","embeddable":true,"href":"https:\/\/www.tessi.eu\/fr\/wp-json\/wp\/v2\/categories\/?post=32426"},{"taxonomy":"post_tag","embeddable":true,"href":"https:\/\/www.tessi.eu\/fr\/wp-json\/wp\/v2\/tags\/?post=32426"}],"curies":[{"name":"wp","href":"https:\/\/api.w.org\/{rel}","templated":true}]}}