{"id":32418,"date":"2019-11-28T08:28:28","date_gmt":"2019-11-28T06:28:28","guid":{"rendered":"https:\/\/www.tessi.eu\/tessi-annonce-le-lancement-dune-augmentation-de-capital-de-375-me\/"},"modified":"2019-11-28T08:14:41","modified_gmt":"2019-11-28T06:14:41","slug":"tessi-annonce-le-lancement-dune-augmentation-de-capital-de-375-me","status":"publish","type":"post","link":"https:\/\/www.tessi.eu\/fr\/tessi-annonce-le-lancement-dune-augmentation-de-capital-de-375-me\/","title":{"rendered":"Tessi annonce le lancement d\u2019une augmentation de capital de 37,5 M\u20ac"},"content":{"rendered":"<p class=\"p1\"><strong>Tessi lance une augmentation de capital avec suppression du droit pr\u00e9f\u00e9rentiel de souscription, par voie d\u2019offre au public et avec d\u00e9lai de priorit\u00e9 des actionnaires, d\u2019un montant d\u2019environ 37,5&nbsp;millions d\u2019euros dans le cadre du financement de l\u2019acquisition d\u2019ADM Value.<\/strong><\/p>\n<p>Tessi (la \u00ab <strong>Soci\u00e9t\u00e9<\/strong> \u00bb) annonce aujourd\u2019hui le lancement d\u2019une augmentation de capital avec suppression du droit pr\u00e9f\u00e9rentiel de souscription, par voie d\u2019offre au public et avec d\u00e9lai de priorit\u00e9 des actionnaires, d\u2019un montant brut d\u2019environ 37,5&nbsp;millions d\u2019euros (l\u2019\u00ab\u00a0<strong>Augmentation de Capital<\/strong>\u00a0\u00bb).<\/p>\n<p>Le produit de l\u2019Augmentation de Capital est destin\u00e9 \u00e0 financer, en plus d\u2019une nouvelle dette bancaire \u00e0 hauteur de 50 millions d\u2019euros et d\u2019un recours \u00e0 une ligne de tr\u00e9sorerie, l\u2019acquisition annonc\u00e9e le 31&nbsp;juillet 2019 de 80% des actions composant le capital d\u2019ADM Value, pour un montant en num\u00e9raire d\u2019environ 91 millions euros, \u00e9tant pr\u00e9cis\u00e9 que le montant global pour 100% des actions composant le capital d\u2019ADM Value est d\u2019environ 114 millions d\u2019euros.<\/p>\n<p>A la suite du r\u00e8glement-livraison de l\u2019Augmentation de Capital, trois associ\u00e9s de la soci\u00e9t\u00e9 ADM Value, dont son PDG, Monsieur Claude Briqu\u00e9, apporteront \u00e0 la Soci\u00e9t\u00e9 le solde des actions composant le capital d\u2019ADM Value, soit environ 20% du capital, dans le cadre d\u2019une augmentation de capital par apport en nature (l\u2019\u00ab <strong>Apport<\/strong> \u00bb), qui sera effectu\u00e9e aux m\u00eames conditions de prix que l\u2019Augmentation de Capital. Le cabinet Mazars Gourgue a \u00e9t\u00e9 d\u00e9sign\u00e9 en qualit\u00e9 de commissaire aux apports \u00e0 l\u2019effet de rendre un rapport sur la r\u00e9mun\u00e9ration des actions de la soci\u00e9t\u00e9 ADM Value apport\u00e9es dans le cadre de l\u2019Apport, et un second rapport sur la valeur des actions de la soci\u00e9t\u00e9 ADM Value apport\u00e9es, disponibles et repris dans le prospectus de l\u2019Augmentation de Capital.<\/p>\n<p>Le prix de souscription de l\u2019Augmentation de Capital est fix\u00e9 \u00e0 140 euros par action (soit une valeur nominale de 2 euros et une prime d\u2019\u00e9mission de 138 euros), sur la base de 2 actions nouvelles pour 21&nbsp;actions existantes, entra\u00eenant l\u2019\u00e9mission de 267 664 actions nouvelles (les \u00ab\u00a0<strong>Actions Nouvelles<\/strong>\u00a0\u00bb).<\/p>\n<p>Le prix de souscription fait appara\u00eetre une prime de 12,38% par rapport au cours moyen pond\u00e9r\u00e9 par les volumes de l\u2019action Tessi au cours des trois derni\u00e8res s\u00e9ances de bourse pr\u00e9c\u00e9dant la date du 28&nbsp;novembre 2019, de 124,58 euros.<\/p>\n<p>Un d\u00e9lai de priorit\u00e9 de 5 jours de bourse de bourse cons\u00e9cutifs, du 28&nbsp;novembre 2019 au 4 d\u00e9cembre 2019 \u00e0 17 heures (heure de Paris) sera accord\u00e9 aux actionnaires inscrits en compte \u00e0 la date du 27&nbsp;novembre 2019.<\/p>\n<p>Dans le cadre du d\u00e9lai de priorit\u00e9, les Actions Nouvelles \u00e9ventuellement non absorb\u00e9es par les souscriptions \u00e0 titre irr\u00e9ductible seront r\u00e9parties et attribu\u00e9es aux actionnaires ayant souscrit \u00e0 titre r\u00e9ductible. Les ordres de souscription \u00e0 titre r\u00e9ductible seront allou\u00e9s proportionnellement aux demandes \u00e0 titre irr\u00e9ductible.<\/p>\n<p>Par ailleurs, les Actions Nouvelles non-souscrites dans le cadre du d\u00e9lai de priorit\u00e9 par les actionnaires seront propos\u00e9es dans le cadre d\u2019une offre au public en France (l\u2019\u00ab\u00a0<strong>Offre au Public<\/strong>\u00a0\u00bb), ouverte du 28&nbsp;novembre 2019 au 4 d\u00e9cembre 2019 inclus.<\/p>\n<p>Il est pr\u00e9vu que le r\u00e8glement-livraison des actions nouvelles ait lieu le 10 d\u00e9cembre 2019.<\/p>\n<p>Les Actions Nouvelles \u00e9mises le 10 d\u00e9cembre 2019 seront imm\u00e9diatement assimil\u00e9es aux actions Tessi existantes, se n\u00e9gocieront sur le march\u00e9 r\u00e9glement\u00e9 d\u2019Euronext Paris sur la m\u00eame ligne de cotation (code ISIN FR0004529147) que les actions existantes et donneront droit \u00e0 toutes les distributions d\u00e9cid\u00e9es par Tessi \u00e0 compter de cette date.<\/p>\n<p>Cette \u00e9mission est dirig\u00e9e par Cr\u00e9dit Agricole Corporate and Investment Bank qui agit en tant que Chef de File et Teneur de Livre.<\/p>\n<h3>Intentions et engagements de souscriptions de l\u2019actionnaire majoritaire<\/h3>\n<p>Pixel Holding, actionnaire majoritaire de la Soci\u00e9t\u00e9, a l\u2019intention de souscrire durant le d\u00e9lai de priorit\u00e9, \u00e0 titre irr\u00e9ductible, \u00e0 hauteur de sa quote-part dans le capital de la Soci\u00e9t\u00e9, et \u00e0 titre r\u00e9ductible, \u00e0 hauteur du solde du montant de l\u2019Augmentation de Capital non souscrit par elle-m\u00eame \u00e0 titre irr\u00e9ductible.<\/p>\n<p>Par ailleurs, Pixel Holding s\u2019est engag\u00e9e \u00e0 garantir le solde de l\u2019Augmentation de Capital, dans l\u2019hypoth\u00e8se o\u00f9, \u00e0 l\u2019issue de la p\u00e9riode de souscription de l\u2019Offre au Public, les souscriptions ne repr\u00e9senteraient pas 100% du montant de l\u2019Augmentation de Capital.<\/p>\n<h3>Prospectus vis\u00e9 par l\u2019Autorit\u00e9 des march\u00e9s financiers<\/h3>\n<p>Le prospectus, compos\u00e9 (i) du document d\u2019enregistrement universel de la Soci\u00e9t\u00e9 enregistr\u00e9 aupr\u00e8s de l\u2019AMF le 21 Le prospectus, compos\u00e9 (i) du document d\u2019enregistrement universel de la Soci\u00e9t\u00e9 enregistr\u00e9 aupr\u00e8s de l\u2019AMF le 21 novembre 2019 sous le num\u00e9ro R.19-037 ainsi que (ii) d\u2019une note d\u2019op\u00e9ration (incluant le r\u00e9sum\u00e9 du prospectus), qui a obtenu le visa de l\u2019AMF num\u00e9ro 19-546 en date du 27 novembre 2019, est disponible, sans frais, au si\u00e8ge social de la Soci\u00e9t\u00e9, 177 Cours de la Lib\u00e9ration G\u00e9n\u00e9ral de Gaulle \u2013 38029 Grenoble Cedex 2, France, sur le site internet de Tessi (<a href=\"http:\/\/tessi.on-web.fr\">tessi.test<\/a>) ainsi que sur le site internet de l\u2019AMF (<a href=\"http:\/\/www.amf-france.org\">www.amf-france.org<\/a>).<\/p>\n<p>&nbsp;<\/p>\n<h4><strong><em>Avertissement <\/em><\/strong><\/h4>\n<p><em>Le pr\u00e9sent communiqu\u00e9, les informations qu\u2019il contient, ne constituent ni une offre de vente ou de souscription, si une sollicitation d\u2019un ordre d\u2019achat ou de souscription, des actions de TESSI en Australie, au Canada, au Japon ou aux \u00c9tats-Unis d\u2019Am\u00e9riques ou dans tout autres pays dans lesquels une telle offre ou sollicitation serait interdite.<\/em><\/p>\n<p><em>La diffusion, la publication ou la distribution de ce communiqu\u00e9 dans certains pays peut constituer une violation des dispositions l\u00e9gales et r\u00e8glementaires en vigueur. Par cons\u00e9quent, les personnes physiquement pr\u00e9sentes dans ces pays et dans lesquels ce communiqu\u00e9 est diffus\u00e9, distribu\u00e9 ou publi\u00e9 doivent s\u2019informer de ces \u00e9ventuelles restrictions locales et s\u2019y conformer. Le pr\u00e9sent communiqu\u00e9 ne doit pas \u00eatre diffus\u00e9, publi\u00e9 ou distribu\u00e9, directement ou indirectement, en Australie, au Canada, au Japon ou aux \u00c9tats-Unis d\u2019Am\u00e9riques.<\/em><\/p>\n<p><em>Ce communiqu\u00e9 est une communication \u00e0 caract\u00e8re promotionnelle et ne constitue pas un prospectus au sens du R\u00e8glement 2017\/1129 du Parlement europ\u00e9en et du Conseil du 14 juin 2017, concernant le prospectus \u00e0 publier en cas d\u2019offre au public de valeurs mobili\u00e8res ou en vue de l\u2019admission de valeurs mobili\u00e8res \u00e0 la n\u00e9gociation sur un march\u00e9 r\u00e8glement\u00e9, et abrogeant la Directive Prospectus 2003\/71\/CE (le \u00ab\u00a0<strong>R\u00e8glement Prospectus<\/strong>\u00a0\u00bb).<\/em><\/p>\n<p><em>Aucune offre d&rsquo;actions n&rsquo;est faite, ni ne sera faite au public en France, pr\u00e9alablement \u00e0 l&rsquo;obtention d&rsquo;un visa de l\u2019AMF sur un prospectus, qui sera disponible sur le site internet de TESSI (<a href=\"http:\/\/tessi.on-web.fr\">tessi.test<\/a>) et sur celui de l\u2019AMF (<a href=\"http:\/\/www.amf-france.org\">www.amf-france.org<\/a>).<\/em><\/p>\n<p><em>S\u2019agissant des \u00c9tats membres de l\u2019Espace Economique Europ\u00e9en autre que la France, aucune action n\u2019a \u00e9t\u00e9 entreprise et ne sera entreprise \u00e0 l\u2019effet de permettre une offre au public de titres rendant n\u00e9cessaire la publication d\u2019un prospectus dans l\u2019un ou l\u2019autre des Etats membres concern\u00e9s. Par cons\u00e9quent, toute offre d\u2019actions nouvelles de TESSI ne pourra \u00eatre r\u00e9alis\u00e9e dans l\u2019un ou l\u2019autre des \u00c9tats membres, (i) qu\u2019au profit d\u2019investisseurs qualifi\u00e9s au sens du R\u00e8glement Prospectus ; ou (ii) dans toute autre hypoth\u00e8se dispensant TESSI de publier un prospectus conform\u00e9ment \u00e0 l\u2019article 1(4) du R\u00e8glement Prospectus.<\/em><\/p>\n<form action=\"https:\/\/www.tessi.eu\/fr\/wp-content\/uploads\/sites\/2\/2019\/11\/tessi-20191127-augmentation-de-capital.pdf\" target=\"_blank\"><input class=\"wpcf7-form-control wpcf7-submit btn btn-light btn-custom btn-big btn-round\" type=\"submit\" value=\" T\u00e9l\u00e9charger le communiqu\u00e9 de presse \" \/><\/form>\n","protected":false},"excerpt":{"rendered":"<p>Tessi lance une augmentation de capital avec suppression du droit pr\u00e9f\u00e9rentiel de souscription, par voie d\u2019offre au public et avec d\u00e9lai de priorit\u00e9 des actionnaires, d\u2019un montant d\u2019environ 37,5&nbsp;millions d\u2019euros dans le cadre du financement de l\u2019acquisition d\u2019ADM Value. Tessi (la \u00ab Soci\u00e9t\u00e9 \u00bb) annonce aujourd\u2019hui le lancement d\u2019une augmentation de capital avec suppression du [&hellip;]<\/p>\n","protected":false},"author":11,"featured_media":32419,"comment_status":"closed","ping_status":"closed","sticky":true,"template":"","format":"standard","meta":{"_acf_changed":false,"footnotes":""},"categories":[47,131],"tags":[],"class_list":["post-32418","post","type-post","status-publish","format-standard","has-post-thumbnail","hentry","category-news","category-financier"],"acf":[],"yoast_head":"<!-- This site is optimized with the Yoast SEO Premium plugin v22.3 (Yoast SEO v27.1.1) - https:\/\/yoast.com\/product\/yoast-seo-premium-wordpress\/ -->\n<title>Tessi annonce le lancement d\u2019une augmentation de capital de 37,5 M\u20ac - Tessi International<\/title>\n<meta name=\"description\" content=\"Tessi lance une augmentation de capital avec suppression du droit pr\u00e9f\u00e9rentiel de souscription, par voie d\u2019offre au public et avec d\u00e9lai de priorit\u00e9 des actionnaires, d\u2019un montant d\u2019environ 37,5\u00a0millions d\u2019euros dans le cadre du financement de l\u2019acquisition d\u2019ADM Value.\" \/>\n<meta name=\"robots\" content=\"index, follow, max-snippet:-1, max-image-preview:large, max-video-preview:-1\" \/>\n<link rel=\"canonical\" href=\"https:\/\/www.tessi.eu\/fr\/tessi-annonce-le-lancement-dune-augmentation-de-capital-de-375-me\/\" \/>\n<meta property=\"og:locale\" content=\"fr_FR\" \/>\n<meta property=\"og:type\" content=\"article\" \/>\n<meta property=\"og:title\" content=\"Tessi annonce le lancement d\u2019une augmentation de capital de 37,5 M\u20ac\" \/>\n<meta property=\"og:description\" content=\"Tessi lance une augmentation de capital avec suppression du droit pr\u00e9f\u00e9rentiel de souscription, par voie d\u2019offre au public et avec d\u00e9lai de priorit\u00e9 des actionnaires, d\u2019un montant d\u2019environ 37,5\u00a0millions d\u2019euros dans le cadre du financement de l\u2019acquisition d\u2019ADM Value.\" \/>\n<meta property=\"og:url\" content=\"https:\/\/www.tessi.eu\/fr\/tessi-annonce-le-lancement-dune-augmentation-de-capital-de-375-me\/\" \/>\n<meta property=\"og:site_name\" content=\"Tessi International\" \/>\n<meta property=\"article:published_time\" content=\"2019-11-28T06:28:28+00:00\" \/>\n<meta property=\"og:image\" content=\"https:\/\/tessi.on-web.fr\/wp-content\/uploads\/2023\/04\/img-ref-agenda-event.jpg\" \/>\n\t<meta property=\"og:image:width\" content=\"510\" \/>\n\t<meta property=\"og:image:height\" content=\"400\" \/>\n\t<meta property=\"og:image:type\" content=\"image\/jpeg\" \/>\n<meta name=\"author\" content=\"cbonnet\" \/>\n<meta name=\"twitter:card\" content=\"summary_large_image\" \/>\n<meta name=\"twitter:label1\" content=\"\u00c9crit par\" \/>\n\t<meta name=\"twitter:data1\" content=\"cbonnet\" \/>\n\t<meta name=\"twitter:label2\" content=\"Dur\u00e9e de lecture estim\u00e9e\" \/>\n\t<meta name=\"twitter:data2\" content=\"6 minutes\" \/>\n<script type=\"application\/ld+json\" class=\"yoast-schema-graph\">{\"@context\":\"https:\/\/schema.org\",\"@graph\":[{\"@type\":\"Article\",\"@id\":\"https:\/\/www.tessi.eu\/fr\/tessi-annonce-le-lancement-dune-augmentation-de-capital-de-375-me\/#article\",\"isPartOf\":{\"@id\":\"https:\/\/www.tessi.eu\/fr\/tessi-annonce-le-lancement-dune-augmentation-de-capital-de-375-me\/\"},\"author\":{\"name\":\"cbonnet\",\"@id\":\"https:\/\/www.tessi.eu\/fr\/#\/schema\/person\/859d0f8ee0e735b277dee0268b7ad791\"},\"headline\":\"Tessi annonce le lancement d\u2019une augmentation de capital de 37,5 M\u20ac\",\"datePublished\":\"2019-11-28T06:28:28+00:00\",\"mainEntityOfPage\":{\"@id\":\"https:\/\/www.tessi.eu\/fr\/tessi-annonce-le-lancement-dune-augmentation-de-capital-de-375-me\/\"},\"wordCount\":1269,\"image\":{\"@id\":\"https:\/\/www.tessi.eu\/fr\/tessi-annonce-le-lancement-dune-augmentation-de-capital-de-375-me\/#primaryimage\"},\"thumbnailUrl\":\"https:\/\/www.tessi.eu\/wp-content\/uploads\/2023\/04\/img-ref-agenda-event.jpg\",\"articleSection\":[\"News\",\"Financier\"],\"inLanguage\":\"fr-FR\"},{\"@type\":\"WebPage\",\"@id\":\"https:\/\/www.tessi.eu\/fr\/tessi-annonce-le-lancement-dune-augmentation-de-capital-de-375-me\/\",\"url\":\"https:\/\/www.tessi.eu\/fr\/tessi-annonce-le-lancement-dune-augmentation-de-capital-de-375-me\/\",\"name\":\"Tessi annonce le lancement d\u2019une augmentation de capital de 37,5 M\u20ac - Tessi International\",\"isPartOf\":{\"@id\":\"https:\/\/www.tessi.eu\/fr\/#website\"},\"primaryImageOfPage\":{\"@id\":\"https:\/\/www.tessi.eu\/fr\/tessi-annonce-le-lancement-dune-augmentation-de-capital-de-375-me\/#primaryimage\"},\"image\":{\"@id\":\"https:\/\/www.tessi.eu\/fr\/tessi-annonce-le-lancement-dune-augmentation-de-capital-de-375-me\/#primaryimage\"},\"thumbnailUrl\":\"https:\/\/www.tessi.eu\/wp-content\/uploads\/2023\/04\/img-ref-agenda-event.jpg\",\"datePublished\":\"2019-11-28T06:28:28+00:00\",\"author\":{\"@id\":\"https:\/\/www.tessi.eu\/fr\/#\/schema\/person\/859d0f8ee0e735b277dee0268b7ad791\"},\"description\":\"Tessi lance une augmentation de capital avec suppression du droit pr\u00e9f\u00e9rentiel de souscription, par voie d\u2019offre au public et avec d\u00e9lai de priorit\u00e9 des actionnaires, d\u2019un montant d\u2019environ 37,5\u00a0millions d\u2019euros dans le cadre du financement de l\u2019acquisition d\u2019ADM Value.\",\"breadcrumb\":{\"@id\":\"https:\/\/www.tessi.eu\/fr\/tessi-annonce-le-lancement-dune-augmentation-de-capital-de-375-me\/#breadcrumb\"},\"inLanguage\":\"fr-FR\",\"potentialAction\":[{\"@type\":\"ReadAction\",\"target\":[\"https:\/\/www.tessi.eu\/fr\/tessi-annonce-le-lancement-dune-augmentation-de-capital-de-375-me\/\"]}]},{\"@type\":\"ImageObject\",\"inLanguage\":\"fr-FR\",\"@id\":\"https:\/\/www.tessi.eu\/fr\/tessi-annonce-le-lancement-dune-augmentation-de-capital-de-375-me\/#primaryimage\",\"url\":\"https:\/\/www.tessi.eu\/wp-content\/uploads\/2023\/04\/img-ref-agenda-event.jpg\",\"contentUrl\":\"https:\/\/www.tessi.eu\/wp-content\/uploads\/2023\/04\/img-ref-agenda-event.jpg\",\"width\":510,\"height\":400,\"caption\":\"img ref agenda event\"},{\"@type\":\"BreadcrumbList\",\"@id\":\"https:\/\/www.tessi.eu\/fr\/tessi-annonce-le-lancement-dune-augmentation-de-capital-de-375-me\/#breadcrumb\",\"itemListElement\":[{\"@type\":\"ListItem\",\"position\":1,\"name\":\"Home\",\"item\":\"https:\/\/www.tessi.eu\/fr\/\"},{\"@type\":\"ListItem\",\"position\":2,\"name\":\"Tessi annonce le lancement d\u2019une augmentation de capital de 37,5 M\u20ac\"}]},{\"@type\":\"WebSite\",\"@id\":\"https:\/\/www.tessi.eu\/fr\/#website\",\"url\":\"https:\/\/www.tessi.eu\/fr\/\",\"name\":\"Tessi International\",\"description\":\"\",\"potentialAction\":[{\"@type\":\"SearchAction\",\"target\":{\"@type\":\"EntryPoint\",\"urlTemplate\":\"https:\/\/www.tessi.eu\/fr\/?s={search_term_string}\"},\"query-input\":{\"@type\":\"PropertyValueSpecification\",\"valueRequired\":true,\"valueName\":\"search_term_string\"}}],\"inLanguage\":\"fr-FR\"},{\"@type\":\"Person\",\"@id\":\"https:\/\/www.tessi.eu\/fr\/#\/schema\/person\/859d0f8ee0e735b277dee0268b7ad791\",\"name\":\"cbonnet\",\"image\":{\"@type\":\"ImageObject\",\"inLanguage\":\"fr-FR\",\"@id\":\"https:\/\/www.tessi.eu\/fr\/#\/schema\/person\/image\/\",\"url\":\"https:\/\/secure.gravatar.com\/avatar\/0d01ab1b427b196966268d5f1407f20f6367aba1866f9ac86912cfd758c2f669?s=96&d=mm&r=g\",\"contentUrl\":\"https:\/\/secure.gravatar.com\/avatar\/0d01ab1b427b196966268d5f1407f20f6367aba1866f9ac86912cfd758c2f669?s=96&d=mm&r=g\",\"caption\":\"cbonnet\"}}]}<\/script>\n<!-- \/ Yoast SEO Premium plugin. -->","yoast_head_json":{"title":"Tessi annonce le lancement d\u2019une augmentation de capital de 37,5 M\u20ac - Tessi International","description":"Tessi lance une augmentation de capital avec suppression du droit pr\u00e9f\u00e9rentiel de souscription, par voie d\u2019offre au public et avec d\u00e9lai de priorit\u00e9 des actionnaires, d\u2019un montant d\u2019environ 37,5\u00a0millions d\u2019euros dans le cadre du financement de l\u2019acquisition d\u2019ADM Value.","robots":{"index":"index","follow":"follow","max-snippet":"max-snippet:-1","max-image-preview":"max-image-preview:large","max-video-preview":"max-video-preview:-1"},"canonical":"https:\/\/www.tessi.eu\/fr\/tessi-annonce-le-lancement-dune-augmentation-de-capital-de-375-me\/","og_locale":"fr_FR","og_type":"article","og_title":"Tessi annonce le lancement d\u2019une augmentation de capital de 37,5 M\u20ac","og_description":"Tessi lance une augmentation de capital avec suppression du droit pr\u00e9f\u00e9rentiel de souscription, par voie d\u2019offre au public et avec d\u00e9lai de priorit\u00e9 des actionnaires, d\u2019un montant d\u2019environ 37,5\u00a0millions d\u2019euros dans le cadre du financement de l\u2019acquisition d\u2019ADM Value.","og_url":"https:\/\/www.tessi.eu\/fr\/tessi-annonce-le-lancement-dune-augmentation-de-capital-de-375-me\/","og_site_name":"Tessi International","article_published_time":"2019-11-28T06:28:28+00:00","og_image":[{"width":510,"height":400,"url":"https:\/\/tessi.on-web.fr\/wp-content\/uploads\/2023\/04\/img-ref-agenda-event.jpg","type":"image\/jpeg"}],"author":"cbonnet","twitter_card":"summary_large_image","twitter_misc":{"\u00c9crit par":"cbonnet","Dur\u00e9e de lecture estim\u00e9e":"6 minutes"},"schema":{"@context":"https:\/\/schema.org","@graph":[{"@type":"Article","@id":"https:\/\/www.tessi.eu\/fr\/tessi-annonce-le-lancement-dune-augmentation-de-capital-de-375-me\/#article","isPartOf":{"@id":"https:\/\/www.tessi.eu\/fr\/tessi-annonce-le-lancement-dune-augmentation-de-capital-de-375-me\/"},"author":{"name":"cbonnet","@id":"https:\/\/www.tessi.eu\/fr\/#\/schema\/person\/859d0f8ee0e735b277dee0268b7ad791"},"headline":"Tessi annonce le lancement d\u2019une augmentation de capital de 37,5 M\u20ac","datePublished":"2019-11-28T06:28:28+00:00","mainEntityOfPage":{"@id":"https:\/\/www.tessi.eu\/fr\/tessi-annonce-le-lancement-dune-augmentation-de-capital-de-375-me\/"},"wordCount":1269,"image":{"@id":"https:\/\/www.tessi.eu\/fr\/tessi-annonce-le-lancement-dune-augmentation-de-capital-de-375-me\/#primaryimage"},"thumbnailUrl":"https:\/\/www.tessi.eu\/wp-content\/uploads\/2023\/04\/img-ref-agenda-event.jpg","articleSection":["News","Financier"],"inLanguage":"fr-FR"},{"@type":"WebPage","@id":"https:\/\/www.tessi.eu\/fr\/tessi-annonce-le-lancement-dune-augmentation-de-capital-de-375-me\/","url":"https:\/\/www.tessi.eu\/fr\/tessi-annonce-le-lancement-dune-augmentation-de-capital-de-375-me\/","name":"Tessi annonce le lancement d\u2019une augmentation de capital de 37,5 M\u20ac - Tessi International","isPartOf":{"@id":"https:\/\/www.tessi.eu\/fr\/#website"},"primaryImageOfPage":{"@id":"https:\/\/www.tessi.eu\/fr\/tessi-annonce-le-lancement-dune-augmentation-de-capital-de-375-me\/#primaryimage"},"image":{"@id":"https:\/\/www.tessi.eu\/fr\/tessi-annonce-le-lancement-dune-augmentation-de-capital-de-375-me\/#primaryimage"},"thumbnailUrl":"https:\/\/www.tessi.eu\/wp-content\/uploads\/2023\/04\/img-ref-agenda-event.jpg","datePublished":"2019-11-28T06:28:28+00:00","author":{"@id":"https:\/\/www.tessi.eu\/fr\/#\/schema\/person\/859d0f8ee0e735b277dee0268b7ad791"},"description":"Tessi lance une augmentation de capital avec suppression du droit pr\u00e9f\u00e9rentiel de souscription, par voie d\u2019offre au public et avec d\u00e9lai de priorit\u00e9 des actionnaires, d\u2019un montant d\u2019environ 37,5\u00a0millions d\u2019euros dans le cadre du financement de l\u2019acquisition d\u2019ADM Value.","breadcrumb":{"@id":"https:\/\/www.tessi.eu\/fr\/tessi-annonce-le-lancement-dune-augmentation-de-capital-de-375-me\/#breadcrumb"},"inLanguage":"fr-FR","potentialAction":[{"@type":"ReadAction","target":["https:\/\/www.tessi.eu\/fr\/tessi-annonce-le-lancement-dune-augmentation-de-capital-de-375-me\/"]}]},{"@type":"ImageObject","inLanguage":"fr-FR","@id":"https:\/\/www.tessi.eu\/fr\/tessi-annonce-le-lancement-dune-augmentation-de-capital-de-375-me\/#primaryimage","url":"https:\/\/www.tessi.eu\/wp-content\/uploads\/2023\/04\/img-ref-agenda-event.jpg","contentUrl":"https:\/\/www.tessi.eu\/wp-content\/uploads\/2023\/04\/img-ref-agenda-event.jpg","width":510,"height":400,"caption":"img ref agenda event"},{"@type":"BreadcrumbList","@id":"https:\/\/www.tessi.eu\/fr\/tessi-annonce-le-lancement-dune-augmentation-de-capital-de-375-me\/#breadcrumb","itemListElement":[{"@type":"ListItem","position":1,"name":"Home","item":"https:\/\/www.tessi.eu\/fr\/"},{"@type":"ListItem","position":2,"name":"Tessi annonce le lancement d\u2019une augmentation de capital de 37,5 M\u20ac"}]},{"@type":"WebSite","@id":"https:\/\/www.tessi.eu\/fr\/#website","url":"https:\/\/www.tessi.eu\/fr\/","name":"Tessi International","description":"","potentialAction":[{"@type":"SearchAction","target":{"@type":"EntryPoint","urlTemplate":"https:\/\/www.tessi.eu\/fr\/?s={search_term_string}"},"query-input":{"@type":"PropertyValueSpecification","valueRequired":true,"valueName":"search_term_string"}}],"inLanguage":"fr-FR"},{"@type":"Person","@id":"https:\/\/www.tessi.eu\/fr\/#\/schema\/person\/859d0f8ee0e735b277dee0268b7ad791","name":"cbonnet","image":{"@type":"ImageObject","inLanguage":"fr-FR","@id":"https:\/\/www.tessi.eu\/fr\/#\/schema\/person\/image\/","url":"https:\/\/secure.gravatar.com\/avatar\/0d01ab1b427b196966268d5f1407f20f6367aba1866f9ac86912cfd758c2f669?s=96&d=mm&r=g","contentUrl":"https:\/\/secure.gravatar.com\/avatar\/0d01ab1b427b196966268d5f1407f20f6367aba1866f9ac86912cfd758c2f669?s=96&d=mm&r=g","caption":"cbonnet"}}]}},"_links":{"self":[{"href":"https:\/\/www.tessi.eu\/fr\/wp-json\/wp\/v2\/posts\/32418\/"}],"collection":[{"href":"https:\/\/www.tessi.eu\/fr\/wp-json\/wp\/v2\/posts\/"}],"about":[{"href":"https:\/\/www.tessi.eu\/fr\/wp-json\/wp\/v2\/types\/post\/"}],"author":[{"embeddable":true,"href":"https:\/\/www.tessi.eu\/fr\/wp-json\/wp\/v2\/users\/11\/"}],"replies":[{"embeddable":true,"href":"https:\/\/www.tessi.eu\/fr\/wp-json\/wp\/v2\/comments\/?post=32418"}],"version-history":[{"count":0,"href":"https:\/\/www.tessi.eu\/fr\/wp-json\/wp\/v2\/posts\/32418\/revisions\/"}],"wp:featuredmedia":[{"embeddable":true,"href":"https:\/\/www.tessi.eu\/fr\/wp-json\/wp\/v2\/media\/32419\/"}],"wp:attachment":[{"href":"https:\/\/www.tessi.eu\/fr\/wp-json\/wp\/v2\/media\/?parent=32418"}],"wp:term":[{"taxonomy":"category","embeddable":true,"href":"https:\/\/www.tessi.eu\/fr\/wp-json\/wp\/v2\/categories\/?post=32418"},{"taxonomy":"post_tag","embeddable":true,"href":"https:\/\/www.tessi.eu\/fr\/wp-json\/wp\/v2\/tags\/?post=32418"}],"curies":[{"name":"wp","href":"https:\/\/api.w.org\/{rel}","templated":true}]}}