{"id":32410,"date":"2019-12-06T18:30:42","date_gmt":"2019-12-06T16:30:42","guid":{"rendered":"https:\/\/www.tessi.eu\/tessi-annonce-le-succes-de-son-augmentation-de-capital\/"},"modified":"2019-12-06T18:43:32","modified_gmt":"2019-12-06T16:43:32","slug":"tessi-annonce-le-succes-de-son-augmentation-de-capital","status":"publish","type":"post","link":"https:\/\/www.tessi.eu\/fr\/tessi-annonce-le-succes-de-son-augmentation-de-capital\/","title":{"rendered":"Tessi annonce le succ\u00e8s de son augmentation de capital d\u2019environ 37,5&nbsp;millions d\u2019euros"},"content":{"rendered":"<p>Tessi (la \u00ab <strong>Soci\u00e9t\u00e9<\/strong> \u00bb) annonce aujourd\u2019hui le succ\u00e8s de son augmentation de capital avec suppression du droit pr\u00e9f\u00e9rentiel de souscription, par voie d\u2019offre au public et avec d\u00e9lai de priorit\u00e9 des actionnaires (l\u2019\u00ab\u00a0<strong>Augmentation de Capital<\/strong> \u00bb).<\/p>\n<p>Le montant brut de l\u2019Augmentation de Capital (prime d\u2019\u00e9mission incluse) s\u2019\u00e9l\u00e8ve \u00e0 37 472 960,00 euros et se traduit par l\u2019\u00e9mission de 267 664 actions nouvelles (les \u00ab <strong>Actions Nouvelles<\/strong> \u00bb) au prix de 140,00 euros par action.<\/p>\n<p>Au total, 303 854 Actions Nouvelles ont \u00e9t\u00e9 demand\u00e9es dans le cadre du d\u00e9lai de priorit\u00e9 et de l\u2019offre au public, repr\u00e9sentant environ 113,5% du montant de l\u2019Augmentation de Capital, dont 209 520 Actions Nouvelles demand\u00e9es \u00e0 titre irr\u00e9ductible et 93 486 Actions Nouvelles demand\u00e9es \u00e0 titre r\u00e9ductible par les actionnaires de la Soci\u00e9t\u00e9 dans le cadre du d\u00e9lai de priorit\u00e9, repr\u00e9sentant environ au total 113,2% du montant de l\u2019Augmentation de Capital. La demande \u00e0 titre r\u00e9ductible ne sera en cons\u00e9quence que partiellement allou\u00e9e, \u00e0 hauteur de 58 144 Actions Nouvelles et la demande dans le cadre de l\u2019offre au public ne sera pas allou\u00e9e.<\/p>\n<p>Conform\u00e9ment \u00e0 son intention, Pixel Holding a souscrit \u00e0 titre irr\u00e9ductible dans le cadre du d\u00e9lai de priorit\u00e9 \u00e0 191.398 Actions Nouvelles, et s\u2019est vue allouer \u00e0 titre r\u00e9ductible, 53 408 Actions Nouvelles sur les 76 266 Actions Nouvelles demand\u00e9es par elle \u00e0 titre r\u00e9ductible dans le cadre du d\u00e9lai de priorit\u00e9.<\/p>\n<p>Le capital social de la Soci\u00e9t\u00e9 post-Augmentation de Capital s\u2019\u00e9l\u00e8ve \u00e0 6.156.302 euros, divis\u00e9 en 3.078.151 actions de 2 euros de valeur nominale chacune. Pixel Holding d\u00e9tient \u00e0 l\u2019issue de l\u2019Augmentation de Capital 2.254.501 actions repr\u00e9sentant 73,24% du capital et 73,18 % des droits de vote de la Soci\u00e9t\u00e9.<\/p>\n<p>Le produit de l\u2019Augmentation de Capital, auquel s\u2019ajoutent une dette bancaire de 50 millions d\u2019euros et le recours \u00e0 une ligne de tr\u00e9sorerie, est destin\u00e9 \u00e0 financer l\u2019acquisition annonc\u00e9e le 31 juillet 2019 de 80% des actions composant le capital d\u2019ADM Value, pour un montant en num\u00e9raire d\u2019environ 91 millions euros, \u00e9tant pr\u00e9cis\u00e9 que le prix d\u2019acquisition de 100% des actions composant le capital d\u2019ADM Value est d\u2019environ 114 millions d\u2019euros.<\/p>\n<p>Le r\u00e8glement-livraison des actions nouvelles aura lieu le 10 d\u00e9cembre 2019. Les Actions Nouvelles \u00e9mises le 10 d\u00e9cembre 2019 seront imm\u00e9diatement assimil\u00e9es aux actions Tessi existantes, se n\u00e9gocieront sur le march\u00e9 r\u00e9glement\u00e9 d\u2019Euronext Paris sur la m\u00eame ligne de cotation (code ISIN FR0004529147) que les actions existantes et donneront droit \u00e0 toutes les distributions d\u00e9cid\u00e9es par Tessi \u00e0 compter de cette date.<\/p>\n<p>A la suite du r\u00e8glement-livraison de l\u2019Augmentation de Capital ci-dessus, trois associ\u00e9s de la soci\u00e9t\u00e9 ADM Value, dont son PDG, Monsieur Claude Briqu\u00e9, apporteront \u00e0 la Soci\u00e9t\u00e9 le solde des actions composant le capital d\u2019ADM Value, soit environ 20% du capital, dans le cadre d\u2019une augmentation de capital par apport en nature, qui sera effectu\u00e9e aux m\u00eames conditions de prix que l\u2019Augmentation de Capital. Le cabinet Mazars Gourgue a \u00e9t\u00e9 d\u00e9sign\u00e9 en qualit\u00e9 de commissaire aux apports \u00e0 l\u2019effet de rendre un rapport sur la valeur des actions de la soci\u00e9t\u00e9 ADM Value apport\u00e9es et un second rapport sur la r\u00e9mun\u00e9ration des actions de la soci\u00e9t\u00e9 ADM Value apport\u00e9es dans le cadre de l\u2019Apport attestant du caract\u00e8re \u00e9quitable de la r\u00e9mun\u00e9ration de l\u2019apport, figurant en annexe de la note d\u2019op\u00e9ration relative \u00e0 l\u2019Augmentation de Capital et disponibles sur le site internet de la soci\u00e9t\u00e9<\/p>\n<p>Cette \u00e9mission a \u00e9t\u00e9 dirig\u00e9e par Cr\u00e9dit Agricole Corporate and Investment Bank qui a agi en tant que Chef de File et Teneur de Livre.<\/p>\n<h3>Prospectus vis\u00e9 par l\u2019Autorit\u00e9 des march\u00e9s financiers<\/h3>\n<p>Le prospectus, compos\u00e9 (i) du document d\u2019enregistrement universel de la Soci\u00e9t\u00e9 enregistr\u00e9 aupr\u00e8s de l\u2019AMF le 21 novembre 2019 sous le num\u00e9ro R.19-037 ainsi que (ii) d\u2019une note d\u2019op\u00e9ration (incluant le r\u00e9sum\u00e9 du prospectus), qui a obtenu l\u2019approbation de l\u2019AMF num\u00e9ro 19-546 en date du 27 novembre 2019, est disponible, sans frais, au si\u00e8ge social de la Soci\u00e9t\u00e9, 177 Cours de la Lib\u00e9ration G\u00e9n\u00e9ral de Gaulle \u2013 38029 Grenoble Cedex 2, France, sur le site internet de Tessi (<a href=\"http:\/\/tessi.on-web.fr\">tessi.test<\/a>) ainsi que sur le site internet de l\u2019AMF (<a href=\"http:\/\/www.amf-france.org\">www.amf-france.org<\/a>).<\/p>\n<p>&nbsp;<\/p>\n<h4><strong><em>Avertissement <\/em><\/strong><\/h4>\n<p><em>Le pr\u00e9sent communiqu\u00e9, les informations qu\u2019il contient, ne constituent ni une offre de vente ou de souscription, si une sollicitation d\u2019un ordre d\u2019achat ou de souscription, des actions de TESSI en Australie, au Canada, au Japon ou aux \u00c9tats-Unis d\u2019Am\u00e9riques ou dans tout autres pays dans lesquels une telle offre ou sollicitation serait interdite.<\/em><\/p>\n<p><em>La diffusion, la publication ou la distribution de ce communiqu\u00e9 dans certains pays peut constituer une violation des dispositions l\u00e9gales et r\u00e8glementaires en vigueur. Par cons\u00e9quent, les personnes physiquement pr\u00e9sentes dans ces pays et dans lesquels ce communiqu\u00e9 est diffus\u00e9, distribu\u00e9 ou publi\u00e9 doivent s\u2019informer de ces \u00e9ventuelles restrictions locales et s\u2019y conformer. Le pr\u00e9sent communiqu\u00e9 ne doit pas \u00eatre diffus\u00e9, publi\u00e9 ou distribu\u00e9, directement ou indirectement, en Australie, au Canada, au Japon ou aux \u00c9tats-Unis d\u2019Am\u00e9riques.<\/em><\/p>\n<p><em>Ce communiqu\u00e9 est une communication \u00e0 caract\u00e8re promotionnelle et ne constitue pas un prospectus au sens du R\u00e8glement 2017\/1129 du Parlement europ\u00e9en et du Conseil du 14 juin 2017, concernant le prospectus \u00e0 publier en cas d\u2019offre au public de valeurs mobili\u00e8res ou en vue de l\u2019admission de valeurs mobili\u00e8res \u00e0 la n\u00e9gociation sur un march\u00e9 r\u00e8glement\u00e9, et abrogeant la Directive Prospectus 2003\/71\/CE (le \u00ab\u00a0<strong>R\u00e8glement Prospectus<\/strong>\u00a0\u00bb).<\/em><\/p>\n<p><em>Aucune offre d&rsquo;actions n&rsquo;est faite, ni ne sera faite au public en France, pr\u00e9alablement \u00e0 l&rsquo;obtention d&rsquo;un visa de l\u2019AMF sur un prospectus, qui sera disponible sur le site internet de TESSI (tessi.test) et sur celui de l\u2019AMF (www.amf-france.org).<\/em><\/p>\n<p><em>S\u2019agissant des \u00c9tats membres de l\u2019Espace Economique Europ\u00e9en autre que la France, aucune action n\u2019a \u00e9t\u00e9 entreprise et ne sera entreprise \u00e0 l\u2019effet de permettre une offre au public de titres rendant n\u00e9cessaire la publication d\u2019un prospectus dans l\u2019un ou l\u2019autre des Etats membres concern\u00e9s. Par cons\u00e9quent, toute offre d\u2019actions nouvelles de TESSI ne pourra \u00eatre r\u00e9alis\u00e9e dans l\u2019un ou l\u2019autre des \u00c9tats membres, (i) qu\u2019au profit d\u2019investisseurs qualifi\u00e9s au sens du R\u00e8glement Prospectus ; ou (ii) dans toute autre hypoth\u00e8se dispensant TESSI de publier un prospectus conform\u00e9ment \u00e0 l\u2019article 1(4) du R\u00e8glement Prospectus.<\/em><\/p>\n<form action=\"https:\/\/www.tessi.eu\/fr\/wp-content\/uploads\/sites\/2\/2019\/12\/tessi-191206-resultat-augmentation-de-capital-fr.pdf\" target=\"_blank\"><input class=\"wpcf7-form-control wpcf7-submit btn btn-light btn-custom btn-big btn-round\" type=\"submit\" value=\" T\u00e9l\u00e9charger le communiqu\u00e9 de presse \" \/><\/form>\n","protected":false},"excerpt":{"rendered":"<p>Tessi (la \u00ab Soci\u00e9t\u00e9 \u00bb) annonce aujourd\u2019hui le succ\u00e8s de son augmentation de capital avec suppression du droit pr\u00e9f\u00e9rentiel de souscription, par voie d\u2019offre au public et avec d\u00e9lai de priorit\u00e9 des actionnaires (l\u2019\u00ab\u00a0Augmentation de Capital \u00bb). Le montant brut de l\u2019Augmentation de Capital (prime d\u2019\u00e9mission incluse) s\u2019\u00e9l\u00e8ve \u00e0 37 472 960,00 euros et se [&hellip;]<\/p>\n","protected":false},"author":11,"featured_media":32411,"comment_status":"closed","ping_status":"closed","sticky":true,"template":"","format":"standard","meta":{"_acf_changed":false,"footnotes":""},"categories":[47,131],"tags":[],"class_list":["post-32410","post","type-post","status-publish","format-standard","has-post-thumbnail","hentry","category-news","category-financier"],"acf":[],"yoast_head":"<!-- This site is optimized with the Yoast SEO Premium plugin v22.3 (Yoast SEO v27.1.1) - https:\/\/yoast.com\/product\/yoast-seo-premium-wordpress\/ -->\n<title>Tessi annonce le succ\u00e8s de son augmentation de capital d\u2019environ 37,5&nbsp;millions d\u2019euros - Tessi International<\/title>\n<meta name=\"description\" content=\"Tessi lance une augmentation de capital avec suppression du droit pr\u00e9f\u00e9rentiel de souscription, par voie d\u2019offre au public et avec d\u00e9lai de priorit\u00e9 des actionnaires, d\u2019un montant d\u2019environ 37,5\u00a0millions d\u2019euros dans le cadre du financement de l\u2019acquisition d\u2019ADM Value.\" \/>\n<meta name=\"robots\" content=\"index, follow, max-snippet:-1, max-image-preview:large, max-video-preview:-1\" \/>\n<link rel=\"canonical\" href=\"https:\/\/www.tessi.eu\/fr\/tessi-annonce-le-succes-de-son-augmentation-de-capital\/\" \/>\n<meta property=\"og:locale\" content=\"fr_FR\" \/>\n<meta property=\"og:type\" content=\"article\" \/>\n<meta property=\"og:title\" content=\"Tessi annonce le succ\u00e8s de son augmentation de capital d\u2019environ 37,5&nbsp;millions d\u2019euros\" \/>\n<meta property=\"og:description\" content=\"Tessi lance une augmentation de capital avec suppression du droit pr\u00e9f\u00e9rentiel de souscription, par voie d\u2019offre au public et avec d\u00e9lai de priorit\u00e9 des actionnaires, d\u2019un montant d\u2019environ 37,5\u00a0millions d\u2019euros dans le cadre du financement de l\u2019acquisition d\u2019ADM Value.\" \/>\n<meta property=\"og:url\" content=\"https:\/\/www.tessi.eu\/fr\/tessi-annonce-le-succes-de-son-augmentation-de-capital\/\" \/>\n<meta property=\"og:site_name\" content=\"Tessi International\" \/>\n<meta property=\"article:published_time\" content=\"2019-12-06T16:30:42+00:00\" \/>\n<meta property=\"article:modified_time\" content=\"2019-12-06T16:43:32+00:00\" \/>\n<meta property=\"og:image\" content=\"https:\/\/tessi.on-web.fr\/wp-content\/uploads\/2023\/04\/img-ref-agenda-event.jpg\" \/>\n\t<meta property=\"og:image:width\" content=\"510\" \/>\n\t<meta property=\"og:image:height\" content=\"400\" \/>\n\t<meta property=\"og:image:type\" content=\"image\/jpeg\" \/>\n<meta name=\"author\" content=\"cbonnet\" \/>\n<meta name=\"twitter:card\" content=\"summary_large_image\" \/>\n<meta name=\"twitter:label1\" content=\"\u00c9crit par\" \/>\n\t<meta name=\"twitter:data1\" content=\"cbonnet\" \/>\n\t<meta name=\"twitter:label2\" content=\"Dur\u00e9e de lecture estim\u00e9e\" \/>\n\t<meta name=\"twitter:data2\" content=\"6 minutes\" \/>\n<script type=\"application\/ld+json\" class=\"yoast-schema-graph\">{\"@context\":\"https:\/\/schema.org\",\"@graph\":[{\"@type\":\"Article\",\"@id\":\"https:\/\/www.tessi.eu\/fr\/tessi-annonce-le-succes-de-son-augmentation-de-capital\/#article\",\"isPartOf\":{\"@id\":\"https:\/\/www.tessi.eu\/fr\/tessi-annonce-le-succes-de-son-augmentation-de-capital\/\"},\"author\":{\"name\":\"cbonnet\",\"@id\":\"https:\/\/www.tessi.eu\/fr\/#\/schema\/person\/859d0f8ee0e735b277dee0268b7ad791\"},\"headline\":\"Tessi annonce le succ\u00e8s de son augmentation de capital d\u2019environ 37,5&nbsp;millions d\u2019euros\",\"datePublished\":\"2019-12-06T16:30:42+00:00\",\"dateModified\":\"2019-12-06T16:43:32+00:00\",\"mainEntityOfPage\":{\"@id\":\"https:\/\/www.tessi.eu\/fr\/tessi-annonce-le-succes-de-son-augmentation-de-capital\/\"},\"wordCount\":1127,\"image\":{\"@id\":\"https:\/\/www.tessi.eu\/fr\/tessi-annonce-le-succes-de-son-augmentation-de-capital\/#primaryimage\"},\"thumbnailUrl\":\"https:\/\/www.tessi.eu\/wp-content\/uploads\/2023\/04\/img-ref-agenda-event.jpg\",\"articleSection\":[\"News\",\"Financier\"],\"inLanguage\":\"fr-FR\"},{\"@type\":\"WebPage\",\"@id\":\"https:\/\/www.tessi.eu\/fr\/tessi-annonce-le-succes-de-son-augmentation-de-capital\/\",\"url\":\"https:\/\/www.tessi.eu\/fr\/tessi-annonce-le-succes-de-son-augmentation-de-capital\/\",\"name\":\"Tessi annonce le succ\u00e8s de son augmentation de capital d\u2019environ 37,5&nbsp;millions d\u2019euros - Tessi International\",\"isPartOf\":{\"@id\":\"https:\/\/www.tessi.eu\/fr\/#website\"},\"primaryImageOfPage\":{\"@id\":\"https:\/\/www.tessi.eu\/fr\/tessi-annonce-le-succes-de-son-augmentation-de-capital\/#primaryimage\"},\"image\":{\"@id\":\"https:\/\/www.tessi.eu\/fr\/tessi-annonce-le-succes-de-son-augmentation-de-capital\/#primaryimage\"},\"thumbnailUrl\":\"https:\/\/www.tessi.eu\/wp-content\/uploads\/2023\/04\/img-ref-agenda-event.jpg\",\"datePublished\":\"2019-12-06T16:30:42+00:00\",\"dateModified\":\"2019-12-06T16:43:32+00:00\",\"author\":{\"@id\":\"https:\/\/www.tessi.eu\/fr\/#\/schema\/person\/859d0f8ee0e735b277dee0268b7ad791\"},\"description\":\"Tessi lance une augmentation de capital avec suppression du droit pr\u00e9f\u00e9rentiel de souscription, par voie d\u2019offre au public et avec d\u00e9lai de priorit\u00e9 des actionnaires, d\u2019un montant d\u2019environ 37,5\u00a0millions d\u2019euros dans le cadre du financement de l\u2019acquisition d\u2019ADM Value.\",\"breadcrumb\":{\"@id\":\"https:\/\/www.tessi.eu\/fr\/tessi-annonce-le-succes-de-son-augmentation-de-capital\/#breadcrumb\"},\"inLanguage\":\"fr-FR\",\"potentialAction\":[{\"@type\":\"ReadAction\",\"target\":[\"https:\/\/www.tessi.eu\/fr\/tessi-annonce-le-succes-de-son-augmentation-de-capital\/\"]}]},{\"@type\":\"ImageObject\",\"inLanguage\":\"fr-FR\",\"@id\":\"https:\/\/www.tessi.eu\/fr\/tessi-annonce-le-succes-de-son-augmentation-de-capital\/#primaryimage\",\"url\":\"https:\/\/www.tessi.eu\/wp-content\/uploads\/2023\/04\/img-ref-agenda-event.jpg\",\"contentUrl\":\"https:\/\/www.tessi.eu\/wp-content\/uploads\/2023\/04\/img-ref-agenda-event.jpg\",\"width\":510,\"height\":400,\"caption\":\"img ref agenda event\"},{\"@type\":\"BreadcrumbList\",\"@id\":\"https:\/\/www.tessi.eu\/fr\/tessi-annonce-le-succes-de-son-augmentation-de-capital\/#breadcrumb\",\"itemListElement\":[{\"@type\":\"ListItem\",\"position\":1,\"name\":\"Home\",\"item\":\"https:\/\/www.tessi.eu\/fr\/\"},{\"@type\":\"ListItem\",\"position\":2,\"name\":\"Tessi annonce le succ\u00e8s de son augmentation de capital d\u2019environ 37,5&nbsp;millions d\u2019euros\"}]},{\"@type\":\"WebSite\",\"@id\":\"https:\/\/www.tessi.eu\/fr\/#website\",\"url\":\"https:\/\/www.tessi.eu\/fr\/\",\"name\":\"Tessi International\",\"description\":\"\",\"potentialAction\":[{\"@type\":\"SearchAction\",\"target\":{\"@type\":\"EntryPoint\",\"urlTemplate\":\"https:\/\/www.tessi.eu\/fr\/?s={search_term_string}\"},\"query-input\":{\"@type\":\"PropertyValueSpecification\",\"valueRequired\":true,\"valueName\":\"search_term_string\"}}],\"inLanguage\":\"fr-FR\"},{\"@type\":\"Person\",\"@id\":\"https:\/\/www.tessi.eu\/fr\/#\/schema\/person\/859d0f8ee0e735b277dee0268b7ad791\",\"name\":\"cbonnet\",\"image\":{\"@type\":\"ImageObject\",\"inLanguage\":\"fr-FR\",\"@id\":\"https:\/\/www.tessi.eu\/fr\/#\/schema\/person\/image\/\",\"url\":\"https:\/\/secure.gravatar.com\/avatar\/0d01ab1b427b196966268d5f1407f20f6367aba1866f9ac86912cfd758c2f669?s=96&d=mm&r=g\",\"contentUrl\":\"https:\/\/secure.gravatar.com\/avatar\/0d01ab1b427b196966268d5f1407f20f6367aba1866f9ac86912cfd758c2f669?s=96&d=mm&r=g\",\"caption\":\"cbonnet\"}}]}<\/script>\n<!-- \/ Yoast SEO Premium plugin. -->","yoast_head_json":{"title":"Tessi annonce le succ\u00e8s de son augmentation de capital d\u2019environ 37,5&nbsp;millions d\u2019euros - Tessi International","description":"Tessi lance une augmentation de capital avec suppression du droit pr\u00e9f\u00e9rentiel de souscription, par voie d\u2019offre au public et avec d\u00e9lai de priorit\u00e9 des actionnaires, d\u2019un montant d\u2019environ 37,5\u00a0millions d\u2019euros dans le cadre du financement de l\u2019acquisition d\u2019ADM Value.","robots":{"index":"index","follow":"follow","max-snippet":"max-snippet:-1","max-image-preview":"max-image-preview:large","max-video-preview":"max-video-preview:-1"},"canonical":"https:\/\/www.tessi.eu\/fr\/tessi-annonce-le-succes-de-son-augmentation-de-capital\/","og_locale":"fr_FR","og_type":"article","og_title":"Tessi annonce le succ\u00e8s de son augmentation de capital d\u2019environ 37,5&nbsp;millions d\u2019euros","og_description":"Tessi lance une augmentation de capital avec suppression du droit pr\u00e9f\u00e9rentiel de souscription, par voie d\u2019offre au public et avec d\u00e9lai de priorit\u00e9 des actionnaires, d\u2019un montant d\u2019environ 37,5\u00a0millions d\u2019euros dans le cadre du financement de l\u2019acquisition d\u2019ADM Value.","og_url":"https:\/\/www.tessi.eu\/fr\/tessi-annonce-le-succes-de-son-augmentation-de-capital\/","og_site_name":"Tessi International","article_published_time":"2019-12-06T16:30:42+00:00","article_modified_time":"2019-12-06T16:43:32+00:00","og_image":[{"width":510,"height":400,"url":"https:\/\/tessi.on-web.fr\/wp-content\/uploads\/2023\/04\/img-ref-agenda-event.jpg","type":"image\/jpeg"}],"author":"cbonnet","twitter_card":"summary_large_image","twitter_misc":{"\u00c9crit par":"cbonnet","Dur\u00e9e de lecture estim\u00e9e":"6 minutes"},"schema":{"@context":"https:\/\/schema.org","@graph":[{"@type":"Article","@id":"https:\/\/www.tessi.eu\/fr\/tessi-annonce-le-succes-de-son-augmentation-de-capital\/#article","isPartOf":{"@id":"https:\/\/www.tessi.eu\/fr\/tessi-annonce-le-succes-de-son-augmentation-de-capital\/"},"author":{"name":"cbonnet","@id":"https:\/\/www.tessi.eu\/fr\/#\/schema\/person\/859d0f8ee0e735b277dee0268b7ad791"},"headline":"Tessi annonce le succ\u00e8s de son augmentation de capital d\u2019environ 37,5&nbsp;millions d\u2019euros","datePublished":"2019-12-06T16:30:42+00:00","dateModified":"2019-12-06T16:43:32+00:00","mainEntityOfPage":{"@id":"https:\/\/www.tessi.eu\/fr\/tessi-annonce-le-succes-de-son-augmentation-de-capital\/"},"wordCount":1127,"image":{"@id":"https:\/\/www.tessi.eu\/fr\/tessi-annonce-le-succes-de-son-augmentation-de-capital\/#primaryimage"},"thumbnailUrl":"https:\/\/www.tessi.eu\/wp-content\/uploads\/2023\/04\/img-ref-agenda-event.jpg","articleSection":["News","Financier"],"inLanguage":"fr-FR"},{"@type":"WebPage","@id":"https:\/\/www.tessi.eu\/fr\/tessi-annonce-le-succes-de-son-augmentation-de-capital\/","url":"https:\/\/www.tessi.eu\/fr\/tessi-annonce-le-succes-de-son-augmentation-de-capital\/","name":"Tessi annonce le succ\u00e8s de son augmentation de capital d\u2019environ 37,5&nbsp;millions d\u2019euros - Tessi International","isPartOf":{"@id":"https:\/\/www.tessi.eu\/fr\/#website"},"primaryImageOfPage":{"@id":"https:\/\/www.tessi.eu\/fr\/tessi-annonce-le-succes-de-son-augmentation-de-capital\/#primaryimage"},"image":{"@id":"https:\/\/www.tessi.eu\/fr\/tessi-annonce-le-succes-de-son-augmentation-de-capital\/#primaryimage"},"thumbnailUrl":"https:\/\/www.tessi.eu\/wp-content\/uploads\/2023\/04\/img-ref-agenda-event.jpg","datePublished":"2019-12-06T16:30:42+00:00","dateModified":"2019-12-06T16:43:32+00:00","author":{"@id":"https:\/\/www.tessi.eu\/fr\/#\/schema\/person\/859d0f8ee0e735b277dee0268b7ad791"},"description":"Tessi lance une augmentation de capital avec suppression du droit pr\u00e9f\u00e9rentiel de souscription, par voie d\u2019offre au public et avec d\u00e9lai de priorit\u00e9 des actionnaires, d\u2019un montant d\u2019environ 37,5\u00a0millions d\u2019euros dans le cadre du financement de l\u2019acquisition d\u2019ADM Value.","breadcrumb":{"@id":"https:\/\/www.tessi.eu\/fr\/tessi-annonce-le-succes-de-son-augmentation-de-capital\/#breadcrumb"},"inLanguage":"fr-FR","potentialAction":[{"@type":"ReadAction","target":["https:\/\/www.tessi.eu\/fr\/tessi-annonce-le-succes-de-son-augmentation-de-capital\/"]}]},{"@type":"ImageObject","inLanguage":"fr-FR","@id":"https:\/\/www.tessi.eu\/fr\/tessi-annonce-le-succes-de-son-augmentation-de-capital\/#primaryimage","url":"https:\/\/www.tessi.eu\/wp-content\/uploads\/2023\/04\/img-ref-agenda-event.jpg","contentUrl":"https:\/\/www.tessi.eu\/wp-content\/uploads\/2023\/04\/img-ref-agenda-event.jpg","width":510,"height":400,"caption":"img ref agenda event"},{"@type":"BreadcrumbList","@id":"https:\/\/www.tessi.eu\/fr\/tessi-annonce-le-succes-de-son-augmentation-de-capital\/#breadcrumb","itemListElement":[{"@type":"ListItem","position":1,"name":"Home","item":"https:\/\/www.tessi.eu\/fr\/"},{"@type":"ListItem","position":2,"name":"Tessi annonce le succ\u00e8s de son augmentation de capital d\u2019environ 37,5&nbsp;millions d\u2019euros"}]},{"@type":"WebSite","@id":"https:\/\/www.tessi.eu\/fr\/#website","url":"https:\/\/www.tessi.eu\/fr\/","name":"Tessi International","description":"","potentialAction":[{"@type":"SearchAction","target":{"@type":"EntryPoint","urlTemplate":"https:\/\/www.tessi.eu\/fr\/?s={search_term_string}"},"query-input":{"@type":"PropertyValueSpecification","valueRequired":true,"valueName":"search_term_string"}}],"inLanguage":"fr-FR"},{"@type":"Person","@id":"https:\/\/www.tessi.eu\/fr\/#\/schema\/person\/859d0f8ee0e735b277dee0268b7ad791","name":"cbonnet","image":{"@type":"ImageObject","inLanguage":"fr-FR","@id":"https:\/\/www.tessi.eu\/fr\/#\/schema\/person\/image\/","url":"https:\/\/secure.gravatar.com\/avatar\/0d01ab1b427b196966268d5f1407f20f6367aba1866f9ac86912cfd758c2f669?s=96&d=mm&r=g","contentUrl":"https:\/\/secure.gravatar.com\/avatar\/0d01ab1b427b196966268d5f1407f20f6367aba1866f9ac86912cfd758c2f669?s=96&d=mm&r=g","caption":"cbonnet"}}]}},"_links":{"self":[{"href":"https:\/\/www.tessi.eu\/fr\/wp-json\/wp\/v2\/posts\/32410\/"}],"collection":[{"href":"https:\/\/www.tessi.eu\/fr\/wp-json\/wp\/v2\/posts\/"}],"about":[{"href":"https:\/\/www.tessi.eu\/fr\/wp-json\/wp\/v2\/types\/post\/"}],"author":[{"embeddable":true,"href":"https:\/\/www.tessi.eu\/fr\/wp-json\/wp\/v2\/users\/11\/"}],"replies":[{"embeddable":true,"href":"https:\/\/www.tessi.eu\/fr\/wp-json\/wp\/v2\/comments\/?post=32410"}],"version-history":[{"count":0,"href":"https:\/\/www.tessi.eu\/fr\/wp-json\/wp\/v2\/posts\/32410\/revisions\/"}],"wp:featuredmedia":[{"embeddable":true,"href":"https:\/\/www.tessi.eu\/fr\/wp-json\/wp\/v2\/media\/32411\/"}],"wp:attachment":[{"href":"https:\/\/www.tessi.eu\/fr\/wp-json\/wp\/v2\/media\/?parent=32410"}],"wp:term":[{"taxonomy":"category","embeddable":true,"href":"https:\/\/www.tessi.eu\/fr\/wp-json\/wp\/v2\/categories\/?post=32410"},{"taxonomy":"post_tag","embeddable":true,"href":"https:\/\/www.tessi.eu\/fr\/wp-json\/wp\/v2\/tags\/?post=32410"}],"curies":[{"name":"wp","href":"https:\/\/api.w.org\/{rel}","templated":true}]}}