{"id":32395,"date":"2019-12-11T19:07:36","date_gmt":"2019-12-11T17:07:36","guid":{"rendered":"https:\/\/www.tessi.eu\/tessi-annonce-le-succes-de-son-augmentation-de-capital-copy\/"},"modified":"2019-12-11T19:32:11","modified_gmt":"2019-12-11T17:32:11","slug":"tessi-annonce-le-succes-de-son-augmentation-de-capital-copy","status":"publish","type":"post","link":"https:\/\/www.tessi.eu\/fr\/tessi-annonce-le-succes-de-son-augmentation-de-capital-copy\/","title":{"rendered":"Tessi annonce la r\u00e9alisation ce jour de l\u2019acquisition de la soci\u00e9t\u00e9 ADM Value, sp\u00e9cialiste de la relation clients"},"content":{"rendered":"<p><strong>\u00c9MISSION PAR TESSI DE 164.246 ACTIONS ORDINAIRES NOUVELLES EN R\u00c9MUN\u00c9RATION DE L\u2019APPORT DE 827 ACTIONS DE LA SOCI\u00c9T\u00c9 ADM VALUE.<\/strong><\/p>\n<p><strong><u>MOTIFS DE L\u2019OP\u00c9RATION<\/u><\/strong><\/p>\n<p>L\u2019accord conclu entre les parties pour l\u2019acquisition de la soci\u00e9t\u00e9 ADM Value pr\u00e9voit le paiement du prix en num\u00e9raire \u00e0 hauteur de 80 % et par remise d\u2019actions Tessi \u00e0 hauteur de 20 %.<\/p>\n<p>Le paiement du prix en num\u00e9raire a \u00e9t\u00e9 financ\u00e9 principalement par une dette bancaire et par une augmentation de capital en num\u00e9raire, cl\u00f4tur\u00e9e le 6 d\u00e9cembre 2019 ayant port\u00e9 le capital social de 5.620.974 euros \u00e0 6.156.302 euros.<\/p>\n<p><strong><u>MODALIT\u00c9S DE L\u2019OP\u00c9RATION<\/u><\/strong><\/p>\n<p>Le pr\u00e9sent communiqu\u00e9 a pour objet de pr\u00e9senter l\u2019op\u00e9ration d\u2019\u00e9mission d\u2019actions ordinaires nouvelles Tessi, en r\u00e9mun\u00e9ration des apports en nature d\u2019actions de la soci\u00e9t\u00e9 ADM Value effectu\u00e9s par trois associ\u00e9s de ladite soci\u00e9t\u00e9.<\/p>\n<p>Tessi annonce ce jour l\u2019\u00e9mission de 164.246 actions ordinaires nouvelles enti\u00e8rement assimilables aux actions existantes, afin de r\u00e9mun\u00e9rer l\u2019apport de 827 actions de la soci\u00e9t\u00e9 ADM Value repr\u00e9sentatives de 20,17\u00a0% du capital et des droits de vote de ladite soci\u00e9t\u00e9.<\/p>\n<p>Les actions ordinaires nouvelles de Tessi ainsi \u00e9mises ont fait l\u2019objet ce jour d\u2019une demande d\u2019admission aux n\u00e9gociations sur le march\u00e9 r\u00e9glement\u00e9 d\u2019Euronext Paris (Compartiment B).<\/p>\n<p>Cette op\u00e9ration permet \u00e0 Tessi de d\u00e9tenir 100 % du capital et des droits de vote de la soci\u00e9t\u00e9 ADM Value.<\/p>\n<p>Les principales modalit\u00e9s de l\u2019op\u00e9ration d\u2019apport sont r\u00e9sum\u00e9es ci-dessous, conform\u00e9ment aux dispositions de l\u2019article 17 de l\u2019instruction de l\u2019Autorit\u00e9 des March\u00e9s Financiers (l\u2019\u00ab\u00a0<strong>AMF<\/strong>\u00a0\u00bb) n\u00b0 2016-04 du 21 octobre 2016 telle que modifi\u00e9e le 15 janvier 2018.<\/p>\n<p><strong>Apporteurs\u00a0:<\/strong><\/p>\n<p>PHP Caraibes Capital, repr\u00e9sent\u00e9e par Monsieur Claude Briqu\u00e9,<\/p>\n<p>Monsieur Nicolas Huyghues Despointes,<\/p>\n<p>Monsieur Philippe Martin.<\/p>\n<p><strong>Soci\u00e9t\u00e9 dont les titres sont apport\u00e9s\u00a0:<\/strong><\/p>\n<p>ADM Value, soci\u00e9t\u00e9 par actions simplifi\u00e9e au capital de 500.200 euros, immatricul\u00e9e au Registre du Commerce et des Soci\u00e9t\u00e9s de NANTERRE sous le num\u00e9ro 418\u00a0657\u00a0763, dont le si\u00e8ge social est situ\u00e9 \u00e0 ISSY-LES-MOULINEAUX (92130) 32 rue Henri Tariel.<\/p>\n<p><strong>Nombre de titres apport\u00e9s\u00a0:<\/strong><\/p>\n<p>827 actions ordinaires de la soci\u00e9t\u00e9 ADM Value.<\/p>\n<p><strong>Nature de l\u2019op\u00e9ration\u00a0:<\/strong><\/p>\n<p>Augmentation de capital par \u00e9mission d\u2019actions ordinaires nouvelles de la soci\u00e9t\u00e9 Tessi en r\u00e9mun\u00e9ration d\u2019apports d\u2019actions de la soci\u00e9t\u00e9 ADM Value.<\/p>\n<p><strong>Valorisation de l\u2019apport en nature\u00a0:<\/strong><\/p>\n<p>Dans le cadre et pour les besoins de l\u2019acquisition de la soci\u00e9t\u00e9 ADM Value, les apporteurs et la soci\u00e9t\u00e9 b\u00e9n\u00e9ficiaire ont convenu de retenir une valorisation pour les 4.100 actions de la Soci\u00e9t\u00e9 ADM Value, repr\u00e9sentant 100 % de son capital et de ses droits de vote, de 114.000.500 euros. Cette valorisation a \u00e9t\u00e9 \u00e9tablie et arr\u00eat\u00e9e sur la base des crit\u00e8res et \u00e9l\u00e9ments suivants\u00a0:<\/p>\n<ul>\n<li>Valorisation multicrit\u00e8re r\u00e9sultant d\u2019approches analogiques \u00e0 travers les multiples de soci\u00e9t\u00e9s comparables cot\u00e9es (multiples boursiers) et les multiples de transactions comparables des m\u00e9tiers de la relation clients (multiples de transactions)\u00a0;<\/li>\n<li>Prise en compte d\u2019une prime de contr\u00f4le pour l\u2019acquisition de 100 % des titres, s\u2019agissant pour la soci\u00e9t\u00e9 b\u00e9n\u00e9ficiaire d\u2019une prise contr\u00f4le de la soci\u00e9t\u00e9 dans le cadre de l\u2019acquisition.<\/li>\n<\/ul>\n<p>La valorisation retenue pour 100 % des actions de la soci\u00e9t\u00e9 fait suite \u00e0 un processus comp\u00e9titif de mise en vente de la soci\u00e9t\u00e9. Elle refl\u00e8te ainsi la valeur de march\u00e9 de la soci\u00e9t\u00e9.<\/p>\n<p>Sur ces bases, la valeur d\u2019une action apport\u00e9e s\u2019\u00e9l\u00e8ve \u00e0 27.805 euros et la valeur de l\u2019ensemble des actions apport\u00e9es s\u2019\u00e9l\u00e8ve \u00e0 22.994.735 euros.<\/p>\n<p><strong>R\u00e9mun\u00e9ration de l\u2019apport en nature\u00a0:<\/strong><\/p>\n<p>Afin d\u2019assurer une coh\u00e9rence entre (i) les modalit\u00e9s de d\u00e9termination du prix de l\u2019augmentation de capital en num\u00e9raire susvis\u00e9e, telles qu\u2019elles ont \u00e9t\u00e9 soumises au visa de l\u2019AMF, d\u2019une part et (ii) celles de la r\u00e9mun\u00e9ration des apports, d\u2019autre part, les apporteurs et Tessi ont convenues de retenir, pour les besoins de l\u2019apport et de sa r\u00e9mun\u00e9ration, une valorisation unitaire des actions de la soci\u00e9t\u00e9 b\u00e9n\u00e9ficiaire \u00e9gale au prix d\u2019\u00e9mission des actions qui ont \u00e9t\u00e9 \u00e9mises par celle-ci dans le cadre de l\u2019augmentation de capital en num\u00e9raire, soit 140 euros par action, prime d\u2019\u00e9mission incluse.<\/p>\n<p>L\u2019Apport est donc r\u00e9mun\u00e9r\u00e9 par l\u2019\u00e9mission de 164.246 actions ordinaires nouvelles Tessi, dont la valeur globale s\u2019\u00e9l\u00e8ve \u00e0 22.994.440 euros, compl\u00e9t\u00e9e d\u2019une soulte d\u2019un montant de 295 euros.<\/p>\n<p><strong>Montant nominal de l\u2019augmentation de capital\u00a0:<\/strong><\/p>\n<p>Le montant global de l\u2019augmentation de capital est de 328.492 euros en nominal, soit 164.246 actions de 2 euros de nominal chacune, assorti d\u2019une prime d\u2019apport globale de 22.665.948 euros, soit 138 euros de prime d\u2019apport pour chaque action.<\/p>\n<p><strong>Nombre d\u2019actions nouvelles\u00a0:<\/strong><\/p>\n<p>164.246 actions ordinaires nouvelles de Tessi d\u2019une valeur nominale de 2 euros chacune.<\/p>\n<p>Les 164.246 actions ordinaires nouvelles ont fait l\u2019objet d\u2019une demande d\u2019admission aux n\u00e9gociations sur le march\u00e9 r\u00e9glement\u00e9 d\u2019Euronext Paris (Compartiment B) et seront inscrites sur la m\u00eame ligne de cotation que les actions existantes de Tessi (Code ISIN\u00a0: FR0004529147). Elles seront compl\u00e8tement assimil\u00e9es aux actions anciennes et soumises comme elles \u00e0 toutes les dispositions des statuts.<\/p>\n<p>\u00c0 la suite de cette \u00e9mission, le capital social de Tessi est port\u00e9 de 6.156.302 euros \u00e0 6.484.794 euros, divis\u00e9 en 3.242.397 actions de 2 euros de valeur nominale et de m\u00eame cat\u00e9gorie. La valeur des apports repr\u00e9sente 5,34\u00a0% du capital avant l\u2019apport et 5,07 % du capital apr\u00e8s l\u2019apport.<\/p>\n<p><strong>Appr\u00e9ciation de la valeur et de la r\u00e9mun\u00e9ration des apports\u00a0:<\/strong><\/p>\n<p>Conform\u00e9ment aux articles L. 225-147, R. 225-7, R. 225-8 et R.\u00a0225-136 du Code de Commerce et \u00e0 la recommandation n\u00b0 2011-11 de l\u2019AMF, cet apport a fait l\u2019objet d\u2019un rapport \u00e9tabli par Cabinet MAZARS GOURGUE sis \u00e0 SEYSSINET-PARISET (38170) 42 bis rue de la Tuilerie, Commissaire aux Apports d\u00e9sign\u00e9 par ordonnance du Pr\u00e9sident du Tribunal de Commerce de Grenoble en date du 6 ao\u00fbt 2019 et compl\u00e9t\u00e9 d\u2019un rapport sur la r\u00e9mun\u00e9ration des apports attestant du caract\u00e8re \u00e9quitable de la r\u00e9mun\u00e9ration de l\u2019apport.<\/p>\n<ul>\n<li><em>Conclusions du Commissaire aux Apports sur la valeur des Apports<\/em><\/li>\n<\/ul>\n<p><em>Dans son rapport sur la valeur des Apports en date du 26 novembre 2019, le Commissaire aux Apports indique que \u00ab\u00a0Sur la base de mes travaux et \u00e0 la date du pr\u00e9sent rapport, je suis d\u2019avis que la valeur des apports retenue s\u2019\u00e9levant \u00e0 22.994.735 euros pour les 827 actions ADM Value apport\u00e9es, n\u2019est pas sur\u00e9valu\u00e9e et correspond au moins \u00e0 la somme de la valeur nominale des actions \u00e0 \u00e9mettre par la soci\u00e9t\u00e9 b\u00e9n\u00e9ficiaire, augment\u00e9e de la prime d\u2019apport, et de la soulte en num\u00e9raire \u00bb.<\/em><\/p>\n<ul>\n<li><em>Conclusions du Commissaire aux Apports sur la r\u00e9mun\u00e9ration des Apports<\/em><\/li>\n<\/ul>\n<p><em>Dans son rapport sur la r\u00e9mun\u00e9ration des Apports en date du 26 novembre 2019, le Commissaire aux Apports indique que \u00ab\u00a0Sur la base de mes travaux et \u00e0 la date du pr\u00e9sent rapport, je suis d\u2019avis que la r\u00e9mun\u00e9ration propos\u00e9e pour l\u2019apport des 827 actions ADM Value conduisant \u00e0 \u00e9mettre 164.246 actions Tessi (soci\u00e9t\u00e9 b\u00e9n\u00e9ficiaire de l\u2019apport) accompagn\u00e9es d\u2019une prime d\u2019apport de 22\u00a0665 948 euros et une soulte en num\u00e9raire de 295 euros, tel qu\u2019arr\u00eat\u00e9e par les parties dans les projets de trait\u00e9 d\u2019apport sign\u00e9 en date du 26 novembre 2019, est \u00e9quitable.<\/em>\u00a0\u00bb<\/p>\n<p><strong>Cadre juridique de l\u2019op\u00e9ration\u00a0:<\/strong><\/p>\n<p>Les Actionnaires de la Soci\u00e9t\u00e9 Tessi, r\u00e9unis en Assembl\u00e9e G\u00e9n\u00e9rale Mixte le 28 juin 2019, ont d\u00e9l\u00e9gu\u00e9 au Directoire la comp\u00e9tence \u00e0 l\u2019effet de proc\u00e9der \u00e0 l\u2019\u00e9mission d\u2019actions ou de valeurs mobili\u00e8res donnant acc\u00e8s au capital, dans la limite de 10 % de son capital social, en r\u00e9mun\u00e9ration d\u2019apports en nature consentis \u00e0 la Soci\u00e9t\u00e9 Tessi.<\/p>\n<p>Le Directoire a fait ce jour usage de cette d\u00e9l\u00e9gation.<\/p>\n<p>Un rapport compl\u00e9mentaire du Directoire sur l\u2019usage de la d\u00e9l\u00e9gation qui lui a \u00e9t\u00e9 consentie et un rapport compl\u00e9mentaire des Commissaires aux Comptes seront mis \u00e0 la disposition des actionnaires, au si\u00e8ge social et sur le site internet de la Soci\u00e9t\u00e9, dans les conditions r\u00e9glementaires.<\/p>\n<p>L\u2019op\u00e9ration n\u2019est pas soumise au visa de l\u2019Autorit\u00e9 des March\u00e9s Financiers (l\u2019\u00ab\u00a0<strong>AMF<\/strong>\u00a0\u00bb).<br \/>\nLe pr\u00e9sent communiqu\u00e9 est diffus\u00e9 conform\u00e9ment aux dispositions de l\u2019article 1<sup>er<\/sup>, paragraphe 5, premier alin\u00e9a du r\u00e8glement (UE) n\u00b0\u00a02017\/1129 du Parlement Europ\u00e9en et du Conseil du 14 juin 2017 et l\u2019article 17, 1<sup>er<\/sup> alin\u00e9a de l\u2019instruction AMF n\u00b0 2016-04 du 21 octobre 2016 telle que modifi\u00e9e le 15 janvier 2018 sur l\u2019information \u00e0 diffuser en cas d\u2019offre au public ou d\u2019admission aux n\u00e9gociations de titres financiers sur un march\u00e9 r\u00e9glement\u00e9.<\/p>\n<p><strong>Actionnariat \u00e0 l\u2019issue des op\u00e9rations sur capital \u00e0 la connaissance de la Soci\u00e9t\u00e9\u00a0:<\/strong><\/p>\n<table style=\"width: 100%; height: 369px;\" width=\"100%\">\n<tbody>\n<tr style=\"height: 80px;\">\n<td style=\"height: 80px;\" width=\"32%\">&nbsp;<\/td>\n<td style=\"height: 80px;\" width=\"17%\">Actions<\/td>\n<td style=\"height: 80px;\" width=\"15%\">%<br \/>\ndu capital<\/td>\n<td style=\"height: 80px;\" width=\"17%\">Droits de vote<\/td>\n<td style=\"height: 80px;\" width=\"17%\">%<br \/>\ndroits de vote<\/td>\n<\/tr>\n<tr style=\"height: 59px;\">\n<td style=\"height: 59px;\" width=\"32%\">Pixel Holding <sup>(1)<\/sup><\/td>\n<td style=\"height: 59px;\" width=\"17%\">2.418.747<\/td>\n<td style=\"height: 59px;\" width=\"15%\">74,60 %<\/td>\n<td style=\"height: 59px;\" width=\"17%\">2.418.747<\/td>\n<td style=\"height: 59px;\" width=\"17%\">74,54 %<\/td>\n<\/tr>\n<tr style=\"height: 59px;\">\n<td style=\"height: 59px;\" width=\"32%\">Fidelity Investment \/ FMR <sup>(2)<\/sup><\/td>\n<td style=\"height: 59px;\" width=\"17%\">250.173<\/td>\n<td style=\"height: 59px;\" width=\"15%\">7,72 %<\/td>\n<td style=\"height: 59px;\" width=\"17%\">250.173<\/td>\n<td style=\"height: 59px;\" width=\"17%\">7,71 %<\/td>\n<\/tr>\n<tr style=\"height: 59px;\">\n<td style=\"height: 59px;\" width=\"32%\">Moneta AM <sup>(3)<\/sup><\/td>\n<td style=\"height: 59px;\" width=\"17%\">144.000<\/td>\n<td style=\"height: 59px;\" width=\"15%\">4,44 %<\/td>\n<td style=\"height: 59px;\" width=\"17%\">144.000<\/td>\n<td style=\"height: 59px;\" width=\"17%\">4,44 %<\/td>\n<\/tr>\n<tr style=\"height: 56px;\">\n<td style=\"height: 56px;\" width=\"32%\">Autres actionnaires<\/td>\n<td style=\"height: 56px;\" width=\"17%\">429.477<\/td>\n<td style=\"height: 56px;\" width=\"15%\">13,25 %<\/td>\n<td style=\"height: 56px;\" width=\"17%\">432.163<\/td>\n<td style=\"height: 56px;\" width=\"17%\">13,32 %<\/td>\n<\/tr>\n<tr style=\"height: 56px;\">\n<td style=\"height: 56px;\" width=\"32%\">Total en nombre<\/td>\n<td style=\"height: 56px;\" width=\"17%\">3.242.397<\/td>\n<td style=\"height: 56px;\" width=\"15%\">100,00 %<\/td>\n<td style=\"height: 56px;\" width=\"17%\">3.245.083<\/td>\n<td style=\"height: 56px;\" width=\"17%\">100,00 %<\/td>\n<\/tr>\n<\/tbody>\n<\/table>\n<p><sup>(1)<\/sup> En ce compris l\u2019apport \u00e0 Pixel Holding des actions Tessi re\u00e7us par les Apporteurs r\u00e9alis\u00e9 cons\u00e9cutivement \u00e0 l\u2019op\u00e9ration d\u00e9crite dans le pr\u00e9sent communiqu\u00e9.<\/p>\n<p><sup>(2)<\/sup> Nombres d\u2019actions et de droits de vote communiqu\u00e9s par Fidelity Investment \/ FMR (d\u00e9claration AMF n\u00b0219C0316 du 21 f\u00e9vrier 2019) dont les pourcentages de d\u00e9tention en capital et en droit de vote ont \u00e9t\u00e9 ajust\u00e9s des nombres d\u2019actions et droits de vote cr\u00e9\u00e9s<\/p>\n<p><sup>(3)<\/sup> Nombres d\u2019actions et de droits de vote communiqu\u00e9s par MONETA (d\u00e9claration AMF n\u00b0219C0314 du 21 f\u00e9vrier 2019) dont les pourcentages de d\u00e9tention en capital et en droit de vote ont \u00e9t\u00e9 ajust\u00e9s des nombres d\u2019actions et droits de vote cr\u00e9\u00e9s<\/p>\n<form action=\"https:\/\/www.tessi.eu\/fr\/wp-content\/uploads\/sites\/2\/2019\/12\/tessi-191211-apport-en-nature-adm-value.pdf\" target=\"_blank\"><input class=\"wpcf7-form-control wpcf7-submit btn btn-light btn-custom btn-big btn-round\" type=\"submit\" value=\" T\u00e9l\u00e9charger le communiqu\u00e9 de presse \" \/><\/form>\n","protected":false},"excerpt":{"rendered":"<p>\u00c9MISSION PAR TESSI DE 164.246 ACTIONS ORDINAIRES NOUVELLES EN R\u00c9MUN\u00c9RATION DE L\u2019APPORT DE 827 ACTIONS DE LA SOCI\u00c9T\u00c9 ADM VALUE. MOTIFS DE L\u2019OP\u00c9RATION L\u2019accord conclu entre les parties pour l\u2019acquisition de la soci\u00e9t\u00e9 ADM Value pr\u00e9voit le paiement du prix en num\u00e9raire \u00e0 hauteur de 80 % et par remise d\u2019actions Tessi \u00e0 hauteur de [&hellip;]<\/p>\n","protected":false},"author":11,"featured_media":32396,"comment_status":"closed","ping_status":"closed","sticky":true,"template":"","format":"standard","meta":{"_acf_changed":false,"footnotes":""},"categories":[47,131],"tags":[],"class_list":["post-32395","post","type-post","status-publish","format-standard","has-post-thumbnail","hentry","category-news","category-financier"],"acf":[],"yoast_head":"<!-- This site is optimized with the Yoast SEO Premium plugin v22.3 (Yoast SEO v27.1.1) - https:\/\/yoast.com\/product\/yoast-seo-premium-wordpress\/ -->\n<title>Tessi annonce la r\u00e9alisation ce jour de l\u2019acquisition de la soci\u00e9t\u00e9 ADM Value, sp\u00e9cialiste de la relation clients - Tessi International<\/title>\n<meta name=\"description\" content=\"Tessi lance une augmentation de capital avec suppression du droit pr\u00e9f\u00e9rentiel de souscription, par voie d\u2019offre au public et avec d\u00e9lai de priorit\u00e9 des actionnaires, d\u2019un montant d\u2019environ 37,5\u00a0millions d\u2019euros dans le cadre du financement de l\u2019acquisition d\u2019ADM Value.\" \/>\n<meta name=\"robots\" content=\"index, follow, max-snippet:-1, max-image-preview:large, max-video-preview:-1\" \/>\n<link rel=\"canonical\" href=\"https:\/\/www.tessi.eu\/fr\/tessi-annonce-le-succes-de-son-augmentation-de-capital-copy\/\" \/>\n<meta property=\"og:locale\" content=\"fr_FR\" \/>\n<meta property=\"og:type\" content=\"article\" \/>\n<meta property=\"og:title\" content=\"Tessi annonce la r\u00e9alisation ce jour de l\u2019acquisition de la soci\u00e9t\u00e9 ADM Value, sp\u00e9cialiste de la relation clients\" \/>\n<meta property=\"og:description\" content=\"Tessi lance une augmentation de capital avec suppression du droit pr\u00e9f\u00e9rentiel de souscription, par voie d\u2019offre au public et avec d\u00e9lai de priorit\u00e9 des actionnaires, d\u2019un montant d\u2019environ 37,5\u00a0millions d\u2019euros dans le cadre du financement de l\u2019acquisition d\u2019ADM Value.\" \/>\n<meta property=\"og:url\" content=\"https:\/\/www.tessi.eu\/fr\/tessi-annonce-le-succes-de-son-augmentation-de-capital-copy\/\" \/>\n<meta property=\"og:site_name\" content=\"Tessi International\" \/>\n<meta property=\"article:published_time\" content=\"2019-12-11T17:07:36+00:00\" \/>\n<meta property=\"article:modified_time\" content=\"2019-12-11T17:32:11+00:00\" \/>\n<meta property=\"og:image\" content=\"https:\/\/tessi.on-web.fr\/wp-content\/uploads\/2023\/04\/img-ref-agenda-tessi-adm.jpg\" \/>\n\t<meta property=\"og:image:width\" content=\"510\" \/>\n\t<meta property=\"og:image:height\" content=\"400\" \/>\n\t<meta property=\"og:image:type\" content=\"image\/jpeg\" \/>\n<meta name=\"author\" content=\"cbonnet\" \/>\n<meta name=\"twitter:card\" content=\"summary_large_image\" \/>\n<meta name=\"twitter:label1\" content=\"\u00c9crit par\" \/>\n\t<meta name=\"twitter:data1\" content=\"cbonnet\" \/>\n\t<meta name=\"twitter:label2\" content=\"Dur\u00e9e de lecture estim\u00e9e\" \/>\n\t<meta name=\"twitter:data2\" content=\"8 minutes\" \/>\n<script type=\"application\/ld+json\" class=\"yoast-schema-graph\">{\"@context\":\"https:\/\/schema.org\",\"@graph\":[{\"@type\":\"Article\",\"@id\":\"https:\/\/www.tessi.eu\/fr\/tessi-annonce-le-succes-de-son-augmentation-de-capital-copy\/#article\",\"isPartOf\":{\"@id\":\"https:\/\/www.tessi.eu\/fr\/tessi-annonce-le-succes-de-son-augmentation-de-capital-copy\/\"},\"author\":{\"name\":\"cbonnet\",\"@id\":\"https:\/\/www.tessi.eu\/fr\/#\/schema\/person\/859d0f8ee0e735b277dee0268b7ad791\"},\"headline\":\"Tessi annonce la r\u00e9alisation ce jour de l\u2019acquisition de la soci\u00e9t\u00e9 ADM Value, sp\u00e9cialiste de la relation clients\",\"datePublished\":\"2019-12-11T17:07:36+00:00\",\"dateModified\":\"2019-12-11T17:32:11+00:00\",\"mainEntityOfPage\":{\"@id\":\"https:\/\/www.tessi.eu\/fr\/tessi-annonce-le-succes-de-son-augmentation-de-capital-copy\/\"},\"wordCount\":1687,\"image\":{\"@id\":\"https:\/\/www.tessi.eu\/fr\/tessi-annonce-le-succes-de-son-augmentation-de-capital-copy\/#primaryimage\"},\"thumbnailUrl\":\"https:\/\/www.tessi.eu\/wp-content\/uploads\/2023\/04\/img-ref-agenda-tessi-adm.jpg\",\"articleSection\":[\"News\",\"Financier\"],\"inLanguage\":\"fr-FR\"},{\"@type\":\"WebPage\",\"@id\":\"https:\/\/www.tessi.eu\/fr\/tessi-annonce-le-succes-de-son-augmentation-de-capital-copy\/\",\"url\":\"https:\/\/www.tessi.eu\/fr\/tessi-annonce-le-succes-de-son-augmentation-de-capital-copy\/\",\"name\":\"Tessi annonce la r\u00e9alisation ce jour de l\u2019acquisition de la soci\u00e9t\u00e9 ADM Value, sp\u00e9cialiste de la relation clients - Tessi International\",\"isPartOf\":{\"@id\":\"https:\/\/www.tessi.eu\/fr\/#website\"},\"primaryImageOfPage\":{\"@id\":\"https:\/\/www.tessi.eu\/fr\/tessi-annonce-le-succes-de-son-augmentation-de-capital-copy\/#primaryimage\"},\"image\":{\"@id\":\"https:\/\/www.tessi.eu\/fr\/tessi-annonce-le-succes-de-son-augmentation-de-capital-copy\/#primaryimage\"},\"thumbnailUrl\":\"https:\/\/www.tessi.eu\/wp-content\/uploads\/2023\/04\/img-ref-agenda-tessi-adm.jpg\",\"datePublished\":\"2019-12-11T17:07:36+00:00\",\"dateModified\":\"2019-12-11T17:32:11+00:00\",\"author\":{\"@id\":\"https:\/\/www.tessi.eu\/fr\/#\/schema\/person\/859d0f8ee0e735b277dee0268b7ad791\"},\"description\":\"Tessi lance une augmentation de capital avec suppression du droit pr\u00e9f\u00e9rentiel de souscription, par voie d\u2019offre au public et avec d\u00e9lai de priorit\u00e9 des actionnaires, d\u2019un montant d\u2019environ 37,5\u00a0millions d\u2019euros dans le cadre du financement de l\u2019acquisition d\u2019ADM Value.\",\"breadcrumb\":{\"@id\":\"https:\/\/www.tessi.eu\/fr\/tessi-annonce-le-succes-de-son-augmentation-de-capital-copy\/#breadcrumb\"},\"inLanguage\":\"fr-FR\",\"potentialAction\":[{\"@type\":\"ReadAction\",\"target\":[\"https:\/\/www.tessi.eu\/fr\/tessi-annonce-le-succes-de-son-augmentation-de-capital-copy\/\"]}]},{\"@type\":\"ImageObject\",\"inLanguage\":\"fr-FR\",\"@id\":\"https:\/\/www.tessi.eu\/fr\/tessi-annonce-le-succes-de-son-augmentation-de-capital-copy\/#primaryimage\",\"url\":\"https:\/\/www.tessi.eu\/wp-content\/uploads\/2023\/04\/img-ref-agenda-tessi-adm.jpg\",\"contentUrl\":\"https:\/\/www.tessi.eu\/wp-content\/uploads\/2023\/04\/img-ref-agenda-tessi-adm.jpg\",\"width\":510,\"height\":400,\"caption\":\"img ref agenda tessi adm\"},{\"@type\":\"BreadcrumbList\",\"@id\":\"https:\/\/www.tessi.eu\/fr\/tessi-annonce-le-succes-de-son-augmentation-de-capital-copy\/#breadcrumb\",\"itemListElement\":[{\"@type\":\"ListItem\",\"position\":1,\"name\":\"Home\",\"item\":\"https:\/\/www.tessi.eu\/fr\/\"},{\"@type\":\"ListItem\",\"position\":2,\"name\":\"Tessi annonce la r\u00e9alisation ce jour de l\u2019acquisition de la soci\u00e9t\u00e9 ADM Value, sp\u00e9cialiste de la relation clients\"}]},{\"@type\":\"WebSite\",\"@id\":\"https:\/\/www.tessi.eu\/fr\/#website\",\"url\":\"https:\/\/www.tessi.eu\/fr\/\",\"name\":\"Tessi International\",\"description\":\"\",\"potentialAction\":[{\"@type\":\"SearchAction\",\"target\":{\"@type\":\"EntryPoint\",\"urlTemplate\":\"https:\/\/www.tessi.eu\/fr\/?s={search_term_string}\"},\"query-input\":{\"@type\":\"PropertyValueSpecification\",\"valueRequired\":true,\"valueName\":\"search_term_string\"}}],\"inLanguage\":\"fr-FR\"},{\"@type\":\"Person\",\"@id\":\"https:\/\/www.tessi.eu\/fr\/#\/schema\/person\/859d0f8ee0e735b277dee0268b7ad791\",\"name\":\"cbonnet\",\"image\":{\"@type\":\"ImageObject\",\"inLanguage\":\"fr-FR\",\"@id\":\"https:\/\/www.tessi.eu\/fr\/#\/schema\/person\/image\/\",\"url\":\"https:\/\/secure.gravatar.com\/avatar\/0d01ab1b427b196966268d5f1407f20f6367aba1866f9ac86912cfd758c2f669?s=96&d=mm&r=g\",\"contentUrl\":\"https:\/\/secure.gravatar.com\/avatar\/0d01ab1b427b196966268d5f1407f20f6367aba1866f9ac86912cfd758c2f669?s=96&d=mm&r=g\",\"caption\":\"cbonnet\"}}]}<\/script>\n<!-- \/ Yoast SEO Premium plugin. -->","yoast_head_json":{"title":"Tessi annonce la r\u00e9alisation ce jour de l\u2019acquisition de la soci\u00e9t\u00e9 ADM Value, sp\u00e9cialiste de la relation clients - Tessi International","description":"Tessi lance une augmentation de capital avec suppression du droit pr\u00e9f\u00e9rentiel de souscription, par voie d\u2019offre au public et avec d\u00e9lai de priorit\u00e9 des actionnaires, d\u2019un montant d\u2019environ 37,5\u00a0millions d\u2019euros dans le cadre du financement de l\u2019acquisition d\u2019ADM Value.","robots":{"index":"index","follow":"follow","max-snippet":"max-snippet:-1","max-image-preview":"max-image-preview:large","max-video-preview":"max-video-preview:-1"},"canonical":"https:\/\/www.tessi.eu\/fr\/tessi-annonce-le-succes-de-son-augmentation-de-capital-copy\/","og_locale":"fr_FR","og_type":"article","og_title":"Tessi annonce la r\u00e9alisation ce jour de l\u2019acquisition de la soci\u00e9t\u00e9 ADM Value, sp\u00e9cialiste de la relation clients","og_description":"Tessi lance une augmentation de capital avec suppression du droit pr\u00e9f\u00e9rentiel de souscription, par voie d\u2019offre au public et avec d\u00e9lai de priorit\u00e9 des actionnaires, d\u2019un montant d\u2019environ 37,5\u00a0millions d\u2019euros dans le cadre du financement de l\u2019acquisition d\u2019ADM Value.","og_url":"https:\/\/www.tessi.eu\/fr\/tessi-annonce-le-succes-de-son-augmentation-de-capital-copy\/","og_site_name":"Tessi International","article_published_time":"2019-12-11T17:07:36+00:00","article_modified_time":"2019-12-11T17:32:11+00:00","og_image":[{"width":510,"height":400,"url":"https:\/\/tessi.on-web.fr\/wp-content\/uploads\/2023\/04\/img-ref-agenda-tessi-adm.jpg","type":"image\/jpeg"}],"author":"cbonnet","twitter_card":"summary_large_image","twitter_misc":{"\u00c9crit par":"cbonnet","Dur\u00e9e de lecture estim\u00e9e":"8 minutes"},"schema":{"@context":"https:\/\/schema.org","@graph":[{"@type":"Article","@id":"https:\/\/www.tessi.eu\/fr\/tessi-annonce-le-succes-de-son-augmentation-de-capital-copy\/#article","isPartOf":{"@id":"https:\/\/www.tessi.eu\/fr\/tessi-annonce-le-succes-de-son-augmentation-de-capital-copy\/"},"author":{"name":"cbonnet","@id":"https:\/\/www.tessi.eu\/fr\/#\/schema\/person\/859d0f8ee0e735b277dee0268b7ad791"},"headline":"Tessi annonce la r\u00e9alisation ce jour de l\u2019acquisition de la soci\u00e9t\u00e9 ADM Value, sp\u00e9cialiste de la relation clients","datePublished":"2019-12-11T17:07:36+00:00","dateModified":"2019-12-11T17:32:11+00:00","mainEntityOfPage":{"@id":"https:\/\/www.tessi.eu\/fr\/tessi-annonce-le-succes-de-son-augmentation-de-capital-copy\/"},"wordCount":1687,"image":{"@id":"https:\/\/www.tessi.eu\/fr\/tessi-annonce-le-succes-de-son-augmentation-de-capital-copy\/#primaryimage"},"thumbnailUrl":"https:\/\/www.tessi.eu\/wp-content\/uploads\/2023\/04\/img-ref-agenda-tessi-adm.jpg","articleSection":["News","Financier"],"inLanguage":"fr-FR"},{"@type":"WebPage","@id":"https:\/\/www.tessi.eu\/fr\/tessi-annonce-le-succes-de-son-augmentation-de-capital-copy\/","url":"https:\/\/www.tessi.eu\/fr\/tessi-annonce-le-succes-de-son-augmentation-de-capital-copy\/","name":"Tessi annonce la r\u00e9alisation ce jour de l\u2019acquisition de la soci\u00e9t\u00e9 ADM Value, sp\u00e9cialiste de la relation clients - Tessi International","isPartOf":{"@id":"https:\/\/www.tessi.eu\/fr\/#website"},"primaryImageOfPage":{"@id":"https:\/\/www.tessi.eu\/fr\/tessi-annonce-le-succes-de-son-augmentation-de-capital-copy\/#primaryimage"},"image":{"@id":"https:\/\/www.tessi.eu\/fr\/tessi-annonce-le-succes-de-son-augmentation-de-capital-copy\/#primaryimage"},"thumbnailUrl":"https:\/\/www.tessi.eu\/wp-content\/uploads\/2023\/04\/img-ref-agenda-tessi-adm.jpg","datePublished":"2019-12-11T17:07:36+00:00","dateModified":"2019-12-11T17:32:11+00:00","author":{"@id":"https:\/\/www.tessi.eu\/fr\/#\/schema\/person\/859d0f8ee0e735b277dee0268b7ad791"},"description":"Tessi lance une augmentation de capital avec suppression du droit pr\u00e9f\u00e9rentiel de souscription, par voie d\u2019offre au public et avec d\u00e9lai de priorit\u00e9 des actionnaires, d\u2019un montant d\u2019environ 37,5\u00a0millions d\u2019euros dans le cadre du financement de l\u2019acquisition d\u2019ADM Value.","breadcrumb":{"@id":"https:\/\/www.tessi.eu\/fr\/tessi-annonce-le-succes-de-son-augmentation-de-capital-copy\/#breadcrumb"},"inLanguage":"fr-FR","potentialAction":[{"@type":"ReadAction","target":["https:\/\/www.tessi.eu\/fr\/tessi-annonce-le-succes-de-son-augmentation-de-capital-copy\/"]}]},{"@type":"ImageObject","inLanguage":"fr-FR","@id":"https:\/\/www.tessi.eu\/fr\/tessi-annonce-le-succes-de-son-augmentation-de-capital-copy\/#primaryimage","url":"https:\/\/www.tessi.eu\/wp-content\/uploads\/2023\/04\/img-ref-agenda-tessi-adm.jpg","contentUrl":"https:\/\/www.tessi.eu\/wp-content\/uploads\/2023\/04\/img-ref-agenda-tessi-adm.jpg","width":510,"height":400,"caption":"img ref agenda tessi adm"},{"@type":"BreadcrumbList","@id":"https:\/\/www.tessi.eu\/fr\/tessi-annonce-le-succes-de-son-augmentation-de-capital-copy\/#breadcrumb","itemListElement":[{"@type":"ListItem","position":1,"name":"Home","item":"https:\/\/www.tessi.eu\/fr\/"},{"@type":"ListItem","position":2,"name":"Tessi annonce la r\u00e9alisation ce jour de l\u2019acquisition de la soci\u00e9t\u00e9 ADM Value, sp\u00e9cialiste de la relation clients"}]},{"@type":"WebSite","@id":"https:\/\/www.tessi.eu\/fr\/#website","url":"https:\/\/www.tessi.eu\/fr\/","name":"Tessi International","description":"","potentialAction":[{"@type":"SearchAction","target":{"@type":"EntryPoint","urlTemplate":"https:\/\/www.tessi.eu\/fr\/?s={search_term_string}"},"query-input":{"@type":"PropertyValueSpecification","valueRequired":true,"valueName":"search_term_string"}}],"inLanguage":"fr-FR"},{"@type":"Person","@id":"https:\/\/www.tessi.eu\/fr\/#\/schema\/person\/859d0f8ee0e735b277dee0268b7ad791","name":"cbonnet","image":{"@type":"ImageObject","inLanguage":"fr-FR","@id":"https:\/\/www.tessi.eu\/fr\/#\/schema\/person\/image\/","url":"https:\/\/secure.gravatar.com\/avatar\/0d01ab1b427b196966268d5f1407f20f6367aba1866f9ac86912cfd758c2f669?s=96&d=mm&r=g","contentUrl":"https:\/\/secure.gravatar.com\/avatar\/0d01ab1b427b196966268d5f1407f20f6367aba1866f9ac86912cfd758c2f669?s=96&d=mm&r=g","caption":"cbonnet"}}]}},"_links":{"self":[{"href":"https:\/\/www.tessi.eu\/fr\/wp-json\/wp\/v2\/posts\/32395\/"}],"collection":[{"href":"https:\/\/www.tessi.eu\/fr\/wp-json\/wp\/v2\/posts\/"}],"about":[{"href":"https:\/\/www.tessi.eu\/fr\/wp-json\/wp\/v2\/types\/post\/"}],"author":[{"embeddable":true,"href":"https:\/\/www.tessi.eu\/fr\/wp-json\/wp\/v2\/users\/11\/"}],"replies":[{"embeddable":true,"href":"https:\/\/www.tessi.eu\/fr\/wp-json\/wp\/v2\/comments\/?post=32395"}],"version-history":[{"count":0,"href":"https:\/\/www.tessi.eu\/fr\/wp-json\/wp\/v2\/posts\/32395\/revisions\/"}],"wp:featuredmedia":[{"embeddable":true,"href":"https:\/\/www.tessi.eu\/fr\/wp-json\/wp\/v2\/media\/32396\/"}],"wp:attachment":[{"href":"https:\/\/www.tessi.eu\/fr\/wp-json\/wp\/v2\/media\/?parent=32395"}],"wp:term":[{"taxonomy":"category","embeddable":true,"href":"https:\/\/www.tessi.eu\/fr\/wp-json\/wp\/v2\/categories\/?post=32395"},{"taxonomy":"post_tag","embeddable":true,"href":"https:\/\/www.tessi.eu\/fr\/wp-json\/wp\/v2\/tags\/?post=32395"}],"curies":[{"name":"wp","href":"https:\/\/api.w.org\/{rel}","templated":true}]}}