{"id":32210,"date":"2020-06-08T10:55:50","date_gmt":"2020-06-08T08:55:50","guid":{"rendered":"https:\/\/www.tessi.eu\/tessi-annonce-la-nomination-de-pablo-castro-ubal-au-poste-de-directeur-general-latam\/"},"modified":"2020-06-08T11:22:06","modified_gmt":"2020-06-08T09:22:06","slug":"tessi-annonce-la-nomination-de-pablo-castro-ubal-au-poste-de-directeur-general-latam","status":"publish","type":"post","link":"https:\/\/www.tessi.eu\/fr\/tessi-annonce-la-nomination-de-pablo-castro-ubal-au-poste-de-directeur-general-latam\/","title":{"rendered":"Tessi annonce la nomination de Pablo Castro Ubal au poste de Directeur G\u00e9n\u00e9ral Latam"},"content":{"rendered":"<p><strong>Le groupe Tessi, acteur de r\u00e9f\u00e9rence sur le march\u00e9 des Business Process Services, annonce la nomination de Pablo Castro Ubal au poste de Directeur g\u00e9n\u00e9ral Latam.<\/strong><\/p>\n<p>Il sera en charge de piloter la strat\u00e9gie de croissance du groupe en am\u00e9rique latine, et notamment en Colombie et au Chili o\u00f9 Tessi est solidement implant\u00e9. Dans le cadre de sa mission, il devra notamment acc\u00e9l\u00e9rer le d\u00e9veloppement du groupe sur la r\u00e9gion Latam, faire \u00e9voluer les \u00e9quipes qui lui sont rattach\u00e9es, tisser des alliances locales et veiller \u00e0 promouvoir et diffuser l\u2019ensemble des domaines d\u2019expertise de Tessi aupr\u00e8s des grands donneurs d\u2019ordres. Pour mener \u00e0 bien sa mission, Pablo Castro Ubal peut s\u2019appuyer sur une forte expertise professionnelle acquise aupr\u00e8s de soci\u00e9t\u00e9s et d\u2019organisations internationales de r\u00e9f\u00e9rence \u00e0 l\u2019image de Banco Santander, immobiliaria Aconcagua ou encore derni\u00e8rement MetLife o\u00f9 il occupait pr\u00e9c\u00e9demment le poste de Gerente Hipotecario.<\/p>\n<p><span style=\"color: #005faa;\"><strong>Claire Fistarol, Pr\u00e9sidente du Directoire du groupe Tessi<\/strong><em> \u00ab Nous sommes fiers d\u2019accueillir Pablo Castro Ubal dans notre \u00e9quipe. Cette annonce s\u2019inscrit dans notre plan de croissance en Am\u00e9rique Latine qui repr\u00e9sente un territoire strat\u00e9gique et un r\u00e9el relai de croissance pour Tessi. Malgr\u00e9 la crise sanitaire et \u00e9conomique que nous traversons, nous allons continuer d\u2019investir pour d\u00e9velopper notre pr\u00e9sence et devenir la r\u00e9f\u00e9rence du march\u00e9 des BPS. \u00bb<\/em><\/span><\/p>\n<p><span style=\"color: #005faa;\"><strong>Pablo Castro Ubal, Directeur g\u00e9n\u00e9ral Latam du groupe Tessi<\/strong><em> \u00ab Nous b\u00e9n\u00e9ficions d\u2019une \u00e9quipe d\u2019experts unique au Chili et en Colombie, ce qui nous permet de r\u00e9pondre efficacement aux enjeux de transformation de nos clients. En associant innovation, technologies de pointe et expertise m\u00e9tier, nous sommes en mesure de mener \u00e0 bien des projets de BPS pour les plus grands acteurs du march\u00e9. Cette caract\u00e9ristique unique associ\u00e9e \u00e0 la solidit\u00e9 des fondamentaux du groupe Tessi sont un r\u00e9el gage de qualit\u00e9 et de performance pour nos clients sur la r\u00e9gion Am\u00e9rique de Sud. \u00bb<\/em><\/span><\/p>\n<form action=\"https:\/\/www.tessi.eu\/wp-content\/uploads\/2020\/06\/tessi-20200608-cp-nomination-pablo-castro-ubal-fr.pdf\" target=\"_blank\"><input class=\"wpcf7-form-control wpcf7-submit btn btn-light btn-custom btn-big btn-round\" type=\"submit\" value=\" T\u00e9l\u00e9charger le communiqu\u00e9 de presse \" \/><\/form>\n","protected":false},"excerpt":{"rendered":"<p>Le groupe Tessi, acteur de r\u00e9f\u00e9rence sur le march\u00e9 des Business Process Services, annonce la nomination de Pablo Castro Ubal au poste de Directeur g\u00e9n\u00e9ral Latam. Il sera en charge de piloter la strat\u00e9gie de croissance du groupe en am\u00e9rique latine, et notamment en Colombie et au Chili o\u00f9 Tessi est solidement implant\u00e9. Dans le [&hellip;]<\/p>\n","protected":false},"author":11,"featured_media":12504,"comment_status":"closed","ping_status":"closed","sticky":true,"template":"","format":"standard","meta":{"_acf_changed":false,"footnotes":""},"categories":[47],"tags":[],"class_list":["post-32210","post","type-post","status-publish","format-standard","has-post-thumbnail","hentry","category-news"],"acf":[],"yoast_head":"<!-- This site is optimized with the Yoast SEO Premium plugin v22.3 (Yoast SEO v27.1.1) - https:\/\/yoast.com\/product\/yoast-seo-premium-wordpress\/ -->\n<title>Tessi annonce la nomination de Pablo Castro Ubal au poste de Directeur G\u00e9n\u00e9ral Latam - Tessi International<\/title>\n<meta name=\"robots\" content=\"index, follow, max-snippet:-1, max-image-preview:large, max-video-preview:-1\" \/>\n<link rel=\"canonical\" href=\"https:\/\/www.tessi.eu\/fr\/tessi-annonce-la-nomination-de-pablo-castro-ubal-au-poste-de-directeur-general-latam\/\" \/>\n<meta property=\"og:locale\" content=\"fr_FR\" \/>\n<meta property=\"og:type\" content=\"article\" \/>\n<meta property=\"og:title\" content=\"Tessi annonce la nomination de Pablo Castro Ubal au poste de Directeur G\u00e9n\u00e9ral Latam\" \/>\n<meta property=\"og:description\" content=\"Le groupe Tessi, acteur de r\u00e9f\u00e9rence sur le march\u00e9 des Business Process Services, annonce la nomination de Pablo Castro Ubal au poste de Directeur g\u00e9n\u00e9ral Latam. Il sera en charge de piloter la strat\u00e9gie de croissance du groupe en am\u00e9rique latine, et notamment en Colombie et au Chili o\u00f9 Tessi est solidement implant\u00e9. Dans le [&hellip;]\" \/>\n<meta property=\"og:url\" content=\"https:\/\/www.tessi.eu\/fr\/tessi-annonce-la-nomination-de-pablo-castro-ubal-au-poste-de-directeur-general-latam\/\" \/>\n<meta property=\"og:site_name\" content=\"Tessi International\" \/>\n<meta property=\"article:published_time\" content=\"2020-06-08T08:55:50+00:00\" \/>\n<meta property=\"article:modified_time\" content=\"2020-06-08T09:22:06+00:00\" \/>\n<meta property=\"og:image\" content=\"https:\/\/tessi.on-web.fr\/wp-content\/uploads\/2020\/06\/tessi-iberia-pablo-castro-ubal-457x358-1.jpg\" \/>\n\t<meta property=\"og:image:width\" content=\"457\" \/>\n\t<meta property=\"og:image:height\" content=\"358\" \/>\n\t<meta property=\"og:image:type\" content=\"image\/jpeg\" \/>\n<meta name=\"author\" content=\"cbonnet\" \/>\n<meta name=\"twitter:card\" content=\"summary_large_image\" \/>\n<meta name=\"twitter:label1\" content=\"\u00c9crit par\" \/>\n\t<meta name=\"twitter:data1\" content=\"cbonnet\" \/>\n\t<meta name=\"twitter:label2\" content=\"Dur\u00e9e de lecture estim\u00e9e\" \/>\n\t<meta name=\"twitter:data2\" content=\"2 minutes\" \/>\n<script type=\"application\/ld+json\" class=\"yoast-schema-graph\">{\"@context\":\"https:\/\/schema.org\",\"@graph\":[{\"@type\":\"Article\",\"@id\":\"https:\/\/www.tessi.eu\/fr\/tessi-annonce-la-nomination-de-pablo-castro-ubal-au-poste-de-directeur-general-latam\/#article\",\"isPartOf\":{\"@id\":\"https:\/\/www.tessi.eu\/fr\/tessi-annonce-la-nomination-de-pablo-castro-ubal-au-poste-de-directeur-general-latam\/\"},\"author\":{\"name\":\"cbonnet\",\"@id\":\"https:\/\/www.tessi.eu\/fr\/#\/schema\/person\/859d0f8ee0e735b277dee0268b7ad791\"},\"headline\":\"Tessi annonce la nomination de Pablo Castro Ubal au poste de Directeur G\u00e9n\u00e9ral Latam\",\"datePublished\":\"2020-06-08T08:55:50+00:00\",\"dateModified\":\"2020-06-08T09:22:06+00:00\",\"mainEntityOfPage\":{\"@id\":\"https:\/\/www.tessi.eu\/fr\/tessi-annonce-la-nomination-de-pablo-castro-ubal-au-poste-de-directeur-general-latam\/\"},\"wordCount\":366,\"image\":{\"@id\":\"https:\/\/www.tessi.eu\/fr\/tessi-annonce-la-nomination-de-pablo-castro-ubal-au-poste-de-directeur-general-latam\/#primaryimage\"},\"thumbnailUrl\":\"https:\/\/www.tessi.eu\/wp-content\/uploads\/2020\/06\/tessi-iberia-pablo-castro-ubal-457x358-1.jpg\",\"articleSection\":[\"News\"],\"inLanguage\":\"fr-FR\"},{\"@type\":\"WebPage\",\"@id\":\"https:\/\/www.tessi.eu\/fr\/tessi-annonce-la-nomination-de-pablo-castro-ubal-au-poste-de-directeur-general-latam\/\",\"url\":\"https:\/\/www.tessi.eu\/fr\/tessi-annonce-la-nomination-de-pablo-castro-ubal-au-poste-de-directeur-general-latam\/\",\"name\":\"Tessi annonce la nomination de Pablo Castro Ubal au poste de Directeur G\u00e9n\u00e9ral Latam - Tessi International\",\"isPartOf\":{\"@id\":\"https:\/\/www.tessi.eu\/fr\/#website\"},\"primaryImageOfPage\":{\"@id\":\"https:\/\/www.tessi.eu\/fr\/tessi-annonce-la-nomination-de-pablo-castro-ubal-au-poste-de-directeur-general-latam\/#primaryimage\"},\"image\":{\"@id\":\"https:\/\/www.tessi.eu\/fr\/tessi-annonce-la-nomination-de-pablo-castro-ubal-au-poste-de-directeur-general-latam\/#primaryimage\"},\"thumbnailUrl\":\"https:\/\/www.tessi.eu\/wp-content\/uploads\/2020\/06\/tessi-iberia-pablo-castro-ubal-457x358-1.jpg\",\"datePublished\":\"2020-06-08T08:55:50+00:00\",\"dateModified\":\"2020-06-08T09:22:06+00:00\",\"author\":{\"@id\":\"https:\/\/www.tessi.eu\/fr\/#\/schema\/person\/859d0f8ee0e735b277dee0268b7ad791\"},\"breadcrumb\":{\"@id\":\"https:\/\/www.tessi.eu\/fr\/tessi-annonce-la-nomination-de-pablo-castro-ubal-au-poste-de-directeur-general-latam\/#breadcrumb\"},\"inLanguage\":\"fr-FR\",\"potentialAction\":[{\"@type\":\"ReadAction\",\"target\":[\"https:\/\/www.tessi.eu\/fr\/tessi-annonce-la-nomination-de-pablo-castro-ubal-au-poste-de-directeur-general-latam\/\"]}]},{\"@type\":\"ImageObject\",\"inLanguage\":\"fr-FR\",\"@id\":\"https:\/\/www.tessi.eu\/fr\/tessi-annonce-la-nomination-de-pablo-castro-ubal-au-poste-de-directeur-general-latam\/#primaryimage\",\"url\":\"https:\/\/www.tessi.eu\/wp-content\/uploads\/2020\/06\/tessi-iberia-pablo-castro-ubal-457x358-1.jpg\",\"contentUrl\":\"https:\/\/www.tessi.eu\/wp-content\/uploads\/2020\/06\/tessi-iberia-pablo-castro-ubal-457x358-1.jpg\",\"width\":457,\"height\":358,\"caption\":\"tessi iberia pablo castro ubal 457x358 1\"},{\"@type\":\"BreadcrumbList\",\"@id\":\"https:\/\/www.tessi.eu\/fr\/tessi-annonce-la-nomination-de-pablo-castro-ubal-au-poste-de-directeur-general-latam\/#breadcrumb\",\"itemListElement\":[{\"@type\":\"ListItem\",\"position\":1,\"name\":\"Home\",\"item\":\"https:\/\/www.tessi.eu\/fr\/\"},{\"@type\":\"ListItem\",\"position\":2,\"name\":\"Tessi annonce la nomination de Pablo Castro Ubal au poste de Directeur G\u00e9n\u00e9ral Latam\"}]},{\"@type\":\"WebSite\",\"@id\":\"https:\/\/www.tessi.eu\/fr\/#website\",\"url\":\"https:\/\/www.tessi.eu\/fr\/\",\"name\":\"Tessi International\",\"description\":\"\",\"potentialAction\":[{\"@type\":\"SearchAction\",\"target\":{\"@type\":\"EntryPoint\",\"urlTemplate\":\"https:\/\/www.tessi.eu\/fr\/?s={search_term_string}\"},\"query-input\":{\"@type\":\"PropertyValueSpecification\",\"valueRequired\":true,\"valueName\":\"search_term_string\"}}],\"inLanguage\":\"fr-FR\"},{\"@type\":\"Person\",\"@id\":\"https:\/\/www.tessi.eu\/fr\/#\/schema\/person\/859d0f8ee0e735b277dee0268b7ad791\",\"name\":\"cbonnet\",\"image\":{\"@type\":\"ImageObject\",\"inLanguage\":\"fr-FR\",\"@id\":\"https:\/\/www.tessi.eu\/fr\/#\/schema\/person\/image\/\",\"url\":\"https:\/\/secure.gravatar.com\/avatar\/0d01ab1b427b196966268d5f1407f20f6367aba1866f9ac86912cfd758c2f669?s=96&d=mm&r=g\",\"contentUrl\":\"https:\/\/secure.gravatar.com\/avatar\/0d01ab1b427b196966268d5f1407f20f6367aba1866f9ac86912cfd758c2f669?s=96&d=mm&r=g\",\"caption\":\"cbonnet\"}}]}<\/script>\n<!-- \/ Yoast SEO Premium plugin. -->","yoast_head_json":{"title":"Tessi annonce la nomination de Pablo Castro Ubal au poste de Directeur G\u00e9n\u00e9ral Latam - Tessi International","robots":{"index":"index","follow":"follow","max-snippet":"max-snippet:-1","max-image-preview":"max-image-preview:large","max-video-preview":"max-video-preview:-1"},"canonical":"https:\/\/www.tessi.eu\/fr\/tessi-annonce-la-nomination-de-pablo-castro-ubal-au-poste-de-directeur-general-latam\/","og_locale":"fr_FR","og_type":"article","og_title":"Tessi annonce la nomination de Pablo Castro Ubal au poste de Directeur G\u00e9n\u00e9ral Latam","og_description":"Le groupe Tessi, acteur de r\u00e9f\u00e9rence sur le march\u00e9 des Business Process Services, annonce la nomination de Pablo Castro Ubal au poste de Directeur g\u00e9n\u00e9ral Latam. Il sera en charge de piloter la strat\u00e9gie de croissance du groupe en am\u00e9rique latine, et notamment en Colombie et au Chili o\u00f9 Tessi est solidement implant\u00e9. Dans le [&hellip;]","og_url":"https:\/\/www.tessi.eu\/fr\/tessi-annonce-la-nomination-de-pablo-castro-ubal-au-poste-de-directeur-general-latam\/","og_site_name":"Tessi International","article_published_time":"2020-06-08T08:55:50+00:00","article_modified_time":"2020-06-08T09:22:06+00:00","og_image":[{"width":457,"height":358,"url":"https:\/\/tessi.on-web.fr\/wp-content\/uploads\/2020\/06\/tessi-iberia-pablo-castro-ubal-457x358-1.jpg","type":"image\/jpeg"}],"author":"cbonnet","twitter_card":"summary_large_image","twitter_misc":{"\u00c9crit par":"cbonnet","Dur\u00e9e de lecture estim\u00e9e":"2 minutes"},"schema":{"@context":"https:\/\/schema.org","@graph":[{"@type":"Article","@id":"https:\/\/www.tessi.eu\/fr\/tessi-annonce-la-nomination-de-pablo-castro-ubal-au-poste-de-directeur-general-latam\/#article","isPartOf":{"@id":"https:\/\/www.tessi.eu\/fr\/tessi-annonce-la-nomination-de-pablo-castro-ubal-au-poste-de-directeur-general-latam\/"},"author":{"name":"cbonnet","@id":"https:\/\/www.tessi.eu\/fr\/#\/schema\/person\/859d0f8ee0e735b277dee0268b7ad791"},"headline":"Tessi annonce la nomination de Pablo Castro Ubal au poste de Directeur G\u00e9n\u00e9ral Latam","datePublished":"2020-06-08T08:55:50+00:00","dateModified":"2020-06-08T09:22:06+00:00","mainEntityOfPage":{"@id":"https:\/\/www.tessi.eu\/fr\/tessi-annonce-la-nomination-de-pablo-castro-ubal-au-poste-de-directeur-general-latam\/"},"wordCount":366,"image":{"@id":"https:\/\/www.tessi.eu\/fr\/tessi-annonce-la-nomination-de-pablo-castro-ubal-au-poste-de-directeur-general-latam\/#primaryimage"},"thumbnailUrl":"https:\/\/www.tessi.eu\/wp-content\/uploads\/2020\/06\/tessi-iberia-pablo-castro-ubal-457x358-1.jpg","articleSection":["News"],"inLanguage":"fr-FR"},{"@type":"WebPage","@id":"https:\/\/www.tessi.eu\/fr\/tessi-annonce-la-nomination-de-pablo-castro-ubal-au-poste-de-directeur-general-latam\/","url":"https:\/\/www.tessi.eu\/fr\/tessi-annonce-la-nomination-de-pablo-castro-ubal-au-poste-de-directeur-general-latam\/","name":"Tessi annonce la nomination de Pablo Castro Ubal au poste de Directeur G\u00e9n\u00e9ral Latam - Tessi International","isPartOf":{"@id":"https:\/\/www.tessi.eu\/fr\/#website"},"primaryImageOfPage":{"@id":"https:\/\/www.tessi.eu\/fr\/tessi-annonce-la-nomination-de-pablo-castro-ubal-au-poste-de-directeur-general-latam\/#primaryimage"},"image":{"@id":"https:\/\/www.tessi.eu\/fr\/tessi-annonce-la-nomination-de-pablo-castro-ubal-au-poste-de-directeur-general-latam\/#primaryimage"},"thumbnailUrl":"https:\/\/www.tessi.eu\/wp-content\/uploads\/2020\/06\/tessi-iberia-pablo-castro-ubal-457x358-1.jpg","datePublished":"2020-06-08T08:55:50+00:00","dateModified":"2020-06-08T09:22:06+00:00","author":{"@id":"https:\/\/www.tessi.eu\/fr\/#\/schema\/person\/859d0f8ee0e735b277dee0268b7ad791"},"breadcrumb":{"@id":"https:\/\/www.tessi.eu\/fr\/tessi-annonce-la-nomination-de-pablo-castro-ubal-au-poste-de-directeur-general-latam\/#breadcrumb"},"inLanguage":"fr-FR","potentialAction":[{"@type":"ReadAction","target":["https:\/\/www.tessi.eu\/fr\/tessi-annonce-la-nomination-de-pablo-castro-ubal-au-poste-de-directeur-general-latam\/"]}]},{"@type":"ImageObject","inLanguage":"fr-FR","@id":"https:\/\/www.tessi.eu\/fr\/tessi-annonce-la-nomination-de-pablo-castro-ubal-au-poste-de-directeur-general-latam\/#primaryimage","url":"https:\/\/www.tessi.eu\/wp-content\/uploads\/2020\/06\/tessi-iberia-pablo-castro-ubal-457x358-1.jpg","contentUrl":"https:\/\/www.tessi.eu\/wp-content\/uploads\/2020\/06\/tessi-iberia-pablo-castro-ubal-457x358-1.jpg","width":457,"height":358,"caption":"tessi iberia pablo castro ubal 457x358 1"},{"@type":"BreadcrumbList","@id":"https:\/\/www.tessi.eu\/fr\/tessi-annonce-la-nomination-de-pablo-castro-ubal-au-poste-de-directeur-general-latam\/#breadcrumb","itemListElement":[{"@type":"ListItem","position":1,"name":"Home","item":"https:\/\/www.tessi.eu\/fr\/"},{"@type":"ListItem","position":2,"name":"Tessi annonce la nomination de Pablo Castro Ubal au poste de Directeur G\u00e9n\u00e9ral Latam"}]},{"@type":"WebSite","@id":"https:\/\/www.tessi.eu\/fr\/#website","url":"https:\/\/www.tessi.eu\/fr\/","name":"Tessi International","description":"","potentialAction":[{"@type":"SearchAction","target":{"@type":"EntryPoint","urlTemplate":"https:\/\/www.tessi.eu\/fr\/?s={search_term_string}"},"query-input":{"@type":"PropertyValueSpecification","valueRequired":true,"valueName":"search_term_string"}}],"inLanguage":"fr-FR"},{"@type":"Person","@id":"https:\/\/www.tessi.eu\/fr\/#\/schema\/person\/859d0f8ee0e735b277dee0268b7ad791","name":"cbonnet","image":{"@type":"ImageObject","inLanguage":"fr-FR","@id":"https:\/\/www.tessi.eu\/fr\/#\/schema\/person\/image\/","url":"https:\/\/secure.gravatar.com\/avatar\/0d01ab1b427b196966268d5f1407f20f6367aba1866f9ac86912cfd758c2f669?s=96&d=mm&r=g","contentUrl":"https:\/\/secure.gravatar.com\/avatar\/0d01ab1b427b196966268d5f1407f20f6367aba1866f9ac86912cfd758c2f669?s=96&d=mm&r=g","caption":"cbonnet"}}]}},"_links":{"self":[{"href":"https:\/\/www.tessi.eu\/fr\/wp-json\/wp\/v2\/posts\/32210\/"}],"collection":[{"href":"https:\/\/www.tessi.eu\/fr\/wp-json\/wp\/v2\/posts\/"}],"about":[{"href":"https:\/\/www.tessi.eu\/fr\/wp-json\/wp\/v2\/types\/post\/"}],"author":[{"embeddable":true,"href":"https:\/\/www.tessi.eu\/fr\/wp-json\/wp\/v2\/users\/11\/"}],"replies":[{"embeddable":true,"href":"https:\/\/www.tessi.eu\/fr\/wp-json\/wp\/v2\/comments\/?post=32210"}],"version-history":[{"count":0,"href":"https:\/\/www.tessi.eu\/fr\/wp-json\/wp\/v2\/posts\/32210\/revisions\/"}],"wp:featuredmedia":[{"embeddable":true,"href":"https:\/\/www.tessi.eu\/fr\/wp-json\/wp\/v2\/media\/12504\/"}],"wp:attachment":[{"href":"https:\/\/www.tessi.eu\/fr\/wp-json\/wp\/v2\/media\/?parent=32210"}],"wp:term":[{"taxonomy":"category","embeddable":true,"href":"https:\/\/www.tessi.eu\/fr\/wp-json\/wp\/v2\/categories\/?post=32210"},{"taxonomy":"post_tag","embeddable":true,"href":"https:\/\/www.tessi.eu\/fr\/wp-json\/wp\/v2\/tags\/?post=32210"}],"curies":[{"name":"wp","href":"https:\/\/api.w.org\/{rel}","templated":true}]}}