{"id":32176,"date":"2020-06-30T14:24:21","date_gmt":"2020-06-30T12:24:21","guid":{"rendered":"https:\/\/www.tessi.eu\/retour-dexperience-tessi-conseil-et-integration-aster\/"},"modified":"2020-06-30T14:24:21","modified_gmt":"2020-06-30T12:24:21","slug":"retour-dexperience-tessi-conseil-et-integration-aster","status":"publish","type":"post","link":"https:\/\/www.tessi.eu\/fr\/retour-dexperience-tessi-conseil-et-integration-aster\/","title":{"rendered":"[Retour d\u2019exp\u00e9rience] Collaboration Tessi Conseil &#038; Int\u00e9gration x Aster"},"content":{"rendered":"<p><img loading=\"lazy\" decoding=\"async\" class=\"alignnone size-full wp-image-32177\" src=\"https:\/\/www.tessi.eu\/wp-content\/uploads\/2023\/04\/img-tessiconseil-aster-fr.jpg\" alt=\"\" width=\"1664\" height=\"350\" srcset=\"https:\/\/www.tessi.eu\/wp-content\/uploads\/2023\/04\/img-tessiconseil-aster-fr.jpg 1664w, https:\/\/www.tessi.eu\/wp-content\/uploads\/2023\/04\/img-tessiconseil-aster-fr-768x162.jpg 768w, https:\/\/www.tessi.eu\/wp-content\/uploads\/2023\/04\/img-tessiconseil-aster-fr-1536x323.jpg 1536w, https:\/\/www.tessi.eu\/wp-content\/uploads\/2023\/04\/img-tessiconseil-aster-fr-300x63.jpg 300w, https:\/\/www.tessi.eu\/wp-content\/uploads\/2023\/04\/img-tessiconseil-aster-fr-24x5.jpg 24w, https:\/\/www.tessi.eu\/wp-content\/uploads\/2023\/04\/img-tessiconseil-aster-fr-36x8.jpg 36w, https:\/\/www.tessi.eu\/wp-content\/uploads\/2023\/04\/img-tessiconseil-aster-fr-48x10.jpg 48w\" sizes=\"auto, (max-width: 1664px) 100vw, 1664px\" \/><\/p>\n<h3>Quelle \u00e9tait la probl\u00e9matique de Tessi Conseil &amp; Int\u00e9gration ?<\/h3>\n<p>Les r\u00e9unions hebdomadaires devaient \u00eatre mieux cadr\u00e9es et mieux organis\u00e9es afin d\u2019assurer un suivi plus pr\u00e9cis, notamment sur le steering committee (le comit\u00e9 de pilotage) et la revue commerciale.<\/p>\n<h3>Et maintenant avec la solution <a href=\"https:\/\/asterapp.co\/\" target=\"_blank\" rel=\"noopener noreferrer\">Aster<\/a> ?<\/h3>\n<p>La r\u00e9union est naturellement structur\u00e9e et les actions sont suivies et historis\u00e9es automatiquement d&rsquo;une r\u00e9union \u00e0 l&rsquo;autre :<\/p>\n<ul>\n<li><strong>Consolidation, historisation et suivi<\/strong> de toute l&rsquo;information li\u00e9e aux r\u00e9unions concern\u00e9es,<\/li>\n<li><strong>Animation et structuration de la r\u00e9union<\/strong> avec une prise de note \u00e9clair\u00e9e qui transforme de simples notes en compte-rendu cat\u00e9goris\u00e9,<\/li>\n<li><strong>Rappel des t\u00e2ches et actions des participants<\/strong> avant ou pendant les r\u00e9unions.<\/li>\n<\/ul>\n<table style=\"background-color: #ffffff; padding: 0px; margin: 0px;\" border=\"0\" cellspacing=\"0\" cellpadding=\"0\">\n<tbody>\n<tr style=\"height: 256px;\">\n<td style=\"border: 0px; padding-right: 20px; height: 256px;\">\n<h2>Interview <strong>d\u2019Arnaud Vincent<\/strong>, Chief Operations Officer Switzerland<\/h2>\n<p>&nbsp;<\/p>\n<h4><span style=\"color: #005faa;\"><em>\u00ab\u00a0Avec Aster, nos r\u00e9unions sont naturellement structur\u00e9es.\u00a0\u00bb\u00a0<\/em><\/span><\/h4>\n<\/td>\n<td style=\"border: 0px; height: 256px;\"><img decoding=\"async\" class=\"alignnone wp-image-32184\" title=\"Arnaud Vincent, Chief Operations Officer Switzerland\" src=\"https:\/\/www.tessi.eu\/wp-content\/uploads\/2023\/04\/a-vincent.jpg\" alt=\"Arnaud Vincent, Chief Operations Officer Switzerland\" width=\"190\" srcset=\"https:\/\/www.tessi.eu\/wp-content\/uploads\/2023\/04\/a-vincent.jpg 342w, https:\/\/www.tessi.eu\/wp-content\/uploads\/2023\/04\/a-vincent-240x315.jpg 240w, https:\/\/www.tessi.eu\/wp-content\/uploads\/2023\/04\/a-vincent-229x300.jpg 229w, https:\/\/www.tessi.eu\/wp-content\/uploads\/2023\/04\/a-vincent-18x24.jpg 18w, https:\/\/www.tessi.eu\/wp-content\/uploads\/2023\/04\/a-vincent-27x36.jpg 27w, https:\/\/www.tessi.eu\/wp-content\/uploads\/2023\/04\/a-vincent-37x48.jpg 37w\" sizes=\"(max-width: 342px) 100vw, 342px\" \/><\/td>\n<\/tr>\n<\/tbody>\n<\/table>\n<p>&nbsp;<\/p>\n<h3><strong>Question 1 \u2013 Comment cela se passait avant l&rsquo;arriv\u00e9e de la solution ? <\/strong><\/h3>\n<p>A mon arriv\u00e9e chez Tessi Conseil &amp; Int\u00e9gration, je voulais mettre en place un comit\u00e9 de pilotage r\u00e9gulier pour mon \u00e9quipe et je cherchais un moyen de le rendre performant pour l\u2019ensemble des collaborateurs. Lors d\u2019un \u00e9v\u00e9nement organis\u00e9 par <a href=\"https:\/\/www.tessi.eu\/fr\/decouvrir-tessi\/linnovation-par-tessi\/#pepites-shaker\">P\u00e9pites Shaker<\/a>, pour pr\u00e9senter les solutions des startups de l\u2019\u00e9cosyst\u00e8me, j\u2019ai d\u00e9couvert la solution <a href=\"https:\/\/asterapp.co\/\" target=\"_blank\" rel=\"noopener noreferrer\">Aster<\/a>, dont le message et les promesses d\u2019efficacit\u00e9 et de structuration ont imm\u00e9diatement suscit\u00e9 mon int\u00e9r\u00eat.<\/p>\n<h3><strong>Question 2 \u2013 Quels b\u00e9n\u00e9fices vous a apport\u00e9 la solution Aster ?<\/strong><\/h3>\n<p>Apr\u00e8s 1 an d\u2019utilisation, nous disposons d\u2019un outil op\u00e9rationnel enti\u00e8rement d\u00e9di\u00e9 \u00e0 la conduite et au suivi de nos r\u00e9unions, qu\u2019elles soient quotidiennes, hebdomadaires ou mensuelles. Aster nous permet de structurer, de centraliser et de faciliter la prise de notes et le partage d\u2019informations au sein de notre \u00e9quipe. C\u2019est un outil de pilotage des r\u00e9unions qui nous permet de gagner du temps.<\/p>\n<h3><strong>Question 3 \u2013 Quel est votre retour d\u2019exp\u00e9rience concernant votre collaboration avec Aster\u00a0? <\/strong><\/h3>\n<p>Par mes exp\u00e9riences dans diff\u00e9rents grands groupes, comme beaucoup d\u2019entre nous, j\u2019ai eu l\u2019occasion de comptabiliser quelques heures en r\u00e9union\u2026 J\u2019ai donc \u00e9t\u00e9 tr\u00e8s vite int\u00e9ress\u00e9 par la solution propos\u00e9e par Aster.<\/p>\n<p>C\u2019est dans une d\u00e9marche de co-construction que nous avons avanc\u00e9 avec Aster. Je leur ai communiqu\u00e9 notre vision de ce que devrait \u00eatre l\u2019outil pour r\u00e9pondre au mieux \u00e0 notre besoin. En nous int\u00e9ressant aux diff\u00e9rents \u00ab\u00a0maux\u00a0\u00bb des r\u00e9unions, nous avons pu mettre en lumi\u00e8re un aspect de la solution sous-exploit\u00e9, l\u2019\u00e9tape \u00ab\u00a0pendant la r\u00e9union\u00a0\u00bb car les \u00e9tapes \u00ab\u00a0avant\u2019\u00a0\u00bb et \u00ab\u00a0apr\u00e8s\u00a0\u00bb \u00e9taient d\u00e9j\u00e0 bien concr\u00e9tis\u00e9es.<\/p>\n<p>L\u2019\u00e9quipe d\u2019Aster s\u2019est montr\u00e9e \u00e0 l\u2019\u00e9coute et a su rebondir pour apporter des modifications et compl\u00e9ter les fonctions que nous souhaitions optimiser.<\/p>\n<h3>Question 4 \u2013 What\u2019s next \u2013 Quelle est la suite avec Aster\u00a0?<\/h3>\n<p>Aster est devenu aujourd\u2019hui un outil de pilotage de r\u00e9f\u00e9rence pour nos r\u00e9unions op\u00e9rationnelles. Nous souhaitons \u00e9largir la solution \u00e0 un plus grand nombre d\u2019utilisateurs pour en faire b\u00e9n\u00e9ficier le maximum de nos collaborateurs. Notre objectif est aussi de lier Aster \u00e0 d\u2019autres outils internes (Office 365) pour plus de coordination.<\/p>\n<p>Dans notre cas, il y a une partie de la solution que nous n\u2019exploitons pas encore suffisamment, et souhaitons y rem\u00e9dier pour optimiser davantage notre temps pass\u00e9 en r\u00e9union.<\/p>\n<p>Nous pr\u00e9voyons prochainement une formation de l\u2019\u00e9quipe Aster pour partager les bonnes pratiques sur l\u2019ensemble de la solution.<\/p>\n<p>&nbsp;<\/p>\n","protected":false},"excerpt":{"rendered":"<p>Quelle \u00e9tait la probl\u00e9matique de Tessi Conseil &amp; Int\u00e9gration ? Les r\u00e9unions hebdomadaires devaient \u00eatre mieux cadr\u00e9es et mieux organis\u00e9es afin d\u2019assurer un suivi plus pr\u00e9cis, notamment sur le steering committee (le comit\u00e9 de pilotage) et la revue commerciale. Et maintenant avec la solution Aster ? La r\u00e9union est naturellement structur\u00e9e et les actions sont [&hellip;]<\/p>\n","protected":false},"author":11,"featured_media":12728,"comment_status":"closed","ping_status":"closed","sticky":true,"template":"","format":"standard","meta":{"_acf_changed":false,"footnotes":""},"categories":[47,106],"tags":[],"class_list":["post-32176","post","type-post","status-publish","format-standard","has-post-thumbnail","hentry","category-news","category-innovation"],"acf":[],"yoast_head":"<!-- This site is optimized with the Yoast SEO Premium plugin v22.3 (Yoast SEO v27.1.1) - https:\/\/yoast.com\/product\/yoast-seo-premium-wordpress\/ -->\n<title>[Retour d\u2019exp\u00e9rience] Collaboration Tessi Conseil &amp; Int\u00e9gration x Aster - Tessi International<\/title>\n<meta name=\"description\" content=\"Aster nous permet de structurer, de centraliser et de faciliter la prise de notes et le partage d\u2019informations au sein de notre \u00e9quipe. C\u2019est un outil de pilotage des r\u00e9unions qui nous permet de gagner du temps.\" \/>\n<meta name=\"robots\" content=\"index, follow, max-snippet:-1, max-image-preview:large, max-video-preview:-1\" \/>\n<link rel=\"canonical\" href=\"https:\/\/www.tessi.eu\/fr\/retour-dexperience-tessi-conseil-et-integration-aster\/\" \/>\n<meta property=\"og:locale\" content=\"fr_FR\" \/>\n<meta property=\"og:type\" content=\"article\" \/>\n<meta property=\"og:title\" content=\"[Retour d\u2019exp\u00e9rience] Collaboration Tessi Conseil &amp; Int\u00e9gration x Aster\" \/>\n<meta property=\"og:description\" content=\"Aster nous permet de structurer, de centraliser et de faciliter la prise de notes et le partage d\u2019informations au sein de notre \u00e9quipe. C\u2019est un outil de pilotage des r\u00e9unions qui nous permet de gagner du temps.\" \/>\n<meta property=\"og:url\" content=\"https:\/\/www.tessi.eu\/fr\/retour-dexperience-tessi-conseil-et-integration-aster\/\" \/>\n<meta property=\"og:site_name\" content=\"Tessi International\" \/>\n<meta property=\"article:published_time\" content=\"2020-06-30T12:24:21+00:00\" \/>\n<meta property=\"og:image\" content=\"https:\/\/tessi.on-web.fr\/wp-content\/uploads\/2020\/07\/vignette-aster-510x400-1.png\" \/>\n\t<meta property=\"og:image:width\" content=\"510\" \/>\n\t<meta property=\"og:image:height\" content=\"400\" \/>\n\t<meta property=\"og:image:type\" content=\"image\/png\" \/>\n<meta name=\"author\" content=\"cbonnet\" \/>\n<meta name=\"twitter:card\" content=\"summary_large_image\" \/>\n<meta name=\"twitter:label1\" content=\"\u00c9crit par\" \/>\n\t<meta name=\"twitter:data1\" content=\"cbonnet\" \/>\n\t<meta name=\"twitter:label2\" content=\"Dur\u00e9e de lecture estim\u00e9e\" \/>\n\t<meta name=\"twitter:data2\" content=\"3 minutes\" \/>\n<script type=\"application\/ld+json\" class=\"yoast-schema-graph\">{\"@context\":\"https:\/\/schema.org\",\"@graph\":[{\"@type\":\"Article\",\"@id\":\"https:\/\/www.tessi.eu\/fr\/retour-dexperience-tessi-conseil-et-integration-aster\/#article\",\"isPartOf\":{\"@id\":\"https:\/\/www.tessi.eu\/fr\/retour-dexperience-tessi-conseil-et-integration-aster\/\"},\"author\":{\"name\":\"cbonnet\",\"@id\":\"https:\/\/www.tessi.eu\/fr\/#\/schema\/person\/859d0f8ee0e735b277dee0268b7ad791\"},\"headline\":\"[Retour d\u2019exp\u00e9rience] Collaboration Tessi Conseil &#038; Int\u00e9gration x Aster\",\"datePublished\":\"2020-06-30T12:24:21+00:00\",\"mainEntityOfPage\":{\"@id\":\"https:\/\/www.tessi.eu\/fr\/retour-dexperience-tessi-conseil-et-integration-aster\/\"},\"wordCount\":616,\"image\":{\"@id\":\"https:\/\/www.tessi.eu\/fr\/retour-dexperience-tessi-conseil-et-integration-aster\/#primaryimage\"},\"thumbnailUrl\":\"https:\/\/www.tessi.eu\/wp-content\/uploads\/2020\/07\/vignette-aster-510x400-1.png\",\"articleSection\":[\"News\",\"Innovation\"],\"inLanguage\":\"fr-FR\"},{\"@type\":\"WebPage\",\"@id\":\"https:\/\/www.tessi.eu\/fr\/retour-dexperience-tessi-conseil-et-integration-aster\/\",\"url\":\"https:\/\/www.tessi.eu\/fr\/retour-dexperience-tessi-conseil-et-integration-aster\/\",\"name\":\"[Retour d\u2019exp\u00e9rience] Collaboration Tessi Conseil & Int\u00e9gration x Aster - Tessi International\",\"isPartOf\":{\"@id\":\"https:\/\/www.tessi.eu\/fr\/#website\"},\"primaryImageOfPage\":{\"@id\":\"https:\/\/www.tessi.eu\/fr\/retour-dexperience-tessi-conseil-et-integration-aster\/#primaryimage\"},\"image\":{\"@id\":\"https:\/\/www.tessi.eu\/fr\/retour-dexperience-tessi-conseil-et-integration-aster\/#primaryimage\"},\"thumbnailUrl\":\"https:\/\/www.tessi.eu\/wp-content\/uploads\/2020\/07\/vignette-aster-510x400-1.png\",\"datePublished\":\"2020-06-30T12:24:21+00:00\",\"author\":{\"@id\":\"https:\/\/www.tessi.eu\/fr\/#\/schema\/person\/859d0f8ee0e735b277dee0268b7ad791\"},\"description\":\"Aster nous permet de structurer, de centraliser et de faciliter la prise de notes et le partage d\u2019informations au sein de notre \u00e9quipe. C\u2019est un outil de pilotage des r\u00e9unions qui nous permet de gagner du temps.\",\"breadcrumb\":{\"@id\":\"https:\/\/www.tessi.eu\/fr\/retour-dexperience-tessi-conseil-et-integration-aster\/#breadcrumb\"},\"inLanguage\":\"fr-FR\",\"potentialAction\":[{\"@type\":\"ReadAction\",\"target\":[\"https:\/\/www.tessi.eu\/fr\/retour-dexperience-tessi-conseil-et-integration-aster\/\"]}]},{\"@type\":\"ImageObject\",\"inLanguage\":\"fr-FR\",\"@id\":\"https:\/\/www.tessi.eu\/fr\/retour-dexperience-tessi-conseil-et-integration-aster\/#primaryimage\",\"url\":\"https:\/\/www.tessi.eu\/wp-content\/uploads\/2020\/07\/vignette-aster-510x400-1.png\",\"contentUrl\":\"https:\/\/www.tessi.eu\/wp-content\/uploads\/2020\/07\/vignette-aster-510x400-1.png\",\"width\":510,\"height\":400,\"caption\":\"vignette aster 510x400 1\"},{\"@type\":\"BreadcrumbList\",\"@id\":\"https:\/\/www.tessi.eu\/fr\/retour-dexperience-tessi-conseil-et-integration-aster\/#breadcrumb\",\"itemListElement\":[{\"@type\":\"ListItem\",\"position\":1,\"name\":\"Home\",\"item\":\"https:\/\/www.tessi.eu\/fr\/\"},{\"@type\":\"ListItem\",\"position\":2,\"name\":\"[Retour d\u2019exp\u00e9rience] Collaboration Tessi Conseil &#038; Int\u00e9gration x Aster\"}]},{\"@type\":\"WebSite\",\"@id\":\"https:\/\/www.tessi.eu\/fr\/#website\",\"url\":\"https:\/\/www.tessi.eu\/fr\/\",\"name\":\"Tessi International\",\"description\":\"\",\"potentialAction\":[{\"@type\":\"SearchAction\",\"target\":{\"@type\":\"EntryPoint\",\"urlTemplate\":\"https:\/\/www.tessi.eu\/fr\/?s={search_term_string}\"},\"query-input\":{\"@type\":\"PropertyValueSpecification\",\"valueRequired\":true,\"valueName\":\"search_term_string\"}}],\"inLanguage\":\"fr-FR\"},{\"@type\":\"Person\",\"@id\":\"https:\/\/www.tessi.eu\/fr\/#\/schema\/person\/859d0f8ee0e735b277dee0268b7ad791\",\"name\":\"cbonnet\",\"image\":{\"@type\":\"ImageObject\",\"inLanguage\":\"fr-FR\",\"@id\":\"https:\/\/www.tessi.eu\/fr\/#\/schema\/person\/image\/\",\"url\":\"https:\/\/secure.gravatar.com\/avatar\/0d01ab1b427b196966268d5f1407f20f6367aba1866f9ac86912cfd758c2f669?s=96&d=mm&r=g\",\"contentUrl\":\"https:\/\/secure.gravatar.com\/avatar\/0d01ab1b427b196966268d5f1407f20f6367aba1866f9ac86912cfd758c2f669?s=96&d=mm&r=g\",\"caption\":\"cbonnet\"}}]}<\/script>\n<!-- \/ Yoast SEO Premium plugin. -->","yoast_head_json":{"title":"[Retour d\u2019exp\u00e9rience] Collaboration Tessi Conseil & Int\u00e9gration x Aster - Tessi International","description":"Aster nous permet de structurer, de centraliser et de faciliter la prise de notes et le partage d\u2019informations au sein de notre \u00e9quipe. C\u2019est un outil de pilotage des r\u00e9unions qui nous permet de gagner du temps.","robots":{"index":"index","follow":"follow","max-snippet":"max-snippet:-1","max-image-preview":"max-image-preview:large","max-video-preview":"max-video-preview:-1"},"canonical":"https:\/\/www.tessi.eu\/fr\/retour-dexperience-tessi-conseil-et-integration-aster\/","og_locale":"fr_FR","og_type":"article","og_title":"[Retour d\u2019exp\u00e9rience] Collaboration Tessi Conseil & Int\u00e9gration x Aster","og_description":"Aster nous permet de structurer, de centraliser et de faciliter la prise de notes et le partage d\u2019informations au sein de notre \u00e9quipe. C\u2019est un outil de pilotage des r\u00e9unions qui nous permet de gagner du temps.","og_url":"https:\/\/www.tessi.eu\/fr\/retour-dexperience-tessi-conseil-et-integration-aster\/","og_site_name":"Tessi International","article_published_time":"2020-06-30T12:24:21+00:00","og_image":[{"width":510,"height":400,"url":"https:\/\/tessi.on-web.fr\/wp-content\/uploads\/2020\/07\/vignette-aster-510x400-1.png","type":"image\/png"}],"author":"cbonnet","twitter_card":"summary_large_image","twitter_misc":{"\u00c9crit par":"cbonnet","Dur\u00e9e de lecture estim\u00e9e":"3 minutes"},"schema":{"@context":"https:\/\/schema.org","@graph":[{"@type":"Article","@id":"https:\/\/www.tessi.eu\/fr\/retour-dexperience-tessi-conseil-et-integration-aster\/#article","isPartOf":{"@id":"https:\/\/www.tessi.eu\/fr\/retour-dexperience-tessi-conseil-et-integration-aster\/"},"author":{"name":"cbonnet","@id":"https:\/\/www.tessi.eu\/fr\/#\/schema\/person\/859d0f8ee0e735b277dee0268b7ad791"},"headline":"[Retour d\u2019exp\u00e9rience] Collaboration Tessi Conseil &#038; Int\u00e9gration x Aster","datePublished":"2020-06-30T12:24:21+00:00","mainEntityOfPage":{"@id":"https:\/\/www.tessi.eu\/fr\/retour-dexperience-tessi-conseil-et-integration-aster\/"},"wordCount":616,"image":{"@id":"https:\/\/www.tessi.eu\/fr\/retour-dexperience-tessi-conseil-et-integration-aster\/#primaryimage"},"thumbnailUrl":"https:\/\/www.tessi.eu\/wp-content\/uploads\/2020\/07\/vignette-aster-510x400-1.png","articleSection":["News","Innovation"],"inLanguage":"fr-FR"},{"@type":"WebPage","@id":"https:\/\/www.tessi.eu\/fr\/retour-dexperience-tessi-conseil-et-integration-aster\/","url":"https:\/\/www.tessi.eu\/fr\/retour-dexperience-tessi-conseil-et-integration-aster\/","name":"[Retour d\u2019exp\u00e9rience] Collaboration Tessi Conseil & Int\u00e9gration x Aster - Tessi International","isPartOf":{"@id":"https:\/\/www.tessi.eu\/fr\/#website"},"primaryImageOfPage":{"@id":"https:\/\/www.tessi.eu\/fr\/retour-dexperience-tessi-conseil-et-integration-aster\/#primaryimage"},"image":{"@id":"https:\/\/www.tessi.eu\/fr\/retour-dexperience-tessi-conseil-et-integration-aster\/#primaryimage"},"thumbnailUrl":"https:\/\/www.tessi.eu\/wp-content\/uploads\/2020\/07\/vignette-aster-510x400-1.png","datePublished":"2020-06-30T12:24:21+00:00","author":{"@id":"https:\/\/www.tessi.eu\/fr\/#\/schema\/person\/859d0f8ee0e735b277dee0268b7ad791"},"description":"Aster nous permet de structurer, de centraliser et de faciliter la prise de notes et le partage d\u2019informations au sein de notre \u00e9quipe. C\u2019est un outil de pilotage des r\u00e9unions qui nous permet de gagner du temps.","breadcrumb":{"@id":"https:\/\/www.tessi.eu\/fr\/retour-dexperience-tessi-conseil-et-integration-aster\/#breadcrumb"},"inLanguage":"fr-FR","potentialAction":[{"@type":"ReadAction","target":["https:\/\/www.tessi.eu\/fr\/retour-dexperience-tessi-conseil-et-integration-aster\/"]}]},{"@type":"ImageObject","inLanguage":"fr-FR","@id":"https:\/\/www.tessi.eu\/fr\/retour-dexperience-tessi-conseil-et-integration-aster\/#primaryimage","url":"https:\/\/www.tessi.eu\/wp-content\/uploads\/2020\/07\/vignette-aster-510x400-1.png","contentUrl":"https:\/\/www.tessi.eu\/wp-content\/uploads\/2020\/07\/vignette-aster-510x400-1.png","width":510,"height":400,"caption":"vignette aster 510x400 1"},{"@type":"BreadcrumbList","@id":"https:\/\/www.tessi.eu\/fr\/retour-dexperience-tessi-conseil-et-integration-aster\/#breadcrumb","itemListElement":[{"@type":"ListItem","position":1,"name":"Home","item":"https:\/\/www.tessi.eu\/fr\/"},{"@type":"ListItem","position":2,"name":"[Retour d\u2019exp\u00e9rience] Collaboration Tessi Conseil &#038; Int\u00e9gration x Aster"}]},{"@type":"WebSite","@id":"https:\/\/www.tessi.eu\/fr\/#website","url":"https:\/\/www.tessi.eu\/fr\/","name":"Tessi International","description":"","potentialAction":[{"@type":"SearchAction","target":{"@type":"EntryPoint","urlTemplate":"https:\/\/www.tessi.eu\/fr\/?s={search_term_string}"},"query-input":{"@type":"PropertyValueSpecification","valueRequired":true,"valueName":"search_term_string"}}],"inLanguage":"fr-FR"},{"@type":"Person","@id":"https:\/\/www.tessi.eu\/fr\/#\/schema\/person\/859d0f8ee0e735b277dee0268b7ad791","name":"cbonnet","image":{"@type":"ImageObject","inLanguage":"fr-FR","@id":"https:\/\/www.tessi.eu\/fr\/#\/schema\/person\/image\/","url":"https:\/\/secure.gravatar.com\/avatar\/0d01ab1b427b196966268d5f1407f20f6367aba1866f9ac86912cfd758c2f669?s=96&d=mm&r=g","contentUrl":"https:\/\/secure.gravatar.com\/avatar\/0d01ab1b427b196966268d5f1407f20f6367aba1866f9ac86912cfd758c2f669?s=96&d=mm&r=g","caption":"cbonnet"}}]}},"_links":{"self":[{"href":"https:\/\/www.tessi.eu\/fr\/wp-json\/wp\/v2\/posts\/32176\/"}],"collection":[{"href":"https:\/\/www.tessi.eu\/fr\/wp-json\/wp\/v2\/posts\/"}],"about":[{"href":"https:\/\/www.tessi.eu\/fr\/wp-json\/wp\/v2\/types\/post\/"}],"author":[{"embeddable":true,"href":"https:\/\/www.tessi.eu\/fr\/wp-json\/wp\/v2\/users\/11\/"}],"replies":[{"embeddable":true,"href":"https:\/\/www.tessi.eu\/fr\/wp-json\/wp\/v2\/comments\/?post=32176"}],"version-history":[{"count":1,"href":"https:\/\/www.tessi.eu\/fr\/wp-json\/wp\/v2\/posts\/32176\/revisions\/"}],"predecessor-version":[{"id":32191,"href":"https:\/\/www.tessi.eu\/fr\/wp-json\/wp\/v2\/posts\/32176\/revisions\/32191\/"}],"wp:featuredmedia":[{"embeddable":true,"href":"https:\/\/www.tessi.eu\/fr\/wp-json\/wp\/v2\/media\/12728\/"}],"wp:attachment":[{"href":"https:\/\/www.tessi.eu\/fr\/wp-json\/wp\/v2\/media\/?parent=32176"}],"wp:term":[{"taxonomy":"category","embeddable":true,"href":"https:\/\/www.tessi.eu\/fr\/wp-json\/wp\/v2\/categories\/?post=32176"},{"taxonomy":"post_tag","embeddable":true,"href":"https:\/\/www.tessi.eu\/fr\/wp-json\/wp\/v2\/tags\/?post=32176"}],"curies":[{"name":"wp","href":"https:\/\/api.w.org\/{rel}","templated":true}]}}