{"id":32137,"date":"2020-09-01T13:51:41","date_gmt":"2020-09-01T11:51:41","guid":{"rendered":"https:\/\/www.tessi.eu\/certigna-fait-evoluer-la-politique-de-validite-de-ses-certificats-ssl\/"},"modified":"2020-09-07T10:20:15","modified_gmt":"2020-09-07T08:20:15","slug":"certigna-fait-evoluer-la-politique-de-validite-de-ses-certificats-ssl","status":"publish","type":"post","link":"https:\/\/www.tessi.eu\/fr\/certigna-fait-evoluer-la-politique-de-validite-de-ses-certificats-ssl\/","title":{"rendered":"Certigna fait \u00e9voluer la politique de validit\u00e9 de ses certificats SSL"},"content":{"rendered":"<p><strong>L\u2019autorit\u00e9 de certification europ\u00e9enne qualifi\u00e9e\u00a0eIDAS\u00a0Certigna modifie\u00a0la dur\u00e9e de validit\u00e9 de ses certificats tenant compte des nouvelles orientations \u00e0 venir en mati\u00e8re de validit\u00e9 et de d\u00e9livrance de certificats SSL.<\/strong><\/p>\n<p>Concr\u00e8tement, la majorit\u00e9 des grands acteurs de la\u00a0tech\u00a0mondiale ont annonc\u00e9 qu\u2019\u00e0 compter de\u00a0septembre 2020, ils souhaitaient r\u00e9duire la validit\u00e9 des certificats SSL \u00e0 un an contre deux ans jusqu\u2019\u00e0 pr\u00e9sent afin d\u2019assurer une plus grande s\u00e9curit\u00e9 aux utilisateurs. Cette disposition ne concernera que les certificats \u00e9mis \u00e0 partir de septembre 2020 (les certificats \u00e9mis avant cette date pour deux ans seront pour leur part toujours valables jusqu\u2019\u00e0 leur expiration).<\/p>\n<p>Dans ce contexte qui va profond\u00e9ment faire \u00e9voluer les usages et standards existants en mati\u00e8re de d\u00e9livrance de certificats, Certigna a adapt\u00e9 ses proc\u00e9dures. Ainsi, une nouvelle organisation technique, support et commerciale a d\u2019ores et d\u00e9j\u00e0 \u00e9t\u00e9 d\u00e9finie pour permettre aux clients de commander et mettre en \u0153uvre leurs certificats selon les nouvelles directives.<\/p>\n<p><span style=\"color: #005faa;\"><strong>Ga\u00ebtan PACCOU chez\u00a0Certigna<\/strong>\u00a0\u00ab\u00a0<em>Pionniers sur le march\u00e9 des certificats \u00e9lectroniques, nous comptons \u00e0 ce jour plus de 25 000\u00a0clients qui utilisent aujourd\u2019hui nos technologies de confiance pour s\u00e9curiser leurs \u00e9changes \u00e9lectroniques. Afin de nous conformer aux nouvelles exigences \u00e0 venir,\u00a0nous allons faire \u00e9voluer nos \u00e9quipes pour permettre \u00e0 nos clients d\u2019acc\u00e9der rapidement et simplement \u00e0 des certificats r\u00e9pondant \u00e0 leurs besoins sp\u00e9cifiques.\u00a0<\/em>\u00bb<\/span><\/p>\n","protected":false},"excerpt":{"rendered":"<p>L\u2019autorit\u00e9 de certification europ\u00e9enne qualifi\u00e9e\u00a0eIDAS\u00a0Certigna modifie\u00a0la dur\u00e9e de validit\u00e9 de ses certificats tenant compte des nouvelles orientations \u00e0 venir en mati\u00e8re de validit\u00e9 et de d\u00e9livrance de certificats SSL. Concr\u00e8tement, la majorit\u00e9 des grands acteurs de la\u00a0tech\u00a0mondiale ont annonc\u00e9 qu\u2019\u00e0 compter de\u00a0septembre 2020, ils souhaitaient r\u00e9duire la validit\u00e9 des certificats SSL \u00e0 un an contre [&hellip;]<\/p>\n","protected":false},"author":11,"featured_media":19960,"comment_status":"closed","ping_status":"closed","sticky":true,"template":"","format":"standard","meta":{"_acf_changed":false,"footnotes":""},"categories":[47],"tags":[],"class_list":["post-32137","post","type-post","status-publish","format-standard","has-post-thumbnail","hentry","category-news"],"acf":[],"yoast_head":"<!-- This site is optimized with the Yoast SEO Premium plugin v22.3 (Yoast SEO v27.1.1) - https:\/\/yoast.com\/product\/yoast-seo-premium-wordpress\/ -->\n<title>Certigna fait \u00e9voluer la politique de validit\u00e9 de ses certificats SSL - Tessi International<\/title>\n<meta name=\"robots\" content=\"index, follow, max-snippet:-1, max-image-preview:large, max-video-preview:-1\" \/>\n<link rel=\"canonical\" href=\"https:\/\/www.tessi.eu\/fr\/certigna-fait-evoluer-la-politique-de-validite-de-ses-certificats-ssl\/\" \/>\n<meta property=\"og:locale\" content=\"fr_FR\" \/>\n<meta property=\"og:type\" content=\"article\" \/>\n<meta property=\"og:title\" content=\"Certigna fait \u00e9voluer la politique de validit\u00e9 de ses certificats SSL\" \/>\n<meta property=\"og:description\" content=\"L\u2019autorit\u00e9 de certification europ\u00e9enne qualifi\u00e9e\u00a0eIDAS\u00a0Certigna modifie\u00a0la dur\u00e9e de validit\u00e9 de ses certificats tenant compte des nouvelles orientations \u00e0 venir en mati\u00e8re de validit\u00e9 et de d\u00e9livrance de certificats SSL. Concr\u00e8tement, la majorit\u00e9 des grands acteurs de la\u00a0tech\u00a0mondiale ont annonc\u00e9 qu\u2019\u00e0 compter de\u00a0septembre 2020, ils souhaitaient r\u00e9duire la validit\u00e9 des certificats SSL \u00e0 un an contre [&hellip;]\" \/>\n<meta property=\"og:url\" content=\"https:\/\/www.tessi.eu\/fr\/certigna-fait-evoluer-la-politique-de-validite-de-ses-certificats-ssl\/\" \/>\n<meta property=\"og:site_name\" content=\"Tessi International\" \/>\n<meta property=\"article:published_time\" content=\"2020-09-01T11:51:41+00:00\" \/>\n<meta property=\"article:modified_time\" content=\"2020-09-07T08:20:15+00:00\" \/>\n<meta property=\"og:image\" content=\"https:\/\/tessi.on-web.fr\/wp-content\/uploads\/2021\/09\/vignette-certigna.png\" \/>\n\t<meta property=\"og:image:width\" content=\"506\" \/>\n\t<meta property=\"og:image:height\" content=\"398\" \/>\n\t<meta property=\"og:image:type\" content=\"image\/png\" \/>\n<meta name=\"author\" content=\"cbonnet\" \/>\n<meta name=\"twitter:card\" content=\"summary_large_image\" \/>\n<meta name=\"twitter:label1\" content=\"\u00c9crit par\" \/>\n\t<meta name=\"twitter:data1\" content=\"cbonnet\" \/>\n\t<meta name=\"twitter:label2\" content=\"Dur\u00e9e de lecture estim\u00e9e\" \/>\n\t<meta name=\"twitter:data2\" content=\"1 minute\" \/>\n<script type=\"application\/ld+json\" class=\"yoast-schema-graph\">{\"@context\":\"https:\/\/schema.org\",\"@graph\":[{\"@type\":\"Article\",\"@id\":\"https:\/\/www.tessi.eu\/fr\/certigna-fait-evoluer-la-politique-de-validite-de-ses-certificats-ssl\/#article\",\"isPartOf\":{\"@id\":\"https:\/\/www.tessi.eu\/fr\/certigna-fait-evoluer-la-politique-de-validite-de-ses-certificats-ssl\/\"},\"author\":{\"name\":\"cbonnet\",\"@id\":\"https:\/\/www.tessi.eu\/fr\/#\/schema\/person\/859d0f8ee0e735b277dee0268b7ad791\"},\"headline\":\"Certigna fait \u00e9voluer la politique de validit\u00e9 de ses certificats SSL\",\"datePublished\":\"2020-09-01T11:51:41+00:00\",\"dateModified\":\"2020-09-07T08:20:15+00:00\",\"mainEntityOfPage\":{\"@id\":\"https:\/\/www.tessi.eu\/fr\/certigna-fait-evoluer-la-politique-de-validite-de-ses-certificats-ssl\/\"},\"wordCount\":247,\"image\":{\"@id\":\"https:\/\/www.tessi.eu\/fr\/certigna-fait-evoluer-la-politique-de-validite-de-ses-certificats-ssl\/#primaryimage\"},\"thumbnailUrl\":\"https:\/\/www.tessi.eu\/wp-content\/uploads\/2021\/09\/vignette-certigna.png\",\"articleSection\":[\"News\"],\"inLanguage\":\"fr-FR\"},{\"@type\":\"WebPage\",\"@id\":\"https:\/\/www.tessi.eu\/fr\/certigna-fait-evoluer-la-politique-de-validite-de-ses-certificats-ssl\/\",\"url\":\"https:\/\/www.tessi.eu\/fr\/certigna-fait-evoluer-la-politique-de-validite-de-ses-certificats-ssl\/\",\"name\":\"Certigna fait \u00e9voluer la politique de validit\u00e9 de ses certificats SSL - Tessi International\",\"isPartOf\":{\"@id\":\"https:\/\/www.tessi.eu\/fr\/#website\"},\"primaryImageOfPage\":{\"@id\":\"https:\/\/www.tessi.eu\/fr\/certigna-fait-evoluer-la-politique-de-validite-de-ses-certificats-ssl\/#primaryimage\"},\"image\":{\"@id\":\"https:\/\/www.tessi.eu\/fr\/certigna-fait-evoluer-la-politique-de-validite-de-ses-certificats-ssl\/#primaryimage\"},\"thumbnailUrl\":\"https:\/\/www.tessi.eu\/wp-content\/uploads\/2021\/09\/vignette-certigna.png\",\"datePublished\":\"2020-09-01T11:51:41+00:00\",\"dateModified\":\"2020-09-07T08:20:15+00:00\",\"author\":{\"@id\":\"https:\/\/www.tessi.eu\/fr\/#\/schema\/person\/859d0f8ee0e735b277dee0268b7ad791\"},\"breadcrumb\":{\"@id\":\"https:\/\/www.tessi.eu\/fr\/certigna-fait-evoluer-la-politique-de-validite-de-ses-certificats-ssl\/#breadcrumb\"},\"inLanguage\":\"fr-FR\",\"potentialAction\":[{\"@type\":\"ReadAction\",\"target\":[\"https:\/\/www.tessi.eu\/fr\/certigna-fait-evoluer-la-politique-de-validite-de-ses-certificats-ssl\/\"]}]},{\"@type\":\"ImageObject\",\"inLanguage\":\"fr-FR\",\"@id\":\"https:\/\/www.tessi.eu\/fr\/certigna-fait-evoluer-la-politique-de-validite-de-ses-certificats-ssl\/#primaryimage\",\"url\":\"https:\/\/www.tessi.eu\/wp-content\/uploads\/2021\/09\/vignette-certigna.png\",\"contentUrl\":\"https:\/\/www.tessi.eu\/wp-content\/uploads\/2021\/09\/vignette-certigna.png\",\"width\":506,\"height\":398,\"caption\":\"Vignette-Certigna\"},{\"@type\":\"BreadcrumbList\",\"@id\":\"https:\/\/www.tessi.eu\/fr\/certigna-fait-evoluer-la-politique-de-validite-de-ses-certificats-ssl\/#breadcrumb\",\"itemListElement\":[{\"@type\":\"ListItem\",\"position\":1,\"name\":\"Home\",\"item\":\"https:\/\/www.tessi.eu\/fr\/\"},{\"@type\":\"ListItem\",\"position\":2,\"name\":\"Certigna fait \u00e9voluer la politique de validit\u00e9 de ses certificats SSL\"}]},{\"@type\":\"WebSite\",\"@id\":\"https:\/\/www.tessi.eu\/fr\/#website\",\"url\":\"https:\/\/www.tessi.eu\/fr\/\",\"name\":\"Tessi International\",\"description\":\"\",\"potentialAction\":[{\"@type\":\"SearchAction\",\"target\":{\"@type\":\"EntryPoint\",\"urlTemplate\":\"https:\/\/www.tessi.eu\/fr\/?s={search_term_string}\"},\"query-input\":{\"@type\":\"PropertyValueSpecification\",\"valueRequired\":true,\"valueName\":\"search_term_string\"}}],\"inLanguage\":\"fr-FR\"},{\"@type\":\"Person\",\"@id\":\"https:\/\/www.tessi.eu\/fr\/#\/schema\/person\/859d0f8ee0e735b277dee0268b7ad791\",\"name\":\"cbonnet\",\"image\":{\"@type\":\"ImageObject\",\"inLanguage\":\"fr-FR\",\"@id\":\"https:\/\/www.tessi.eu\/fr\/#\/schema\/person\/image\/\",\"url\":\"https:\/\/secure.gravatar.com\/avatar\/0d01ab1b427b196966268d5f1407f20f6367aba1866f9ac86912cfd758c2f669?s=96&d=mm&r=g\",\"contentUrl\":\"https:\/\/secure.gravatar.com\/avatar\/0d01ab1b427b196966268d5f1407f20f6367aba1866f9ac86912cfd758c2f669?s=96&d=mm&r=g\",\"caption\":\"cbonnet\"}}]}<\/script>\n<!-- \/ Yoast SEO Premium plugin. -->","yoast_head_json":{"title":"Certigna fait \u00e9voluer la politique de validit\u00e9 de ses certificats SSL - Tessi International","robots":{"index":"index","follow":"follow","max-snippet":"max-snippet:-1","max-image-preview":"max-image-preview:large","max-video-preview":"max-video-preview:-1"},"canonical":"https:\/\/www.tessi.eu\/fr\/certigna-fait-evoluer-la-politique-de-validite-de-ses-certificats-ssl\/","og_locale":"fr_FR","og_type":"article","og_title":"Certigna fait \u00e9voluer la politique de validit\u00e9 de ses certificats SSL","og_description":"L\u2019autorit\u00e9 de certification europ\u00e9enne qualifi\u00e9e\u00a0eIDAS\u00a0Certigna modifie\u00a0la dur\u00e9e de validit\u00e9 de ses certificats tenant compte des nouvelles orientations \u00e0 venir en mati\u00e8re de validit\u00e9 et de d\u00e9livrance de certificats SSL. Concr\u00e8tement, la majorit\u00e9 des grands acteurs de la\u00a0tech\u00a0mondiale ont annonc\u00e9 qu\u2019\u00e0 compter de\u00a0septembre 2020, ils souhaitaient r\u00e9duire la validit\u00e9 des certificats SSL \u00e0 un an contre [&hellip;]","og_url":"https:\/\/www.tessi.eu\/fr\/certigna-fait-evoluer-la-politique-de-validite-de-ses-certificats-ssl\/","og_site_name":"Tessi International","article_published_time":"2020-09-01T11:51:41+00:00","article_modified_time":"2020-09-07T08:20:15+00:00","og_image":[{"width":506,"height":398,"url":"https:\/\/tessi.on-web.fr\/wp-content\/uploads\/2021\/09\/vignette-certigna.png","type":"image\/png"}],"author":"cbonnet","twitter_card":"summary_large_image","twitter_misc":{"\u00c9crit par":"cbonnet","Dur\u00e9e de lecture estim\u00e9e":"1 minute"},"schema":{"@context":"https:\/\/schema.org","@graph":[{"@type":"Article","@id":"https:\/\/www.tessi.eu\/fr\/certigna-fait-evoluer-la-politique-de-validite-de-ses-certificats-ssl\/#article","isPartOf":{"@id":"https:\/\/www.tessi.eu\/fr\/certigna-fait-evoluer-la-politique-de-validite-de-ses-certificats-ssl\/"},"author":{"name":"cbonnet","@id":"https:\/\/www.tessi.eu\/fr\/#\/schema\/person\/859d0f8ee0e735b277dee0268b7ad791"},"headline":"Certigna fait \u00e9voluer la politique de validit\u00e9 de ses certificats SSL","datePublished":"2020-09-01T11:51:41+00:00","dateModified":"2020-09-07T08:20:15+00:00","mainEntityOfPage":{"@id":"https:\/\/www.tessi.eu\/fr\/certigna-fait-evoluer-la-politique-de-validite-de-ses-certificats-ssl\/"},"wordCount":247,"image":{"@id":"https:\/\/www.tessi.eu\/fr\/certigna-fait-evoluer-la-politique-de-validite-de-ses-certificats-ssl\/#primaryimage"},"thumbnailUrl":"https:\/\/www.tessi.eu\/wp-content\/uploads\/2021\/09\/vignette-certigna.png","articleSection":["News"],"inLanguage":"fr-FR"},{"@type":"WebPage","@id":"https:\/\/www.tessi.eu\/fr\/certigna-fait-evoluer-la-politique-de-validite-de-ses-certificats-ssl\/","url":"https:\/\/www.tessi.eu\/fr\/certigna-fait-evoluer-la-politique-de-validite-de-ses-certificats-ssl\/","name":"Certigna fait \u00e9voluer la politique de validit\u00e9 de ses certificats SSL - Tessi International","isPartOf":{"@id":"https:\/\/www.tessi.eu\/fr\/#website"},"primaryImageOfPage":{"@id":"https:\/\/www.tessi.eu\/fr\/certigna-fait-evoluer-la-politique-de-validite-de-ses-certificats-ssl\/#primaryimage"},"image":{"@id":"https:\/\/www.tessi.eu\/fr\/certigna-fait-evoluer-la-politique-de-validite-de-ses-certificats-ssl\/#primaryimage"},"thumbnailUrl":"https:\/\/www.tessi.eu\/wp-content\/uploads\/2021\/09\/vignette-certigna.png","datePublished":"2020-09-01T11:51:41+00:00","dateModified":"2020-09-07T08:20:15+00:00","author":{"@id":"https:\/\/www.tessi.eu\/fr\/#\/schema\/person\/859d0f8ee0e735b277dee0268b7ad791"},"breadcrumb":{"@id":"https:\/\/www.tessi.eu\/fr\/certigna-fait-evoluer-la-politique-de-validite-de-ses-certificats-ssl\/#breadcrumb"},"inLanguage":"fr-FR","potentialAction":[{"@type":"ReadAction","target":["https:\/\/www.tessi.eu\/fr\/certigna-fait-evoluer-la-politique-de-validite-de-ses-certificats-ssl\/"]}]},{"@type":"ImageObject","inLanguage":"fr-FR","@id":"https:\/\/www.tessi.eu\/fr\/certigna-fait-evoluer-la-politique-de-validite-de-ses-certificats-ssl\/#primaryimage","url":"https:\/\/www.tessi.eu\/wp-content\/uploads\/2021\/09\/vignette-certigna.png","contentUrl":"https:\/\/www.tessi.eu\/wp-content\/uploads\/2021\/09\/vignette-certigna.png","width":506,"height":398,"caption":"Vignette-Certigna"},{"@type":"BreadcrumbList","@id":"https:\/\/www.tessi.eu\/fr\/certigna-fait-evoluer-la-politique-de-validite-de-ses-certificats-ssl\/#breadcrumb","itemListElement":[{"@type":"ListItem","position":1,"name":"Home","item":"https:\/\/www.tessi.eu\/fr\/"},{"@type":"ListItem","position":2,"name":"Certigna fait \u00e9voluer la politique de validit\u00e9 de ses certificats SSL"}]},{"@type":"WebSite","@id":"https:\/\/www.tessi.eu\/fr\/#website","url":"https:\/\/www.tessi.eu\/fr\/","name":"Tessi International","description":"","potentialAction":[{"@type":"SearchAction","target":{"@type":"EntryPoint","urlTemplate":"https:\/\/www.tessi.eu\/fr\/?s={search_term_string}"},"query-input":{"@type":"PropertyValueSpecification","valueRequired":true,"valueName":"search_term_string"}}],"inLanguage":"fr-FR"},{"@type":"Person","@id":"https:\/\/www.tessi.eu\/fr\/#\/schema\/person\/859d0f8ee0e735b277dee0268b7ad791","name":"cbonnet","image":{"@type":"ImageObject","inLanguage":"fr-FR","@id":"https:\/\/www.tessi.eu\/fr\/#\/schema\/person\/image\/","url":"https:\/\/secure.gravatar.com\/avatar\/0d01ab1b427b196966268d5f1407f20f6367aba1866f9ac86912cfd758c2f669?s=96&d=mm&r=g","contentUrl":"https:\/\/secure.gravatar.com\/avatar\/0d01ab1b427b196966268d5f1407f20f6367aba1866f9ac86912cfd758c2f669?s=96&d=mm&r=g","caption":"cbonnet"}}]}},"_links":{"self":[{"href":"https:\/\/www.tessi.eu\/fr\/wp-json\/wp\/v2\/posts\/32137\/"}],"collection":[{"href":"https:\/\/www.tessi.eu\/fr\/wp-json\/wp\/v2\/posts\/"}],"about":[{"href":"https:\/\/www.tessi.eu\/fr\/wp-json\/wp\/v2\/types\/post\/"}],"author":[{"embeddable":true,"href":"https:\/\/www.tessi.eu\/fr\/wp-json\/wp\/v2\/users\/11\/"}],"replies":[{"embeddable":true,"href":"https:\/\/www.tessi.eu\/fr\/wp-json\/wp\/v2\/comments\/?post=32137"}],"version-history":[{"count":0,"href":"https:\/\/www.tessi.eu\/fr\/wp-json\/wp\/v2\/posts\/32137\/revisions\/"}],"wp:featuredmedia":[{"embeddable":true,"href":"https:\/\/www.tessi.eu\/fr\/wp-json\/wp\/v2\/media\/19960\/"}],"wp:attachment":[{"href":"https:\/\/www.tessi.eu\/fr\/wp-json\/wp\/v2\/media\/?parent=32137"}],"wp:term":[{"taxonomy":"category","embeddable":true,"href":"https:\/\/www.tessi.eu\/fr\/wp-json\/wp\/v2\/categories\/?post=32137"},{"taxonomy":"post_tag","embeddable":true,"href":"https:\/\/www.tessi.eu\/fr\/wp-json\/wp\/v2\/tags\/?post=32137"}],"curies":[{"name":"wp","href":"https:\/\/api.w.org\/{rel}","templated":true}]}}