{"id":32088,"date":"2020-09-15T17:45:16","date_gmt":"2020-09-15T15:45:16","guid":{"rendered":"https:\/\/www.tessi.eu\/resultats-semestriels-2020-cp\/"},"modified":"2020-09-15T18:13:15","modified_gmt":"2020-09-15T16:13:15","slug":"resultats-semestriels-2020-cp","status":"publish","type":"post","link":"https:\/\/www.tessi.eu\/fr\/resultats-semestriels-2020-cp\/","title":{"rendered":"R\u00e9sultats semestriels 2020"},"content":{"rendered":"<h4><em>Le Directoire du Groupe s\u2019est r\u00e9uni le 11 septembre 2020 et a arr\u00eat\u00e9 les comptes semestriels qui ont \u00e9t\u00e9 pr\u00e9sent\u00e9s au Conseil de Surveillance le 15 septembre 2020. Ces comptes consolid\u00e9s ont fait l\u2019objet d\u2019un examen limit\u00e9 par les Commissaires aux Comptes.<\/em><\/h4>\n<h2>Compte de r\u00e9sultat semestriel consolid\u00e9 (1er janvier \u2013 30 juin)<\/h2>\n<table width=\"100%\">\n<tbody>\n<tr>\n<td width=\"291\"><em>En M\u20ac<\/em><\/td>\n<td width=\"76\"><strong>S1 2020<\/strong><\/td>\n<td width=\"76\"><strong>S1 2019<\/strong><\/td>\n<td width=\"79\"><strong>Var.<\/strong><\/td>\n<td width=\"83\"><strong>Var. organique proforma<sup>1<\/sup><\/strong><\/td>\n<\/tr>\n<tr>\n<td width=\"291\"><strong>Chiffre d\u2019affaires<\/strong><\/td>\n<td width=\"76\"><strong>230,4<\/strong><\/td>\n<td width=\"76\"><strong>228,9<\/strong><\/td>\n<td width=\"79\"><strong>+0,6%<\/strong><\/td>\n<td width=\"83\"><strong>-9,6%<\/strong><\/td>\n<\/tr>\n<tr>\n<td width=\"291\"><strong>R\u00e9sultat op\u00e9rationnel courant<\/strong><\/td>\n<td width=\"76\"><strong>17,1<\/strong><\/td>\n<td width=\"76\"><strong>22,7<\/strong><\/td>\n<td width=\"79\"><strong>-24,4%<\/strong><\/td>\n<td width=\"83\"><strong>-34,4%<\/strong><\/td>\n<\/tr>\n<tr>\n<td width=\"291\">Marge op\u00e9rationnelle courante<\/td>\n<td width=\"76\">7,4%<\/td>\n<td width=\"76\">9,9%<\/td>\n<td width=\"79\"><\/td>\n<td width=\"83\"><\/td>\n<\/tr>\n<tr>\n<td width=\"291\">R\u00e9sultat op\u00e9rationnel<\/td>\n<td width=\"76\">16,1<\/td>\n<td width=\"76\">21,6<\/td>\n<td width=\"79\">-25,3%<\/td>\n<td width=\"83\"><\/td>\n<\/tr>\n<tr>\n<td width=\"291\"><strong>R\u00e9sultat net des activit\u00e9s int\u00e9gr\u00e9es<\/strong><\/td>\n<td width=\"76\"><strong>4,6<\/strong><\/td>\n<td width=\"76\"><strong>10,3<\/strong><\/td>\n<td width=\"79\"><strong>-55,0%<\/strong><\/td>\n<td width=\"83\"><strong>\u00a0<\/strong><\/td>\n<\/tr>\n<tr>\n<td width=\"291\">R\u00e9sultat net des activit\u00e9s destin\u00e9es \u00e0 \u00eatre c\u00e9d\u00e9es<\/td>\n<td width=\"76\">&#8211;<\/td>\n<td width=\"76\">&#8211;<\/td>\n<td width=\"79\"><\/td>\n<td width=\"83\"><\/td>\n<\/tr>\n<tr>\n<td width=\"291\">R\u00e9sultat net consolid\u00e9 part du Groupe<\/td>\n<td width=\"76\">4,3<\/td>\n<td width=\"76\">10,2<\/td>\n<td width=\"79\">-57,8%<\/td>\n<td width=\"83\"><\/td>\n<\/tr>\n<\/tbody>\n<\/table>\n<p><em>1 &#8211; calcul\u00e9e en int\u00e9grant au S1 2019 Orone et ADM Value, 2 soci\u00e9t\u00e9s acquises au S2 2019.<\/em><\/p>\n<p>Tessi, acteur international des Business Process Services, a r\u00e9alis\u00e9 au cours du premier semestre 2020 un chiffre d&rsquo;affaires de 230,4 M\u20ac, en croissance de +0,6% compar\u00e9 au premier semestre 2019. Les acquisitions r\u00e9centes (ADM Value et Orone) ont contribu\u00e9 pour 32,9 M\u20ac au chiffre d&rsquo;affaires sur le semestre.<\/p>\n<p>\u00c0 p\u00e9rim\u00e8tre comparable proforma1, le Groupe enregistre un recul de -9,6% (dont \u201318,0% au 2e trimestre) en raison de l&rsquo;impact \u00e0 compter de mi-mars de la crise sanitaire Covid-19 sur les activit\u00e9s du Groupe. Le pic de la baisse d&rsquo;activit\u00e9 a \u00e9t\u00e9 enregistr\u00e9 au mois d&rsquo;avril.<\/p>\n<p>Dans ce contexte in\u00e9dit, le r\u00e9sultat op\u00e9rationnel courant (ROC) ressort \u00e0 17,1 M\u20ac, en baisse limit\u00e9e de 5,5 M\u20ac gr\u00e2ce \u00e0 la r\u00e9silience du mod\u00e8le \u00e9conomique, l\u2019ensemble des mesures prises par le Groupe et \u00e0 la contribution des nouvelles acquisitions (7,9 M\u20ac de ROC sur le semestre). \u00c0 p\u00e9rim\u00e8tre comparable proforma, le recul est de -34,4%. Les activit\u00e9s espagnoles ont davantage souffert de la crise sanitaire que celles des autres pays, impact accentu\u00e9 par un contexte commercial moins favorable. Le ROC comprend par ailleurs une charge d\u2019amortissement de 1,1 M\u20ac, li\u00e9e \u00e0 l\u2019actif incorporel amortissable (sur 15 ans) issu de l\u2019acquisition d\u2019ADM Value.<\/p>\n<p>Le r\u00e9sultat op\u00e9rationnel int\u00e8gre des charges non courantes pour 1,0 M\u20ac, notamment de restructuration, et s\u2019\u00e9l\u00e8ve \u00e0 16,1 M\u20ac.<\/p>\n<p>Apr\u00e8s comptabilisation du r\u00e9sultat financier \u00e0 hauteur de -5,7 M\u20ac (vs -4,5 M\u20ac au S1 2019), le r\u00e9sultat net ressort \u00e0 4,6 M\u20ac soit une marge nette de 2% sur le semestre.<\/p>\n<h2>Structure financi\u00e8re<\/h2>\n<table width=\"100%\">\n<tbody>\n<tr>\n<td width=\"361\"><em>En M\u20ac<\/em><\/td>\n<td width=\"122\"><strong>30\/06\/2020<\/strong><\/td>\n<td width=\"122\"><strong>31\/12\/2019<\/strong><\/td>\n<\/tr>\n<tr>\n<td width=\"361\">Dettes financi\u00e8res nettes (avances exclues)<\/td>\n<td width=\"122\">200,5<\/td>\n<td width=\"122\">235,6<\/td>\n<\/tr>\n<tr>\n<td width=\"361\">Capitaux propres<\/td>\n<td width=\"122\">187,2<\/td>\n<td width=\"122\">186,7<\/td>\n<\/tr>\n<\/tbody>\n<\/table>\n<p>Le premier semestre a \u00e9t\u00e9 marqu\u00e9 par la forte hausse des flux de tr\u00e9sorerie g\u00e9n\u00e9r\u00e9s par l\u2019activit\u00e9, \u00e0 51,8 M\u20ac. Ces flux sont compos\u00e9s de 24,0 M\u20ac de capacit\u00e9 d\u2019autofinancement et de 28,7 M\u20ac de r\u00e9duction du BFR, en raison notamment de l\u2019impact de la baisse d\u2019activit\u00e9 sur les cr\u00e9ances clients et l\u2019octroi de report d\u2019\u00e9ch\u00e9ances, notamment de charges sociales.<\/p>\n<p>Ces flux ont largement couvert les investissements qui ont \u00e9t\u00e9 limit\u00e9s \u00e0 8,2 M\u20ac sur la p\u00e9riode. Le free cash-flow ressort ainsi 43,6 M\u20ac permettant au Groupe de r\u00e9duire son endettement financier net au 30 juin. Ce dernier s\u2019\u00e9l\u00e8ve ainsi \u00e0 200,5 M\u20ac au 30 juin 2020, int\u00e9grant 51,1 M\u20ac de dettes locatives (IFRS 16).<\/p>\n<h2>Perspectives<\/h2>\n<p>Les mois d\u2019\u00e9t\u00e9 ont confirm\u00e9 la reprise progressive de l\u2019activit\u00e9 depuis le d\u00e9confinement. Toutefois, compte tenu des incertitudes encore pr\u00e9sentes sur l&rsquo;\u00e9volution de la pand\u00e9mie dans les mois \u00e0 venir, Tessi reste prudent sur ses perspectives et vigilant sur la ma\u00eetrise de ses charges. Le Groupe continuera de b\u00e9n\u00e9ficier au second semestre de l&rsquo;apport additionnel et de la croissance organique des activit\u00e9s d&rsquo;ADM Value.<\/p>\n<form action=\"https:\/\/www.tessi.eu\/wp-content\/uploads\/2020\/09\/tessi-200915-resultats-semestriels-2020-fr.pdf\" target=\"_blank\"><input class=\"wpcf7-form-control wpcf7-submit btn btn-light btn-custom btn-big btn-round\" type=\"submit\" value=\" T\u00e9l\u00e9charger le communiqu\u00e9 \" \/><\/form>\n","protected":false},"excerpt":{"rendered":"<p>Le Directoire du Groupe s\u2019est r\u00e9uni le 11 septembre 2020 et a arr\u00eat\u00e9 les comptes semestriels qui ont \u00e9t\u00e9 pr\u00e9sent\u00e9s au Conseil de Surveillance le 15 septembre 2020. Ces comptes consolid\u00e9s ont fait l\u2019objet d\u2019un examen limit\u00e9 par les Commissaires aux Comptes. Compte de r\u00e9sultat semestriel consolid\u00e9 (1er janvier \u2013 30 juin) En M\u20ac S1 [&hellip;]<\/p>\n","protected":false},"author":11,"featured_media":11940,"comment_status":"closed","ping_status":"closed","sticky":true,"template":"","format":"standard","meta":{"_acf_changed":false,"footnotes":""},"categories":[47,131],"tags":[],"class_list":["post-32088","post","type-post","status-publish","format-standard","has-post-thumbnail","hentry","category-news","category-financier"],"acf":[],"yoast_head":"<!-- This site is optimized with the Yoast SEO Premium plugin v22.3 (Yoast SEO v27.1.1) - https:\/\/yoast.com\/product\/yoast-seo-premium-wordpress\/ -->\n<title>R\u00e9sultats semestriels 2020 - Tessi International<\/title>\n<meta name=\"robots\" content=\"index, follow, max-snippet:-1, max-image-preview:large, max-video-preview:-1\" \/>\n<link rel=\"canonical\" href=\"https:\/\/www.tessi.eu\/fr\/resultats-semestriels-2020-cp\/\" \/>\n<meta property=\"og:locale\" content=\"fr_FR\" \/>\n<meta property=\"og:type\" content=\"article\" \/>\n<meta property=\"og:title\" content=\"R\u00e9sultats semestriels 2020\" \/>\n<meta property=\"og:description\" content=\"Le Directoire du Groupe s\u2019est r\u00e9uni le 11 septembre 2020 et a arr\u00eat\u00e9 les comptes semestriels qui ont \u00e9t\u00e9 pr\u00e9sent\u00e9s au Conseil de Surveillance le 15 septembre 2020. Ces comptes consolid\u00e9s ont fait l\u2019objet d\u2019un examen limit\u00e9 par les Commissaires aux Comptes. Compte de r\u00e9sultat semestriel consolid\u00e9 (1er janvier \u2013 30 juin) En M\u20ac S1 [&hellip;]\" \/>\n<meta property=\"og:url\" content=\"https:\/\/www.tessi.eu\/fr\/resultats-semestriels-2020-cp\/\" \/>\n<meta property=\"og:site_name\" content=\"Tessi International\" \/>\n<meta property=\"article:published_time\" content=\"2020-09-15T15:45:16+00:00\" \/>\n<meta property=\"article:modified_time\" content=\"2020-09-15T16:13:15+00:00\" \/>\n<meta property=\"og:image\" content=\"https:\/\/tessi.on-web.fr\/wp-content\/uploads\/2020\/03\/tessi_actu_newblue.jpg\" \/>\n\t<meta property=\"og:image:width\" content=\"506\" \/>\n\t<meta property=\"og:image:height\" content=\"398\" \/>\n\t<meta property=\"og:image:type\" content=\"image\/jpeg\" \/>\n<meta name=\"author\" content=\"cbonnet\" \/>\n<meta name=\"twitter:card\" content=\"summary_large_image\" \/>\n<meta name=\"twitter:label1\" content=\"\u00c9crit par\" \/>\n\t<meta name=\"twitter:data1\" content=\"cbonnet\" \/>\n\t<meta name=\"twitter:label2\" content=\"Dur\u00e9e de lecture estim\u00e9e\" \/>\n\t<meta name=\"twitter:data2\" content=\"3 minutes\" \/>\n<script type=\"application\/ld+json\" class=\"yoast-schema-graph\">{\"@context\":\"https:\/\/schema.org\",\"@graph\":[{\"@type\":\"Article\",\"@id\":\"https:\/\/www.tessi.eu\/fr\/resultats-semestriels-2020-cp\/#article\",\"isPartOf\":{\"@id\":\"https:\/\/www.tessi.eu\/fr\/resultats-semestriels-2020-cp\/\"},\"author\":{\"name\":\"cbonnet\",\"@id\":\"https:\/\/www.tessi.eu\/fr\/#\/schema\/person\/859d0f8ee0e735b277dee0268b7ad791\"},\"headline\":\"R\u00e9sultats semestriels 2020\",\"datePublished\":\"2020-09-15T15:45:16+00:00\",\"dateModified\":\"2020-09-15T16:13:15+00:00\",\"mainEntityOfPage\":{\"@id\":\"https:\/\/www.tessi.eu\/fr\/resultats-semestriels-2020-cp\/\"},\"wordCount\":602,\"image\":{\"@id\":\"https:\/\/www.tessi.eu\/fr\/resultats-semestriels-2020-cp\/#primaryimage\"},\"thumbnailUrl\":\"https:\/\/www.tessi.eu\/wp-content\/uploads\/2020\/03\/tessi_actu_newblue.jpg\",\"articleSection\":[\"News\",\"Financier\"],\"inLanguage\":\"fr-FR\"},{\"@type\":\"WebPage\",\"@id\":\"https:\/\/www.tessi.eu\/fr\/resultats-semestriels-2020-cp\/\",\"url\":\"https:\/\/www.tessi.eu\/fr\/resultats-semestriels-2020-cp\/\",\"name\":\"R\u00e9sultats semestriels 2020 - Tessi International\",\"isPartOf\":{\"@id\":\"https:\/\/www.tessi.eu\/fr\/#website\"},\"primaryImageOfPage\":{\"@id\":\"https:\/\/www.tessi.eu\/fr\/resultats-semestriels-2020-cp\/#primaryimage\"},\"image\":{\"@id\":\"https:\/\/www.tessi.eu\/fr\/resultats-semestriels-2020-cp\/#primaryimage\"},\"thumbnailUrl\":\"https:\/\/www.tessi.eu\/wp-content\/uploads\/2020\/03\/tessi_actu_newblue.jpg\",\"datePublished\":\"2020-09-15T15:45:16+00:00\",\"dateModified\":\"2020-09-15T16:13:15+00:00\",\"author\":{\"@id\":\"https:\/\/www.tessi.eu\/fr\/#\/schema\/person\/859d0f8ee0e735b277dee0268b7ad791\"},\"breadcrumb\":{\"@id\":\"https:\/\/www.tessi.eu\/fr\/resultats-semestriels-2020-cp\/#breadcrumb\"},\"inLanguage\":\"fr-FR\",\"potentialAction\":[{\"@type\":\"ReadAction\",\"target\":[\"https:\/\/www.tessi.eu\/fr\/resultats-semestriels-2020-cp\/\"]}]},{\"@type\":\"ImageObject\",\"inLanguage\":\"fr-FR\",\"@id\":\"https:\/\/www.tessi.eu\/fr\/resultats-semestriels-2020-cp\/#primaryimage\",\"url\":\"https:\/\/www.tessi.eu\/wp-content\/uploads\/2020\/03\/tessi_actu_newblue.jpg\",\"contentUrl\":\"https:\/\/www.tessi.eu\/wp-content\/uploads\/2020\/03\/tessi_actu_newblue.jpg\",\"width\":506,\"height\":398,\"caption\":\"tessi actu newblue\"},{\"@type\":\"BreadcrumbList\",\"@id\":\"https:\/\/www.tessi.eu\/fr\/resultats-semestriels-2020-cp\/#breadcrumb\",\"itemListElement\":[{\"@type\":\"ListItem\",\"position\":1,\"name\":\"Home\",\"item\":\"https:\/\/www.tessi.eu\/fr\/\"},{\"@type\":\"ListItem\",\"position\":2,\"name\":\"R\u00e9sultats semestriels 2020\"}]},{\"@type\":\"WebSite\",\"@id\":\"https:\/\/www.tessi.eu\/fr\/#website\",\"url\":\"https:\/\/www.tessi.eu\/fr\/\",\"name\":\"Tessi International\",\"description\":\"\",\"potentialAction\":[{\"@type\":\"SearchAction\",\"target\":{\"@type\":\"EntryPoint\",\"urlTemplate\":\"https:\/\/www.tessi.eu\/fr\/?s={search_term_string}\"},\"query-input\":{\"@type\":\"PropertyValueSpecification\",\"valueRequired\":true,\"valueName\":\"search_term_string\"}}],\"inLanguage\":\"fr-FR\"},{\"@type\":\"Person\",\"@id\":\"https:\/\/www.tessi.eu\/fr\/#\/schema\/person\/859d0f8ee0e735b277dee0268b7ad791\",\"name\":\"cbonnet\",\"image\":{\"@type\":\"ImageObject\",\"inLanguage\":\"fr-FR\",\"@id\":\"https:\/\/www.tessi.eu\/fr\/#\/schema\/person\/image\/\",\"url\":\"https:\/\/secure.gravatar.com\/avatar\/0d01ab1b427b196966268d5f1407f20f6367aba1866f9ac86912cfd758c2f669?s=96&d=mm&r=g\",\"contentUrl\":\"https:\/\/secure.gravatar.com\/avatar\/0d01ab1b427b196966268d5f1407f20f6367aba1866f9ac86912cfd758c2f669?s=96&d=mm&r=g\",\"caption\":\"cbonnet\"}}]}<\/script>\n<!-- \/ Yoast SEO Premium plugin. -->","yoast_head_json":{"title":"R\u00e9sultats semestriels 2020 - Tessi International","robots":{"index":"index","follow":"follow","max-snippet":"max-snippet:-1","max-image-preview":"max-image-preview:large","max-video-preview":"max-video-preview:-1"},"canonical":"https:\/\/www.tessi.eu\/fr\/resultats-semestriels-2020-cp\/","og_locale":"fr_FR","og_type":"article","og_title":"R\u00e9sultats semestriels 2020","og_description":"Le Directoire du Groupe s\u2019est r\u00e9uni le 11 septembre 2020 et a arr\u00eat\u00e9 les comptes semestriels qui ont \u00e9t\u00e9 pr\u00e9sent\u00e9s au Conseil de Surveillance le 15 septembre 2020. Ces comptes consolid\u00e9s ont fait l\u2019objet d\u2019un examen limit\u00e9 par les Commissaires aux Comptes. Compte de r\u00e9sultat semestriel consolid\u00e9 (1er janvier \u2013 30 juin) En M\u20ac S1 [&hellip;]","og_url":"https:\/\/www.tessi.eu\/fr\/resultats-semestriels-2020-cp\/","og_site_name":"Tessi International","article_published_time":"2020-09-15T15:45:16+00:00","article_modified_time":"2020-09-15T16:13:15+00:00","og_image":[{"width":506,"height":398,"url":"https:\/\/tessi.on-web.fr\/wp-content\/uploads\/2020\/03\/tessi_actu_newblue.jpg","type":"image\/jpeg"}],"author":"cbonnet","twitter_card":"summary_large_image","twitter_misc":{"\u00c9crit par":"cbonnet","Dur\u00e9e de lecture estim\u00e9e":"3 minutes"},"schema":{"@context":"https:\/\/schema.org","@graph":[{"@type":"Article","@id":"https:\/\/www.tessi.eu\/fr\/resultats-semestriels-2020-cp\/#article","isPartOf":{"@id":"https:\/\/www.tessi.eu\/fr\/resultats-semestriels-2020-cp\/"},"author":{"name":"cbonnet","@id":"https:\/\/www.tessi.eu\/fr\/#\/schema\/person\/859d0f8ee0e735b277dee0268b7ad791"},"headline":"R\u00e9sultats semestriels 2020","datePublished":"2020-09-15T15:45:16+00:00","dateModified":"2020-09-15T16:13:15+00:00","mainEntityOfPage":{"@id":"https:\/\/www.tessi.eu\/fr\/resultats-semestriels-2020-cp\/"},"wordCount":602,"image":{"@id":"https:\/\/www.tessi.eu\/fr\/resultats-semestriels-2020-cp\/#primaryimage"},"thumbnailUrl":"https:\/\/www.tessi.eu\/wp-content\/uploads\/2020\/03\/tessi_actu_newblue.jpg","articleSection":["News","Financier"],"inLanguage":"fr-FR"},{"@type":"WebPage","@id":"https:\/\/www.tessi.eu\/fr\/resultats-semestriels-2020-cp\/","url":"https:\/\/www.tessi.eu\/fr\/resultats-semestriels-2020-cp\/","name":"R\u00e9sultats semestriels 2020 - Tessi International","isPartOf":{"@id":"https:\/\/www.tessi.eu\/fr\/#website"},"primaryImageOfPage":{"@id":"https:\/\/www.tessi.eu\/fr\/resultats-semestriels-2020-cp\/#primaryimage"},"image":{"@id":"https:\/\/www.tessi.eu\/fr\/resultats-semestriels-2020-cp\/#primaryimage"},"thumbnailUrl":"https:\/\/www.tessi.eu\/wp-content\/uploads\/2020\/03\/tessi_actu_newblue.jpg","datePublished":"2020-09-15T15:45:16+00:00","dateModified":"2020-09-15T16:13:15+00:00","author":{"@id":"https:\/\/www.tessi.eu\/fr\/#\/schema\/person\/859d0f8ee0e735b277dee0268b7ad791"},"breadcrumb":{"@id":"https:\/\/www.tessi.eu\/fr\/resultats-semestriels-2020-cp\/#breadcrumb"},"inLanguage":"fr-FR","potentialAction":[{"@type":"ReadAction","target":["https:\/\/www.tessi.eu\/fr\/resultats-semestriels-2020-cp\/"]}]},{"@type":"ImageObject","inLanguage":"fr-FR","@id":"https:\/\/www.tessi.eu\/fr\/resultats-semestriels-2020-cp\/#primaryimage","url":"https:\/\/www.tessi.eu\/wp-content\/uploads\/2020\/03\/tessi_actu_newblue.jpg","contentUrl":"https:\/\/www.tessi.eu\/wp-content\/uploads\/2020\/03\/tessi_actu_newblue.jpg","width":506,"height":398,"caption":"tessi actu newblue"},{"@type":"BreadcrumbList","@id":"https:\/\/www.tessi.eu\/fr\/resultats-semestriels-2020-cp\/#breadcrumb","itemListElement":[{"@type":"ListItem","position":1,"name":"Home","item":"https:\/\/www.tessi.eu\/fr\/"},{"@type":"ListItem","position":2,"name":"R\u00e9sultats semestriels 2020"}]},{"@type":"WebSite","@id":"https:\/\/www.tessi.eu\/fr\/#website","url":"https:\/\/www.tessi.eu\/fr\/","name":"Tessi International","description":"","potentialAction":[{"@type":"SearchAction","target":{"@type":"EntryPoint","urlTemplate":"https:\/\/www.tessi.eu\/fr\/?s={search_term_string}"},"query-input":{"@type":"PropertyValueSpecification","valueRequired":true,"valueName":"search_term_string"}}],"inLanguage":"fr-FR"},{"@type":"Person","@id":"https:\/\/www.tessi.eu\/fr\/#\/schema\/person\/859d0f8ee0e735b277dee0268b7ad791","name":"cbonnet","image":{"@type":"ImageObject","inLanguage":"fr-FR","@id":"https:\/\/www.tessi.eu\/fr\/#\/schema\/person\/image\/","url":"https:\/\/secure.gravatar.com\/avatar\/0d01ab1b427b196966268d5f1407f20f6367aba1866f9ac86912cfd758c2f669?s=96&d=mm&r=g","contentUrl":"https:\/\/secure.gravatar.com\/avatar\/0d01ab1b427b196966268d5f1407f20f6367aba1866f9ac86912cfd758c2f669?s=96&d=mm&r=g","caption":"cbonnet"}}]}},"_links":{"self":[{"href":"https:\/\/www.tessi.eu\/fr\/wp-json\/wp\/v2\/posts\/32088\/"}],"collection":[{"href":"https:\/\/www.tessi.eu\/fr\/wp-json\/wp\/v2\/posts\/"}],"about":[{"href":"https:\/\/www.tessi.eu\/fr\/wp-json\/wp\/v2\/types\/post\/"}],"author":[{"embeddable":true,"href":"https:\/\/www.tessi.eu\/fr\/wp-json\/wp\/v2\/users\/11\/"}],"replies":[{"embeddable":true,"href":"https:\/\/www.tessi.eu\/fr\/wp-json\/wp\/v2\/comments\/?post=32088"}],"version-history":[{"count":0,"href":"https:\/\/www.tessi.eu\/fr\/wp-json\/wp\/v2\/posts\/32088\/revisions\/"}],"wp:featuredmedia":[{"embeddable":true,"href":"https:\/\/www.tessi.eu\/fr\/wp-json\/wp\/v2\/media\/11940\/"}],"wp:attachment":[{"href":"https:\/\/www.tessi.eu\/fr\/wp-json\/wp\/v2\/media\/?parent=32088"}],"wp:term":[{"taxonomy":"category","embeddable":true,"href":"https:\/\/www.tessi.eu\/fr\/wp-json\/wp\/v2\/categories\/?post=32088"},{"taxonomy":"post_tag","embeddable":true,"href":"https:\/\/www.tessi.eu\/fr\/wp-json\/wp\/v2\/tags\/?post=32088"}],"curies":[{"name":"wp","href":"https:\/\/api.w.org\/{rel}","templated":true}]}}