{"id":32073,"date":"2020-09-15T18:05:58","date_gmt":"2020-09-15T16:05:58","guid":{"rendered":"https:\/\/www.tessi.eu\/tessi-s-engage-en-signant-la-charte-engage-pour-la-e-sante\/"},"modified":"2020-09-21T16:52:19","modified_gmt":"2020-09-21T14:52:19","slug":"tessi-s-engage-en-signant-la-charte-engage-pour-la-e-sante","status":"publish","type":"post","link":"https:\/\/www.tessi.eu\/fr\/tessi-s-engage-en-signant-la-charte-engage-pour-la-e-sante\/","title":{"rendered":"Tessi s\u2019engage au c\u00f4t\u00e9 du minist\u00e8re des solidarit\u00e9s et de la sant\u00e9 en signant la charte \u00ab engag\u00e9 pour la e-sant\u00e9 \u00bb"},"content":{"rendered":"<p>Sp\u00e9cialiste de la transformation digitale des parcours patients, de l\u2019h\u00e9bergement et du traitement des donn\u00e9es de Sant\u00e9, Tessi accompagne depuis plusieurs ann\u00e9es les \u00e9tablissements de soins et l\u2019\u00e9cosyst\u00e8me des acteurs de la Sant\u00e9 dans la digitalisation de leurs processus m\u00e9tiers et la s\u00e9curisation des donn\u00e9es m\u00e9dicales et non-m\u00e9dicales.<\/p>\n<p><span style=\"color: #005faa;\">\u00ab <em>Notre ambition est claire : faire avancer la e-sant\u00e9 en France en proposant des solutions innovantes et conformes aux principes de MaSant\u00e92022. Nous donnons rendez-vous en 2022 \u00e0 Dominique PON et \u00e0 Laura LETOURNEAU, pour en faire le bilan.<\/em> \u00bb <strong>pr\u00e9cise Virginie Degeorgis, Directrice G\u00e9n\u00e9rale de Tessi France.<\/strong><\/span><\/p>\n<p>Tessi confirme ainsi son engagement et son alignement avec les d\u00e9cisions prises par le Minist\u00e8re des solidarit\u00e9s et de la sant\u00e9 et par sa D\u00e9l\u00e9gation du Num\u00e9rique en Sant\u00e9.<\/p>\n<p>Prestataire de confiance pour le monde de la Sant\u00e9, Tessi d\u00e9mat\u00e9rialise et traite chaque ann\u00e9e pr\u00e8s de 10 millions de dossiers assur\u00e9s et exp\u00e9dient pr\u00e8s <strong>2,7 millions de courriers m\u00e9dicaux<\/strong> et administratifs patients en fili\u00e8re postale et \u00e9lectronique.<\/p>\n<p>Son centre d\u2019h\u00e9bergement certifi\u00e9 <strong>ISO 27001 et HDS<\/strong> h\u00e9berge plus de <strong>3,5 p\u00e9taoctets de donn\u00e9es personnelles et de Sant\u00e9.<\/strong> Ses solutions automatisent aujourd\u2019hui le contr\u00f4le de pr\u00e8s de <strong>650<\/strong><strong>\u202f<\/strong><strong>000 documents d<\/strong><strong>\u2019<\/strong><strong>identit<\/strong><strong>\u00e9<\/strong><strong> par an<\/strong> dans le cadre de parcours multicanal.<\/p>\n<p>R\u00e9pondant aux nouveaux enjeux des organismes de sant\u00e9 sociale, des \u00e9tablissements de sant\u00e9 publics et priv\u00e9s, des GHT et des Grades, la proposition de valeur de Tessi pour la Sant\u00e9 vise 3 enjeux majeurs\u00a0:<\/p>\n<ul>\n<li>La digitalisation des <strong>parcours patient <\/strong>(pr\u00e9admission, e-consentement, signature \u00e9lectronique\u2026)<\/li>\n<li>La <strong>d\u00e9mat\u00e9rialisation<\/strong> et <strong>l\u2019archivage \u00e0 valeur probatoire <\/strong>des flux de Sant\u00e9\u00a0(dossiers patients, courriers multicanal entrants et sortants\u2026)<\/li>\n<li>L\u2019optimisation des <strong>processus administratifs<\/strong> des \u00e9tablissements\u00a0(digitalisation RH, facture \u00e9lectronique, paiement multicanal\u2026)<\/li>\n<\/ul>\n<form action=\" https:\/\/www.tessi.eu\/fr\/wp-content\/uploads\/sites\/2\/2020\/09\/cp-signature-charte-sante-15092020.pdf \" target=\"_blank\"><input class=\"wpcf7-form-control wpcf7-submit btn btn-light btn-custom btn-big btn-round\" type=\"submit\" value=\" T\u00e9l\u00e9charger le communiqu\u00e9 \" \/><\/form>\n","protected":false},"excerpt":{"rendered":"<p>Sp\u00e9cialiste de la transformation digitale des parcours patients, de l\u2019h\u00e9bergement et du traitement des donn\u00e9es de Sant\u00e9, Tessi accompagne depuis plusieurs ann\u00e9es les \u00e9tablissements de soins et l\u2019\u00e9cosyst\u00e8me des acteurs de la Sant\u00e9 dans la digitalisation de leurs processus m\u00e9tiers et la s\u00e9curisation des donn\u00e9es m\u00e9dicales et non-m\u00e9dicales. \u00ab Notre ambition est claire : faire [&hellip;]<\/p>\n","protected":false},"author":11,"featured_media":32074,"comment_status":"closed","ping_status":"closed","sticky":true,"template":"","format":"standard","meta":{"_acf_changed":false,"footnotes":""},"categories":[47],"tags":[],"class_list":["post-32073","post","type-post","status-publish","format-standard","has-post-thumbnail","hentry","category-news"],"acf":[],"yoast_head":"<!-- This site is optimized with the Yoast SEO Premium plugin v22.3 (Yoast SEO v27.1.1) - https:\/\/yoast.com\/product\/yoast-seo-premium-wordpress\/ -->\n<title>Tessi s\u2019engage au c\u00f4t\u00e9 du minist\u00e8re des solidarit\u00e9s et de la sant\u00e9 en signant la charte \u00ab engag\u00e9 pour la e-sant\u00e9 \u00bb - Tessi International<\/title>\n<meta name=\"description\" content=\"Tessi accompagne depuis plusieurs ann\u00e9es les \u00e9tablissements de soins et l\u2019\u00e9cosyst\u00e8me des acteurs de la Sant\u00e9 dans la digitalisation de leurs processus m\u00e9tiers et la s\u00e9curisation des donn\u00e9es m\u00e9dicales et non-m\u00e9dicales.\" \/>\n<meta name=\"robots\" content=\"index, follow, max-snippet:-1, max-image-preview:large, max-video-preview:-1\" \/>\n<link rel=\"canonical\" href=\"https:\/\/www.tessi.eu\/fr\/tessi-s-engage-en-signant-la-charte-engage-pour-la-e-sante\/\" \/>\n<meta property=\"og:locale\" content=\"fr_FR\" \/>\n<meta property=\"og:type\" content=\"article\" \/>\n<meta property=\"og:title\" content=\"Tessi s\u2019engage au c\u00f4t\u00e9 du minist\u00e8re des solidarit\u00e9s et de la sant\u00e9 en signant la charte \u00ab engag\u00e9 pour la e-sant\u00e9 \u00bb\" \/>\n<meta property=\"og:description\" content=\"Tessi accompagne depuis plusieurs ann\u00e9es les \u00e9tablissements de soins et l\u2019\u00e9cosyst\u00e8me des acteurs de la Sant\u00e9 dans la digitalisation de leurs processus m\u00e9tiers et la s\u00e9curisation des donn\u00e9es m\u00e9dicales et non-m\u00e9dicales.\" \/>\n<meta property=\"og:url\" content=\"https:\/\/www.tessi.eu\/fr\/tessi-s-engage-en-signant-la-charte-engage-pour-la-e-sante\/\" \/>\n<meta property=\"og:site_name\" content=\"Tessi International\" \/>\n<meta property=\"article:published_time\" content=\"2020-09-15T16:05:58+00:00\" \/>\n<meta property=\"article:modified_time\" content=\"2020-09-21T14:52:19+00:00\" \/>\n<meta property=\"og:image\" content=\"https:\/\/tessi.on-web.fr\/wp-content\/uploads\/2023\/04\/visuel-tessi_ps-charte-carre-site-1.png\" \/>\n\t<meta property=\"og:image:width\" content=\"1434\" \/>\n\t<meta property=\"og:image:height\" content=\"1128\" \/>\n\t<meta property=\"og:image:type\" content=\"image\/png\" \/>\n<meta name=\"author\" content=\"cbonnet\" \/>\n<meta name=\"twitter:card\" content=\"summary_large_image\" \/>\n<meta name=\"twitter:label1\" content=\"\u00c9crit par\" \/>\n\t<meta name=\"twitter:data1\" content=\"cbonnet\" \/>\n\t<meta name=\"twitter:label2\" content=\"Dur\u00e9e de lecture estim\u00e9e\" \/>\n\t<meta name=\"twitter:data2\" content=\"2 minutes\" \/>\n<script type=\"application\/ld+json\" class=\"yoast-schema-graph\">{\"@context\":\"https:\/\/schema.org\",\"@graph\":[{\"@type\":\"Article\",\"@id\":\"https:\/\/www.tessi.eu\/fr\/tessi-s-engage-en-signant-la-charte-engage-pour-la-e-sante\/#article\",\"isPartOf\":{\"@id\":\"https:\/\/www.tessi.eu\/fr\/tessi-s-engage-en-signant-la-charte-engage-pour-la-e-sante\/\"},\"author\":{\"name\":\"cbonnet\",\"@id\":\"https:\/\/www.tessi.eu\/fr\/#\/schema\/person\/859d0f8ee0e735b277dee0268b7ad791\"},\"headline\":\"Tessi s\u2019engage au c\u00f4t\u00e9 du minist\u00e8re des solidarit\u00e9s et de la sant\u00e9 en signant la charte \u00ab engag\u00e9 pour la e-sant\u00e9 \u00bb\",\"datePublished\":\"2020-09-15T16:05:58+00:00\",\"dateModified\":\"2020-09-21T14:52:19+00:00\",\"mainEntityOfPage\":{\"@id\":\"https:\/\/www.tessi.eu\/fr\/tessi-s-engage-en-signant-la-charte-engage-pour-la-e-sante\/\"},\"wordCount\":333,\"image\":{\"@id\":\"https:\/\/www.tessi.eu\/fr\/tessi-s-engage-en-signant-la-charte-engage-pour-la-e-sante\/#primaryimage\"},\"thumbnailUrl\":\"https:\/\/www.tessi.eu\/wp-content\/uploads\/2023\/04\/visuel-tessi_ps-charte-carre-site-1.png\",\"articleSection\":[\"News\"],\"inLanguage\":\"fr-FR\"},{\"@type\":\"WebPage\",\"@id\":\"https:\/\/www.tessi.eu\/fr\/tessi-s-engage-en-signant-la-charte-engage-pour-la-e-sante\/\",\"url\":\"https:\/\/www.tessi.eu\/fr\/tessi-s-engage-en-signant-la-charte-engage-pour-la-e-sante\/\",\"name\":\"Tessi s\u2019engage au c\u00f4t\u00e9 du minist\u00e8re des solidarit\u00e9s et de la sant\u00e9 en signant la charte \u00ab engag\u00e9 pour la e-sant\u00e9 \u00bb - Tessi International\",\"isPartOf\":{\"@id\":\"https:\/\/www.tessi.eu\/fr\/#website\"},\"primaryImageOfPage\":{\"@id\":\"https:\/\/www.tessi.eu\/fr\/tessi-s-engage-en-signant-la-charte-engage-pour-la-e-sante\/#primaryimage\"},\"image\":{\"@id\":\"https:\/\/www.tessi.eu\/fr\/tessi-s-engage-en-signant-la-charte-engage-pour-la-e-sante\/#primaryimage\"},\"thumbnailUrl\":\"https:\/\/www.tessi.eu\/wp-content\/uploads\/2023\/04\/visuel-tessi_ps-charte-carre-site-1.png\",\"datePublished\":\"2020-09-15T16:05:58+00:00\",\"dateModified\":\"2020-09-21T14:52:19+00:00\",\"author\":{\"@id\":\"https:\/\/www.tessi.eu\/fr\/#\/schema\/person\/859d0f8ee0e735b277dee0268b7ad791\"},\"description\":\"Tessi accompagne depuis plusieurs ann\u00e9es les \u00e9tablissements de soins et l\u2019\u00e9cosyst\u00e8me des acteurs de la Sant\u00e9 dans la digitalisation de leurs processus m\u00e9tiers et la s\u00e9curisation des donn\u00e9es m\u00e9dicales et non-m\u00e9dicales.\",\"breadcrumb\":{\"@id\":\"https:\/\/www.tessi.eu\/fr\/tessi-s-engage-en-signant-la-charte-engage-pour-la-e-sante\/#breadcrumb\"},\"inLanguage\":\"fr-FR\",\"potentialAction\":[{\"@type\":\"ReadAction\",\"target\":[\"https:\/\/www.tessi.eu\/fr\/tessi-s-engage-en-signant-la-charte-engage-pour-la-e-sante\/\"]}]},{\"@type\":\"ImageObject\",\"inLanguage\":\"fr-FR\",\"@id\":\"https:\/\/www.tessi.eu\/fr\/tessi-s-engage-en-signant-la-charte-engage-pour-la-e-sante\/#primaryimage\",\"url\":\"https:\/\/www.tessi.eu\/wp-content\/uploads\/2023\/04\/visuel-tessi_ps-charte-carre-site-1.png\",\"contentUrl\":\"https:\/\/www.tessi.eu\/wp-content\/uploads\/2023\/04\/visuel-tessi_ps-charte-carre-site-1.png\",\"width\":1434,\"height\":1128,\"caption\":\"visuel tessi ps charte carre site\"},{\"@type\":\"BreadcrumbList\",\"@id\":\"https:\/\/www.tessi.eu\/fr\/tessi-s-engage-en-signant-la-charte-engage-pour-la-e-sante\/#breadcrumb\",\"itemListElement\":[{\"@type\":\"ListItem\",\"position\":1,\"name\":\"Home\",\"item\":\"https:\/\/www.tessi.eu\/fr\/\"},{\"@type\":\"ListItem\",\"position\":2,\"name\":\"Tessi s\u2019engage au c\u00f4t\u00e9 du minist\u00e8re des solidarit\u00e9s et de la sant\u00e9 en signant la charte \u00ab engag\u00e9 pour la e-sant\u00e9 \u00bb\"}]},{\"@type\":\"WebSite\",\"@id\":\"https:\/\/www.tessi.eu\/fr\/#website\",\"url\":\"https:\/\/www.tessi.eu\/fr\/\",\"name\":\"Tessi International\",\"description\":\"\",\"potentialAction\":[{\"@type\":\"SearchAction\",\"target\":{\"@type\":\"EntryPoint\",\"urlTemplate\":\"https:\/\/www.tessi.eu\/fr\/?s={search_term_string}\"},\"query-input\":{\"@type\":\"PropertyValueSpecification\",\"valueRequired\":true,\"valueName\":\"search_term_string\"}}],\"inLanguage\":\"fr-FR\"},{\"@type\":\"Person\",\"@id\":\"https:\/\/www.tessi.eu\/fr\/#\/schema\/person\/859d0f8ee0e735b277dee0268b7ad791\",\"name\":\"cbonnet\",\"image\":{\"@type\":\"ImageObject\",\"inLanguage\":\"fr-FR\",\"@id\":\"https:\/\/www.tessi.eu\/fr\/#\/schema\/person\/image\/\",\"url\":\"https:\/\/secure.gravatar.com\/avatar\/0d01ab1b427b196966268d5f1407f20f6367aba1866f9ac86912cfd758c2f669?s=96&d=mm&r=g\",\"contentUrl\":\"https:\/\/secure.gravatar.com\/avatar\/0d01ab1b427b196966268d5f1407f20f6367aba1866f9ac86912cfd758c2f669?s=96&d=mm&r=g\",\"caption\":\"cbonnet\"}}]}<\/script>\n<!-- \/ Yoast SEO Premium plugin. -->","yoast_head_json":{"title":"Tessi s\u2019engage au c\u00f4t\u00e9 du minist\u00e8re des solidarit\u00e9s et de la sant\u00e9 en signant la charte \u00ab engag\u00e9 pour la e-sant\u00e9 \u00bb - Tessi International","description":"Tessi accompagne depuis plusieurs ann\u00e9es les \u00e9tablissements de soins et l\u2019\u00e9cosyst\u00e8me des acteurs de la Sant\u00e9 dans la digitalisation de leurs processus m\u00e9tiers et la s\u00e9curisation des donn\u00e9es m\u00e9dicales et non-m\u00e9dicales.","robots":{"index":"index","follow":"follow","max-snippet":"max-snippet:-1","max-image-preview":"max-image-preview:large","max-video-preview":"max-video-preview:-1"},"canonical":"https:\/\/www.tessi.eu\/fr\/tessi-s-engage-en-signant-la-charte-engage-pour-la-e-sante\/","og_locale":"fr_FR","og_type":"article","og_title":"Tessi s\u2019engage au c\u00f4t\u00e9 du minist\u00e8re des solidarit\u00e9s et de la sant\u00e9 en signant la charte \u00ab engag\u00e9 pour la e-sant\u00e9 \u00bb","og_description":"Tessi accompagne depuis plusieurs ann\u00e9es les \u00e9tablissements de soins et l\u2019\u00e9cosyst\u00e8me des acteurs de la Sant\u00e9 dans la digitalisation de leurs processus m\u00e9tiers et la s\u00e9curisation des donn\u00e9es m\u00e9dicales et non-m\u00e9dicales.","og_url":"https:\/\/www.tessi.eu\/fr\/tessi-s-engage-en-signant-la-charte-engage-pour-la-e-sante\/","og_site_name":"Tessi International","article_published_time":"2020-09-15T16:05:58+00:00","article_modified_time":"2020-09-21T14:52:19+00:00","og_image":[{"width":1434,"height":1128,"url":"https:\/\/tessi.on-web.fr\/wp-content\/uploads\/2023\/04\/visuel-tessi_ps-charte-carre-site-1.png","type":"image\/png"}],"author":"cbonnet","twitter_card":"summary_large_image","twitter_misc":{"\u00c9crit par":"cbonnet","Dur\u00e9e de lecture estim\u00e9e":"2 minutes"},"schema":{"@context":"https:\/\/schema.org","@graph":[{"@type":"Article","@id":"https:\/\/www.tessi.eu\/fr\/tessi-s-engage-en-signant-la-charte-engage-pour-la-e-sante\/#article","isPartOf":{"@id":"https:\/\/www.tessi.eu\/fr\/tessi-s-engage-en-signant-la-charte-engage-pour-la-e-sante\/"},"author":{"name":"cbonnet","@id":"https:\/\/www.tessi.eu\/fr\/#\/schema\/person\/859d0f8ee0e735b277dee0268b7ad791"},"headline":"Tessi s\u2019engage au c\u00f4t\u00e9 du minist\u00e8re des solidarit\u00e9s et de la sant\u00e9 en signant la charte \u00ab engag\u00e9 pour la e-sant\u00e9 \u00bb","datePublished":"2020-09-15T16:05:58+00:00","dateModified":"2020-09-21T14:52:19+00:00","mainEntityOfPage":{"@id":"https:\/\/www.tessi.eu\/fr\/tessi-s-engage-en-signant-la-charte-engage-pour-la-e-sante\/"},"wordCount":333,"image":{"@id":"https:\/\/www.tessi.eu\/fr\/tessi-s-engage-en-signant-la-charte-engage-pour-la-e-sante\/#primaryimage"},"thumbnailUrl":"https:\/\/www.tessi.eu\/wp-content\/uploads\/2023\/04\/visuel-tessi_ps-charte-carre-site-1.png","articleSection":["News"],"inLanguage":"fr-FR"},{"@type":"WebPage","@id":"https:\/\/www.tessi.eu\/fr\/tessi-s-engage-en-signant-la-charte-engage-pour-la-e-sante\/","url":"https:\/\/www.tessi.eu\/fr\/tessi-s-engage-en-signant-la-charte-engage-pour-la-e-sante\/","name":"Tessi s\u2019engage au c\u00f4t\u00e9 du minist\u00e8re des solidarit\u00e9s et de la sant\u00e9 en signant la charte \u00ab engag\u00e9 pour la e-sant\u00e9 \u00bb - Tessi International","isPartOf":{"@id":"https:\/\/www.tessi.eu\/fr\/#website"},"primaryImageOfPage":{"@id":"https:\/\/www.tessi.eu\/fr\/tessi-s-engage-en-signant-la-charte-engage-pour-la-e-sante\/#primaryimage"},"image":{"@id":"https:\/\/www.tessi.eu\/fr\/tessi-s-engage-en-signant-la-charte-engage-pour-la-e-sante\/#primaryimage"},"thumbnailUrl":"https:\/\/www.tessi.eu\/wp-content\/uploads\/2023\/04\/visuel-tessi_ps-charte-carre-site-1.png","datePublished":"2020-09-15T16:05:58+00:00","dateModified":"2020-09-21T14:52:19+00:00","author":{"@id":"https:\/\/www.tessi.eu\/fr\/#\/schema\/person\/859d0f8ee0e735b277dee0268b7ad791"},"description":"Tessi accompagne depuis plusieurs ann\u00e9es les \u00e9tablissements de soins et l\u2019\u00e9cosyst\u00e8me des acteurs de la Sant\u00e9 dans la digitalisation de leurs processus m\u00e9tiers et la s\u00e9curisation des donn\u00e9es m\u00e9dicales et non-m\u00e9dicales.","breadcrumb":{"@id":"https:\/\/www.tessi.eu\/fr\/tessi-s-engage-en-signant-la-charte-engage-pour-la-e-sante\/#breadcrumb"},"inLanguage":"fr-FR","potentialAction":[{"@type":"ReadAction","target":["https:\/\/www.tessi.eu\/fr\/tessi-s-engage-en-signant-la-charte-engage-pour-la-e-sante\/"]}]},{"@type":"ImageObject","inLanguage":"fr-FR","@id":"https:\/\/www.tessi.eu\/fr\/tessi-s-engage-en-signant-la-charte-engage-pour-la-e-sante\/#primaryimage","url":"https:\/\/www.tessi.eu\/wp-content\/uploads\/2023\/04\/visuel-tessi_ps-charte-carre-site-1.png","contentUrl":"https:\/\/www.tessi.eu\/wp-content\/uploads\/2023\/04\/visuel-tessi_ps-charte-carre-site-1.png","width":1434,"height":1128,"caption":"visuel tessi ps charte carre site"},{"@type":"BreadcrumbList","@id":"https:\/\/www.tessi.eu\/fr\/tessi-s-engage-en-signant-la-charte-engage-pour-la-e-sante\/#breadcrumb","itemListElement":[{"@type":"ListItem","position":1,"name":"Home","item":"https:\/\/www.tessi.eu\/fr\/"},{"@type":"ListItem","position":2,"name":"Tessi s\u2019engage au c\u00f4t\u00e9 du minist\u00e8re des solidarit\u00e9s et de la sant\u00e9 en signant la charte \u00ab engag\u00e9 pour la e-sant\u00e9 \u00bb"}]},{"@type":"WebSite","@id":"https:\/\/www.tessi.eu\/fr\/#website","url":"https:\/\/www.tessi.eu\/fr\/","name":"Tessi International","description":"","potentialAction":[{"@type":"SearchAction","target":{"@type":"EntryPoint","urlTemplate":"https:\/\/www.tessi.eu\/fr\/?s={search_term_string}"},"query-input":{"@type":"PropertyValueSpecification","valueRequired":true,"valueName":"search_term_string"}}],"inLanguage":"fr-FR"},{"@type":"Person","@id":"https:\/\/www.tessi.eu\/fr\/#\/schema\/person\/859d0f8ee0e735b277dee0268b7ad791","name":"cbonnet","image":{"@type":"ImageObject","inLanguage":"fr-FR","@id":"https:\/\/www.tessi.eu\/fr\/#\/schema\/person\/image\/","url":"https:\/\/secure.gravatar.com\/avatar\/0d01ab1b427b196966268d5f1407f20f6367aba1866f9ac86912cfd758c2f669?s=96&d=mm&r=g","contentUrl":"https:\/\/secure.gravatar.com\/avatar\/0d01ab1b427b196966268d5f1407f20f6367aba1866f9ac86912cfd758c2f669?s=96&d=mm&r=g","caption":"cbonnet"}}]}},"_links":{"self":[{"href":"https:\/\/www.tessi.eu\/fr\/wp-json\/wp\/v2\/posts\/32073\/"}],"collection":[{"href":"https:\/\/www.tessi.eu\/fr\/wp-json\/wp\/v2\/posts\/"}],"about":[{"href":"https:\/\/www.tessi.eu\/fr\/wp-json\/wp\/v2\/types\/post\/"}],"author":[{"embeddable":true,"href":"https:\/\/www.tessi.eu\/fr\/wp-json\/wp\/v2\/users\/11\/"}],"replies":[{"embeddable":true,"href":"https:\/\/www.tessi.eu\/fr\/wp-json\/wp\/v2\/comments\/?post=32073"}],"version-history":[{"count":0,"href":"https:\/\/www.tessi.eu\/fr\/wp-json\/wp\/v2\/posts\/32073\/revisions\/"}],"wp:featuredmedia":[{"embeddable":true,"href":"https:\/\/www.tessi.eu\/fr\/wp-json\/wp\/v2\/media\/32074\/"}],"wp:attachment":[{"href":"https:\/\/www.tessi.eu\/fr\/wp-json\/wp\/v2\/media\/?parent=32073"}],"wp:term":[{"taxonomy":"category","embeddable":true,"href":"https:\/\/www.tessi.eu\/fr\/wp-json\/wp\/v2\/categories\/?post=32073"},{"taxonomy":"post_tag","embeddable":true,"href":"https:\/\/www.tessi.eu\/fr\/wp-json\/wp\/v2\/tags\/?post=32073"}],"curies":[{"name":"wp","href":"https:\/\/api.w.org\/{rel}","templated":true}]}}