{"id":32064,"date":"2020-10-13T17:58:10","date_gmt":"2020-10-13T15:58:10","guid":{"rendered":"https:\/\/www.tessi.eu\/cession-dactivites-significatives-en-espagne-2\/"},"modified":"2020-10-13T18:23:51","modified_gmt":"2020-10-13T16:23:51","slug":"cession-dactivites-significatives-en-espagne","status":"publish","type":"post","link":"https:\/\/www.tessi.eu\/fr\/cession-dactivites-significatives-en-espagne\/","title":{"rendered":"Cession d\u2019activit\u00e9s significatives en Espagne"},"content":{"rendered":"<p>Tessi, acteur international des Business Process Services annonce ce jour avoir sign\u00e9 un accord pour la cession de la majorit\u00e9 de ses activit\u00e9s espagnoles (Graddo, BPO Solutionnes, Diagonal Company et Atacas) au Groupe espagnol Servinform.<\/p>\n<p>Le p\u00e9rim\u00e8tre c\u00e9d\u00e9, mono secteur et tr\u00e8s expos\u00e9 au march\u00e9 hypoth\u00e9caire et immobilier, b\u00e9n\u00e9ficiera de l\u2019adossement \u00e0 un groupe local et diversifi\u00e9 comme Servinform pour lui permettre un d\u00e9veloppement p\u00e9renne et un \u00e9largissement de son spectre sectoriel.<\/p>\n<p>Le p\u00e9rim\u00e8tre c\u00e9d\u00e9, dont la valeur d\u2019entreprise s\u2019\u00e9l\u00e8ve autour de 17 M\u20ac, contribuait en 2019 au chiffre d\u2019affaires Groupe pour 83,3 M\u20ac et au r\u00e9sultat op\u00e9rationnel courant pour 0,8 M\u20ac<\/p>\n<p>Tessi reste pr\u00e9sent en Espagne avec Insynergy Consulting Espa\u00f1a (ISYC), Todo En Cloud, son p\u00f4le Conseil &amp; Int\u00e9gration avec Gdoc Espa\u00f1a, ainsi que les activit\u00e9s espagnoles d\u2019ADM Value.<\/p>\n<p>Le Groupe Tessi se recentre ainsi sur ses activit\u00e9s premi\u00e8res, en France, en Espagne, en Suisse et en Am\u00e9rique Latine. Tessi continuera le d\u00e9veloppement de ses offres de services et de technologies, en alliant croissance organique et externe.<\/p>\n<p>La finalisation de cette cession reste soumise \u00e0 des conditions suspensives usuelles et devrait intervenir au plus tard au d\u00e9but de l\u2019ann\u00e9e 2021.<\/p>\n<form action=\"https:\/\/www.tessi.eu\/wp-content\/uploads\/2020\/10\/tessi-20201013-cession-activites-espagne-fr.pdf\" target=\"_blank\"><input class=\"wpcf7-form-control wpcf7-submit btn btn-light btn-custom btn-big btn-round\" type=\"submit\" value=\" T\u00e9l\u00e9charger le communiqu\u00e9 \" \/><\/form>\n","protected":false},"excerpt":{"rendered":"<p>Tessi, acteur international des Business Process Services annonce ce jour avoir sign\u00e9 un accord pour la cession de la majorit\u00e9 de ses activit\u00e9s espagnoles (Graddo, BPO Solutionnes, Diagonal Company et Atacas) au Groupe espagnol Servinform. Le p\u00e9rim\u00e8tre c\u00e9d\u00e9, mono secteur et tr\u00e8s expos\u00e9 au march\u00e9 hypoth\u00e9caire et immobilier, b\u00e9n\u00e9ficiera de l\u2019adossement \u00e0 un groupe local [&hellip;]<\/p>\n","protected":false},"author":12,"featured_media":11941,"comment_status":"closed","ping_status":"closed","sticky":false,"template":"","format":"standard","meta":{"_acf_changed":false,"footnotes":""},"categories":[47,131],"tags":[],"class_list":["post-32064","post","type-post","status-publish","format-standard","has-post-thumbnail","hentry","category-news","category-financier"],"acf":[],"yoast_head":"<!-- This site is optimized with the Yoast SEO Premium plugin v22.3 (Yoast SEO v27.1.1) - https:\/\/yoast.com\/product\/yoast-seo-premium-wordpress\/ -->\n<title>Cession d\u2019activit\u00e9s significatives en Espagne - Tessi International<\/title>\n<meta name=\"robots\" content=\"index, follow, max-snippet:-1, max-image-preview:large, max-video-preview:-1\" \/>\n<link rel=\"canonical\" href=\"https:\/\/www.tessi.eu\/fr\/cession-dactivites-significatives-en-espagne\/\" \/>\n<meta property=\"og:locale\" content=\"fr_FR\" \/>\n<meta property=\"og:type\" content=\"article\" \/>\n<meta property=\"og:title\" content=\"Cession d\u2019activit\u00e9s significatives en Espagne\" \/>\n<meta property=\"og:description\" content=\"Tessi, acteur international des Business Process Services annonce ce jour avoir sign\u00e9 un accord pour la cession de la majorit\u00e9 de ses activit\u00e9s espagnoles (Graddo, BPO Solutionnes, Diagonal Company et Atacas) au Groupe espagnol Servinform. Le p\u00e9rim\u00e8tre c\u00e9d\u00e9, mono secteur et tr\u00e8s expos\u00e9 au march\u00e9 hypoth\u00e9caire et immobilier, b\u00e9n\u00e9ficiera de l\u2019adossement \u00e0 un groupe local [&hellip;]\" \/>\n<meta property=\"og:url\" content=\"https:\/\/www.tessi.eu\/fr\/cession-dactivites-significatives-en-espagne\/\" \/>\n<meta property=\"og:site_name\" content=\"Tessi International\" \/>\n<meta property=\"article:published_time\" content=\"2020-10-13T15:58:10+00:00\" \/>\n<meta property=\"article:modified_time\" content=\"2020-10-13T16:23:51+00:00\" \/>\n<meta property=\"og:image\" content=\"https:\/\/www.tessi.eu\/wp-content\/uploads\/2020\/03\/tessi_actu_newblue.jpg\" \/>\n\t<meta property=\"og:image:width\" content=\"506\" \/>\n\t<meta property=\"og:image:height\" content=\"398\" \/>\n\t<meta property=\"og:image:type\" content=\"image\/jpeg\" \/>\n<meta name=\"author\" content=\"pmallet\" \/>\n<meta name=\"twitter:card\" content=\"summary_large_image\" \/>\n<meta name=\"twitter:label1\" content=\"\u00c9crit par\" \/>\n\t<meta name=\"twitter:data1\" content=\"pmallet\" \/>\n\t<meta name=\"twitter:label2\" content=\"Dur\u00e9e de lecture estim\u00e9e\" \/>\n\t<meta name=\"twitter:data2\" content=\"1 minute\" \/>\n<script type=\"application\/ld+json\" class=\"yoast-schema-graph\">{\"@context\":\"https:\/\/schema.org\",\"@graph\":[{\"@type\":\"Article\",\"@id\":\"https:\/\/www.tessi.eu\/fr\/cession-dactivites-significatives-en-espagne\/#article\",\"isPartOf\":{\"@id\":\"https:\/\/www.tessi.eu\/fr\/cession-dactivites-significatives-en-espagne\/\"},\"author\":{\"name\":\"pmallet\",\"@id\":\"https:\/\/www.tessi.eu\/fr\/#\/schema\/person\/0c662bb797314a35603fe3fd7b4d09bb\"},\"headline\":\"Cession d\u2019activit\u00e9s significatives en Espagne\",\"datePublished\":\"2020-10-13T15:58:10+00:00\",\"dateModified\":\"2020-10-13T16:23:51+00:00\",\"mainEntityOfPage\":{\"@id\":\"https:\/\/www.tessi.eu\/fr\/cession-dactivites-significatives-en-espagne\/\"},\"wordCount\":225,\"image\":{\"@id\":\"https:\/\/www.tessi.eu\/fr\/cession-dactivites-significatives-en-espagne\/#primaryimage\"},\"thumbnailUrl\":\"https:\/\/www.tessi.eu\/wp-content\/uploads\/2020\/03\/tessi_actu_newblue.jpg\",\"articleSection\":[\"News\",\"Financier\"],\"inLanguage\":\"fr-FR\"},{\"@type\":\"WebPage\",\"@id\":\"https:\/\/www.tessi.eu\/fr\/cession-dactivites-significatives-en-espagne\/\",\"url\":\"https:\/\/www.tessi.eu\/fr\/cession-dactivites-significatives-en-espagne\/\",\"name\":\"Cession d\u2019activit\u00e9s significatives en Espagne - Tessi International\",\"isPartOf\":{\"@id\":\"https:\/\/www.tessi.eu\/fr\/#website\"},\"primaryImageOfPage\":{\"@id\":\"https:\/\/www.tessi.eu\/fr\/cession-dactivites-significatives-en-espagne\/#primaryimage\"},\"image\":{\"@id\":\"https:\/\/www.tessi.eu\/fr\/cession-dactivites-significatives-en-espagne\/#primaryimage\"},\"thumbnailUrl\":\"https:\/\/www.tessi.eu\/wp-content\/uploads\/2020\/03\/tessi_actu_newblue.jpg\",\"datePublished\":\"2020-10-13T15:58:10+00:00\",\"dateModified\":\"2020-10-13T16:23:51+00:00\",\"author\":{\"@id\":\"https:\/\/www.tessi.eu\/fr\/#\/schema\/person\/0c662bb797314a35603fe3fd7b4d09bb\"},\"breadcrumb\":{\"@id\":\"https:\/\/www.tessi.eu\/fr\/cession-dactivites-significatives-en-espagne\/#breadcrumb\"},\"inLanguage\":\"fr-FR\",\"potentialAction\":[{\"@type\":\"ReadAction\",\"target\":[\"https:\/\/www.tessi.eu\/fr\/cession-dactivites-significatives-en-espagne\/\"]}]},{\"@type\":\"ImageObject\",\"inLanguage\":\"fr-FR\",\"@id\":\"https:\/\/www.tessi.eu\/fr\/cession-dactivites-significatives-en-espagne\/#primaryimage\",\"url\":\"https:\/\/www.tessi.eu\/wp-content\/uploads\/2020\/03\/tessi_actu_newblue.jpg\",\"contentUrl\":\"https:\/\/www.tessi.eu\/wp-content\/uploads\/2020\/03\/tessi_actu_newblue.jpg\",\"width\":506,\"height\":398,\"caption\":\"tessi actu newblue\"},{\"@type\":\"BreadcrumbList\",\"@id\":\"https:\/\/www.tessi.eu\/fr\/cession-dactivites-significatives-en-espagne\/#breadcrumb\",\"itemListElement\":[{\"@type\":\"ListItem\",\"position\":1,\"name\":\"Home\",\"item\":\"https:\/\/www.tessi.eu\/fr\/\"},{\"@type\":\"ListItem\",\"position\":2,\"name\":\"Cession d\u2019activit\u00e9s significatives en Espagne\"}]},{\"@type\":\"WebSite\",\"@id\":\"https:\/\/www.tessi.eu\/fr\/#website\",\"url\":\"https:\/\/www.tessi.eu\/fr\/\",\"name\":\"Tessi International\",\"description\":\"\",\"potentialAction\":[{\"@type\":\"SearchAction\",\"target\":{\"@type\":\"EntryPoint\",\"urlTemplate\":\"https:\/\/www.tessi.eu\/fr\/?s={search_term_string}\"},\"query-input\":{\"@type\":\"PropertyValueSpecification\",\"valueRequired\":true,\"valueName\":\"search_term_string\"}}],\"inLanguage\":\"fr-FR\"},{\"@type\":\"Person\",\"@id\":\"https:\/\/www.tessi.eu\/fr\/#\/schema\/person\/0c662bb797314a35603fe3fd7b4d09bb\",\"name\":\"pmallet\",\"image\":{\"@type\":\"ImageObject\",\"inLanguage\":\"fr-FR\",\"@id\":\"https:\/\/www.tessi.eu\/fr\/#\/schema\/person\/image\/\",\"url\":\"https:\/\/secure.gravatar.com\/avatar\/285d36b3faf28a1d856148cf2d579763696444924b5af229391323d21a89f987?s=96&d=mm&r=g\",\"contentUrl\":\"https:\/\/secure.gravatar.com\/avatar\/285d36b3faf28a1d856148cf2d579763696444924b5af229391323d21a89f987?s=96&d=mm&r=g\",\"caption\":\"pmallet\"}}]}<\/script>\n<!-- \/ Yoast SEO Premium plugin. -->","yoast_head_json":{"title":"Cession d\u2019activit\u00e9s significatives en Espagne - Tessi International","robots":{"index":"index","follow":"follow","max-snippet":"max-snippet:-1","max-image-preview":"max-image-preview:large","max-video-preview":"max-video-preview:-1"},"canonical":"https:\/\/www.tessi.eu\/fr\/cession-dactivites-significatives-en-espagne\/","og_locale":"fr_FR","og_type":"article","og_title":"Cession d\u2019activit\u00e9s significatives en Espagne","og_description":"Tessi, acteur international des Business Process Services annonce ce jour avoir sign\u00e9 un accord pour la cession de la majorit\u00e9 de ses activit\u00e9s espagnoles (Graddo, BPO Solutionnes, Diagonal Company et Atacas) au Groupe espagnol Servinform. Le p\u00e9rim\u00e8tre c\u00e9d\u00e9, mono secteur et tr\u00e8s expos\u00e9 au march\u00e9 hypoth\u00e9caire et immobilier, b\u00e9n\u00e9ficiera de l\u2019adossement \u00e0 un groupe local [&hellip;]","og_url":"https:\/\/www.tessi.eu\/fr\/cession-dactivites-significatives-en-espagne\/","og_site_name":"Tessi International","article_published_time":"2020-10-13T15:58:10+00:00","article_modified_time":"2020-10-13T16:23:51+00:00","og_image":[{"width":506,"height":398,"url":"https:\/\/www.tessi.eu\/wp-content\/uploads\/2020\/03\/tessi_actu_newblue.jpg","type":"image\/jpeg"}],"author":"pmallet","twitter_card":"summary_large_image","twitter_misc":{"\u00c9crit par":"pmallet","Dur\u00e9e de lecture estim\u00e9e":"1 minute"},"schema":{"@context":"https:\/\/schema.org","@graph":[{"@type":"Article","@id":"https:\/\/www.tessi.eu\/fr\/cession-dactivites-significatives-en-espagne\/#article","isPartOf":{"@id":"https:\/\/www.tessi.eu\/fr\/cession-dactivites-significatives-en-espagne\/"},"author":{"name":"pmallet","@id":"https:\/\/www.tessi.eu\/fr\/#\/schema\/person\/0c662bb797314a35603fe3fd7b4d09bb"},"headline":"Cession d\u2019activit\u00e9s significatives en Espagne","datePublished":"2020-10-13T15:58:10+00:00","dateModified":"2020-10-13T16:23:51+00:00","mainEntityOfPage":{"@id":"https:\/\/www.tessi.eu\/fr\/cession-dactivites-significatives-en-espagne\/"},"wordCount":225,"image":{"@id":"https:\/\/www.tessi.eu\/fr\/cession-dactivites-significatives-en-espagne\/#primaryimage"},"thumbnailUrl":"https:\/\/www.tessi.eu\/wp-content\/uploads\/2020\/03\/tessi_actu_newblue.jpg","articleSection":["News","Financier"],"inLanguage":"fr-FR"},{"@type":"WebPage","@id":"https:\/\/www.tessi.eu\/fr\/cession-dactivites-significatives-en-espagne\/","url":"https:\/\/www.tessi.eu\/fr\/cession-dactivites-significatives-en-espagne\/","name":"Cession d\u2019activit\u00e9s significatives en Espagne - Tessi International","isPartOf":{"@id":"https:\/\/www.tessi.eu\/fr\/#website"},"primaryImageOfPage":{"@id":"https:\/\/www.tessi.eu\/fr\/cession-dactivites-significatives-en-espagne\/#primaryimage"},"image":{"@id":"https:\/\/www.tessi.eu\/fr\/cession-dactivites-significatives-en-espagne\/#primaryimage"},"thumbnailUrl":"https:\/\/www.tessi.eu\/wp-content\/uploads\/2020\/03\/tessi_actu_newblue.jpg","datePublished":"2020-10-13T15:58:10+00:00","dateModified":"2020-10-13T16:23:51+00:00","author":{"@id":"https:\/\/www.tessi.eu\/fr\/#\/schema\/person\/0c662bb797314a35603fe3fd7b4d09bb"},"breadcrumb":{"@id":"https:\/\/www.tessi.eu\/fr\/cession-dactivites-significatives-en-espagne\/#breadcrumb"},"inLanguage":"fr-FR","potentialAction":[{"@type":"ReadAction","target":["https:\/\/www.tessi.eu\/fr\/cession-dactivites-significatives-en-espagne\/"]}]},{"@type":"ImageObject","inLanguage":"fr-FR","@id":"https:\/\/www.tessi.eu\/fr\/cession-dactivites-significatives-en-espagne\/#primaryimage","url":"https:\/\/www.tessi.eu\/wp-content\/uploads\/2020\/03\/tessi_actu_newblue.jpg","contentUrl":"https:\/\/www.tessi.eu\/wp-content\/uploads\/2020\/03\/tessi_actu_newblue.jpg","width":506,"height":398,"caption":"tessi actu newblue"},{"@type":"BreadcrumbList","@id":"https:\/\/www.tessi.eu\/fr\/cession-dactivites-significatives-en-espagne\/#breadcrumb","itemListElement":[{"@type":"ListItem","position":1,"name":"Home","item":"https:\/\/www.tessi.eu\/fr\/"},{"@type":"ListItem","position":2,"name":"Cession d\u2019activit\u00e9s significatives en Espagne"}]},{"@type":"WebSite","@id":"https:\/\/www.tessi.eu\/fr\/#website","url":"https:\/\/www.tessi.eu\/fr\/","name":"Tessi International","description":"","potentialAction":[{"@type":"SearchAction","target":{"@type":"EntryPoint","urlTemplate":"https:\/\/www.tessi.eu\/fr\/?s={search_term_string}"},"query-input":{"@type":"PropertyValueSpecification","valueRequired":true,"valueName":"search_term_string"}}],"inLanguage":"fr-FR"},{"@type":"Person","@id":"https:\/\/www.tessi.eu\/fr\/#\/schema\/person\/0c662bb797314a35603fe3fd7b4d09bb","name":"pmallet","image":{"@type":"ImageObject","inLanguage":"fr-FR","@id":"https:\/\/www.tessi.eu\/fr\/#\/schema\/person\/image\/","url":"https:\/\/secure.gravatar.com\/avatar\/285d36b3faf28a1d856148cf2d579763696444924b5af229391323d21a89f987?s=96&d=mm&r=g","contentUrl":"https:\/\/secure.gravatar.com\/avatar\/285d36b3faf28a1d856148cf2d579763696444924b5af229391323d21a89f987?s=96&d=mm&r=g","caption":"pmallet"}}]}},"_links":{"self":[{"href":"https:\/\/www.tessi.eu\/fr\/wp-json\/wp\/v2\/posts\/32064\/"}],"collection":[{"href":"https:\/\/www.tessi.eu\/fr\/wp-json\/wp\/v2\/posts\/"}],"about":[{"href":"https:\/\/www.tessi.eu\/fr\/wp-json\/wp\/v2\/types\/post\/"}],"author":[{"embeddable":true,"href":"https:\/\/www.tessi.eu\/fr\/wp-json\/wp\/v2\/users\/12\/"}],"replies":[{"embeddable":true,"href":"https:\/\/www.tessi.eu\/fr\/wp-json\/wp\/v2\/comments\/?post=32064"}],"version-history":[{"count":0,"href":"https:\/\/www.tessi.eu\/fr\/wp-json\/wp\/v2\/posts\/32064\/revisions\/"}],"wp:featuredmedia":[{"embeddable":true,"href":"https:\/\/www.tessi.eu\/fr\/wp-json\/wp\/v2\/media\/11941\/"}],"wp:attachment":[{"href":"https:\/\/www.tessi.eu\/fr\/wp-json\/wp\/v2\/media\/?parent=32064"}],"wp:term":[{"taxonomy":"category","embeddable":true,"href":"https:\/\/www.tessi.eu\/fr\/wp-json\/wp\/v2\/categories\/?post=32064"},{"taxonomy":"post_tag","embeddable":true,"href":"https:\/\/www.tessi.eu\/fr\/wp-json\/wp\/v2\/tags\/?post=32064"}],"curies":[{"name":"wp","href":"https:\/\/api.w.org\/{rel}","templated":true}]}}