{"id":32004,"date":"2020-12-03T10:00:09","date_gmt":"2020-12-03T08:00:09","guid":{"rendered":"https:\/\/www.tessi.eu\/tessi-enrichit-son-portail-teledeclaratif-aspone-fr-en-proposant-un-coffre-fort-numerique\/"},"modified":"2020-12-09T19:56:28","modified_gmt":"2020-12-09T17:56:28","slug":"tessi-enrichit-son-portail-teledeclaratif-aspone-fr-en-proposant-un-coffre-fort-numerique","status":"publish","type":"post","link":"https:\/\/www.tessi.eu\/fr\/tessi-enrichit-son-portail-teledeclaratif-aspone-fr-en-proposant-un-coffre-fort-numerique\/","title":{"rendered":"Tessi enrichit son portail t\u00e9l\u00e9d\u00e9claratif aspone.fr en proposant un coffre-fort num\u00e9rique"},"content":{"rendered":"<p><strong>Tessi, acteur leader des Business Process Services, accompagne les acteurs du monde d\u00e9claratif dans le 100% digital gr\u00e2ce \u00e0 son portail t\u00e9l\u00e9d\u00e9claratif <a href=\"https:\/\/www.aspone.fr\" target=\"_blank\" rel=\"noopener noreferrer\">aspone.fr<\/a>. L\u2019objectif\u00a0: r\u00e9pondre aux obligations l\u00e9gales, simplifier les \u00e9changes vers les administrations et g\u00e9n\u00e9rer des gains de productivit\u00e9<\/strong>.<\/p>\n<p>Con\u00e7u sur le principe de guichet unique, le portail aspone.fr permet aux entreprises, aux organismes de gestion agr\u00e9\u00e9s, aux experts comptables et autres tiers-d\u00e9clarants de g\u00e9rer les envois de d\u00e9clarations fiscales (liasses, TVA, acomptes et paiements des imp\u00f4ts et taxes, honoraires, d\u00e9clarations de loyers, CVAE\u2026) et sociales (DPAE, DSN, AED\u2026) aupr\u00e8s des administrations et des organismes de protection sociales.<\/p>\n<h3><strong>Un espace personnel confidentiel et s\u00e9curis\u00e9<\/strong><\/h3>\n<p>Pour garantir un niveau de s\u00e9curit\u00e9 maximal et assurer un parcours digital sans couture, Tessi propose d\u00e9sormais un coffre-fort num\u00e9rique (CFN) int\u00e9gr\u00e9 \u00e0 son portail aspone.fr. Conforme aux exigences de la norme NF Z 42-013, le CFN aspone.fr est un v\u00e9ritable espace personnel et hautement s\u00e9curis\u00e9 pour pr\u00e9server tous types de documents (FEC, factures, documents de douanes\u2026) tout en assurant leur int\u00e9grit\u00e9, p\u00e9rennit\u00e9 et confidentialit\u00e9.<\/p>\n<h3><strong>De nombreuses fonctionnalit\u00e9s<br \/>\n<\/strong><\/h3>\n<p>Moderne et simple d\u2019utilisation, l\u2019interface du coffre-fort num\u00e9rique aspone.fr offre de nombreuses fonctionnalit\u00e9s aux utilisateurs\u00a0:<\/p>\n<ul>\n<li>Gestion d\u2019un espace d\u00e9di\u00e9 avec une capacit\u00e9 de stockage et une quantit\u00e9 de fichiers variables<\/li>\n<li>D\u00e9l\u00e9gation des droits \u00e0 un tiers pour venir d\u00e9poser des documents sur le CFN d\u2019un compte aspone.fr (tiers-d\u00e9clarant par exemple)<\/li>\n<li>D\u00e9p\u00f4ts de diff\u00e9rents types de documents, en pr\u00e9cisant la dur\u00e9e d\u2019archivage souhait\u00e9e<\/li>\n<li>Recherche selon diff\u00e9rents crit\u00e8res les documents archiv\u00e9s<\/li>\n<\/ul>\n<h3><strong>Pr\u00e9server la valeur juridique<\/strong><\/h3>\n<p>H\u00e9berg\u00e9 dans le Data Center hautement s\u00e9curis\u00e9 de Tessi, le portail <a href=\"https:\/\/www.aspone.fr\/\">aspone.fr<\/a> b\u00e9n\u00e9ficie du syst\u00e8me d\u2019archivage \u00e9lectronique (SAE) de Tessi DATA CONTENT et r\u00e9pond aux besoins d\u2019archivage \u00e0 valeur probatoire des donn\u00e9es. Certifi\u00e9 NF461, le SAE garantit l\u2019int\u00e9grit\u00e9 des documents et de leur contenu, la p\u00e9rennit\u00e9 de leur conservation, la s\u00e9curit\u00e9 du syst\u00e8me et la tra\u00e7abilit\u00e9 des \u00e9v\u00e9nements, tout au long du cycle de vie des documents. Il r\u00e9pond aux enjeux de contrainte de stockage et fait office de preuve opposable en cas de contr\u00f4le de l\u2019Administration (contr\u00f4le fiscal, Urssaf\u2026).<\/p>\n<p><span style=\"color: #005faa;\"><em>\u00ab A travers cette solution, Tessi r\u00e9pond aux enjeux de s\u00e9curit\u00e9 de gouvernance de l&rsquo;information et confirme une nouvelle fois sa position d&rsquo;op\u00e9rateur de confiance \u00bb <\/em><strong>pr\u00e9cise Dany Salmon, Directeur aspone.fr<\/strong><\/span><\/p>\n<div align=\"center\">\n<form action=\"https:\/\/www.tessi.eu\/fr\/wp-content\/uploads\/sites\/2\/2020\/12\/tessi-201203-cfn-aspone.pdf\" target=\"_blank\"><input class=\"wpcf7-form-control wpcf7-submit btn btn-light btn-custom btn-big btn-round\" type=\"submit\" value=\"T\u00e9l\u00e9charger le communiqu\u00e9 de presse\" \/><\/form>\n<\/div>\n","protected":false},"excerpt":{"rendered":"<p>Tessi, acteur leader des Business Process Services, accompagne les acteurs du monde d\u00e9claratif dans le 100% digital gr\u00e2ce \u00e0 son portail t\u00e9l\u00e9d\u00e9claratif aspone.fr. L\u2019objectif\u00a0: r\u00e9pondre aux obligations l\u00e9gales, simplifier les \u00e9changes vers les administrations et g\u00e9n\u00e9rer des gains de productivit\u00e9. Con\u00e7u sur le principe de guichet unique, le portail aspone.fr permet aux entreprises, aux organismes [&hellip;]<\/p>\n","protected":false},"author":11,"featured_media":11941,"comment_status":"closed","ping_status":"closed","sticky":false,"template":"","format":"standard","meta":{"_acf_changed":false,"footnotes":""},"categories":[47],"tags":[],"class_list":["post-32004","post","type-post","status-publish","format-standard","has-post-thumbnail","hentry","category-news"],"acf":[],"yoast_head":"<!-- This site is optimized with the Yoast SEO Premium plugin v22.3 (Yoast SEO v27.1.1) - https:\/\/yoast.com\/product\/yoast-seo-premium-wordpress\/ -->\n<title>Tessi enrichit son portail t\u00e9l\u00e9d\u00e9claratif aspone.fr en proposant un coffre-fort num\u00e9rique - Tessi International<\/title>\n<meta name=\"robots\" content=\"index, follow, max-snippet:-1, max-image-preview:large, max-video-preview:-1\" \/>\n<link rel=\"canonical\" href=\"https:\/\/www.tessi.eu\/fr\/tessi-enrichit-son-portail-teledeclaratif-aspone-fr-en-proposant-un-coffre-fort-numerique\/\" \/>\n<meta property=\"og:locale\" content=\"fr_FR\" \/>\n<meta property=\"og:type\" content=\"article\" \/>\n<meta property=\"og:title\" content=\"Tessi enrichit son portail t\u00e9l\u00e9d\u00e9claratif aspone.fr en proposant un coffre-fort num\u00e9rique\" \/>\n<meta property=\"og:description\" content=\"Tessi, acteur leader des Business Process Services, accompagne les acteurs du monde d\u00e9claratif dans le 100% digital gr\u00e2ce \u00e0 son portail t\u00e9l\u00e9d\u00e9claratif aspone.fr. L\u2019objectif\u00a0: r\u00e9pondre aux obligations l\u00e9gales, simplifier les \u00e9changes vers les administrations et g\u00e9n\u00e9rer des gains de productivit\u00e9. Con\u00e7u sur le principe de guichet unique, le portail aspone.fr permet aux entreprises, aux organismes [&hellip;]\" \/>\n<meta property=\"og:url\" content=\"https:\/\/www.tessi.eu\/fr\/tessi-enrichit-son-portail-teledeclaratif-aspone-fr-en-proposant-un-coffre-fort-numerique\/\" \/>\n<meta property=\"og:site_name\" content=\"Tessi International\" \/>\n<meta property=\"article:published_time\" content=\"2020-12-03T08:00:09+00:00\" \/>\n<meta property=\"article:modified_time\" content=\"2020-12-09T17:56:28+00:00\" \/>\n<meta property=\"og:image\" content=\"https:\/\/tessi.on-web.fr\/wp-content\/uploads\/2020\/03\/tessi_actu_newblue.jpg\" \/>\n\t<meta property=\"og:image:width\" content=\"506\" \/>\n\t<meta property=\"og:image:height\" content=\"398\" \/>\n\t<meta property=\"og:image:type\" content=\"image\/jpeg\" \/>\n<meta name=\"author\" content=\"cbonnet\" \/>\n<meta name=\"twitter:card\" content=\"summary_large_image\" \/>\n<meta name=\"twitter:label1\" content=\"\u00c9crit par\" \/>\n\t<meta name=\"twitter:data1\" content=\"cbonnet\" \/>\n\t<meta name=\"twitter:label2\" content=\"Dur\u00e9e de lecture estim\u00e9e\" \/>\n\t<meta name=\"twitter:data2\" content=\"2 minutes\" \/>\n<script type=\"application\/ld+json\" class=\"yoast-schema-graph\">{\"@context\":\"https:\/\/schema.org\",\"@graph\":[{\"@type\":\"Article\",\"@id\":\"https:\/\/www.tessi.eu\/fr\/tessi-enrichit-son-portail-teledeclaratif-aspone-fr-en-proposant-un-coffre-fort-numerique\/#article\",\"isPartOf\":{\"@id\":\"https:\/\/www.tessi.eu\/fr\/tessi-enrichit-son-portail-teledeclaratif-aspone-fr-en-proposant-un-coffre-fort-numerique\/\"},\"author\":{\"name\":\"cbonnet\",\"@id\":\"https:\/\/www.tessi.eu\/fr\/#\/schema\/person\/859d0f8ee0e735b277dee0268b7ad791\"},\"headline\":\"Tessi enrichit son portail t\u00e9l\u00e9d\u00e9claratif aspone.fr en proposant un coffre-fort num\u00e9rique\",\"datePublished\":\"2020-12-03T08:00:09+00:00\",\"dateModified\":\"2020-12-09T17:56:28+00:00\",\"mainEntityOfPage\":{\"@id\":\"https:\/\/www.tessi.eu\/fr\/tessi-enrichit-son-portail-teledeclaratif-aspone-fr-en-proposant-un-coffre-fort-numerique\/\"},\"wordCount\":461,\"image\":{\"@id\":\"https:\/\/www.tessi.eu\/fr\/tessi-enrichit-son-portail-teledeclaratif-aspone-fr-en-proposant-un-coffre-fort-numerique\/#primaryimage\"},\"thumbnailUrl\":\"https:\/\/www.tessi.eu\/wp-content\/uploads\/2020\/03\/tessi_actu_newblue.jpg\",\"articleSection\":[\"News\"],\"inLanguage\":\"fr-FR\"},{\"@type\":\"WebPage\",\"@id\":\"https:\/\/www.tessi.eu\/fr\/tessi-enrichit-son-portail-teledeclaratif-aspone-fr-en-proposant-un-coffre-fort-numerique\/\",\"url\":\"https:\/\/www.tessi.eu\/fr\/tessi-enrichit-son-portail-teledeclaratif-aspone-fr-en-proposant-un-coffre-fort-numerique\/\",\"name\":\"Tessi enrichit son portail t\u00e9l\u00e9d\u00e9claratif aspone.fr en proposant un coffre-fort num\u00e9rique - Tessi International\",\"isPartOf\":{\"@id\":\"https:\/\/www.tessi.eu\/fr\/#website\"},\"primaryImageOfPage\":{\"@id\":\"https:\/\/www.tessi.eu\/fr\/tessi-enrichit-son-portail-teledeclaratif-aspone-fr-en-proposant-un-coffre-fort-numerique\/#primaryimage\"},\"image\":{\"@id\":\"https:\/\/www.tessi.eu\/fr\/tessi-enrichit-son-portail-teledeclaratif-aspone-fr-en-proposant-un-coffre-fort-numerique\/#primaryimage\"},\"thumbnailUrl\":\"https:\/\/www.tessi.eu\/wp-content\/uploads\/2020\/03\/tessi_actu_newblue.jpg\",\"datePublished\":\"2020-12-03T08:00:09+00:00\",\"dateModified\":\"2020-12-09T17:56:28+00:00\",\"author\":{\"@id\":\"https:\/\/www.tessi.eu\/fr\/#\/schema\/person\/859d0f8ee0e735b277dee0268b7ad791\"},\"breadcrumb\":{\"@id\":\"https:\/\/www.tessi.eu\/fr\/tessi-enrichit-son-portail-teledeclaratif-aspone-fr-en-proposant-un-coffre-fort-numerique\/#breadcrumb\"},\"inLanguage\":\"fr-FR\",\"potentialAction\":[{\"@type\":\"ReadAction\",\"target\":[\"https:\/\/www.tessi.eu\/fr\/tessi-enrichit-son-portail-teledeclaratif-aspone-fr-en-proposant-un-coffre-fort-numerique\/\"]}]},{\"@type\":\"ImageObject\",\"inLanguage\":\"fr-FR\",\"@id\":\"https:\/\/www.tessi.eu\/fr\/tessi-enrichit-son-portail-teledeclaratif-aspone-fr-en-proposant-un-coffre-fort-numerique\/#primaryimage\",\"url\":\"https:\/\/www.tessi.eu\/wp-content\/uploads\/2020\/03\/tessi_actu_newblue.jpg\",\"contentUrl\":\"https:\/\/www.tessi.eu\/wp-content\/uploads\/2020\/03\/tessi_actu_newblue.jpg\",\"width\":506,\"height\":398,\"caption\":\"tessi actu newblue\"},{\"@type\":\"BreadcrumbList\",\"@id\":\"https:\/\/www.tessi.eu\/fr\/tessi-enrichit-son-portail-teledeclaratif-aspone-fr-en-proposant-un-coffre-fort-numerique\/#breadcrumb\",\"itemListElement\":[{\"@type\":\"ListItem\",\"position\":1,\"name\":\"Home\",\"item\":\"https:\/\/www.tessi.eu\/fr\/\"},{\"@type\":\"ListItem\",\"position\":2,\"name\":\"Tessi enrichit son portail t\u00e9l\u00e9d\u00e9claratif aspone.fr en proposant un coffre-fort num\u00e9rique\"}]},{\"@type\":\"WebSite\",\"@id\":\"https:\/\/www.tessi.eu\/fr\/#website\",\"url\":\"https:\/\/www.tessi.eu\/fr\/\",\"name\":\"Tessi International\",\"description\":\"\",\"potentialAction\":[{\"@type\":\"SearchAction\",\"target\":{\"@type\":\"EntryPoint\",\"urlTemplate\":\"https:\/\/www.tessi.eu\/fr\/?s={search_term_string}\"},\"query-input\":{\"@type\":\"PropertyValueSpecification\",\"valueRequired\":true,\"valueName\":\"search_term_string\"}}],\"inLanguage\":\"fr-FR\"},{\"@type\":\"Person\",\"@id\":\"https:\/\/www.tessi.eu\/fr\/#\/schema\/person\/859d0f8ee0e735b277dee0268b7ad791\",\"name\":\"cbonnet\",\"image\":{\"@type\":\"ImageObject\",\"inLanguage\":\"fr-FR\",\"@id\":\"https:\/\/www.tessi.eu\/fr\/#\/schema\/person\/image\/\",\"url\":\"https:\/\/secure.gravatar.com\/avatar\/0d01ab1b427b196966268d5f1407f20f6367aba1866f9ac86912cfd758c2f669?s=96&d=mm&r=g\",\"contentUrl\":\"https:\/\/secure.gravatar.com\/avatar\/0d01ab1b427b196966268d5f1407f20f6367aba1866f9ac86912cfd758c2f669?s=96&d=mm&r=g\",\"caption\":\"cbonnet\"}}]}<\/script>\n<!-- \/ Yoast SEO Premium plugin. -->","yoast_head_json":{"title":"Tessi enrichit son portail t\u00e9l\u00e9d\u00e9claratif aspone.fr en proposant un coffre-fort num\u00e9rique - Tessi International","robots":{"index":"index","follow":"follow","max-snippet":"max-snippet:-1","max-image-preview":"max-image-preview:large","max-video-preview":"max-video-preview:-1"},"canonical":"https:\/\/www.tessi.eu\/fr\/tessi-enrichit-son-portail-teledeclaratif-aspone-fr-en-proposant-un-coffre-fort-numerique\/","og_locale":"fr_FR","og_type":"article","og_title":"Tessi enrichit son portail t\u00e9l\u00e9d\u00e9claratif aspone.fr en proposant un coffre-fort num\u00e9rique","og_description":"Tessi, acteur leader des Business Process Services, accompagne les acteurs du monde d\u00e9claratif dans le 100% digital gr\u00e2ce \u00e0 son portail t\u00e9l\u00e9d\u00e9claratif aspone.fr. L\u2019objectif\u00a0: r\u00e9pondre aux obligations l\u00e9gales, simplifier les \u00e9changes vers les administrations et g\u00e9n\u00e9rer des gains de productivit\u00e9. Con\u00e7u sur le principe de guichet unique, le portail aspone.fr permet aux entreprises, aux organismes [&hellip;]","og_url":"https:\/\/www.tessi.eu\/fr\/tessi-enrichit-son-portail-teledeclaratif-aspone-fr-en-proposant-un-coffre-fort-numerique\/","og_site_name":"Tessi International","article_published_time":"2020-12-03T08:00:09+00:00","article_modified_time":"2020-12-09T17:56:28+00:00","og_image":[{"width":506,"height":398,"url":"https:\/\/tessi.on-web.fr\/wp-content\/uploads\/2020\/03\/tessi_actu_newblue.jpg","type":"image\/jpeg"}],"author":"cbonnet","twitter_card":"summary_large_image","twitter_misc":{"\u00c9crit par":"cbonnet","Dur\u00e9e de lecture estim\u00e9e":"2 minutes"},"schema":{"@context":"https:\/\/schema.org","@graph":[{"@type":"Article","@id":"https:\/\/www.tessi.eu\/fr\/tessi-enrichit-son-portail-teledeclaratif-aspone-fr-en-proposant-un-coffre-fort-numerique\/#article","isPartOf":{"@id":"https:\/\/www.tessi.eu\/fr\/tessi-enrichit-son-portail-teledeclaratif-aspone-fr-en-proposant-un-coffre-fort-numerique\/"},"author":{"name":"cbonnet","@id":"https:\/\/www.tessi.eu\/fr\/#\/schema\/person\/859d0f8ee0e735b277dee0268b7ad791"},"headline":"Tessi enrichit son portail t\u00e9l\u00e9d\u00e9claratif aspone.fr en proposant un coffre-fort num\u00e9rique","datePublished":"2020-12-03T08:00:09+00:00","dateModified":"2020-12-09T17:56:28+00:00","mainEntityOfPage":{"@id":"https:\/\/www.tessi.eu\/fr\/tessi-enrichit-son-portail-teledeclaratif-aspone-fr-en-proposant-un-coffre-fort-numerique\/"},"wordCount":461,"image":{"@id":"https:\/\/www.tessi.eu\/fr\/tessi-enrichit-son-portail-teledeclaratif-aspone-fr-en-proposant-un-coffre-fort-numerique\/#primaryimage"},"thumbnailUrl":"https:\/\/www.tessi.eu\/wp-content\/uploads\/2020\/03\/tessi_actu_newblue.jpg","articleSection":["News"],"inLanguage":"fr-FR"},{"@type":"WebPage","@id":"https:\/\/www.tessi.eu\/fr\/tessi-enrichit-son-portail-teledeclaratif-aspone-fr-en-proposant-un-coffre-fort-numerique\/","url":"https:\/\/www.tessi.eu\/fr\/tessi-enrichit-son-portail-teledeclaratif-aspone-fr-en-proposant-un-coffre-fort-numerique\/","name":"Tessi enrichit son portail t\u00e9l\u00e9d\u00e9claratif aspone.fr en proposant un coffre-fort num\u00e9rique - Tessi International","isPartOf":{"@id":"https:\/\/www.tessi.eu\/fr\/#website"},"primaryImageOfPage":{"@id":"https:\/\/www.tessi.eu\/fr\/tessi-enrichit-son-portail-teledeclaratif-aspone-fr-en-proposant-un-coffre-fort-numerique\/#primaryimage"},"image":{"@id":"https:\/\/www.tessi.eu\/fr\/tessi-enrichit-son-portail-teledeclaratif-aspone-fr-en-proposant-un-coffre-fort-numerique\/#primaryimage"},"thumbnailUrl":"https:\/\/www.tessi.eu\/wp-content\/uploads\/2020\/03\/tessi_actu_newblue.jpg","datePublished":"2020-12-03T08:00:09+00:00","dateModified":"2020-12-09T17:56:28+00:00","author":{"@id":"https:\/\/www.tessi.eu\/fr\/#\/schema\/person\/859d0f8ee0e735b277dee0268b7ad791"},"breadcrumb":{"@id":"https:\/\/www.tessi.eu\/fr\/tessi-enrichit-son-portail-teledeclaratif-aspone-fr-en-proposant-un-coffre-fort-numerique\/#breadcrumb"},"inLanguage":"fr-FR","potentialAction":[{"@type":"ReadAction","target":["https:\/\/www.tessi.eu\/fr\/tessi-enrichit-son-portail-teledeclaratif-aspone-fr-en-proposant-un-coffre-fort-numerique\/"]}]},{"@type":"ImageObject","inLanguage":"fr-FR","@id":"https:\/\/www.tessi.eu\/fr\/tessi-enrichit-son-portail-teledeclaratif-aspone-fr-en-proposant-un-coffre-fort-numerique\/#primaryimage","url":"https:\/\/www.tessi.eu\/wp-content\/uploads\/2020\/03\/tessi_actu_newblue.jpg","contentUrl":"https:\/\/www.tessi.eu\/wp-content\/uploads\/2020\/03\/tessi_actu_newblue.jpg","width":506,"height":398,"caption":"tessi actu newblue"},{"@type":"BreadcrumbList","@id":"https:\/\/www.tessi.eu\/fr\/tessi-enrichit-son-portail-teledeclaratif-aspone-fr-en-proposant-un-coffre-fort-numerique\/#breadcrumb","itemListElement":[{"@type":"ListItem","position":1,"name":"Home","item":"https:\/\/www.tessi.eu\/fr\/"},{"@type":"ListItem","position":2,"name":"Tessi enrichit son portail t\u00e9l\u00e9d\u00e9claratif aspone.fr en proposant un coffre-fort num\u00e9rique"}]},{"@type":"WebSite","@id":"https:\/\/www.tessi.eu\/fr\/#website","url":"https:\/\/www.tessi.eu\/fr\/","name":"Tessi International","description":"","potentialAction":[{"@type":"SearchAction","target":{"@type":"EntryPoint","urlTemplate":"https:\/\/www.tessi.eu\/fr\/?s={search_term_string}"},"query-input":{"@type":"PropertyValueSpecification","valueRequired":true,"valueName":"search_term_string"}}],"inLanguage":"fr-FR"},{"@type":"Person","@id":"https:\/\/www.tessi.eu\/fr\/#\/schema\/person\/859d0f8ee0e735b277dee0268b7ad791","name":"cbonnet","image":{"@type":"ImageObject","inLanguage":"fr-FR","@id":"https:\/\/www.tessi.eu\/fr\/#\/schema\/person\/image\/","url":"https:\/\/secure.gravatar.com\/avatar\/0d01ab1b427b196966268d5f1407f20f6367aba1866f9ac86912cfd758c2f669?s=96&d=mm&r=g","contentUrl":"https:\/\/secure.gravatar.com\/avatar\/0d01ab1b427b196966268d5f1407f20f6367aba1866f9ac86912cfd758c2f669?s=96&d=mm&r=g","caption":"cbonnet"}}]}},"_links":{"self":[{"href":"https:\/\/www.tessi.eu\/fr\/wp-json\/wp\/v2\/posts\/32004\/"}],"collection":[{"href":"https:\/\/www.tessi.eu\/fr\/wp-json\/wp\/v2\/posts\/"}],"about":[{"href":"https:\/\/www.tessi.eu\/fr\/wp-json\/wp\/v2\/types\/post\/"}],"author":[{"embeddable":true,"href":"https:\/\/www.tessi.eu\/fr\/wp-json\/wp\/v2\/users\/11\/"}],"replies":[{"embeddable":true,"href":"https:\/\/www.tessi.eu\/fr\/wp-json\/wp\/v2\/comments\/?post=32004"}],"version-history":[{"count":0,"href":"https:\/\/www.tessi.eu\/fr\/wp-json\/wp\/v2\/posts\/32004\/revisions\/"}],"wp:featuredmedia":[{"embeddable":true,"href":"https:\/\/www.tessi.eu\/fr\/wp-json\/wp\/v2\/media\/11941\/"}],"wp:attachment":[{"href":"https:\/\/www.tessi.eu\/fr\/wp-json\/wp\/v2\/media\/?parent=32004"}],"wp:term":[{"taxonomy":"category","embeddable":true,"href":"https:\/\/www.tessi.eu\/fr\/wp-json\/wp\/v2\/categories\/?post=32004"},{"taxonomy":"post_tag","embeddable":true,"href":"https:\/\/www.tessi.eu\/fr\/wp-json\/wp\/v2\/tags\/?post=32004"}],"curies":[{"name":"wp","href":"https:\/\/api.w.org\/{rel}","templated":true}]}}