{"id":31905,"date":"2021-03-09T19:00:44","date_gmt":"2021-03-09T17:00:44","guid":{"rendered":"https:\/\/www.tessi.eu\/tessi-acquiert-une-participation-majoritaire-dans-lexpert-en-formation-professionnelle-proformation-2\/"},"modified":"2021-03-10T19:14:13","modified_gmt":"2021-03-10T17:14:13","slug":"tessi-acquiert-une-participation-majoritaire-dans-lexpert-en-formation-professionnelle-proformation","status":"publish","type":"post","link":"https:\/\/www.tessi.eu\/fr\/tessi-acquiert-une-participation-majoritaire-dans-lexpert-en-formation-professionnelle-proformation\/","title":{"rendered":"Tessi acquiert une participation majoritaire dans l\u2019expert en formation professionnelle Proformation"},"content":{"rendered":"<p>Organis\u00e9 autour de cinq activit\u00e9s principales (langues \u00e9trang\u00e8res, bureautique, management, efficacit\u00e9 professionnelle, Digital et services p\u00e9dagogiques externalis\u00e9s), Proformation d\u00e9veloppe des prestations de formation \u00e0 distance qualitatives et reconnues.<\/p>\n<p>Dans un march\u00e9 dynamique, port\u00e9 par la croissance du secteur, et apr\u00e8s l\u2019acquisition d\u2019ADM Value en 2019, Tessi poursuit son d\u00e9veloppement par croissance externe.<\/p>\n<p><span style=\"color: #005faa;\"><em>\u00ab Nous souhaitions nous rapprocher d\u2019un acteur partageant nos valeurs et ayant une r\u00e9elle volont\u00e9 de diversifications autour de la relation client. Nous sommes ravis de rejoindre un acteur leader dans l\u2019outsourcing, sachant m\u00ealer technologies et expertises humaines \u00bb<\/em> <strong>d\u00e9clare Yves Le Pomellec, Pr\u00e9sident Directeur G\u00e9n\u00e9ral de Proformation.<\/strong><\/span><\/p>\n<p>Cette acquisition renforce \u00e9galement la pr\u00e9sence internationale du groupe Tessi. D\u00e9j\u00e0 pr\u00e9sent dans 14 pays, l\u2019arriv\u00e9e de Proformation dans le portefeuille Tessi lui permet de s\u2019implanter bient\u00f4t aux Philippines.<\/p>\n<p><span style=\"color: #005faa;\"><em>\u00ab\u00a0Tessi et Proformation, dont ADM Value \u00e9tait un actionnaire minoritaire, ont d\u00e9cid\u00e9 de se rapprocher avec la volont\u00e9 commune d\u2019acc\u00e9l\u00e9rer le d\u00e9veloppement de la soci\u00e9t\u00e9. Proformation, qui ambitionne en 2021 un chiffre d\u2019affaire de plus de 10 millions d\u2019euros, vient enrichir notre offre de prestations en France et \u00e0 l\u2019off-shore, et vient compl\u00e9ter notre portefeuille clients. Cette acquisition s\u2019inscrit dans la continuit\u00e9 et dans notre volont\u00e9 d\u2019am\u00e9liorer et renforcer notre gamme de services autour de la relation client, pilier de notre strat\u00e9gie de croissance\u00a0\u00bb<\/em> <strong>d\u00e9clare Olivier Jolland, Directeur G\u00e9n\u00e9ral du groupe Tessi.<\/strong><\/span><\/p>\n<form action=\"https:\/\/www.tessi.eu\/fr\/wp-content\/uploads\/sites\/2\/2021\/03\/tessi-20210309-acquisition-de-proformation-fr.pdf\" target=\"_blank\"><input class=\"wpcf7-form-control wpcf7-submit btn btn-light btn-custom btn-big btn-round\" type=\"submit\" value=\" T\u00e9l\u00e9charger le communiqu\u00e9 de presse \" \/><\/form>\n","protected":false},"excerpt":{"rendered":"<p>Organis\u00e9 autour de cinq activit\u00e9s principales (langues \u00e9trang\u00e8res, bureautique, management, efficacit\u00e9 professionnelle, Digital et services p\u00e9dagogiques externalis\u00e9s), Proformation d\u00e9veloppe des prestations de formation \u00e0 distance qualitatives et reconnues. Dans un march\u00e9 dynamique, port\u00e9 par la croissance du secteur, et apr\u00e8s l\u2019acquisition d\u2019ADM Value en 2019, Tessi poursuit son d\u00e9veloppement par croissance externe. \u00ab Nous souhaitions [&hellip;]<\/p>\n","protected":false},"author":11,"featured_media":15423,"comment_status":"closed","ping_status":"closed","sticky":true,"template":"","format":"standard","meta":{"_acf_changed":false,"footnotes":""},"categories":[131],"tags":[],"class_list":["post-31905","post","type-post","status-publish","format-standard","has-post-thumbnail","hentry","category-financier"],"acf":[],"yoast_head":"<!-- This site is optimized with the Yoast SEO Premium plugin v22.3 (Yoast SEO v27.1.1) - https:\/\/yoast.com\/product\/yoast-seo-premium-wordpress\/ -->\n<title>Tessi acquiert une participation majoritaire dans l\u2019expert en formation professionnelle Proformation - Tessi International<\/title>\n<meta name=\"description\" content=\"Proformation, acteur majeur de la formation g\u00e9n\u00e9raliste en visio-formation-classe virtuelle, e-tutorat, et en pr\u00e9sentiel, rejoint le groupe Tessi.\" \/>\n<meta name=\"robots\" content=\"index, follow, max-snippet:-1, max-image-preview:large, max-video-preview:-1\" \/>\n<link rel=\"canonical\" href=\"https:\/\/www.tessi.eu\/fr\/tessi-acquiert-une-participation-majoritaire-dans-lexpert-en-formation-professionnelle-proformation\/\" \/>\n<meta property=\"og:locale\" content=\"fr_FR\" \/>\n<meta property=\"og:type\" content=\"article\" \/>\n<meta property=\"og:title\" content=\"Tessi acquiert une participation majoritaire dans l\u2019expert en formation professionnelle Proformation\" \/>\n<meta property=\"og:description\" content=\"Proformation, acteur majeur de la formation g\u00e9n\u00e9raliste en visio-formation-classe virtuelle, e-tutorat, et en pr\u00e9sentiel, rejoint le groupe Tessi.\" \/>\n<meta property=\"og:url\" content=\"https:\/\/www.tessi.eu\/fr\/tessi-acquiert-une-participation-majoritaire-dans-lexpert-en-formation-professionnelle-proformation\/\" \/>\n<meta property=\"og:site_name\" content=\"Tessi International\" \/>\n<meta property=\"article:published_time\" content=\"2021-03-09T17:00:44+00:00\" \/>\n<meta property=\"article:modified_time\" content=\"2021-03-10T17:14:13+00:00\" \/>\n<meta property=\"og:image\" content=\"https:\/\/www.tessi.eu\/wp-content\/uploads\/2021\/03\/vignette-proformation.jpg\" \/>\n\t<meta property=\"og:image:width\" content=\"506\" \/>\n\t<meta property=\"og:image:height\" content=\"398\" \/>\n\t<meta property=\"og:image:type\" content=\"image\/jpeg\" \/>\n<meta name=\"author\" content=\"cbonnet\" \/>\n<meta name=\"twitter:card\" content=\"summary_large_image\" \/>\n<meta name=\"twitter:label1\" content=\"\u00c9crit par\" \/>\n\t<meta name=\"twitter:data1\" content=\"cbonnet\" \/>\n\t<meta name=\"twitter:label2\" content=\"Dur\u00e9e de lecture estim\u00e9e\" \/>\n\t<meta name=\"twitter:data2\" content=\"2 minutes\" \/>\n<script type=\"application\/ld+json\" class=\"yoast-schema-graph\">{\"@context\":\"https:\/\/schema.org\",\"@graph\":[{\"@type\":\"Article\",\"@id\":\"https:\/\/www.tessi.eu\/fr\/tessi-acquiert-une-participation-majoritaire-dans-lexpert-en-formation-professionnelle-proformation\/#article\",\"isPartOf\":{\"@id\":\"https:\/\/www.tessi.eu\/fr\/tessi-acquiert-une-participation-majoritaire-dans-lexpert-en-formation-professionnelle-proformation\/\"},\"author\":{\"name\":\"cbonnet\",\"@id\":\"https:\/\/www.tessi.eu\/fr\/#\/schema\/person\/859d0f8ee0e735b277dee0268b7ad791\"},\"headline\":\"Tessi acquiert une participation majoritaire dans l\u2019expert en formation professionnelle Proformation\",\"datePublished\":\"2021-03-09T17:00:44+00:00\",\"dateModified\":\"2021-03-10T17:14:13+00:00\",\"mainEntityOfPage\":{\"@id\":\"https:\/\/www.tessi.eu\/fr\/tessi-acquiert-une-participation-majoritaire-dans-lexpert-en-formation-professionnelle-proformation\/\"},\"wordCount\":266,\"image\":{\"@id\":\"https:\/\/www.tessi.eu\/fr\/tessi-acquiert-une-participation-majoritaire-dans-lexpert-en-formation-professionnelle-proformation\/#primaryimage\"},\"thumbnailUrl\":\"https:\/\/www.tessi.eu\/wp-content\/uploads\/2021\/03\/vignette-proformation.jpg\",\"articleSection\":[\"Financier\"],\"inLanguage\":\"fr-FR\"},{\"@type\":\"WebPage\",\"@id\":\"https:\/\/www.tessi.eu\/fr\/tessi-acquiert-une-participation-majoritaire-dans-lexpert-en-formation-professionnelle-proformation\/\",\"url\":\"https:\/\/www.tessi.eu\/fr\/tessi-acquiert-une-participation-majoritaire-dans-lexpert-en-formation-professionnelle-proformation\/\",\"name\":\"Tessi acquiert une participation majoritaire dans l\u2019expert en formation professionnelle Proformation - Tessi International\",\"isPartOf\":{\"@id\":\"https:\/\/www.tessi.eu\/fr\/#website\"},\"primaryImageOfPage\":{\"@id\":\"https:\/\/www.tessi.eu\/fr\/tessi-acquiert-une-participation-majoritaire-dans-lexpert-en-formation-professionnelle-proformation\/#primaryimage\"},\"image\":{\"@id\":\"https:\/\/www.tessi.eu\/fr\/tessi-acquiert-une-participation-majoritaire-dans-lexpert-en-formation-professionnelle-proformation\/#primaryimage\"},\"thumbnailUrl\":\"https:\/\/www.tessi.eu\/wp-content\/uploads\/2021\/03\/vignette-proformation.jpg\",\"datePublished\":\"2021-03-09T17:00:44+00:00\",\"dateModified\":\"2021-03-10T17:14:13+00:00\",\"author\":{\"@id\":\"https:\/\/www.tessi.eu\/fr\/#\/schema\/person\/859d0f8ee0e735b277dee0268b7ad791\"},\"description\":\"Proformation, acteur majeur de la formation g\u00e9n\u00e9raliste en visio-formation-classe virtuelle, e-tutorat, et en pr\u00e9sentiel, rejoint le groupe Tessi.\",\"breadcrumb\":{\"@id\":\"https:\/\/www.tessi.eu\/fr\/tessi-acquiert-une-participation-majoritaire-dans-lexpert-en-formation-professionnelle-proformation\/#breadcrumb\"},\"inLanguage\":\"fr-FR\",\"potentialAction\":[{\"@type\":\"ReadAction\",\"target\":[\"https:\/\/www.tessi.eu\/fr\/tessi-acquiert-une-participation-majoritaire-dans-lexpert-en-formation-professionnelle-proformation\/\"]}]},{\"@type\":\"ImageObject\",\"inLanguage\":\"fr-FR\",\"@id\":\"https:\/\/www.tessi.eu\/fr\/tessi-acquiert-une-participation-majoritaire-dans-lexpert-en-formation-professionnelle-proformation\/#primaryimage\",\"url\":\"https:\/\/www.tessi.eu\/wp-content\/uploads\/2021\/03\/vignette-proformation.jpg\",\"contentUrl\":\"https:\/\/www.tessi.eu\/wp-content\/uploads\/2021\/03\/vignette-proformation.jpg\",\"width\":506,\"height\":398,\"caption\":\"vignette proformation\"},{\"@type\":\"BreadcrumbList\",\"@id\":\"https:\/\/www.tessi.eu\/fr\/tessi-acquiert-une-participation-majoritaire-dans-lexpert-en-formation-professionnelle-proformation\/#breadcrumb\",\"itemListElement\":[{\"@type\":\"ListItem\",\"position\":1,\"name\":\"Home\",\"item\":\"https:\/\/www.tessi.eu\/fr\/\"},{\"@type\":\"ListItem\",\"position\":2,\"name\":\"Tessi acquiert une participation majoritaire dans l\u2019expert en formation professionnelle Proformation\"}]},{\"@type\":\"WebSite\",\"@id\":\"https:\/\/www.tessi.eu\/fr\/#website\",\"url\":\"https:\/\/www.tessi.eu\/fr\/\",\"name\":\"Tessi International\",\"description\":\"\",\"potentialAction\":[{\"@type\":\"SearchAction\",\"target\":{\"@type\":\"EntryPoint\",\"urlTemplate\":\"https:\/\/www.tessi.eu\/fr\/?s={search_term_string}\"},\"query-input\":{\"@type\":\"PropertyValueSpecification\",\"valueRequired\":true,\"valueName\":\"search_term_string\"}}],\"inLanguage\":\"fr-FR\"},{\"@type\":\"Person\",\"@id\":\"https:\/\/www.tessi.eu\/fr\/#\/schema\/person\/859d0f8ee0e735b277dee0268b7ad791\",\"name\":\"cbonnet\",\"image\":{\"@type\":\"ImageObject\",\"inLanguage\":\"fr-FR\",\"@id\":\"https:\/\/www.tessi.eu\/fr\/#\/schema\/person\/image\/\",\"url\":\"https:\/\/secure.gravatar.com\/avatar\/0d01ab1b427b196966268d5f1407f20f6367aba1866f9ac86912cfd758c2f669?s=96&d=mm&r=g\",\"contentUrl\":\"https:\/\/secure.gravatar.com\/avatar\/0d01ab1b427b196966268d5f1407f20f6367aba1866f9ac86912cfd758c2f669?s=96&d=mm&r=g\",\"caption\":\"cbonnet\"}}]}<\/script>\n<!-- \/ Yoast SEO Premium plugin. -->","yoast_head_json":{"title":"Tessi acquiert une participation majoritaire dans l\u2019expert en formation professionnelle Proformation - Tessi International","description":"Proformation, acteur majeur de la formation g\u00e9n\u00e9raliste en visio-formation-classe virtuelle, e-tutorat, et en pr\u00e9sentiel, rejoint le groupe Tessi.","robots":{"index":"index","follow":"follow","max-snippet":"max-snippet:-1","max-image-preview":"max-image-preview:large","max-video-preview":"max-video-preview:-1"},"canonical":"https:\/\/www.tessi.eu\/fr\/tessi-acquiert-une-participation-majoritaire-dans-lexpert-en-formation-professionnelle-proformation\/","og_locale":"fr_FR","og_type":"article","og_title":"Tessi acquiert une participation majoritaire dans l\u2019expert en formation professionnelle Proformation","og_description":"Proformation, acteur majeur de la formation g\u00e9n\u00e9raliste en visio-formation-classe virtuelle, e-tutorat, et en pr\u00e9sentiel, rejoint le groupe Tessi.","og_url":"https:\/\/www.tessi.eu\/fr\/tessi-acquiert-une-participation-majoritaire-dans-lexpert-en-formation-professionnelle-proformation\/","og_site_name":"Tessi International","article_published_time":"2021-03-09T17:00:44+00:00","article_modified_time":"2021-03-10T17:14:13+00:00","og_image":[{"width":506,"height":398,"url":"https:\/\/www.tessi.eu\/wp-content\/uploads\/2021\/03\/vignette-proformation.jpg","type":"image\/jpeg"}],"author":"cbonnet","twitter_card":"summary_large_image","twitter_misc":{"\u00c9crit par":"cbonnet","Dur\u00e9e de lecture estim\u00e9e":"2 minutes"},"schema":{"@context":"https:\/\/schema.org","@graph":[{"@type":"Article","@id":"https:\/\/www.tessi.eu\/fr\/tessi-acquiert-une-participation-majoritaire-dans-lexpert-en-formation-professionnelle-proformation\/#article","isPartOf":{"@id":"https:\/\/www.tessi.eu\/fr\/tessi-acquiert-une-participation-majoritaire-dans-lexpert-en-formation-professionnelle-proformation\/"},"author":{"name":"cbonnet","@id":"https:\/\/www.tessi.eu\/fr\/#\/schema\/person\/859d0f8ee0e735b277dee0268b7ad791"},"headline":"Tessi acquiert une participation majoritaire dans l\u2019expert en formation professionnelle Proformation","datePublished":"2021-03-09T17:00:44+00:00","dateModified":"2021-03-10T17:14:13+00:00","mainEntityOfPage":{"@id":"https:\/\/www.tessi.eu\/fr\/tessi-acquiert-une-participation-majoritaire-dans-lexpert-en-formation-professionnelle-proformation\/"},"wordCount":266,"image":{"@id":"https:\/\/www.tessi.eu\/fr\/tessi-acquiert-une-participation-majoritaire-dans-lexpert-en-formation-professionnelle-proformation\/#primaryimage"},"thumbnailUrl":"https:\/\/www.tessi.eu\/wp-content\/uploads\/2021\/03\/vignette-proformation.jpg","articleSection":["Financier"],"inLanguage":"fr-FR"},{"@type":"WebPage","@id":"https:\/\/www.tessi.eu\/fr\/tessi-acquiert-une-participation-majoritaire-dans-lexpert-en-formation-professionnelle-proformation\/","url":"https:\/\/www.tessi.eu\/fr\/tessi-acquiert-une-participation-majoritaire-dans-lexpert-en-formation-professionnelle-proformation\/","name":"Tessi acquiert une participation majoritaire dans l\u2019expert en formation professionnelle Proformation - Tessi International","isPartOf":{"@id":"https:\/\/www.tessi.eu\/fr\/#website"},"primaryImageOfPage":{"@id":"https:\/\/www.tessi.eu\/fr\/tessi-acquiert-une-participation-majoritaire-dans-lexpert-en-formation-professionnelle-proformation\/#primaryimage"},"image":{"@id":"https:\/\/www.tessi.eu\/fr\/tessi-acquiert-une-participation-majoritaire-dans-lexpert-en-formation-professionnelle-proformation\/#primaryimage"},"thumbnailUrl":"https:\/\/www.tessi.eu\/wp-content\/uploads\/2021\/03\/vignette-proformation.jpg","datePublished":"2021-03-09T17:00:44+00:00","dateModified":"2021-03-10T17:14:13+00:00","author":{"@id":"https:\/\/www.tessi.eu\/fr\/#\/schema\/person\/859d0f8ee0e735b277dee0268b7ad791"},"description":"Proformation, acteur majeur de la formation g\u00e9n\u00e9raliste en visio-formation-classe virtuelle, e-tutorat, et en pr\u00e9sentiel, rejoint le groupe Tessi.","breadcrumb":{"@id":"https:\/\/www.tessi.eu\/fr\/tessi-acquiert-une-participation-majoritaire-dans-lexpert-en-formation-professionnelle-proformation\/#breadcrumb"},"inLanguage":"fr-FR","potentialAction":[{"@type":"ReadAction","target":["https:\/\/www.tessi.eu\/fr\/tessi-acquiert-une-participation-majoritaire-dans-lexpert-en-formation-professionnelle-proformation\/"]}]},{"@type":"ImageObject","inLanguage":"fr-FR","@id":"https:\/\/www.tessi.eu\/fr\/tessi-acquiert-une-participation-majoritaire-dans-lexpert-en-formation-professionnelle-proformation\/#primaryimage","url":"https:\/\/www.tessi.eu\/wp-content\/uploads\/2021\/03\/vignette-proformation.jpg","contentUrl":"https:\/\/www.tessi.eu\/wp-content\/uploads\/2021\/03\/vignette-proformation.jpg","width":506,"height":398,"caption":"vignette proformation"},{"@type":"BreadcrumbList","@id":"https:\/\/www.tessi.eu\/fr\/tessi-acquiert-une-participation-majoritaire-dans-lexpert-en-formation-professionnelle-proformation\/#breadcrumb","itemListElement":[{"@type":"ListItem","position":1,"name":"Home","item":"https:\/\/www.tessi.eu\/fr\/"},{"@type":"ListItem","position":2,"name":"Tessi acquiert une participation majoritaire dans l\u2019expert en formation professionnelle Proformation"}]},{"@type":"WebSite","@id":"https:\/\/www.tessi.eu\/fr\/#website","url":"https:\/\/www.tessi.eu\/fr\/","name":"Tessi International","description":"","potentialAction":[{"@type":"SearchAction","target":{"@type":"EntryPoint","urlTemplate":"https:\/\/www.tessi.eu\/fr\/?s={search_term_string}"},"query-input":{"@type":"PropertyValueSpecification","valueRequired":true,"valueName":"search_term_string"}}],"inLanguage":"fr-FR"},{"@type":"Person","@id":"https:\/\/www.tessi.eu\/fr\/#\/schema\/person\/859d0f8ee0e735b277dee0268b7ad791","name":"cbonnet","image":{"@type":"ImageObject","inLanguage":"fr-FR","@id":"https:\/\/www.tessi.eu\/fr\/#\/schema\/person\/image\/","url":"https:\/\/secure.gravatar.com\/avatar\/0d01ab1b427b196966268d5f1407f20f6367aba1866f9ac86912cfd758c2f669?s=96&d=mm&r=g","contentUrl":"https:\/\/secure.gravatar.com\/avatar\/0d01ab1b427b196966268d5f1407f20f6367aba1866f9ac86912cfd758c2f669?s=96&d=mm&r=g","caption":"cbonnet"}}]}},"_links":{"self":[{"href":"https:\/\/www.tessi.eu\/fr\/wp-json\/wp\/v2\/posts\/31905\/"}],"collection":[{"href":"https:\/\/www.tessi.eu\/fr\/wp-json\/wp\/v2\/posts\/"}],"about":[{"href":"https:\/\/www.tessi.eu\/fr\/wp-json\/wp\/v2\/types\/post\/"}],"author":[{"embeddable":true,"href":"https:\/\/www.tessi.eu\/fr\/wp-json\/wp\/v2\/users\/11\/"}],"replies":[{"embeddable":true,"href":"https:\/\/www.tessi.eu\/fr\/wp-json\/wp\/v2\/comments\/?post=31905"}],"version-history":[{"count":0,"href":"https:\/\/www.tessi.eu\/fr\/wp-json\/wp\/v2\/posts\/31905\/revisions\/"}],"wp:featuredmedia":[{"embeddable":true,"href":"https:\/\/www.tessi.eu\/fr\/wp-json\/wp\/v2\/media\/15423\/"}],"wp:attachment":[{"href":"https:\/\/www.tessi.eu\/fr\/wp-json\/wp\/v2\/media\/?parent=31905"}],"wp:term":[{"taxonomy":"category","embeddable":true,"href":"https:\/\/www.tessi.eu\/fr\/wp-json\/wp\/v2\/categories\/?post=31905"},{"taxonomy":"post_tag","embeddable":true,"href":"https:\/\/www.tessi.eu\/fr\/wp-json\/wp\/v2\/tags\/?post=31905"}],"curies":[{"name":"wp","href":"https:\/\/api.w.org\/{rel}","templated":true}]}}