{"id":31880,"date":"2021-03-23T15:34:12","date_gmt":"2021-03-23T13:34:12","guid":{"rendered":"https:\/\/www.tessi.eu\/3-questions-a-claire-fistarol-presidente-du-directoire-2\/"},"modified":"2021-03-23T15:54:18","modified_gmt":"2021-03-23T13:54:18","slug":"3-questions-a-claire-fistarol-presidente-du-directoire","status":"publish","type":"post","link":"https:\/\/www.tessi.eu\/fr\/3-questions-a-claire-fistarol-presidente-du-directoire\/","title":{"rendered":"3 questions \u00e0&#8230; Claire Fistarol, Pr\u00e9sidente du Directoire"},"content":{"rendered":"<p>Nous avons pos\u00e9 <strong>3 questions \u00e0\u00a0Claire FISTAROL<\/strong>, Pr\u00e9sidente du Directoire de\u00a0Tessi.<\/p>\n<ul>\n<li>Quel est le m\u00e9tier de\u00a0Tessi\u00a0?<\/li>\n<li>Quels sont les leviers et atouts sur lesquels\u00a0Tessi\u00a0va s\u2019appuyer en 2021 pour acc\u00e9l\u00e9rer ou relancer la croissance et l\u2019am\u00e9lioration de sa rentabilit\u00e9 ?<\/li>\n<li>Sur quel m\u00e9tier \/ offre pr\u00e9voyez-vous de faire de la croissance ?<\/li>\n<\/ul>\n<p>D\u00e9couvrez notre toute <strong>nouvelle vid\u00e9o<\/strong> !<\/p>\n<p><iframe title=\"3 questions \u00e0 Claire Fistarol, Pr\u00e9sidente du Directoire\" width=\"500\" height=\"281\" data-requires-vendor-consent=\"Youtube\" data-src=\"https:\/\/www.youtube.com\/embed\/4tKG-fP7EYo?feature=oembed\" frameborder=\"0\" allow=\"accelerometer; autoplay; clipboard-write; encrypted-media; gyroscope; picture-in-picture; web-share\" referrerpolicy=\"strict-origin-when-cross-origin\" allowfullscreen><\/iframe><\/p>\n","protected":false},"excerpt":{"rendered":"<p>Nous avons pos\u00e9 3 questions \u00e0\u00a0Claire FISTAROL, Pr\u00e9sidente du Directoire de\u00a0Tessi. Quel est le m\u00e9tier de\u00a0Tessi\u00a0? Quels sont les leviers et atouts sur lesquels\u00a0Tessi\u00a0va s\u2019appuyer en 2021 pour acc\u00e9l\u00e9rer ou relancer la croissance et l\u2019am\u00e9lioration de sa rentabilit\u00e9 ? Sur quel m\u00e9tier \/ offre pr\u00e9voyez-vous de faire de la croissance ? D\u00e9couvrez notre toute nouvelle [&hellip;]<\/p>\n","protected":false},"author":11,"featured_media":15539,"comment_status":"closed","ping_status":"closed","sticky":true,"template":"","format":"standard","meta":{"_acf_changed":false,"footnotes":""},"categories":[47],"tags":[],"class_list":["post-31880","post","type-post","status-publish","format-standard","has-post-thumbnail","hentry","category-news"],"acf":[],"yoast_head":"<!-- This site is optimized with the Yoast SEO Premium plugin v22.3 (Yoast SEO v27.1.1) - https:\/\/yoast.com\/product\/yoast-seo-premium-wordpress\/ -->\n<title>3 questions \u00e0... Claire Fistarol, Pr\u00e9sidente du Directoire - Tessi International<\/title>\n<meta name=\"robots\" content=\"index, follow, max-snippet:-1, max-image-preview:large, max-video-preview:-1\" \/>\n<link rel=\"canonical\" href=\"https:\/\/www.tessi.eu\/fr\/3-questions-a-claire-fistarol-presidente-du-directoire\/\" \/>\n<meta property=\"og:locale\" content=\"fr_FR\" \/>\n<meta property=\"og:type\" content=\"article\" \/>\n<meta property=\"og:title\" content=\"3 questions \u00e0... Claire Fistarol, Pr\u00e9sidente du Directoire\" \/>\n<meta property=\"og:description\" content=\"Nous avons pos\u00e9 3 questions \u00e0\u00a0Claire FISTAROL, Pr\u00e9sidente du Directoire de\u00a0Tessi. Quel est le m\u00e9tier de\u00a0Tessi\u00a0? Quels sont les leviers et atouts sur lesquels\u00a0Tessi\u00a0va s\u2019appuyer en 2021 pour acc\u00e9l\u00e9rer ou relancer la croissance et l\u2019am\u00e9lioration de sa rentabilit\u00e9 ? Sur quel m\u00e9tier \/ offre pr\u00e9voyez-vous de faire de la croissance ? D\u00e9couvrez notre toute nouvelle [&hellip;]\" \/>\n<meta property=\"og:url\" content=\"https:\/\/www.tessi.eu\/fr\/3-questions-a-claire-fistarol-presidente-du-directoire\/\" \/>\n<meta property=\"og:site_name\" content=\"Tessi International\" \/>\n<meta property=\"article:published_time\" content=\"2021-03-23T13:34:12+00:00\" \/>\n<meta property=\"article:modified_time\" content=\"2021-03-23T13:54:18+00:00\" \/>\n<meta property=\"og:image\" content=\"https:\/\/www.tessi.eu\/wp-content\/uploads\/2021\/03\/3q-claire-fistarol-vignette-web.png\" \/>\n\t<meta property=\"og:image:width\" content=\"506\" \/>\n\t<meta property=\"og:image:height\" content=\"398\" \/>\n\t<meta property=\"og:image:type\" content=\"image\/png\" \/>\n<meta name=\"author\" content=\"cbonnet\" \/>\n<meta name=\"twitter:card\" content=\"summary_large_image\" \/>\n<meta name=\"twitter:label1\" content=\"\u00c9crit par\" \/>\n\t<meta name=\"twitter:data1\" content=\"cbonnet\" \/>\n\t<meta name=\"twitter:label2\" content=\"Dur\u00e9e de lecture estim\u00e9e\" \/>\n\t<meta name=\"twitter:data2\" content=\"1 minute\" \/>\n<script type=\"application\/ld+json\" class=\"yoast-schema-graph\">{\"@context\":\"https:\/\/schema.org\",\"@graph\":[{\"@type\":\"Article\",\"@id\":\"https:\/\/www.tessi.eu\/fr\/3-questions-a-claire-fistarol-presidente-du-directoire\/#article\",\"isPartOf\":{\"@id\":\"https:\/\/www.tessi.eu\/fr\/3-questions-a-claire-fistarol-presidente-du-directoire\/\"},\"author\":{\"name\":\"cbonnet\",\"@id\":\"https:\/\/www.tessi.eu\/fr\/#\/schema\/person\/859d0f8ee0e735b277dee0268b7ad791\"},\"headline\":\"3 questions \u00e0&#8230; Claire Fistarol, Pr\u00e9sidente du Directoire\",\"datePublished\":\"2021-03-23T13:34:12+00:00\",\"dateModified\":\"2021-03-23T13:54:18+00:00\",\"mainEntityOfPage\":{\"@id\":\"https:\/\/www.tessi.eu\/fr\/3-questions-a-claire-fistarol-presidente-du-directoire\/\"},\"wordCount\":78,\"image\":{\"@id\":\"https:\/\/www.tessi.eu\/fr\/3-questions-a-claire-fistarol-presidente-du-directoire\/#primaryimage\"},\"thumbnailUrl\":\"https:\/\/www.tessi.eu\/wp-content\/uploads\/2021\/03\/3q-claire-fistarol-vignette-web.png\",\"articleSection\":[\"News\"],\"inLanguage\":\"fr-FR\"},{\"@type\":\"WebPage\",\"@id\":\"https:\/\/www.tessi.eu\/fr\/3-questions-a-claire-fistarol-presidente-du-directoire\/\",\"url\":\"https:\/\/www.tessi.eu\/fr\/3-questions-a-claire-fistarol-presidente-du-directoire\/\",\"name\":\"3 questions \u00e0... Claire Fistarol, Pr\u00e9sidente du Directoire - Tessi International\",\"isPartOf\":{\"@id\":\"https:\/\/www.tessi.eu\/fr\/#website\"},\"primaryImageOfPage\":{\"@id\":\"https:\/\/www.tessi.eu\/fr\/3-questions-a-claire-fistarol-presidente-du-directoire\/#primaryimage\"},\"image\":{\"@id\":\"https:\/\/www.tessi.eu\/fr\/3-questions-a-claire-fistarol-presidente-du-directoire\/#primaryimage\"},\"thumbnailUrl\":\"https:\/\/www.tessi.eu\/wp-content\/uploads\/2021\/03\/3q-claire-fistarol-vignette-web.png\",\"datePublished\":\"2021-03-23T13:34:12+00:00\",\"dateModified\":\"2021-03-23T13:54:18+00:00\",\"author\":{\"@id\":\"https:\/\/www.tessi.eu\/fr\/#\/schema\/person\/859d0f8ee0e735b277dee0268b7ad791\"},\"breadcrumb\":{\"@id\":\"https:\/\/www.tessi.eu\/fr\/3-questions-a-claire-fistarol-presidente-du-directoire\/#breadcrumb\"},\"inLanguage\":\"fr-FR\",\"potentialAction\":[{\"@type\":\"ReadAction\",\"target\":[\"https:\/\/www.tessi.eu\/fr\/3-questions-a-claire-fistarol-presidente-du-directoire\/\"]}]},{\"@type\":\"ImageObject\",\"inLanguage\":\"fr-FR\",\"@id\":\"https:\/\/www.tessi.eu\/fr\/3-questions-a-claire-fistarol-presidente-du-directoire\/#primaryimage\",\"url\":\"https:\/\/www.tessi.eu\/wp-content\/uploads\/2021\/03\/3q-claire-fistarol-vignette-web.png\",\"contentUrl\":\"https:\/\/www.tessi.eu\/wp-content\/uploads\/2021\/03\/3q-claire-fistarol-vignette-web.png\",\"width\":506,\"height\":398,\"caption\":\"3q claire fistarol vignette web\"},{\"@type\":\"BreadcrumbList\",\"@id\":\"https:\/\/www.tessi.eu\/fr\/3-questions-a-claire-fistarol-presidente-du-directoire\/#breadcrumb\",\"itemListElement\":[{\"@type\":\"ListItem\",\"position\":1,\"name\":\"Home\",\"item\":\"https:\/\/www.tessi.eu\/fr\/\"},{\"@type\":\"ListItem\",\"position\":2,\"name\":\"3 questions \u00e0&#8230; Claire Fistarol, Pr\u00e9sidente du Directoire\"}]},{\"@type\":\"WebSite\",\"@id\":\"https:\/\/www.tessi.eu\/fr\/#website\",\"url\":\"https:\/\/www.tessi.eu\/fr\/\",\"name\":\"Tessi International\",\"description\":\"\",\"potentialAction\":[{\"@type\":\"SearchAction\",\"target\":{\"@type\":\"EntryPoint\",\"urlTemplate\":\"https:\/\/www.tessi.eu\/fr\/?s={search_term_string}\"},\"query-input\":{\"@type\":\"PropertyValueSpecification\",\"valueRequired\":true,\"valueName\":\"search_term_string\"}}],\"inLanguage\":\"fr-FR\"},{\"@type\":\"Person\",\"@id\":\"https:\/\/www.tessi.eu\/fr\/#\/schema\/person\/859d0f8ee0e735b277dee0268b7ad791\",\"name\":\"cbonnet\",\"image\":{\"@type\":\"ImageObject\",\"inLanguage\":\"fr-FR\",\"@id\":\"https:\/\/www.tessi.eu\/fr\/#\/schema\/person\/image\/\",\"url\":\"https:\/\/secure.gravatar.com\/avatar\/0d01ab1b427b196966268d5f1407f20f6367aba1866f9ac86912cfd758c2f669?s=96&d=mm&r=g\",\"contentUrl\":\"https:\/\/secure.gravatar.com\/avatar\/0d01ab1b427b196966268d5f1407f20f6367aba1866f9ac86912cfd758c2f669?s=96&d=mm&r=g\",\"caption\":\"cbonnet\"}}]}<\/script>\n<!-- \/ Yoast SEO Premium plugin. -->","yoast_head_json":{"title":"3 questions \u00e0... Claire Fistarol, Pr\u00e9sidente du Directoire - Tessi International","robots":{"index":"index","follow":"follow","max-snippet":"max-snippet:-1","max-image-preview":"max-image-preview:large","max-video-preview":"max-video-preview:-1"},"canonical":"https:\/\/www.tessi.eu\/fr\/3-questions-a-claire-fistarol-presidente-du-directoire\/","og_locale":"fr_FR","og_type":"article","og_title":"3 questions \u00e0... Claire Fistarol, Pr\u00e9sidente du Directoire","og_description":"Nous avons pos\u00e9 3 questions \u00e0\u00a0Claire FISTAROL, Pr\u00e9sidente du Directoire de\u00a0Tessi. Quel est le m\u00e9tier de\u00a0Tessi\u00a0? Quels sont les leviers et atouts sur lesquels\u00a0Tessi\u00a0va s\u2019appuyer en 2021 pour acc\u00e9l\u00e9rer ou relancer la croissance et l\u2019am\u00e9lioration de sa rentabilit\u00e9 ? Sur quel m\u00e9tier \/ offre pr\u00e9voyez-vous de faire de la croissance ? D\u00e9couvrez notre toute nouvelle [&hellip;]","og_url":"https:\/\/www.tessi.eu\/fr\/3-questions-a-claire-fistarol-presidente-du-directoire\/","og_site_name":"Tessi International","article_published_time":"2021-03-23T13:34:12+00:00","article_modified_time":"2021-03-23T13:54:18+00:00","og_image":[{"width":506,"height":398,"url":"https:\/\/www.tessi.eu\/wp-content\/uploads\/2021\/03\/3q-claire-fistarol-vignette-web.png","type":"image\/png"}],"author":"cbonnet","twitter_card":"summary_large_image","twitter_misc":{"\u00c9crit par":"cbonnet","Dur\u00e9e de lecture estim\u00e9e":"1 minute"},"schema":{"@context":"https:\/\/schema.org","@graph":[{"@type":"Article","@id":"https:\/\/www.tessi.eu\/fr\/3-questions-a-claire-fistarol-presidente-du-directoire\/#article","isPartOf":{"@id":"https:\/\/www.tessi.eu\/fr\/3-questions-a-claire-fistarol-presidente-du-directoire\/"},"author":{"name":"cbonnet","@id":"https:\/\/www.tessi.eu\/fr\/#\/schema\/person\/859d0f8ee0e735b277dee0268b7ad791"},"headline":"3 questions \u00e0&#8230; Claire Fistarol, Pr\u00e9sidente du Directoire","datePublished":"2021-03-23T13:34:12+00:00","dateModified":"2021-03-23T13:54:18+00:00","mainEntityOfPage":{"@id":"https:\/\/www.tessi.eu\/fr\/3-questions-a-claire-fistarol-presidente-du-directoire\/"},"wordCount":78,"image":{"@id":"https:\/\/www.tessi.eu\/fr\/3-questions-a-claire-fistarol-presidente-du-directoire\/#primaryimage"},"thumbnailUrl":"https:\/\/www.tessi.eu\/wp-content\/uploads\/2021\/03\/3q-claire-fistarol-vignette-web.png","articleSection":["News"],"inLanguage":"fr-FR"},{"@type":"WebPage","@id":"https:\/\/www.tessi.eu\/fr\/3-questions-a-claire-fistarol-presidente-du-directoire\/","url":"https:\/\/www.tessi.eu\/fr\/3-questions-a-claire-fistarol-presidente-du-directoire\/","name":"3 questions \u00e0... Claire Fistarol, Pr\u00e9sidente du Directoire - Tessi International","isPartOf":{"@id":"https:\/\/www.tessi.eu\/fr\/#website"},"primaryImageOfPage":{"@id":"https:\/\/www.tessi.eu\/fr\/3-questions-a-claire-fistarol-presidente-du-directoire\/#primaryimage"},"image":{"@id":"https:\/\/www.tessi.eu\/fr\/3-questions-a-claire-fistarol-presidente-du-directoire\/#primaryimage"},"thumbnailUrl":"https:\/\/www.tessi.eu\/wp-content\/uploads\/2021\/03\/3q-claire-fistarol-vignette-web.png","datePublished":"2021-03-23T13:34:12+00:00","dateModified":"2021-03-23T13:54:18+00:00","author":{"@id":"https:\/\/www.tessi.eu\/fr\/#\/schema\/person\/859d0f8ee0e735b277dee0268b7ad791"},"breadcrumb":{"@id":"https:\/\/www.tessi.eu\/fr\/3-questions-a-claire-fistarol-presidente-du-directoire\/#breadcrumb"},"inLanguage":"fr-FR","potentialAction":[{"@type":"ReadAction","target":["https:\/\/www.tessi.eu\/fr\/3-questions-a-claire-fistarol-presidente-du-directoire\/"]}]},{"@type":"ImageObject","inLanguage":"fr-FR","@id":"https:\/\/www.tessi.eu\/fr\/3-questions-a-claire-fistarol-presidente-du-directoire\/#primaryimage","url":"https:\/\/www.tessi.eu\/wp-content\/uploads\/2021\/03\/3q-claire-fistarol-vignette-web.png","contentUrl":"https:\/\/www.tessi.eu\/wp-content\/uploads\/2021\/03\/3q-claire-fistarol-vignette-web.png","width":506,"height":398,"caption":"3q claire fistarol vignette web"},{"@type":"BreadcrumbList","@id":"https:\/\/www.tessi.eu\/fr\/3-questions-a-claire-fistarol-presidente-du-directoire\/#breadcrumb","itemListElement":[{"@type":"ListItem","position":1,"name":"Home","item":"https:\/\/www.tessi.eu\/fr\/"},{"@type":"ListItem","position":2,"name":"3 questions \u00e0&#8230; Claire Fistarol, Pr\u00e9sidente du Directoire"}]},{"@type":"WebSite","@id":"https:\/\/www.tessi.eu\/fr\/#website","url":"https:\/\/www.tessi.eu\/fr\/","name":"Tessi International","description":"","potentialAction":[{"@type":"SearchAction","target":{"@type":"EntryPoint","urlTemplate":"https:\/\/www.tessi.eu\/fr\/?s={search_term_string}"},"query-input":{"@type":"PropertyValueSpecification","valueRequired":true,"valueName":"search_term_string"}}],"inLanguage":"fr-FR"},{"@type":"Person","@id":"https:\/\/www.tessi.eu\/fr\/#\/schema\/person\/859d0f8ee0e735b277dee0268b7ad791","name":"cbonnet","image":{"@type":"ImageObject","inLanguage":"fr-FR","@id":"https:\/\/www.tessi.eu\/fr\/#\/schema\/person\/image\/","url":"https:\/\/secure.gravatar.com\/avatar\/0d01ab1b427b196966268d5f1407f20f6367aba1866f9ac86912cfd758c2f669?s=96&d=mm&r=g","contentUrl":"https:\/\/secure.gravatar.com\/avatar\/0d01ab1b427b196966268d5f1407f20f6367aba1866f9ac86912cfd758c2f669?s=96&d=mm&r=g","caption":"cbonnet"}}]}},"_links":{"self":[{"href":"https:\/\/www.tessi.eu\/fr\/wp-json\/wp\/v2\/posts\/31880\/"}],"collection":[{"href":"https:\/\/www.tessi.eu\/fr\/wp-json\/wp\/v2\/posts\/"}],"about":[{"href":"https:\/\/www.tessi.eu\/fr\/wp-json\/wp\/v2\/types\/post\/"}],"author":[{"embeddable":true,"href":"https:\/\/www.tessi.eu\/fr\/wp-json\/wp\/v2\/users\/11\/"}],"replies":[{"embeddable":true,"href":"https:\/\/www.tessi.eu\/fr\/wp-json\/wp\/v2\/comments\/?post=31880"}],"version-history":[{"count":0,"href":"https:\/\/www.tessi.eu\/fr\/wp-json\/wp\/v2\/posts\/31880\/revisions\/"}],"wp:featuredmedia":[{"embeddable":true,"href":"https:\/\/www.tessi.eu\/fr\/wp-json\/wp\/v2\/media\/15539\/"}],"wp:attachment":[{"href":"https:\/\/www.tessi.eu\/fr\/wp-json\/wp\/v2\/media\/?parent=31880"}],"wp:term":[{"taxonomy":"category","embeddable":true,"href":"https:\/\/www.tessi.eu\/fr\/wp-json\/wp\/v2\/categories\/?post=31880"},{"taxonomy":"post_tag","embeddable":true,"href":"https:\/\/www.tessi.eu\/fr\/wp-json\/wp\/v2\/tags\/?post=31880"}],"curies":[{"name":"wp","href":"https:\/\/api.w.org\/{rel}","templated":true}]}}