{"id":31562,"date":"2022-02-15T10:10:47","date_gmt":"2022-02-15T08:10:47","guid":{"rendered":"https:\/\/www.tessi.eu\/tessi-sera-present-les-8-et-9-mars-2022-prochain-loccasion-du-salon-medintechs-au-parc-floral-de-paris-2\/"},"modified":"2022-02-22T15:49:19","modified_gmt":"2022-02-22T13:49:19","slug":"tessi-sera-present-les-8-et-9-mars-2022-prochain-loccasion-du-salon-medintechs-au-parc-floral-de-paris","status":"publish","type":"post","link":"https:\/\/www.tessi.eu\/fr\/tessi-sera-present-les-8-et-9-mars-2022-prochain-loccasion-du-salon-medintechs-au-parc-floral-de-paris\/","title":{"rendered":"Tessi pr\u00e9sent \u00e0 l\u2019occasion du salon MedInTechs, d\u00e9di\u00e9 \u00e0 l\u2019innovation en sant\u00e9"},"content":{"rendered":"<p><span class=\"break-words\"><span dir=\"ltr\">Intelligence artificielle, robotique, patient-acteur\u2026 Une vague d&rsquo;innovations d\u00e9ferle sur le monde de la sant\u00e9 et la transforme, en particulier gr\u00e2ce au digital.<\/span><\/span><\/p>\n<ul>\n<li><span class=\"break-words\"><span dir=\"ltr\">Comment s&rsquo;assurer que ces r\u00e9volutions m\u00e9dicales profitent \u00e0 tous ?<\/span><\/span><\/li>\n<li><span class=\"break-words\"><span dir=\"ltr\">Comment peut-on rester ma\u00eetre et acteur d\u2019un \u00e9cosyst\u00e8me de la sant\u00e9 de plus en plus complexe ?<\/span><\/span><\/li>\n<li><span class=\"break-words\"><span dir=\"ltr\">Comment s\u2019assurer de leur acceptabilit\u00e9 par les utilisateurs professionnels et particuliers ?<\/span><\/span><\/li>\n<\/ul>\n<p><span class=\"break-words\"><span dir=\"ltr\">Venez \u00e0 la rencontre de nos experts <a href=\"https:\/\/www.tessi.eu\/fr\/metier_marche\/sante\/\">Tessi pour la sant\u00e9<\/a> au cours de notre atelier \u00ab Parcours patients Digitaux \u2013 retours d\u2019exp\u00e9rience \u00bb anim\u00e9 par <strong>Emmanuel Michaud, Directeur Offres Sant\u00e9,<\/strong> avec <strong>Julien Dubreuil, Directeur Innovation Tessi<\/strong>, et <strong>Charles-Clemens R\u00fcling, Directeur de la Chaire \u00ab\u00a0Public Trust in Health\u00a0\u00bb de Grenoble Ecole de Management <\/strong>mercredi 9 mars \u00e0 14h. <\/span><\/span><\/p>\n<p><span class=\"break-words\"><span dir=\"ltr\">L\u2019occasion de d\u00e9couvrir les innovations dans les parcours digitaux au service du patient et de l\u2019h\u00f4pital, \u00e0 travers de retours d\u2019exp\u00e9rience ( parcours usagers, dispositifs m\u00e9dicaux).<\/span><\/span><\/p>\n<p><strong>N\u2019attendez plus pour vous inscrire !<\/strong><\/p>\n<p><a class=\"btn btn-outline-dark btn-custom btn-big btn-round\" href=\"https:\/\/www.medintechs.com\/moninvitationgratuite\">S&rsquo;inscrire<\/a><\/p>\n<div id=\"ConnectiveDocSignExtentionInstalled\" data-extension-version=\"1.0.4\"><\/div>\n","protected":false},"excerpt":{"rendered":"<p>Intelligence artificielle, robotique, patient-acteur\u2026 Une vague d&rsquo;innovations d\u00e9ferle sur le monde de la sant\u00e9 et la transforme, en particulier gr\u00e2ce au digital. Comment s&rsquo;assurer que ces r\u00e9volutions m\u00e9dicales profitent \u00e0 tous ? Comment peut-on rester ma\u00eetre et acteur d\u2019un \u00e9cosyst\u00e8me de la sant\u00e9 de plus en plus complexe ? Comment s\u2019assurer de leur acceptabilit\u00e9 par [&hellip;]<\/p>\n","protected":false},"author":40,"featured_media":31563,"comment_status":"closed","ping_status":"closed","sticky":true,"template":"","format":"standard","meta":{"_acf_changed":false,"footnotes":""},"categories":[47],"tags":[],"class_list":["post-31562","post","type-post","status-publish","format-standard","has-post-thumbnail","hentry","category-news"],"acf":[],"yoast_head":"<!-- This site is optimized with the Yoast SEO Premium plugin v22.3 (Yoast SEO v27.1.1) - https:\/\/yoast.com\/product\/yoast-seo-premium-wordpress\/ -->\n<title>Tessi pr\u00e9sent \u00e0 l\u2019occasion du salon MedInTechs, d\u00e9di\u00e9 \u00e0 l\u2019innovation en sant\u00e9 - Tessi International<\/title>\n<meta name=\"description\" content=\"Tessi sera pr\u00e9sent les 8 et 9 mars 2022 prochain l\u2019occasion du salon MedInTechs, d\u00e9di\u00e9 \u00e0 l\u2019innovation en sant\u00e9, au Parc Floral de Paris\" \/>\n<meta name=\"robots\" content=\"index, follow, max-snippet:-1, max-image-preview:large, max-video-preview:-1\" \/>\n<link rel=\"canonical\" href=\"https:\/\/www.tessi.eu\/fr\/tessi-sera-present-les-8-et-9-mars-2022-prochain-loccasion-du-salon-medintechs-au-parc-floral-de-paris\/\" \/>\n<meta property=\"og:locale\" content=\"fr_FR\" \/>\n<meta property=\"og:type\" content=\"article\" \/>\n<meta property=\"og:title\" content=\"Tessi pr\u00e9sent \u00e0 l\u2019occasion du salon MedInTechs, d\u00e9di\u00e9 \u00e0 l\u2019innovation en sant\u00e9\" \/>\n<meta property=\"og:description\" content=\"Tessi sera pr\u00e9sent les 8 et 9 mars 2022 prochain l\u2019occasion du salon MedInTechs, d\u00e9di\u00e9 \u00e0 l\u2019innovation en sant\u00e9, au Parc Floral de Paris\" \/>\n<meta property=\"og:url\" content=\"https:\/\/www.tessi.eu\/fr\/tessi-sera-present-les-8-et-9-mars-2022-prochain-loccasion-du-salon-medintechs-au-parc-floral-de-paris\/\" \/>\n<meta property=\"og:site_name\" content=\"Tessi International\" \/>\n<meta property=\"article:published_time\" content=\"2022-02-15T08:10:47+00:00\" \/>\n<meta property=\"article:modified_time\" content=\"2022-02-22T13:49:19+00:00\" \/>\n<meta property=\"og:image\" content=\"https:\/\/www.tessi.eu\/wp-content\/uploads\/2023\/04\/visuel-miniature-site-tessi.png\" \/>\n\t<meta property=\"og:image:width\" content=\"774\" \/>\n\t<meta property=\"og:image:height\" content=\"430\" \/>\n\t<meta property=\"og:image:type\" content=\"image\/png\" \/>\n<meta name=\"author\" content=\"anaispini\" \/>\n<meta name=\"twitter:card\" content=\"summary_large_image\" \/>\n<meta name=\"twitter:label1\" content=\"\u00c9crit par\" \/>\n\t<meta name=\"twitter:data1\" content=\"anaispini\" \/>\n\t<meta name=\"twitter:label2\" content=\"Dur\u00e9e de lecture estim\u00e9e\" \/>\n\t<meta name=\"twitter:data2\" content=\"1 minute\" \/>\n<script type=\"application\/ld+json\" class=\"yoast-schema-graph\">{\"@context\":\"https:\/\/schema.org\",\"@graph\":[{\"@type\":\"Article\",\"@id\":\"https:\/\/www.tessi.eu\/fr\/tessi-sera-present-les-8-et-9-mars-2022-prochain-loccasion-du-salon-medintechs-au-parc-floral-de-paris\/#article\",\"isPartOf\":{\"@id\":\"https:\/\/www.tessi.eu\/fr\/tessi-sera-present-les-8-et-9-mars-2022-prochain-loccasion-du-salon-medintechs-au-parc-floral-de-paris\/\"},\"author\":{\"name\":\"anaispini\",\"@id\":\"https:\/\/www.tessi.eu\/fr\/#\/schema\/person\/d77f035bf12ae0e82161e0101f82602f\"},\"headline\":\"Tessi pr\u00e9sent \u00e0 l\u2019occasion du salon MedInTechs, d\u00e9di\u00e9 \u00e0 l\u2019innovation en sant\u00e9\",\"datePublished\":\"2022-02-15T08:10:47+00:00\",\"dateModified\":\"2022-02-22T13:49:19+00:00\",\"mainEntityOfPage\":{\"@id\":\"https:\/\/www.tessi.eu\/fr\/tessi-sera-present-les-8-et-9-mars-2022-prochain-loccasion-du-salon-medintechs-au-parc-floral-de-paris\/\"},\"wordCount\":175,\"image\":{\"@id\":\"https:\/\/www.tessi.eu\/fr\/tessi-sera-present-les-8-et-9-mars-2022-prochain-loccasion-du-salon-medintechs-au-parc-floral-de-paris\/#primaryimage\"},\"thumbnailUrl\":\"https:\/\/www.tessi.eu\/wp-content\/uploads\/2023\/04\/visuel-miniature-site-tessi.png\",\"articleSection\":[\"News\"],\"inLanguage\":\"fr-FR\"},{\"@type\":\"WebPage\",\"@id\":\"https:\/\/www.tessi.eu\/fr\/tessi-sera-present-les-8-et-9-mars-2022-prochain-loccasion-du-salon-medintechs-au-parc-floral-de-paris\/\",\"url\":\"https:\/\/www.tessi.eu\/fr\/tessi-sera-present-les-8-et-9-mars-2022-prochain-loccasion-du-salon-medintechs-au-parc-floral-de-paris\/\",\"name\":\"Tessi pr\u00e9sent \u00e0 l\u2019occasion du salon MedInTechs, d\u00e9di\u00e9 \u00e0 l\u2019innovation en sant\u00e9 - Tessi International\",\"isPartOf\":{\"@id\":\"https:\/\/www.tessi.eu\/fr\/#website\"},\"primaryImageOfPage\":{\"@id\":\"https:\/\/www.tessi.eu\/fr\/tessi-sera-present-les-8-et-9-mars-2022-prochain-loccasion-du-salon-medintechs-au-parc-floral-de-paris\/#primaryimage\"},\"image\":{\"@id\":\"https:\/\/www.tessi.eu\/fr\/tessi-sera-present-les-8-et-9-mars-2022-prochain-loccasion-du-salon-medintechs-au-parc-floral-de-paris\/#primaryimage\"},\"thumbnailUrl\":\"https:\/\/www.tessi.eu\/wp-content\/uploads\/2023\/04\/visuel-miniature-site-tessi.png\",\"datePublished\":\"2022-02-15T08:10:47+00:00\",\"dateModified\":\"2022-02-22T13:49:19+00:00\",\"author\":{\"@id\":\"https:\/\/www.tessi.eu\/fr\/#\/schema\/person\/d77f035bf12ae0e82161e0101f82602f\"},\"description\":\"Tessi sera pr\u00e9sent les 8 et 9 mars 2022 prochain l\u2019occasion du salon MedInTechs, d\u00e9di\u00e9 \u00e0 l\u2019innovation en sant\u00e9, au Parc Floral de Paris\",\"breadcrumb\":{\"@id\":\"https:\/\/www.tessi.eu\/fr\/tessi-sera-present-les-8-et-9-mars-2022-prochain-loccasion-du-salon-medintechs-au-parc-floral-de-paris\/#breadcrumb\"},\"inLanguage\":\"fr-FR\",\"potentialAction\":[{\"@type\":\"ReadAction\",\"target\":[\"https:\/\/www.tessi.eu\/fr\/tessi-sera-present-les-8-et-9-mars-2022-prochain-loccasion-du-salon-medintechs-au-parc-floral-de-paris\/\"]}]},{\"@type\":\"ImageObject\",\"inLanguage\":\"fr-FR\",\"@id\":\"https:\/\/www.tessi.eu\/fr\/tessi-sera-present-les-8-et-9-mars-2022-prochain-loccasion-du-salon-medintechs-au-parc-floral-de-paris\/#primaryimage\",\"url\":\"https:\/\/www.tessi.eu\/wp-content\/uploads\/2023\/04\/visuel-miniature-site-tessi.png\",\"contentUrl\":\"https:\/\/www.tessi.eu\/wp-content\/uploads\/2023\/04\/visuel-miniature-site-tessi.png\",\"width\":774,\"height\":430,\"caption\":\"visuel miniature site tessi\"},{\"@type\":\"BreadcrumbList\",\"@id\":\"https:\/\/www.tessi.eu\/fr\/tessi-sera-present-les-8-et-9-mars-2022-prochain-loccasion-du-salon-medintechs-au-parc-floral-de-paris\/#breadcrumb\",\"itemListElement\":[{\"@type\":\"ListItem\",\"position\":1,\"name\":\"Home\",\"item\":\"https:\/\/www.tessi.eu\/fr\/\"},{\"@type\":\"ListItem\",\"position\":2,\"name\":\"Tessi pr\u00e9sent \u00e0 l\u2019occasion du salon MedInTechs, d\u00e9di\u00e9 \u00e0 l\u2019innovation en sant\u00e9\"}]},{\"@type\":\"WebSite\",\"@id\":\"https:\/\/www.tessi.eu\/fr\/#website\",\"url\":\"https:\/\/www.tessi.eu\/fr\/\",\"name\":\"Tessi International\",\"description\":\"\",\"potentialAction\":[{\"@type\":\"SearchAction\",\"target\":{\"@type\":\"EntryPoint\",\"urlTemplate\":\"https:\/\/www.tessi.eu\/fr\/?s={search_term_string}\"},\"query-input\":{\"@type\":\"PropertyValueSpecification\",\"valueRequired\":true,\"valueName\":\"search_term_string\"}}],\"inLanguage\":\"fr-FR\"},{\"@type\":\"Person\",\"@id\":\"https:\/\/www.tessi.eu\/fr\/#\/schema\/person\/d77f035bf12ae0e82161e0101f82602f\",\"name\":\"anaispini\",\"image\":{\"@type\":\"ImageObject\",\"inLanguage\":\"fr-FR\",\"@id\":\"https:\/\/www.tessi.eu\/fr\/#\/schema\/person\/image\/\",\"url\":\"https:\/\/secure.gravatar.com\/avatar\/2ff05654bdb61baf433b7775a00e4ac807d60b5c5b4d3fa3c236a586f2157ed9?s=96&d=mm&r=g\",\"contentUrl\":\"https:\/\/secure.gravatar.com\/avatar\/2ff05654bdb61baf433b7775a00e4ac807d60b5c5b4d3fa3c236a586f2157ed9?s=96&d=mm&r=g\",\"caption\":\"anaispini\"}}]}<\/script>\n<!-- \/ Yoast SEO Premium plugin. -->","yoast_head_json":{"title":"Tessi pr\u00e9sent \u00e0 l\u2019occasion du salon MedInTechs, d\u00e9di\u00e9 \u00e0 l\u2019innovation en sant\u00e9 - Tessi International","description":"Tessi sera pr\u00e9sent les 8 et 9 mars 2022 prochain l\u2019occasion du salon MedInTechs, d\u00e9di\u00e9 \u00e0 l\u2019innovation en sant\u00e9, au Parc Floral de Paris","robots":{"index":"index","follow":"follow","max-snippet":"max-snippet:-1","max-image-preview":"max-image-preview:large","max-video-preview":"max-video-preview:-1"},"canonical":"https:\/\/www.tessi.eu\/fr\/tessi-sera-present-les-8-et-9-mars-2022-prochain-loccasion-du-salon-medintechs-au-parc-floral-de-paris\/","og_locale":"fr_FR","og_type":"article","og_title":"Tessi pr\u00e9sent \u00e0 l\u2019occasion du salon MedInTechs, d\u00e9di\u00e9 \u00e0 l\u2019innovation en sant\u00e9","og_description":"Tessi sera pr\u00e9sent les 8 et 9 mars 2022 prochain l\u2019occasion du salon MedInTechs, d\u00e9di\u00e9 \u00e0 l\u2019innovation en sant\u00e9, au Parc Floral de Paris","og_url":"https:\/\/www.tessi.eu\/fr\/tessi-sera-present-les-8-et-9-mars-2022-prochain-loccasion-du-salon-medintechs-au-parc-floral-de-paris\/","og_site_name":"Tessi International","article_published_time":"2022-02-15T08:10:47+00:00","article_modified_time":"2022-02-22T13:49:19+00:00","og_image":[{"width":774,"height":430,"url":"https:\/\/www.tessi.eu\/wp-content\/uploads\/2023\/04\/visuel-miniature-site-tessi.png","type":"image\/png"}],"author":"anaispini","twitter_card":"summary_large_image","twitter_misc":{"\u00c9crit par":"anaispini","Dur\u00e9e de lecture estim\u00e9e":"1 minute"},"schema":{"@context":"https:\/\/schema.org","@graph":[{"@type":"Article","@id":"https:\/\/www.tessi.eu\/fr\/tessi-sera-present-les-8-et-9-mars-2022-prochain-loccasion-du-salon-medintechs-au-parc-floral-de-paris\/#article","isPartOf":{"@id":"https:\/\/www.tessi.eu\/fr\/tessi-sera-present-les-8-et-9-mars-2022-prochain-loccasion-du-salon-medintechs-au-parc-floral-de-paris\/"},"author":{"name":"anaispini","@id":"https:\/\/www.tessi.eu\/fr\/#\/schema\/person\/d77f035bf12ae0e82161e0101f82602f"},"headline":"Tessi pr\u00e9sent \u00e0 l\u2019occasion du salon MedInTechs, d\u00e9di\u00e9 \u00e0 l\u2019innovation en sant\u00e9","datePublished":"2022-02-15T08:10:47+00:00","dateModified":"2022-02-22T13:49:19+00:00","mainEntityOfPage":{"@id":"https:\/\/www.tessi.eu\/fr\/tessi-sera-present-les-8-et-9-mars-2022-prochain-loccasion-du-salon-medintechs-au-parc-floral-de-paris\/"},"wordCount":175,"image":{"@id":"https:\/\/www.tessi.eu\/fr\/tessi-sera-present-les-8-et-9-mars-2022-prochain-loccasion-du-salon-medintechs-au-parc-floral-de-paris\/#primaryimage"},"thumbnailUrl":"https:\/\/www.tessi.eu\/wp-content\/uploads\/2023\/04\/visuel-miniature-site-tessi.png","articleSection":["News"],"inLanguage":"fr-FR"},{"@type":"WebPage","@id":"https:\/\/www.tessi.eu\/fr\/tessi-sera-present-les-8-et-9-mars-2022-prochain-loccasion-du-salon-medintechs-au-parc-floral-de-paris\/","url":"https:\/\/www.tessi.eu\/fr\/tessi-sera-present-les-8-et-9-mars-2022-prochain-loccasion-du-salon-medintechs-au-parc-floral-de-paris\/","name":"Tessi pr\u00e9sent \u00e0 l\u2019occasion du salon MedInTechs, d\u00e9di\u00e9 \u00e0 l\u2019innovation en sant\u00e9 - Tessi International","isPartOf":{"@id":"https:\/\/www.tessi.eu\/fr\/#website"},"primaryImageOfPage":{"@id":"https:\/\/www.tessi.eu\/fr\/tessi-sera-present-les-8-et-9-mars-2022-prochain-loccasion-du-salon-medintechs-au-parc-floral-de-paris\/#primaryimage"},"image":{"@id":"https:\/\/www.tessi.eu\/fr\/tessi-sera-present-les-8-et-9-mars-2022-prochain-loccasion-du-salon-medintechs-au-parc-floral-de-paris\/#primaryimage"},"thumbnailUrl":"https:\/\/www.tessi.eu\/wp-content\/uploads\/2023\/04\/visuel-miniature-site-tessi.png","datePublished":"2022-02-15T08:10:47+00:00","dateModified":"2022-02-22T13:49:19+00:00","author":{"@id":"https:\/\/www.tessi.eu\/fr\/#\/schema\/person\/d77f035bf12ae0e82161e0101f82602f"},"description":"Tessi sera pr\u00e9sent les 8 et 9 mars 2022 prochain l\u2019occasion du salon MedInTechs, d\u00e9di\u00e9 \u00e0 l\u2019innovation en sant\u00e9, au Parc Floral de Paris","breadcrumb":{"@id":"https:\/\/www.tessi.eu\/fr\/tessi-sera-present-les-8-et-9-mars-2022-prochain-loccasion-du-salon-medintechs-au-parc-floral-de-paris\/#breadcrumb"},"inLanguage":"fr-FR","potentialAction":[{"@type":"ReadAction","target":["https:\/\/www.tessi.eu\/fr\/tessi-sera-present-les-8-et-9-mars-2022-prochain-loccasion-du-salon-medintechs-au-parc-floral-de-paris\/"]}]},{"@type":"ImageObject","inLanguage":"fr-FR","@id":"https:\/\/www.tessi.eu\/fr\/tessi-sera-present-les-8-et-9-mars-2022-prochain-loccasion-du-salon-medintechs-au-parc-floral-de-paris\/#primaryimage","url":"https:\/\/www.tessi.eu\/wp-content\/uploads\/2023\/04\/visuel-miniature-site-tessi.png","contentUrl":"https:\/\/www.tessi.eu\/wp-content\/uploads\/2023\/04\/visuel-miniature-site-tessi.png","width":774,"height":430,"caption":"visuel miniature site tessi"},{"@type":"BreadcrumbList","@id":"https:\/\/www.tessi.eu\/fr\/tessi-sera-present-les-8-et-9-mars-2022-prochain-loccasion-du-salon-medintechs-au-parc-floral-de-paris\/#breadcrumb","itemListElement":[{"@type":"ListItem","position":1,"name":"Home","item":"https:\/\/www.tessi.eu\/fr\/"},{"@type":"ListItem","position":2,"name":"Tessi pr\u00e9sent \u00e0 l\u2019occasion du salon MedInTechs, d\u00e9di\u00e9 \u00e0 l\u2019innovation en sant\u00e9"}]},{"@type":"WebSite","@id":"https:\/\/www.tessi.eu\/fr\/#website","url":"https:\/\/www.tessi.eu\/fr\/","name":"Tessi International","description":"","potentialAction":[{"@type":"SearchAction","target":{"@type":"EntryPoint","urlTemplate":"https:\/\/www.tessi.eu\/fr\/?s={search_term_string}"},"query-input":{"@type":"PropertyValueSpecification","valueRequired":true,"valueName":"search_term_string"}}],"inLanguage":"fr-FR"},{"@type":"Person","@id":"https:\/\/www.tessi.eu\/fr\/#\/schema\/person\/d77f035bf12ae0e82161e0101f82602f","name":"anaispini","image":{"@type":"ImageObject","inLanguage":"fr-FR","@id":"https:\/\/www.tessi.eu\/fr\/#\/schema\/person\/image\/","url":"https:\/\/secure.gravatar.com\/avatar\/2ff05654bdb61baf433b7775a00e4ac807d60b5c5b4d3fa3c236a586f2157ed9?s=96&d=mm&r=g","contentUrl":"https:\/\/secure.gravatar.com\/avatar\/2ff05654bdb61baf433b7775a00e4ac807d60b5c5b4d3fa3c236a586f2157ed9?s=96&d=mm&r=g","caption":"anaispini"}}]}},"_links":{"self":[{"href":"https:\/\/www.tessi.eu\/fr\/wp-json\/wp\/v2\/posts\/31562\/"}],"collection":[{"href":"https:\/\/www.tessi.eu\/fr\/wp-json\/wp\/v2\/posts\/"}],"about":[{"href":"https:\/\/www.tessi.eu\/fr\/wp-json\/wp\/v2\/types\/post\/"}],"author":[{"embeddable":true,"href":"https:\/\/www.tessi.eu\/fr\/wp-json\/wp\/v2\/users\/40\/"}],"replies":[{"embeddable":true,"href":"https:\/\/www.tessi.eu\/fr\/wp-json\/wp\/v2\/comments\/?post=31562"}],"version-history":[{"count":0,"href":"https:\/\/www.tessi.eu\/fr\/wp-json\/wp\/v2\/posts\/31562\/revisions\/"}],"wp:featuredmedia":[{"embeddable":true,"href":"https:\/\/www.tessi.eu\/fr\/wp-json\/wp\/v2\/media\/31563\/"}],"wp:attachment":[{"href":"https:\/\/www.tessi.eu\/fr\/wp-json\/wp\/v2\/media\/?parent=31562"}],"wp:term":[{"taxonomy":"category","embeddable":true,"href":"https:\/\/www.tessi.eu\/fr\/wp-json\/wp\/v2\/categories\/?post=31562"},{"taxonomy":"post_tag","embeddable":true,"href":"https:\/\/www.tessi.eu\/fr\/wp-json\/wp\/v2\/tags\/?post=31562"}],"curies":[{"name":"wp","href":"https:\/\/api.w.org\/{rel}","templated":true}]}}