{"id":26571,"date":"2023-04-04T16:43:03","date_gmt":"2023-04-04T14:43:03","guid":{"rendered":"https:\/\/www.tessi.eu\/?p=26571\/"},"modified":"2023-04-05T15:21:55","modified_gmt":"2023-04-05T13:21:55","slug":"3-questions-a-khalid-fakhr-eddine-directeur-de-la-strategie-des-offres-digitales","status":"publish","type":"post","link":"https:\/\/www.tessi.eu\/fr\/3-questions-a-khalid-fakhr-eddine-directeur-de-la-strategie-des-offres-digitales\/","title":{"rendered":"3 questions \u00e0\u2026 Khalid FAKHR EDDINE, Directeur de la Strat\u00e9gie des Offres Digitales"},"content":{"rendered":"<h2><strong>Quelles sont les principales menaces actuelles en mati\u00e8re de s\u00e9curit\u00e9 digitale auxquelles les organisations doivent faire face pour assurer la confiance num\u00e9rique de leurs clients et partenaires ?<\/strong><\/h2>\n<p>La confiance num\u00e9rique concerne l&rsquo;int\u00e9gralit\u00e9 des relations et transactions entre fournisseurs de services et usagers. L&rsquo;exploitation in\u00e9quitable des donn\u00e9es personnelles qui d\u00e9coulent de ces interactions cr\u00e9e un d\u00e9s\u00e9quilibre et \u00e9rode la confiance. Construire cette confiance est difficile, surtout dans un monde de plus en plus digitalis\u00e9 o\u00f9 les interactions personnelles sont rares.<\/p>\n<p>Pour l\u2019instaurer, les entreprises doivent prendre en compte les vuln\u00e9rabilit\u00e9s et menaces li\u00e9es \u00e0 leur transformation digitale, dont les trois principales que sont la cybercriminalit\u00e9, l&rsquo;espionnage et la d\u00e9stabilisation, qui touchent toutes les organisations.<\/p>\n<p>La perte de confiance est logique face aux violations de donn\u00e9es. Malgr\u00e9 cela, nous continuons \u00e0 partager nos informations en ligne par commodit\u00e9 et n\u00e9cessit\u00e9. Le nombre croissant de cyberattaques et les ran\u00e7ons pay\u00e9es t\u00e9moignent de la vuln\u00e9rabilit\u00e9 des \u00e9cosyst\u00e8mes informatiques.<\/p>\n<p>Finalement, les entreprises offrant les plateformes les plus s\u00e9curis\u00e9es et une confiance num\u00e9rique \u00e9lev\u00e9e seront privil\u00e9gi\u00e9es par les consommateurs.<\/p>\n<h2><strong>Comment les entreprises peuvent-elles mettre en place une strat\u00e9gie de confiance num\u00e9rique robuste pour prot\u00e9ger leurs donn\u00e9es et leurs infrastructures ?<\/strong><\/h2>\n<p>Toute strat\u00e9gie de gestion des risques num\u00e9riques, et par cons\u00e9quent de confiance num\u00e9rique, doit int\u00e9grer un cadre comprenant :<\/p>\n<ol>\n<li>L&rsquo;\u00e9valuation du risque num\u00e9rique comme risque strat\u00e9gique d&rsquo;entreprise<\/li>\n<li>L&rsquo;int\u00e9gration de la s\u00e9curit\u00e9 num\u00e9rique au c\u0153ur de la gouvernance d&rsquo;entreprise<\/li>\n<li>La construction progressive d&rsquo;un socle de s\u00e9curit\u00e9 en termes de protection, d\u00e9fense et r\u00e9silience<\/li>\n<li>La gestion du risque par l&rsquo;am\u00e9lioration continue, la veille sur les menaces num\u00e9riques et les audits de s\u00e9curit\u00e9<\/li>\n<li>Des tests r\u00e9guliers de r\u00e9silience via des exercices de gestion de crise<\/li>\n<li>La valorisation de la cybers\u00e9curit\u00e9 pour inspirer confiance aux clients et partenaires, et l&rsquo;utiliser comme avantage comp\u00e9titif<\/li>\n<\/ol>\n<h2><strong>Quels sont les principaux d\u00e9fis rencontr\u00e9s par les entreprises lors de la mise en conformit\u00e9 avec les r\u00e9glementations en vigueur pour garantir la confiance num\u00e9rique ?<\/strong><\/h2>\n<p>Le RGPD est la toute premi\u00e8re r\u00e9glementation en mati\u00e8re de confiance num\u00e9rique, visant \u00e0 prot\u00e9ger les individus gr\u00e2ce \u00e0 des syst\u00e8mes d&rsquo;information fiables. L\u2019objectif d\u2019un projet de mise en conformit\u00e9 au\u00a0<a href=\"https:\/\/datalegaldrive.com\/rgpd-tout-savoir\/quest-ce-que-le-rgpd\/\">RGPD<\/a>\u00a0est avant tout d\u2019atteindre un\u00a0niveau de protection suffisant\u00a0et ad\u00e9quat face aux risques.<\/p>\n<p>Parmi les d\u00e9fis \u00e0 surmonter lors de la mise en place d\u2019un programme RGPD, on peut citer \u00e0 titre indicatif\u00a0les t\u00e2ches suivantes\u00a0:<\/p>\n<ol>\n<li>Cartographier les traitements de donn\u00e9es personnelles<\/li>\n<li>D\u00e9terminer les finalit\u00e9s du traitement des donn\u00e9es pour \u00e9viter les usages incompatibles<\/li>\n<li>Fixer une dur\u00e9e de conservation des donn\u00e9es li\u00e9e \u00e0 la finalit\u00e9 du traitement<\/li>\n<li>Conserver les donn\u00e9es uniquement pendant la dur\u00e9e n\u00e9cessaire<\/li>\n<li>Recueillir le consentement RGPD des usagers concern\u00e9s<\/li>\n<li>Assurer la gouvernance des donn\u00e9es collect\u00e9es durant les interactions<\/li>\n<li>Pr\u00e9voir une mise \u00e0 jour constante des proc\u00e9dures et politiques internes<\/li>\n<\/ol>\n<p>&nbsp;<\/p>\n<p><a class=\"btn-new btn-border-degrade\" title=\"En savoir plus sur nos offres de S\u00e9curit\u00e9 &amp; confiance num\u00e9rique\" href=\"https:\/\/www.tessi.eu\/solution\/technologies\/edition-de-logiciels\/#securite-confiance-numerique\" target=\"_blank\" rel=\"noopener\"><span class=\"btn-border-degrade-content\"><span class=\"text\">En savoir plus sur nos offres de S\u00e9curit\u00e9 &amp; Confiance num\u00e9rique<\/span><\/span><\/a><\/p>\n","protected":false},"excerpt":{"rendered":"<p>Quelles sont les principales menaces actuelles en mati\u00e8re de s\u00e9curit\u00e9 digitale auxquelles les organisations doivent faire face pour assurer la confiance num\u00e9rique de leurs clients et partenaires ? La confiance num\u00e9rique concerne l&rsquo;int\u00e9gralit\u00e9 des relations et transactions entre fournisseurs de services et usagers. L&rsquo;exploitation in\u00e9quitable des donn\u00e9es personnelles qui d\u00e9coulent de ces interactions cr\u00e9e un [&hellip;]<\/p>\n","protected":false},"author":11,"featured_media":26599,"comment_status":"open","ping_status":"open","sticky":true,"template":"","format":"standard","meta":{"_acf_changed":false,"footnotes":""},"categories":[47],"tags":[],"class_list":["post-26571","post","type-post","status-publish","format-standard","has-post-thumbnail","hentry","category-news"],"acf":[],"yoast_head":"<!-- This site is optimized with the Yoast SEO Premium plugin v22.3 (Yoast SEO v27.1.1) - https:\/\/yoast.com\/product\/yoast-seo-premium-wordpress\/ -->\n<title>3 questions \u00e0\u2026 Khalid FAKHR EDDINE, Directeur de la Strat\u00e9gie des Offres Digitales - Tessi International<\/title>\n<meta name=\"description\" content=\"Quels sont les menaces actuelles en mati\u00e8re de s\u00e9curit\u00e9 digitale, les strat\u00e9gies \u00e0 mettre en place pour assurer la confiance num\u00e9rique et les d\u00e9fis \u00e0 relever pour se conformer aux r\u00e9glementations en vigueur ?\" \/>\n<meta name=\"robots\" content=\"index, follow, max-snippet:-1, max-image-preview:large, max-video-preview:-1\" \/>\n<link rel=\"canonical\" href=\"https:\/\/www.tessi.eu\/fr\/3-questions-a-khalid-fakhr-eddine-directeur-de-la-strategie-des-offres-digitales\/\" \/>\n<meta property=\"og:locale\" content=\"fr_FR\" \/>\n<meta property=\"og:type\" content=\"article\" \/>\n<meta property=\"og:title\" content=\"3 questions \u00e0\u2026 Khalid FAKHR EDDINE, Directeur de la Strat\u00e9gie des Offres Digitales\" \/>\n<meta property=\"og:description\" content=\"Quels sont les menaces actuelles en mati\u00e8re de s\u00e9curit\u00e9 digitale, les strat\u00e9gies \u00e0 mettre en place pour assurer la confiance num\u00e9rique et les d\u00e9fis \u00e0 relever pour se conformer aux r\u00e9glementations en vigueur ?\" \/>\n<meta property=\"og:url\" content=\"https:\/\/www.tessi.eu\/fr\/3-questions-a-khalid-fakhr-eddine-directeur-de-la-strategie-des-offres-digitales\/\" \/>\n<meta property=\"og:site_name\" content=\"Tessi International\" \/>\n<meta property=\"article:published_time\" content=\"2023-04-04T14:43:03+00:00\" \/>\n<meta property=\"article:modified_time\" content=\"2023-04-05T13:21:55+00:00\" \/>\n<meta property=\"og:image\" content=\"https:\/\/tessi.on-web.fr\/wp-content\/uploads\/2023\/04\/vignette-3questions-a-kahlid.jpg\" \/>\n\t<meta property=\"og:image:width\" content=\"532\" \/>\n\t<meta property=\"og:image:height\" content=\"350\" \/>\n\t<meta property=\"og:image:type\" content=\"image\/jpeg\" \/>\n<meta name=\"author\" content=\"cbonnet\" \/>\n<meta name=\"twitter:card\" content=\"summary_large_image\" \/>\n<meta name=\"twitter:label1\" content=\"\u00c9crit par\" \/>\n\t<meta name=\"twitter:data1\" content=\"cbonnet\" \/>\n\t<meta name=\"twitter:label2\" content=\"Dur\u00e9e de lecture estim\u00e9e\" \/>\n\t<meta name=\"twitter:data2\" content=\"3 minutes\" \/>\n<script type=\"application\/ld+json\" class=\"yoast-schema-graph\">{\"@context\":\"https:\/\/schema.org\",\"@graph\":[{\"@type\":\"Article\",\"@id\":\"https:\/\/www.tessi.eu\/fr\/3-questions-a-khalid-fakhr-eddine-directeur-de-la-strategie-des-offres-digitales\/#article\",\"isPartOf\":{\"@id\":\"https:\/\/www.tessi.eu\/fr\/3-questions-a-khalid-fakhr-eddine-directeur-de-la-strategie-des-offres-digitales\/\"},\"author\":{\"name\":\"cbonnet\",\"@id\":\"https:\/\/www.tessi.eu\/fr\/#\/schema\/person\/859d0f8ee0e735b277dee0268b7ad791\"},\"headline\":\"3 questions \u00e0\u2026 Khalid FAKHR EDDINE, Directeur de la Strat\u00e9gie des Offres Digitales\",\"datePublished\":\"2023-04-04T14:43:03+00:00\",\"dateModified\":\"2023-04-05T13:21:55+00:00\",\"mainEntityOfPage\":{\"@id\":\"https:\/\/www.tessi.eu\/fr\/3-questions-a-khalid-fakhr-eddine-directeur-de-la-strategie-des-offres-digitales\/\"},\"wordCount\":567,\"commentCount\":0,\"image\":{\"@id\":\"https:\/\/www.tessi.eu\/fr\/3-questions-a-khalid-fakhr-eddine-directeur-de-la-strategie-des-offres-digitales\/#primaryimage\"},\"thumbnailUrl\":\"https:\/\/www.tessi.eu\/wp-content\/uploads\/2023\/04\/vignette-3questions-a-kahlid.jpg\",\"articleSection\":[\"News\"],\"inLanguage\":\"fr-FR\"},{\"@type\":\"WebPage\",\"@id\":\"https:\/\/www.tessi.eu\/fr\/3-questions-a-khalid-fakhr-eddine-directeur-de-la-strategie-des-offres-digitales\/\",\"url\":\"https:\/\/www.tessi.eu\/fr\/3-questions-a-khalid-fakhr-eddine-directeur-de-la-strategie-des-offres-digitales\/\",\"name\":\"3 questions \u00e0\u2026 Khalid FAKHR EDDINE, Directeur de la Strat\u00e9gie des Offres Digitales - Tessi International\",\"isPartOf\":{\"@id\":\"https:\/\/www.tessi.eu\/fr\/#website\"},\"primaryImageOfPage\":{\"@id\":\"https:\/\/www.tessi.eu\/fr\/3-questions-a-khalid-fakhr-eddine-directeur-de-la-strategie-des-offres-digitales\/#primaryimage\"},\"image\":{\"@id\":\"https:\/\/www.tessi.eu\/fr\/3-questions-a-khalid-fakhr-eddine-directeur-de-la-strategie-des-offres-digitales\/#primaryimage\"},\"thumbnailUrl\":\"https:\/\/www.tessi.eu\/wp-content\/uploads\/2023\/04\/vignette-3questions-a-kahlid.jpg\",\"datePublished\":\"2023-04-04T14:43:03+00:00\",\"dateModified\":\"2023-04-05T13:21:55+00:00\",\"author\":{\"@id\":\"https:\/\/www.tessi.eu\/fr\/#\/schema\/person\/859d0f8ee0e735b277dee0268b7ad791\"},\"description\":\"Quels sont les menaces actuelles en mati\u00e8re de s\u00e9curit\u00e9 digitale, les strat\u00e9gies \u00e0 mettre en place pour assurer la confiance num\u00e9rique et les d\u00e9fis \u00e0 relever pour se conformer aux r\u00e9glementations en vigueur ?\",\"breadcrumb\":{\"@id\":\"https:\/\/www.tessi.eu\/fr\/3-questions-a-khalid-fakhr-eddine-directeur-de-la-strategie-des-offres-digitales\/#breadcrumb\"},\"inLanguage\":\"fr-FR\",\"potentialAction\":[{\"@type\":\"ReadAction\",\"target\":[\"https:\/\/www.tessi.eu\/fr\/3-questions-a-khalid-fakhr-eddine-directeur-de-la-strategie-des-offres-digitales\/\"]}]},{\"@type\":\"ImageObject\",\"inLanguage\":\"fr-FR\",\"@id\":\"https:\/\/www.tessi.eu\/fr\/3-questions-a-khalid-fakhr-eddine-directeur-de-la-strategie-des-offres-digitales\/#primaryimage\",\"url\":\"https:\/\/www.tessi.eu\/wp-content\/uploads\/2023\/04\/vignette-3questions-a-kahlid.jpg\",\"contentUrl\":\"https:\/\/www.tessi.eu\/wp-content\/uploads\/2023\/04\/vignette-3questions-a-kahlid.jpg\",\"width\":532,\"height\":350,\"caption\":\"vignette questions a kahlid\"},{\"@type\":\"BreadcrumbList\",\"@id\":\"https:\/\/www.tessi.eu\/fr\/3-questions-a-khalid-fakhr-eddine-directeur-de-la-strategie-des-offres-digitales\/#breadcrumb\",\"itemListElement\":[{\"@type\":\"ListItem\",\"position\":1,\"name\":\"Home\",\"item\":\"https:\/\/www.tessi.eu\/fr\/\"},{\"@type\":\"ListItem\",\"position\":2,\"name\":\"3 questions \u00e0\u2026 Khalid FAKHR EDDINE, Directeur de la Strat\u00e9gie des Offres Digitales\"}]},{\"@type\":\"WebSite\",\"@id\":\"https:\/\/www.tessi.eu\/fr\/#website\",\"url\":\"https:\/\/www.tessi.eu\/fr\/\",\"name\":\"Tessi International\",\"description\":\"\",\"potentialAction\":[{\"@type\":\"SearchAction\",\"target\":{\"@type\":\"EntryPoint\",\"urlTemplate\":\"https:\/\/www.tessi.eu\/fr\/?s={search_term_string}\"},\"query-input\":{\"@type\":\"PropertyValueSpecification\",\"valueRequired\":true,\"valueName\":\"search_term_string\"}}],\"inLanguage\":\"fr-FR\"},{\"@type\":\"Person\",\"@id\":\"https:\/\/www.tessi.eu\/fr\/#\/schema\/person\/859d0f8ee0e735b277dee0268b7ad791\",\"name\":\"cbonnet\",\"image\":{\"@type\":\"ImageObject\",\"inLanguage\":\"fr-FR\",\"@id\":\"https:\/\/www.tessi.eu\/fr\/#\/schema\/person\/image\/\",\"url\":\"https:\/\/secure.gravatar.com\/avatar\/0d01ab1b427b196966268d5f1407f20f6367aba1866f9ac86912cfd758c2f669?s=96&d=mm&r=g\",\"contentUrl\":\"https:\/\/secure.gravatar.com\/avatar\/0d01ab1b427b196966268d5f1407f20f6367aba1866f9ac86912cfd758c2f669?s=96&d=mm&r=g\",\"caption\":\"cbonnet\"}}]}<\/script>\n<!-- \/ Yoast SEO Premium plugin. -->","yoast_head_json":{"title":"3 questions \u00e0\u2026 Khalid FAKHR EDDINE, Directeur de la Strat\u00e9gie des Offres Digitales - Tessi International","description":"Quels sont les menaces actuelles en mati\u00e8re de s\u00e9curit\u00e9 digitale, les strat\u00e9gies \u00e0 mettre en place pour assurer la confiance num\u00e9rique et les d\u00e9fis \u00e0 relever pour se conformer aux r\u00e9glementations en vigueur ?","robots":{"index":"index","follow":"follow","max-snippet":"max-snippet:-1","max-image-preview":"max-image-preview:large","max-video-preview":"max-video-preview:-1"},"canonical":"https:\/\/www.tessi.eu\/fr\/3-questions-a-khalid-fakhr-eddine-directeur-de-la-strategie-des-offres-digitales\/","og_locale":"fr_FR","og_type":"article","og_title":"3 questions \u00e0\u2026 Khalid FAKHR EDDINE, Directeur de la Strat\u00e9gie des Offres Digitales","og_description":"Quels sont les menaces actuelles en mati\u00e8re de s\u00e9curit\u00e9 digitale, les strat\u00e9gies \u00e0 mettre en place pour assurer la confiance num\u00e9rique et les d\u00e9fis \u00e0 relever pour se conformer aux r\u00e9glementations en vigueur ?","og_url":"https:\/\/www.tessi.eu\/fr\/3-questions-a-khalid-fakhr-eddine-directeur-de-la-strategie-des-offres-digitales\/","og_site_name":"Tessi International","article_published_time":"2023-04-04T14:43:03+00:00","article_modified_time":"2023-04-05T13:21:55+00:00","og_image":[{"width":532,"height":350,"url":"https:\/\/tessi.on-web.fr\/wp-content\/uploads\/2023\/04\/vignette-3questions-a-kahlid.jpg","type":"image\/jpeg"}],"author":"cbonnet","twitter_card":"summary_large_image","twitter_misc":{"\u00c9crit par":"cbonnet","Dur\u00e9e de lecture estim\u00e9e":"3 minutes"},"schema":{"@context":"https:\/\/schema.org","@graph":[{"@type":"Article","@id":"https:\/\/www.tessi.eu\/fr\/3-questions-a-khalid-fakhr-eddine-directeur-de-la-strategie-des-offres-digitales\/#article","isPartOf":{"@id":"https:\/\/www.tessi.eu\/fr\/3-questions-a-khalid-fakhr-eddine-directeur-de-la-strategie-des-offres-digitales\/"},"author":{"name":"cbonnet","@id":"https:\/\/www.tessi.eu\/fr\/#\/schema\/person\/859d0f8ee0e735b277dee0268b7ad791"},"headline":"3 questions \u00e0\u2026 Khalid FAKHR EDDINE, Directeur de la Strat\u00e9gie des Offres Digitales","datePublished":"2023-04-04T14:43:03+00:00","dateModified":"2023-04-05T13:21:55+00:00","mainEntityOfPage":{"@id":"https:\/\/www.tessi.eu\/fr\/3-questions-a-khalid-fakhr-eddine-directeur-de-la-strategie-des-offres-digitales\/"},"wordCount":567,"commentCount":0,"image":{"@id":"https:\/\/www.tessi.eu\/fr\/3-questions-a-khalid-fakhr-eddine-directeur-de-la-strategie-des-offres-digitales\/#primaryimage"},"thumbnailUrl":"https:\/\/www.tessi.eu\/wp-content\/uploads\/2023\/04\/vignette-3questions-a-kahlid.jpg","articleSection":["News"],"inLanguage":"fr-FR"},{"@type":"WebPage","@id":"https:\/\/www.tessi.eu\/fr\/3-questions-a-khalid-fakhr-eddine-directeur-de-la-strategie-des-offres-digitales\/","url":"https:\/\/www.tessi.eu\/fr\/3-questions-a-khalid-fakhr-eddine-directeur-de-la-strategie-des-offres-digitales\/","name":"3 questions \u00e0\u2026 Khalid FAKHR EDDINE, Directeur de la Strat\u00e9gie des Offres Digitales - Tessi International","isPartOf":{"@id":"https:\/\/www.tessi.eu\/fr\/#website"},"primaryImageOfPage":{"@id":"https:\/\/www.tessi.eu\/fr\/3-questions-a-khalid-fakhr-eddine-directeur-de-la-strategie-des-offres-digitales\/#primaryimage"},"image":{"@id":"https:\/\/www.tessi.eu\/fr\/3-questions-a-khalid-fakhr-eddine-directeur-de-la-strategie-des-offres-digitales\/#primaryimage"},"thumbnailUrl":"https:\/\/www.tessi.eu\/wp-content\/uploads\/2023\/04\/vignette-3questions-a-kahlid.jpg","datePublished":"2023-04-04T14:43:03+00:00","dateModified":"2023-04-05T13:21:55+00:00","author":{"@id":"https:\/\/www.tessi.eu\/fr\/#\/schema\/person\/859d0f8ee0e735b277dee0268b7ad791"},"description":"Quels sont les menaces actuelles en mati\u00e8re de s\u00e9curit\u00e9 digitale, les strat\u00e9gies \u00e0 mettre en place pour assurer la confiance num\u00e9rique et les d\u00e9fis \u00e0 relever pour se conformer aux r\u00e9glementations en vigueur ?","breadcrumb":{"@id":"https:\/\/www.tessi.eu\/fr\/3-questions-a-khalid-fakhr-eddine-directeur-de-la-strategie-des-offres-digitales\/#breadcrumb"},"inLanguage":"fr-FR","potentialAction":[{"@type":"ReadAction","target":["https:\/\/www.tessi.eu\/fr\/3-questions-a-khalid-fakhr-eddine-directeur-de-la-strategie-des-offres-digitales\/"]}]},{"@type":"ImageObject","inLanguage":"fr-FR","@id":"https:\/\/www.tessi.eu\/fr\/3-questions-a-khalid-fakhr-eddine-directeur-de-la-strategie-des-offres-digitales\/#primaryimage","url":"https:\/\/www.tessi.eu\/wp-content\/uploads\/2023\/04\/vignette-3questions-a-kahlid.jpg","contentUrl":"https:\/\/www.tessi.eu\/wp-content\/uploads\/2023\/04\/vignette-3questions-a-kahlid.jpg","width":532,"height":350,"caption":"vignette questions a kahlid"},{"@type":"BreadcrumbList","@id":"https:\/\/www.tessi.eu\/fr\/3-questions-a-khalid-fakhr-eddine-directeur-de-la-strategie-des-offres-digitales\/#breadcrumb","itemListElement":[{"@type":"ListItem","position":1,"name":"Home","item":"https:\/\/www.tessi.eu\/fr\/"},{"@type":"ListItem","position":2,"name":"3 questions \u00e0\u2026 Khalid FAKHR EDDINE, Directeur de la Strat\u00e9gie des Offres Digitales"}]},{"@type":"WebSite","@id":"https:\/\/www.tessi.eu\/fr\/#website","url":"https:\/\/www.tessi.eu\/fr\/","name":"Tessi International","description":"","potentialAction":[{"@type":"SearchAction","target":{"@type":"EntryPoint","urlTemplate":"https:\/\/www.tessi.eu\/fr\/?s={search_term_string}"},"query-input":{"@type":"PropertyValueSpecification","valueRequired":true,"valueName":"search_term_string"}}],"inLanguage":"fr-FR"},{"@type":"Person","@id":"https:\/\/www.tessi.eu\/fr\/#\/schema\/person\/859d0f8ee0e735b277dee0268b7ad791","name":"cbonnet","image":{"@type":"ImageObject","inLanguage":"fr-FR","@id":"https:\/\/www.tessi.eu\/fr\/#\/schema\/person\/image\/","url":"https:\/\/secure.gravatar.com\/avatar\/0d01ab1b427b196966268d5f1407f20f6367aba1866f9ac86912cfd758c2f669?s=96&d=mm&r=g","contentUrl":"https:\/\/secure.gravatar.com\/avatar\/0d01ab1b427b196966268d5f1407f20f6367aba1866f9ac86912cfd758c2f669?s=96&d=mm&r=g","caption":"cbonnet"}}]}},"_links":{"self":[{"href":"https:\/\/www.tessi.eu\/fr\/wp-json\/wp\/v2\/posts\/26571\/"}],"collection":[{"href":"https:\/\/www.tessi.eu\/fr\/wp-json\/wp\/v2\/posts\/"}],"about":[{"href":"https:\/\/www.tessi.eu\/fr\/wp-json\/wp\/v2\/types\/post\/"}],"author":[{"embeddable":true,"href":"https:\/\/www.tessi.eu\/fr\/wp-json\/wp\/v2\/users\/11\/"}],"replies":[{"embeddable":true,"href":"https:\/\/www.tessi.eu\/fr\/wp-json\/wp\/v2\/comments\/?post=26571"}],"version-history":[{"count":10,"href":"https:\/\/www.tessi.eu\/fr\/wp-json\/wp\/v2\/posts\/26571\/revisions\/"}],"predecessor-version":[{"id":26665,"href":"https:\/\/www.tessi.eu\/fr\/wp-json\/wp\/v2\/posts\/26571\/revisions\/26665\/"}],"wp:featuredmedia":[{"embeddable":true,"href":"https:\/\/www.tessi.eu\/fr\/wp-json\/wp\/v2\/media\/26599\/"}],"wp:attachment":[{"href":"https:\/\/www.tessi.eu\/fr\/wp-json\/wp\/v2\/media\/?parent=26571"}],"wp:term":[{"taxonomy":"category","embeddable":true,"href":"https:\/\/www.tessi.eu\/fr\/wp-json\/wp\/v2\/categories\/?post=26571"},{"taxonomy":"post_tag","embeddable":true,"href":"https:\/\/www.tessi.eu\/fr\/wp-json\/wp\/v2\/tags\/?post=26571"}],"curies":[{"name":"wp","href":"https:\/\/api.w.org\/{rel}","templated":true}]}}