{"id":25402,"date":"2022-12-02T15:31:40","date_gmt":"2022-12-02T14:31:40","guid":{"rendered":"https:\/\/www.tessi.eu\/tessi-insights-facture-electronique-il-est-temps-damorcer-votre-transformation\/"},"modified":"2023-08-01T18:19:42","modified_gmt":"2023-08-01T16:19:42","slug":"tessi-insights-facture-electronique-il-est-temps-damorcer-votre-transformation-2","status":"publish","type":"post","link":"https:\/\/www.tessi.eu\/fr\/tessi-insights-facture-electronique-il-est-temps-damorcer-votre-transformation-2\/","title":{"rendered":"Tessi Insights : Facture \u00e9lectronique, il est temps d\u2019amorcer votre transformation !"},"content":{"rendered":"<p>D\u00e9couvrez le nouveau num\u00e9ro de <a href=\"https:\/\/www.tessi-blog.com\/\">Tessi Insights<\/a> consacr\u00e9 \u00e0 la <span style=\"color: #ea527c;\"><strong>Facture \u00e9lectronique<\/strong><\/span><\/p>\n<p>2024, c\u2019est demain. Et <strong>la g\u00e9n\u00e9ralisation de la facture \u00e9lectronique est loin d\u2019\u00eatre acquise pour la majeure partie des entreprises<\/strong>. Plus qu\u2019une simple modalit\u00e9, elle repr\u00e9sente un v\u00e9ritable changement qui a vocation \u00e0 s\u2019inscrire dans un projet de transformation \u00e0 plus grande \u00e9chelle en interne !<br \/>\nFace aux d\u00e9fis organisationnels et techniques, Tessi se dresse aujourd\u2019hui en partenaire de cette transition pour aider les entreprises \u00e0 se conformer aux obligations de l\u2019administration fiscale.<\/p>\n<p>D\u00e9couvrez notre d\u00e9cryptage et nos conseils \u00e0 travers nos <strong>trois articles<\/strong> :<span class=\"s2\"><br \/>\n<\/span><\/p>\n<ul>\n<li><strong>Strat\u00e9gie<\/strong> :\u00a0Le calendrier est arr\u00eat\u00e9, les obligations se pr\u00e9cisent. C\u2019est le moment d\u2019op\u00e9rer un tournant pour structurer son passage \u00e0 la facturation \u00e9lectronique et en tirer tous les b\u00e9n\u00e9fices. <span style=\"color: #ea527c;\"><a style=\"color: #ea527c;\" href=\"https:\/\/www.tessi-blog.com\/facture-electronique-transformer-contrainte-reglementaire-opportunite\/\">D\u00e9couvrez notre d\u00e9cryptage<\/a>.<\/span><\/li>\n<li><strong>T\u00e9moignage d&rsquo;expert<\/strong> : Le d\u00e9cret du 7 octobre 2022 relatif \u00e0 la g\u00e9n\u00e9ralisation de la facturation \u00e9lectronique vient apporter des pr\u00e9cisions concernant les obligations des entreprises \u00e0 l\u2019horizon 2024, un projet de transformation parfois sous-estim\u00e9. <a href=\"https:\/\/www.tessi-blog.com\/facture-electronique-faire-preuve-pedagogie\/\"><span style=\"color: #ea527c;\">\u00c9tat des lieux avec R\u00e9mi Gouyet, avocat sp\u00e9cialiste de la d\u00e9mat\u00e9rialisation fiscale et fondateur du cabinet E-tax.<\/span><\/a><\/li>\n<li><strong>En pratique\u00a0<\/strong> : Le 1er juillet 2024 marque l\u2019\u00e9ch\u00e9ance d\u2019ici laquelle les entreprises doivent satisfaire \u00e0 l\u2019obligation de conformit\u00e9 impos\u00e9e par la reforme relative \u00e0 la r\u00e9ception des factures au format \u00e9lectronique. Si en ce qui concerne leur \u00e9mission, l\u2019\u00e9chelonnement des dates, jusqu\u2019au 1er janvier 2026 est pr\u00e9vu selon la taille de l\u2019entreprise, l\u2019objectif est commun : la g\u00e9n\u00e9ralisation de la facturation au format \u00e9lectronique. <span style=\"color: #ea527c;\"><a style=\"color: #ea527c;\" href=\"https:\/\/www.tessi-blog.com\/einvoicing-reussir-projet-transformation\/\">Pour d\u00e9ployer sereinement la d\u00e9mat\u00e9rialisation de vos factures, nous vous livrons cinq erreurs \u00e0 \u00e9viter<\/a><\/span>.<\/li>\n<\/ul>\n<p>Envie d&rsquo;en savoir plus ? D\u00e9couvrez l&rsquo;int\u00e9gralit\u00e9 des articles sur notre blog d\u00e9di\u00e9 <a href=\"https:\/\/www.tessi-blog.com\/\">Tessi insights !<\/a><\/p>\n<div id=\"ConnectiveDocSignExtentionInstalled\" data-extension-version=\"1.0.4\"><\/div>\n","protected":false},"excerpt":{"rendered":"<p>D\u00e9couvrez le nouveau num\u00e9ro de Tessi Insights consacr\u00e9 \u00e0 la Facture \u00e9lectronique 2024, c\u2019est demain. Et la g\u00e9n\u00e9ralisation de la facture \u00e9lectronique est loin d\u2019\u00eatre acquise pour la majeure partie des entreprises. Plus qu\u2019une simple modalit\u00e9, elle repr\u00e9sente un v\u00e9ritable changement qui a vocation \u00e0 s\u2019inscrire dans un projet de transformation \u00e0 plus grande \u00e9chelle [&hellip;]<\/p>\n","protected":false},"author":40,"featured_media":25407,"comment_status":"closed","ping_status":"closed","sticky":false,"template":"","format":"standard","meta":{"_acf_changed":false,"footnotes":""},"categories":[47],"tags":[],"class_list":["post-25402","post","type-post","status-publish","format-standard","has-post-thumbnail","hentry","category-news"],"acf":[],"yoast_head":"<!-- This site is optimized with the Yoast SEO Premium plugin v22.3 (Yoast SEO v27.1.1) - https:\/\/yoast.com\/product\/yoast-seo-premium-wordpress\/ -->\n<title>Tessi Insights : Facture \u00e9lectronique, il est temps d\u2019amorcer votre transformation ! - Tessi International<\/title>\n<meta name=\"description\" content=\"D\u00e9couvrez le nouveau num\u00e9ro de Tessi Insights consacr\u00e9 consacr\u00e9 \u00e0 la Facture \u00e9lectronique et ses enjeux pour les entreprises.\" \/>\n<meta name=\"robots\" content=\"index, follow, max-snippet:-1, max-image-preview:large, max-video-preview:-1\" \/>\n<link rel=\"canonical\" href=\"https:\/\/www.tessi.eu\/fr\/tessi-insights-facture-electronique-il-est-temps-damorcer-votre-transformation-2\/\" \/>\n<meta property=\"og:locale\" content=\"fr_FR\" \/>\n<meta property=\"og:type\" content=\"article\" \/>\n<meta property=\"og:title\" content=\"Tessi Insights : Facture \u00e9lectronique, il est temps d\u2019amorcer votre transformation !\" \/>\n<meta property=\"og:description\" content=\"D\u00e9couvrez le nouveau num\u00e9ro de Tessi Insights consacr\u00e9 consacr\u00e9 \u00e0 la Facture \u00e9lectronique et ses enjeux pour les entreprises.\" \/>\n<meta property=\"og:url\" content=\"https:\/\/www.tessi.eu\/fr\/tessi-insights-facture-electronique-il-est-temps-damorcer-votre-transformation-2\/\" \/>\n<meta property=\"og:site_name\" content=\"Tessi International\" \/>\n<meta property=\"article:published_time\" content=\"2022-12-02T14:31:40+00:00\" \/>\n<meta property=\"article:modified_time\" content=\"2023-08-01T16:19:42+00:00\" \/>\n<meta property=\"og:image\" content=\"https:\/\/www.tessi.eu\/wp-content\/uploads\/2022\/12\/vignete-actu-site-tessi.png\" \/>\n\t<meta property=\"og:image:width\" content=\"506\" \/>\n\t<meta property=\"og:image:height\" content=\"398\" \/>\n\t<meta property=\"og:image:type\" content=\"image\/png\" \/>\n<meta name=\"author\" content=\"anaispini\" \/>\n<meta name=\"twitter:card\" content=\"summary_large_image\" \/>\n<meta name=\"twitter:label1\" content=\"\u00c9crit par\" \/>\n\t<meta name=\"twitter:data1\" content=\"anaispini\" \/>\n\t<meta name=\"twitter:label2\" content=\"Dur\u00e9e de lecture estim\u00e9e\" \/>\n\t<meta name=\"twitter:data2\" content=\"2 minutes\" \/>\n<script type=\"application\/ld+json\" class=\"yoast-schema-graph\">{\"@context\":\"https:\/\/schema.org\",\"@graph\":[{\"@type\":\"Article\",\"@id\":\"https:\/\/www.tessi.eu\/fr\/tessi-insights-facture-electronique-il-est-temps-damorcer-votre-transformation-2\/#article\",\"isPartOf\":{\"@id\":\"https:\/\/www.tessi.eu\/fr\/tessi-insights-facture-electronique-il-est-temps-damorcer-votre-transformation-2\/\"},\"author\":{\"name\":\"anaispini\",\"@id\":\"https:\/\/www.tessi.eu\/fr\/#\/schema\/person\/d77f035bf12ae0e82161e0101f82602f\"},\"headline\":\"Tessi Insights : Facture \u00e9lectronique, il est temps d\u2019amorcer votre transformation !\",\"datePublished\":\"2022-12-02T14:31:40+00:00\",\"dateModified\":\"2023-08-01T16:19:42+00:00\",\"mainEntityOfPage\":{\"@id\":\"https:\/\/www.tessi.eu\/fr\/tessi-insights-facture-electronique-il-est-temps-damorcer-votre-transformation-2\/\"},\"wordCount\":321,\"image\":{\"@id\":\"https:\/\/www.tessi.eu\/fr\/tessi-insights-facture-electronique-il-est-temps-damorcer-votre-transformation-2\/#primaryimage\"},\"thumbnailUrl\":\"https:\/\/www.tessi.eu\/wp-content\/uploads\/2022\/12\/vignete-actu-site-tessi.png\",\"articleSection\":[\"News\"],\"inLanguage\":\"fr-FR\"},{\"@type\":\"WebPage\",\"@id\":\"https:\/\/www.tessi.eu\/fr\/tessi-insights-facture-electronique-il-est-temps-damorcer-votre-transformation-2\/\",\"url\":\"https:\/\/www.tessi.eu\/fr\/tessi-insights-facture-electronique-il-est-temps-damorcer-votre-transformation-2\/\",\"name\":\"Tessi Insights : Facture \u00e9lectronique, il est temps d\u2019amorcer votre transformation ! - Tessi International\",\"isPartOf\":{\"@id\":\"https:\/\/www.tessi.eu\/fr\/#website\"},\"primaryImageOfPage\":{\"@id\":\"https:\/\/www.tessi.eu\/fr\/tessi-insights-facture-electronique-il-est-temps-damorcer-votre-transformation-2\/#primaryimage\"},\"image\":{\"@id\":\"https:\/\/www.tessi.eu\/fr\/tessi-insights-facture-electronique-il-est-temps-damorcer-votre-transformation-2\/#primaryimage\"},\"thumbnailUrl\":\"https:\/\/www.tessi.eu\/wp-content\/uploads\/2022\/12\/vignete-actu-site-tessi.png\",\"datePublished\":\"2022-12-02T14:31:40+00:00\",\"dateModified\":\"2023-08-01T16:19:42+00:00\",\"author\":{\"@id\":\"https:\/\/www.tessi.eu\/fr\/#\/schema\/person\/d77f035bf12ae0e82161e0101f82602f\"},\"description\":\"D\u00e9couvrez le nouveau num\u00e9ro de Tessi Insights consacr\u00e9 consacr\u00e9 \u00e0 la Facture \u00e9lectronique et ses enjeux pour les entreprises.\",\"breadcrumb\":{\"@id\":\"https:\/\/www.tessi.eu\/fr\/tessi-insights-facture-electronique-il-est-temps-damorcer-votre-transformation-2\/#breadcrumb\"},\"inLanguage\":\"fr-FR\",\"potentialAction\":[{\"@type\":\"ReadAction\",\"target\":[\"https:\/\/www.tessi.eu\/fr\/tessi-insights-facture-electronique-il-est-temps-damorcer-votre-transformation-2\/\"]}]},{\"@type\":\"ImageObject\",\"inLanguage\":\"fr-FR\",\"@id\":\"https:\/\/www.tessi.eu\/fr\/tessi-insights-facture-electronique-il-est-temps-damorcer-votre-transformation-2\/#primaryimage\",\"url\":\"https:\/\/www.tessi.eu\/wp-content\/uploads\/2022\/12\/vignete-actu-site-tessi.png\",\"contentUrl\":\"https:\/\/www.tessi.eu\/wp-content\/uploads\/2022\/12\/vignete-actu-site-tessi.png\",\"width\":506,\"height\":398,\"caption\":\"vignete actu site tessi\"},{\"@type\":\"BreadcrumbList\",\"@id\":\"https:\/\/www.tessi.eu\/fr\/tessi-insights-facture-electronique-il-est-temps-damorcer-votre-transformation-2\/#breadcrumb\",\"itemListElement\":[{\"@type\":\"ListItem\",\"position\":1,\"name\":\"Home\",\"item\":\"https:\/\/www.tessi.eu\/fr\/\"},{\"@type\":\"ListItem\",\"position\":2,\"name\":\"Tessi Insights : Facture \u00e9lectronique, il est temps d\u2019amorcer votre transformation !\"}]},{\"@type\":\"WebSite\",\"@id\":\"https:\/\/www.tessi.eu\/fr\/#website\",\"url\":\"https:\/\/www.tessi.eu\/fr\/\",\"name\":\"Tessi International\",\"description\":\"\",\"potentialAction\":[{\"@type\":\"SearchAction\",\"target\":{\"@type\":\"EntryPoint\",\"urlTemplate\":\"https:\/\/www.tessi.eu\/fr\/?s={search_term_string}\"},\"query-input\":{\"@type\":\"PropertyValueSpecification\",\"valueRequired\":true,\"valueName\":\"search_term_string\"}}],\"inLanguage\":\"fr-FR\"},{\"@type\":\"Person\",\"@id\":\"https:\/\/www.tessi.eu\/fr\/#\/schema\/person\/d77f035bf12ae0e82161e0101f82602f\",\"name\":\"anaispini\",\"image\":{\"@type\":\"ImageObject\",\"inLanguage\":\"fr-FR\",\"@id\":\"https:\/\/www.tessi.eu\/fr\/#\/schema\/person\/image\/\",\"url\":\"https:\/\/secure.gravatar.com\/avatar\/2ff05654bdb61baf433b7775a00e4ac807d60b5c5b4d3fa3c236a586f2157ed9?s=96&d=mm&r=g\",\"contentUrl\":\"https:\/\/secure.gravatar.com\/avatar\/2ff05654bdb61baf433b7775a00e4ac807d60b5c5b4d3fa3c236a586f2157ed9?s=96&d=mm&r=g\",\"caption\":\"anaispini\"}}]}<\/script>\n<!-- \/ Yoast SEO Premium plugin. -->","yoast_head_json":{"title":"Tessi Insights : Facture \u00e9lectronique, il est temps d\u2019amorcer votre transformation ! - Tessi International","description":"D\u00e9couvrez le nouveau num\u00e9ro de Tessi Insights consacr\u00e9 consacr\u00e9 \u00e0 la Facture \u00e9lectronique et ses enjeux pour les entreprises.","robots":{"index":"index","follow":"follow","max-snippet":"max-snippet:-1","max-image-preview":"max-image-preview:large","max-video-preview":"max-video-preview:-1"},"canonical":"https:\/\/www.tessi.eu\/fr\/tessi-insights-facture-electronique-il-est-temps-damorcer-votre-transformation-2\/","og_locale":"fr_FR","og_type":"article","og_title":"Tessi Insights : Facture \u00e9lectronique, il est temps d\u2019amorcer votre transformation !","og_description":"D\u00e9couvrez le nouveau num\u00e9ro de Tessi Insights consacr\u00e9 consacr\u00e9 \u00e0 la Facture \u00e9lectronique et ses enjeux pour les entreprises.","og_url":"https:\/\/www.tessi.eu\/fr\/tessi-insights-facture-electronique-il-est-temps-damorcer-votre-transformation-2\/","og_site_name":"Tessi International","article_published_time":"2022-12-02T14:31:40+00:00","article_modified_time":"2023-08-01T16:19:42+00:00","og_image":[{"width":506,"height":398,"url":"https:\/\/www.tessi.eu\/wp-content\/uploads\/2022\/12\/vignete-actu-site-tessi.png","type":"image\/png"}],"author":"anaispini","twitter_card":"summary_large_image","twitter_misc":{"\u00c9crit par":"anaispini","Dur\u00e9e de lecture estim\u00e9e":"2 minutes"},"schema":{"@context":"https:\/\/schema.org","@graph":[{"@type":"Article","@id":"https:\/\/www.tessi.eu\/fr\/tessi-insights-facture-electronique-il-est-temps-damorcer-votre-transformation-2\/#article","isPartOf":{"@id":"https:\/\/www.tessi.eu\/fr\/tessi-insights-facture-electronique-il-est-temps-damorcer-votre-transformation-2\/"},"author":{"name":"anaispini","@id":"https:\/\/www.tessi.eu\/fr\/#\/schema\/person\/d77f035bf12ae0e82161e0101f82602f"},"headline":"Tessi Insights : Facture \u00e9lectronique, il est temps d\u2019amorcer votre transformation !","datePublished":"2022-12-02T14:31:40+00:00","dateModified":"2023-08-01T16:19:42+00:00","mainEntityOfPage":{"@id":"https:\/\/www.tessi.eu\/fr\/tessi-insights-facture-electronique-il-est-temps-damorcer-votre-transformation-2\/"},"wordCount":321,"image":{"@id":"https:\/\/www.tessi.eu\/fr\/tessi-insights-facture-electronique-il-est-temps-damorcer-votre-transformation-2\/#primaryimage"},"thumbnailUrl":"https:\/\/www.tessi.eu\/wp-content\/uploads\/2022\/12\/vignete-actu-site-tessi.png","articleSection":["News"],"inLanguage":"fr-FR"},{"@type":"WebPage","@id":"https:\/\/www.tessi.eu\/fr\/tessi-insights-facture-electronique-il-est-temps-damorcer-votre-transformation-2\/","url":"https:\/\/www.tessi.eu\/fr\/tessi-insights-facture-electronique-il-est-temps-damorcer-votre-transformation-2\/","name":"Tessi Insights : Facture \u00e9lectronique, il est temps d\u2019amorcer votre transformation ! - Tessi International","isPartOf":{"@id":"https:\/\/www.tessi.eu\/fr\/#website"},"primaryImageOfPage":{"@id":"https:\/\/www.tessi.eu\/fr\/tessi-insights-facture-electronique-il-est-temps-damorcer-votre-transformation-2\/#primaryimage"},"image":{"@id":"https:\/\/www.tessi.eu\/fr\/tessi-insights-facture-electronique-il-est-temps-damorcer-votre-transformation-2\/#primaryimage"},"thumbnailUrl":"https:\/\/www.tessi.eu\/wp-content\/uploads\/2022\/12\/vignete-actu-site-tessi.png","datePublished":"2022-12-02T14:31:40+00:00","dateModified":"2023-08-01T16:19:42+00:00","author":{"@id":"https:\/\/www.tessi.eu\/fr\/#\/schema\/person\/d77f035bf12ae0e82161e0101f82602f"},"description":"D\u00e9couvrez le nouveau num\u00e9ro de Tessi Insights consacr\u00e9 consacr\u00e9 \u00e0 la Facture \u00e9lectronique et ses enjeux pour les entreprises.","breadcrumb":{"@id":"https:\/\/www.tessi.eu\/fr\/tessi-insights-facture-electronique-il-est-temps-damorcer-votre-transformation-2\/#breadcrumb"},"inLanguage":"fr-FR","potentialAction":[{"@type":"ReadAction","target":["https:\/\/www.tessi.eu\/fr\/tessi-insights-facture-electronique-il-est-temps-damorcer-votre-transformation-2\/"]}]},{"@type":"ImageObject","inLanguage":"fr-FR","@id":"https:\/\/www.tessi.eu\/fr\/tessi-insights-facture-electronique-il-est-temps-damorcer-votre-transformation-2\/#primaryimage","url":"https:\/\/www.tessi.eu\/wp-content\/uploads\/2022\/12\/vignete-actu-site-tessi.png","contentUrl":"https:\/\/www.tessi.eu\/wp-content\/uploads\/2022\/12\/vignete-actu-site-tessi.png","width":506,"height":398,"caption":"vignete actu site tessi"},{"@type":"BreadcrumbList","@id":"https:\/\/www.tessi.eu\/fr\/tessi-insights-facture-electronique-il-est-temps-damorcer-votre-transformation-2\/#breadcrumb","itemListElement":[{"@type":"ListItem","position":1,"name":"Home","item":"https:\/\/www.tessi.eu\/fr\/"},{"@type":"ListItem","position":2,"name":"Tessi Insights : Facture \u00e9lectronique, il est temps d\u2019amorcer votre transformation !"}]},{"@type":"WebSite","@id":"https:\/\/www.tessi.eu\/fr\/#website","url":"https:\/\/www.tessi.eu\/fr\/","name":"Tessi International","description":"","potentialAction":[{"@type":"SearchAction","target":{"@type":"EntryPoint","urlTemplate":"https:\/\/www.tessi.eu\/fr\/?s={search_term_string}"},"query-input":{"@type":"PropertyValueSpecification","valueRequired":true,"valueName":"search_term_string"}}],"inLanguage":"fr-FR"},{"@type":"Person","@id":"https:\/\/www.tessi.eu\/fr\/#\/schema\/person\/d77f035bf12ae0e82161e0101f82602f","name":"anaispini","image":{"@type":"ImageObject","inLanguage":"fr-FR","@id":"https:\/\/www.tessi.eu\/fr\/#\/schema\/person\/image\/","url":"https:\/\/secure.gravatar.com\/avatar\/2ff05654bdb61baf433b7775a00e4ac807d60b5c5b4d3fa3c236a586f2157ed9?s=96&d=mm&r=g","contentUrl":"https:\/\/secure.gravatar.com\/avatar\/2ff05654bdb61baf433b7775a00e4ac807d60b5c5b4d3fa3c236a586f2157ed9?s=96&d=mm&r=g","caption":"anaispini"}}]}},"_links":{"self":[{"href":"https:\/\/www.tessi.eu\/fr\/wp-json\/wp\/v2\/posts\/25402\/"}],"collection":[{"href":"https:\/\/www.tessi.eu\/fr\/wp-json\/wp\/v2\/posts\/"}],"about":[{"href":"https:\/\/www.tessi.eu\/fr\/wp-json\/wp\/v2\/types\/post\/"}],"author":[{"embeddable":true,"href":"https:\/\/www.tessi.eu\/fr\/wp-json\/wp\/v2\/users\/40\/"}],"replies":[{"embeddable":true,"href":"https:\/\/www.tessi.eu\/fr\/wp-json\/wp\/v2\/comments\/?post=25402"}],"version-history":[{"count":2,"href":"https:\/\/www.tessi.eu\/fr\/wp-json\/wp\/v2\/posts\/25402\/revisions\/"}],"predecessor-version":[{"id":38876,"href":"https:\/\/www.tessi.eu\/fr\/wp-json\/wp\/v2\/posts\/25402\/revisions\/38876\/"}],"wp:featuredmedia":[{"embeddable":true,"href":"https:\/\/www.tessi.eu\/fr\/wp-json\/wp\/v2\/media\/25407\/"}],"wp:attachment":[{"href":"https:\/\/www.tessi.eu\/fr\/wp-json\/wp\/v2\/media\/?parent=25402"}],"wp:term":[{"taxonomy":"category","embeddable":true,"href":"https:\/\/www.tessi.eu\/fr\/wp-json\/wp\/v2\/categories\/?post=25402"},{"taxonomy":"post_tag","embeddable":true,"href":"https:\/\/www.tessi.eu\/fr\/wp-json\/wp\/v2\/tags\/?post=25402"}],"curies":[{"name":"wp","href":"https:\/\/api.w.org\/{rel}","templated":true}]}}