{"id":24819,"date":"2022-10-18T09:40:08","date_gmt":"2022-10-18T07:40:08","guid":{"rendered":"https:\/\/www.tessi.eu\/parcours-patient-tessi-et-markess\/"},"modified":"2023-08-02T14:18:58","modified_gmt":"2023-08-02T12:18:58","slug":"parcours-patient-tessi-et-markess-2","status":"publish","type":"post","link":"https:\/\/www.tessi.eu\/fr\/parcours-patient-tessi-et-markess-2\/","title":{"rendered":"[Livre blanc] &#8211; Parcours patient : quelles strat\u00e9gies digitales d&rsquo;ici 2025"},"content":{"rendered":"<p>Moins d\u2019un d\u00e9cideur de sant\u00e9 sur deux (<span style=\"color: #ea527c;\"><strong>44 %<\/strong><\/span>) <strong>r\u00e9v\u00e8le s\u2019\u00eatre r\u00e9ellement appropri\u00e9 les potentiels des parcours patient digitaux<\/strong>. Mais <span style=\"color: #ea527c;\"><strong>47 %<\/strong><\/span> des usagers des syst\u00e8mes de soins <strong>attentent d\u00e9j\u00e0 beaucoup des portails de services, qu\u2019ils placent en 2e position juste apr\u00e8s la T\u00e9l\u00e9m\u00e9decine.<\/strong><\/p>\n<p>Cet e-book <strong>r\u00e9sume les points d&rsquo;attention des d\u00e9cideurs de sant\u00e9 <\/strong>pour <strong>am\u00e9liorer le parcours patient avec l&rsquo;aide du digita<\/strong>l, les services prioritaires pour le patient et les professionnels de sant\u00e9, les <strong>cl\u00e9s de succ\u00e8s pour y parvenir<\/strong>, l&rsquo;engagement pour la v<strong>alorisation et la protection des donn\u00e9es<\/strong>, une a<strong>daptation des infrastructures<\/strong>\u2026 Une synth\u00e8se n\u00e9cessaire \u00e0 tout acteur de sant\u00e9 engag\u00e9 dans l&rsquo;\u00e9laboration d&rsquo;une strat\u00e9gie de parcours patient avec le digital.<\/p>\n<p>Une \u00e9tude r\u00e9alis\u00e9e par <a href=\"https:\/\/www.markess.com\/\"><em><strong>Markess by exaegis<\/strong><\/em><\/a><\/p>\n","protected":false},"excerpt":{"rendered":"<p>Moins d\u2019un d\u00e9cideur de sant\u00e9 sur deux (44 %) r\u00e9v\u00e8le s\u2019\u00eatre r\u00e9ellement appropri\u00e9 les potentiels des parcours patient digitaux. Mais 47 % des usagers des syst\u00e8mes de soins attentent d\u00e9j\u00e0 beaucoup des portails de services, qu\u2019ils placent en 2e position juste apr\u00e8s la T\u00e9l\u00e9m\u00e9decine. Cet e-book r\u00e9sume les points d&rsquo;attention des d\u00e9cideurs de sant\u00e9 pour [&hellip;]<\/p>\n","protected":false},"author":40,"featured_media":24820,"comment_status":"closed","ping_status":"closed","sticky":true,"template":"","format":"standard","meta":{"_acf_changed":false,"footnotes":""},"categories":[47],"tags":[],"class_list":["post-24819","post","type-post","status-publish","format-standard","has-post-thumbnail","hentry","category-news"],"acf":[],"yoast_head":"<!-- This site is optimized with the Yoast SEO Premium plugin v22.3 (Yoast SEO v27.1.1) - https:\/\/yoast.com\/product\/yoast-seo-premium-wordpress\/ -->\n<title>[Livre blanc] - Parcours patient : quelles strat\u00e9gies digitales d&#039;ici 2025 - Tessi International<\/title>\n<meta name=\"description\" content=\"Cet e-book r\u00e9sume les points d&#039;attention des d\u00e9cideurs de sant\u00e9 pour am\u00e9liorer le parcours patient avec l&#039;aide du digital.\" \/>\n<meta name=\"robots\" content=\"index, follow, max-snippet:-1, max-image-preview:large, max-video-preview:-1\" \/>\n<link rel=\"canonical\" href=\"https:\/\/www.tessi.eu\/fr\/parcours-patient-tessi-et-markess-2\/\" \/>\n<meta property=\"og:locale\" content=\"fr_FR\" \/>\n<meta property=\"og:type\" content=\"article\" \/>\n<meta property=\"og:title\" content=\"[Livre blanc] - Parcours patient : quelles strat\u00e9gies digitales d&#039;ici 2025\" \/>\n<meta property=\"og:description\" content=\"Cet e-book r\u00e9sume les points d&#039;attention des d\u00e9cideurs de sant\u00e9 pour am\u00e9liorer le parcours patient avec l&#039;aide du digital.\" \/>\n<meta property=\"og:url\" content=\"https:\/\/www.tessi.eu\/fr\/parcours-patient-tessi-et-markess-2\/\" \/>\n<meta property=\"og:site_name\" content=\"Tessi International\" \/>\n<meta property=\"article:published_time\" content=\"2022-10-18T07:40:08+00:00\" \/>\n<meta property=\"article:modified_time\" content=\"2023-08-02T12:18:58+00:00\" \/>\n<meta property=\"og:image\" content=\"https:\/\/www.tessi.eu\/wp-content\/uploads\/2022\/10\/vignette-site-tessi-1.png\" \/>\n\t<meta property=\"og:image:width\" content=\"2154\" \/>\n\t<meta property=\"og:image:height\" content=\"1417\" \/>\n\t<meta property=\"og:image:type\" content=\"image\/png\" \/>\n<meta name=\"author\" content=\"anaispini\" \/>\n<meta name=\"twitter:card\" content=\"summary_large_image\" \/>\n<meta name=\"twitter:label1\" content=\"\u00c9crit par\" \/>\n\t<meta name=\"twitter:data1\" content=\"anaispini\" \/>\n\t<meta name=\"twitter:label2\" content=\"Dur\u00e9e de lecture estim\u00e9e\" \/>\n\t<meta name=\"twitter:data2\" content=\"1 minute\" \/>\n<script type=\"application\/ld+json\" class=\"yoast-schema-graph\">{\"@context\":\"https:\/\/schema.org\",\"@graph\":[{\"@type\":\"Article\",\"@id\":\"https:\/\/www.tessi.eu\/fr\/parcours-patient-tessi-et-markess-2\/#article\",\"isPartOf\":{\"@id\":\"https:\/\/www.tessi.eu\/fr\/parcours-patient-tessi-et-markess-2\/\"},\"author\":{\"name\":\"anaispini\",\"@id\":\"https:\/\/www.tessi.eu\/fr\/#\/schema\/person\/d77f035bf12ae0e82161e0101f82602f\"},\"headline\":\"[Livre blanc] &#8211; Parcours patient : quelles strat\u00e9gies digitales d&rsquo;ici 2025\",\"datePublished\":\"2022-10-18T07:40:08+00:00\",\"dateModified\":\"2023-08-02T12:18:58+00:00\",\"mainEntityOfPage\":{\"@id\":\"https:\/\/www.tessi.eu\/fr\/parcours-patient-tessi-et-markess-2\/\"},\"wordCount\":155,\"image\":{\"@id\":\"https:\/\/www.tessi.eu\/fr\/parcours-patient-tessi-et-markess-2\/#primaryimage\"},\"thumbnailUrl\":\"https:\/\/www.tessi.eu\/wp-content\/uploads\/2022\/10\/vignette-site-tessi-1.png\",\"articleSection\":[\"News\"],\"inLanguage\":\"fr-FR\"},{\"@type\":\"WebPage\",\"@id\":\"https:\/\/www.tessi.eu\/fr\/parcours-patient-tessi-et-markess-2\/\",\"url\":\"https:\/\/www.tessi.eu\/fr\/parcours-patient-tessi-et-markess-2\/\",\"name\":\"[Livre blanc] - Parcours patient : quelles strat\u00e9gies digitales d'ici 2025 - Tessi International\",\"isPartOf\":{\"@id\":\"https:\/\/www.tessi.eu\/fr\/#website\"},\"primaryImageOfPage\":{\"@id\":\"https:\/\/www.tessi.eu\/fr\/parcours-patient-tessi-et-markess-2\/#primaryimage\"},\"image\":{\"@id\":\"https:\/\/www.tessi.eu\/fr\/parcours-patient-tessi-et-markess-2\/#primaryimage\"},\"thumbnailUrl\":\"https:\/\/www.tessi.eu\/wp-content\/uploads\/2022\/10\/vignette-site-tessi-1.png\",\"datePublished\":\"2022-10-18T07:40:08+00:00\",\"dateModified\":\"2023-08-02T12:18:58+00:00\",\"author\":{\"@id\":\"https:\/\/www.tessi.eu\/fr\/#\/schema\/person\/d77f035bf12ae0e82161e0101f82602f\"},\"description\":\"Cet e-book r\u00e9sume les points d'attention des d\u00e9cideurs de sant\u00e9 pour am\u00e9liorer le parcours patient avec l'aide du digital.\",\"breadcrumb\":{\"@id\":\"https:\/\/www.tessi.eu\/fr\/parcours-patient-tessi-et-markess-2\/#breadcrumb\"},\"inLanguage\":\"fr-FR\",\"potentialAction\":[{\"@type\":\"ReadAction\",\"target\":[\"https:\/\/www.tessi.eu\/fr\/parcours-patient-tessi-et-markess-2\/\"]}]},{\"@type\":\"ImageObject\",\"inLanguage\":\"fr-FR\",\"@id\":\"https:\/\/www.tessi.eu\/fr\/parcours-patient-tessi-et-markess-2\/#primaryimage\",\"url\":\"https:\/\/www.tessi.eu\/wp-content\/uploads\/2022\/10\/vignette-site-tessi-1.png\",\"contentUrl\":\"https:\/\/www.tessi.eu\/wp-content\/uploads\/2022\/10\/vignette-site-tessi-1.png\",\"width\":2154,\"height\":1417,\"caption\":\"Livre blanc : Parcours Patient\"},{\"@type\":\"BreadcrumbList\",\"@id\":\"https:\/\/www.tessi.eu\/fr\/parcours-patient-tessi-et-markess-2\/#breadcrumb\",\"itemListElement\":[{\"@type\":\"ListItem\",\"position\":1,\"name\":\"Home\",\"item\":\"https:\/\/www.tessi.eu\/fr\/\"},{\"@type\":\"ListItem\",\"position\":2,\"name\":\"[Livre blanc] &#8211; Parcours patient : quelles strat\u00e9gies digitales d&rsquo;ici 2025\"}]},{\"@type\":\"WebSite\",\"@id\":\"https:\/\/www.tessi.eu\/fr\/#website\",\"url\":\"https:\/\/www.tessi.eu\/fr\/\",\"name\":\"Tessi International\",\"description\":\"\",\"potentialAction\":[{\"@type\":\"SearchAction\",\"target\":{\"@type\":\"EntryPoint\",\"urlTemplate\":\"https:\/\/www.tessi.eu\/fr\/?s={search_term_string}\"},\"query-input\":{\"@type\":\"PropertyValueSpecification\",\"valueRequired\":true,\"valueName\":\"search_term_string\"}}],\"inLanguage\":\"fr-FR\"},{\"@type\":\"Person\",\"@id\":\"https:\/\/www.tessi.eu\/fr\/#\/schema\/person\/d77f035bf12ae0e82161e0101f82602f\",\"name\":\"anaispini\",\"image\":{\"@type\":\"ImageObject\",\"inLanguage\":\"fr-FR\",\"@id\":\"https:\/\/www.tessi.eu\/fr\/#\/schema\/person\/image\/\",\"url\":\"https:\/\/secure.gravatar.com\/avatar\/2ff05654bdb61baf433b7775a00e4ac807d60b5c5b4d3fa3c236a586f2157ed9?s=96&d=mm&r=g\",\"contentUrl\":\"https:\/\/secure.gravatar.com\/avatar\/2ff05654bdb61baf433b7775a00e4ac807d60b5c5b4d3fa3c236a586f2157ed9?s=96&d=mm&r=g\",\"caption\":\"anaispini\"}}]}<\/script>\n<!-- \/ Yoast SEO Premium plugin. -->","yoast_head_json":{"title":"[Livre blanc] - Parcours patient : quelles strat\u00e9gies digitales d'ici 2025 - Tessi International","description":"Cet e-book r\u00e9sume les points d'attention des d\u00e9cideurs de sant\u00e9 pour am\u00e9liorer le parcours patient avec l'aide du digital.","robots":{"index":"index","follow":"follow","max-snippet":"max-snippet:-1","max-image-preview":"max-image-preview:large","max-video-preview":"max-video-preview:-1"},"canonical":"https:\/\/www.tessi.eu\/fr\/parcours-patient-tessi-et-markess-2\/","og_locale":"fr_FR","og_type":"article","og_title":"[Livre blanc] - Parcours patient : quelles strat\u00e9gies digitales d'ici 2025","og_description":"Cet e-book r\u00e9sume les points d'attention des d\u00e9cideurs de sant\u00e9 pour am\u00e9liorer le parcours patient avec l'aide du digital.","og_url":"https:\/\/www.tessi.eu\/fr\/parcours-patient-tessi-et-markess-2\/","og_site_name":"Tessi International","article_published_time":"2022-10-18T07:40:08+00:00","article_modified_time":"2023-08-02T12:18:58+00:00","og_image":[{"width":2154,"height":1417,"url":"https:\/\/www.tessi.eu\/wp-content\/uploads\/2022\/10\/vignette-site-tessi-1.png","type":"image\/png"}],"author":"anaispini","twitter_card":"summary_large_image","twitter_misc":{"\u00c9crit par":"anaispini","Dur\u00e9e de lecture estim\u00e9e":"1 minute"},"schema":{"@context":"https:\/\/schema.org","@graph":[{"@type":"Article","@id":"https:\/\/www.tessi.eu\/fr\/parcours-patient-tessi-et-markess-2\/#article","isPartOf":{"@id":"https:\/\/www.tessi.eu\/fr\/parcours-patient-tessi-et-markess-2\/"},"author":{"name":"anaispini","@id":"https:\/\/www.tessi.eu\/fr\/#\/schema\/person\/d77f035bf12ae0e82161e0101f82602f"},"headline":"[Livre blanc] &#8211; Parcours patient : quelles strat\u00e9gies digitales d&rsquo;ici 2025","datePublished":"2022-10-18T07:40:08+00:00","dateModified":"2023-08-02T12:18:58+00:00","mainEntityOfPage":{"@id":"https:\/\/www.tessi.eu\/fr\/parcours-patient-tessi-et-markess-2\/"},"wordCount":155,"image":{"@id":"https:\/\/www.tessi.eu\/fr\/parcours-patient-tessi-et-markess-2\/#primaryimage"},"thumbnailUrl":"https:\/\/www.tessi.eu\/wp-content\/uploads\/2022\/10\/vignette-site-tessi-1.png","articleSection":["News"],"inLanguage":"fr-FR"},{"@type":"WebPage","@id":"https:\/\/www.tessi.eu\/fr\/parcours-patient-tessi-et-markess-2\/","url":"https:\/\/www.tessi.eu\/fr\/parcours-patient-tessi-et-markess-2\/","name":"[Livre blanc] - Parcours patient : quelles strat\u00e9gies digitales d'ici 2025 - Tessi International","isPartOf":{"@id":"https:\/\/www.tessi.eu\/fr\/#website"},"primaryImageOfPage":{"@id":"https:\/\/www.tessi.eu\/fr\/parcours-patient-tessi-et-markess-2\/#primaryimage"},"image":{"@id":"https:\/\/www.tessi.eu\/fr\/parcours-patient-tessi-et-markess-2\/#primaryimage"},"thumbnailUrl":"https:\/\/www.tessi.eu\/wp-content\/uploads\/2022\/10\/vignette-site-tessi-1.png","datePublished":"2022-10-18T07:40:08+00:00","dateModified":"2023-08-02T12:18:58+00:00","author":{"@id":"https:\/\/www.tessi.eu\/fr\/#\/schema\/person\/d77f035bf12ae0e82161e0101f82602f"},"description":"Cet e-book r\u00e9sume les points d'attention des d\u00e9cideurs de sant\u00e9 pour am\u00e9liorer le parcours patient avec l'aide du digital.","breadcrumb":{"@id":"https:\/\/www.tessi.eu\/fr\/parcours-patient-tessi-et-markess-2\/#breadcrumb"},"inLanguage":"fr-FR","potentialAction":[{"@type":"ReadAction","target":["https:\/\/www.tessi.eu\/fr\/parcours-patient-tessi-et-markess-2\/"]}]},{"@type":"ImageObject","inLanguage":"fr-FR","@id":"https:\/\/www.tessi.eu\/fr\/parcours-patient-tessi-et-markess-2\/#primaryimage","url":"https:\/\/www.tessi.eu\/wp-content\/uploads\/2022\/10\/vignette-site-tessi-1.png","contentUrl":"https:\/\/www.tessi.eu\/wp-content\/uploads\/2022\/10\/vignette-site-tessi-1.png","width":2154,"height":1417,"caption":"Livre blanc : Parcours Patient"},{"@type":"BreadcrumbList","@id":"https:\/\/www.tessi.eu\/fr\/parcours-patient-tessi-et-markess-2\/#breadcrumb","itemListElement":[{"@type":"ListItem","position":1,"name":"Home","item":"https:\/\/www.tessi.eu\/fr\/"},{"@type":"ListItem","position":2,"name":"[Livre blanc] &#8211; Parcours patient : quelles strat\u00e9gies digitales d&rsquo;ici 2025"}]},{"@type":"WebSite","@id":"https:\/\/www.tessi.eu\/fr\/#website","url":"https:\/\/www.tessi.eu\/fr\/","name":"Tessi International","description":"","potentialAction":[{"@type":"SearchAction","target":{"@type":"EntryPoint","urlTemplate":"https:\/\/www.tessi.eu\/fr\/?s={search_term_string}"},"query-input":{"@type":"PropertyValueSpecification","valueRequired":true,"valueName":"search_term_string"}}],"inLanguage":"fr-FR"},{"@type":"Person","@id":"https:\/\/www.tessi.eu\/fr\/#\/schema\/person\/d77f035bf12ae0e82161e0101f82602f","name":"anaispini","image":{"@type":"ImageObject","inLanguage":"fr-FR","@id":"https:\/\/www.tessi.eu\/fr\/#\/schema\/person\/image\/","url":"https:\/\/secure.gravatar.com\/avatar\/2ff05654bdb61baf433b7775a00e4ac807d60b5c5b4d3fa3c236a586f2157ed9?s=96&d=mm&r=g","contentUrl":"https:\/\/secure.gravatar.com\/avatar\/2ff05654bdb61baf433b7775a00e4ac807d60b5c5b4d3fa3c236a586f2157ed9?s=96&d=mm&r=g","caption":"anaispini"}}]}},"_links":{"self":[{"href":"https:\/\/www.tessi.eu\/fr\/wp-json\/wp\/v2\/posts\/24819\/"}],"collection":[{"href":"https:\/\/www.tessi.eu\/fr\/wp-json\/wp\/v2\/posts\/"}],"about":[{"href":"https:\/\/www.tessi.eu\/fr\/wp-json\/wp\/v2\/types\/post\/"}],"author":[{"embeddable":true,"href":"https:\/\/www.tessi.eu\/fr\/wp-json\/wp\/v2\/users\/40\/"}],"replies":[{"embeddable":true,"href":"https:\/\/www.tessi.eu\/fr\/wp-json\/wp\/v2\/comments\/?post=24819"}],"version-history":[{"count":4,"href":"https:\/\/www.tessi.eu\/fr\/wp-json\/wp\/v2\/posts\/24819\/revisions\/"}],"predecessor-version":[{"id":38912,"href":"https:\/\/www.tessi.eu\/fr\/wp-json\/wp\/v2\/posts\/24819\/revisions\/38912\/"}],"wp:featuredmedia":[{"embeddable":true,"href":"https:\/\/www.tessi.eu\/fr\/wp-json\/wp\/v2\/media\/24820\/"}],"wp:attachment":[{"href":"https:\/\/www.tessi.eu\/fr\/wp-json\/wp\/v2\/media\/?parent=24819"}],"wp:term":[{"taxonomy":"category","embeddable":true,"href":"https:\/\/www.tessi.eu\/fr\/wp-json\/wp\/v2\/categories\/?post=24819"},{"taxonomy":"post_tag","embeddable":true,"href":"https:\/\/www.tessi.eu\/fr\/wp-json\/wp\/v2\/tags\/?post=24819"}],"curies":[{"name":"wp","href":"https:\/\/api.w.org\/{rel}","templated":true}]}}