{"id":22934,"date":"2022-05-16T09:50:14","date_gmt":"2022-05-16T07:50:14","guid":{"rendered":"https:\/\/www.tessi.eu\/tessi-annonce-sa-recertification-hds-et-iso27001-copy\/"},"modified":"2022-05-16T09:54:33","modified_gmt":"2022-05-16T07:54:33","slug":"tessi-annonce-lacquisition-de-vilt","status":"publish","type":"post","link":"https:\/\/www.tessi.eu\/fr\/tessi-annonce-lacquisition-de-vilt\/","title":{"rendered":"Tessi annonce l\u2019acquisition de VILT"},"content":{"rendered":"<p>Tessi annonce l\u2019acquisition de VILT, soci\u00e9t\u00e9 internationale sp\u00e9cialis\u00e9e dans la transformation num\u00e9rique, qui aide les entreprises \u00e0 travers le monde \u00e0 am\u00e9liorer l\u2019exp\u00e9rience de leurs clients, mais aussi \u00e0 gagner en efficacit\u00e9 gr\u00e2ce \u00e0 ses solutions num\u00e9riques et \u00e0 l\u2019int\u00e9gration compl\u00e8te des donn\u00e9es. Avec des bureaux au Portugal, en Espagne, en Suisse et au Br\u00e9sil, VILT multiplie les succ\u00e8s depuis 20 ans et compte plus de 400 clients \u00e0 travers le monde, principalement dans les services financiers, les assurances et le secteur public.    <\/p>\n<p>VILT propose des services allant de l\u2019Enterprise Content Management (ECM) \u00e0 la Digital Experience (DX) et au Customer Communication Management (CCM).<\/p>\n<p>Avec ce rapprochement, Tessi poursuit sa dynamique de d\u00e9veloppement pour devenir un acteur incontournable du parcours client.<\/p>\n<p><span style=\"color: #005faa;\">\u00ab\u00a0<i>Apr\u00e8s le lancement de notre Digital Factory Innovation &#038; Trust d\u00e9di\u00e9e \u00e0 l\u2019\u00e9dition de logiciels et \u00e0 l\u2019incubation de start-ups, nous continuons \u00e0 renforcer l\u2019intensit\u00e9 technologique de Tessi. Ainsi, en int\u00e9grant VILT \u00e0 notre Business Unit Conseil &#038; Int\u00e9gration, nous avons l\u2019ambition de cr\u00e9er une Entreprise de Services Num\u00e9riques (ESN) internationale, pouvant fournir des solutions digitales d\u2019excellence \u00e0 tous les types de clients \u00e0 travers le monde.<\/i>\u00a0\u00bb<strong>, d\u00e9clare Olivier Jolland, Directeur G\u00e9n\u00e9ral de Tessi.<\/strong><\/span><\/p>\n<p>Au-del\u00e0 de sa grande compl\u00e9mentarit\u00e9 avec les m\u00e9tiers de Tessi, VILT pourra d\u00e9ployer son expertise en France, en Suisse, au Chili, en Colombie et sur d\u2019autres march\u00e9s prometteurs. En effet, l\u2019activit\u00e9 Conseil &#038; Int\u00e9gration comptera plus de 400 consultants apr\u00e8s ce rapprochement, ce qui permettra \u00e0 Tessi d\u2019accompagner ses clients en Europe, en Am\u00e9rique du Sud et aux \u00c9tats-Unis.<\/p>\n<p><span style=\"color: #005faa;\">\u00ab\u00a0<i>Int\u00e9grer le groupe Tessi repr\u00e9sente pour VILT une formidable opportunit\u00e9 d\u2019\u00e9tendre ses activit\u00e9s sur de nouveaux march\u00e9s, notamment en France, au Chili et en Colombie. C\u2019est aussi une excellente nouvelle pour nos clients existants, qui auront d\u00e9sormais acc\u00e8s \u00e0 une gamme plus large de services et de solutions propos\u00e9s par Tessi, un acteur de premier plan dans le domaine du BPS (Business Process Services) en Europe.<\/i>\u00a0\u00bb<strong>, souligne Tiago Gavinhos, PDG et cofondateur de VILT.<\/strong><\/span><\/p>\n<p>Ainsi, la Business Unit Conseil &#038; Int\u00e9gration du groupe Tessi, nouvellement renforc\u00e9e, sera en mesure d\u2019offrir des services encore plus performants \u00e0 ses clients afin d\u2019optimiser leurs interactions client, que ce soit en utilisant ses propres solutions ou celles de ses partenaires strat\u00e9giques.<\/p>\n<p>&nbsp;<\/p>\n<div class=\"button-wrapper anim-element translate-y t150\"><a class=\"btn-new btn-border-degrade\" title=\"T\u00e9l\u00e9charger le communiqu\u00e9\" href=\"https:\/\/www.tessi.eu\/wp-content\/uploads\/2022\/05\/220516-cp-acquisition-de-vilt-fr-2.pdf\" target=\"_blank\" rel=\"noopener\"><span class=\"btn-border-degrade-content\"><span class=\"text\">T\u00e9l\u00e9charger le communiqu\u00e9<\/span><\/span><\/a><\/div>\n","protected":false},"excerpt":{"rendered":"<p>Tessi annonce l\u2019acquisition de VILT, soci\u00e9t\u00e9 internationale sp\u00e9cialis\u00e9e dans la transformation num\u00e9rique, qui aide les entreprises \u00e0 travers le monde \u00e0 am\u00e9liorer l\u2019exp\u00e9rience de leurs clients, mais aussi \u00e0 gagner en efficacit\u00e9 gr\u00e2ce \u00e0 ses solutions num\u00e9riques et \u00e0 l\u2019int\u00e9gration compl\u00e8te des donn\u00e9es. Avec des bureaux au Portugal, en Espagne, en Suisse et au Br\u00e9sil, [&hellip;]<\/p>\n","protected":false},"author":12,"featured_media":22940,"comment_status":"open","ping_status":"open","sticky":false,"template":"","format":"standard","meta":{"_acf_changed":false,"footnotes":""},"categories":[47],"tags":[],"class_list":["post-22934","post","type-post","status-publish","format-standard","has-post-thumbnail","hentry","category-news"],"acf":[],"yoast_head":"<!-- This site is optimized with the Yoast SEO Premium plugin v22.3 (Yoast SEO v27.1.1) - https:\/\/yoast.com\/product\/yoast-seo-premium-wordpress\/ -->\n<title>Tessi annonce l\u2019acquisition de VILT - Tessi International<\/title>\n<meta name=\"description\" content=\"Tessi Technologies, une nouvelle fois reconnue \u00e0 l\u2019occasion d\u2019un audit men\u00e9 par Bureau Veritas pour r\u00e9-\u00e9valuer ses deux certifications\u00a0ISO\u00a027001\u00a0et HDS sur le p\u00e9rim\u00e8tre h\u00e9bergement et infog\u00e9rance.\" \/>\n<meta name=\"robots\" content=\"index, follow, max-snippet:-1, max-image-preview:large, max-video-preview:-1\" \/>\n<link rel=\"canonical\" href=\"https:\/\/www.tessi.eu\/fr\/tessi-annonce-lacquisition-de-vilt\/\" \/>\n<meta property=\"og:locale\" content=\"fr_FR\" \/>\n<meta property=\"og:type\" content=\"article\" \/>\n<meta property=\"og:title\" content=\"Tessi annonce l\u2019acquisition de VILT\" \/>\n<meta property=\"og:description\" content=\"Tessi Technologies, une nouvelle fois reconnue \u00e0 l\u2019occasion d\u2019un audit men\u00e9 par Bureau Veritas pour r\u00e9-\u00e9valuer ses deux certifications\u00a0ISO\u00a027001\u00a0et HDS sur le p\u00e9rim\u00e8tre h\u00e9bergement et infog\u00e9rance.\" \/>\n<meta property=\"og:url\" content=\"https:\/\/www.tessi.eu\/fr\/tessi-annonce-lacquisition-de-vilt\/\" \/>\n<meta property=\"og:site_name\" content=\"Tessi International\" \/>\n<meta property=\"article:published_time\" content=\"2022-05-16T07:50:14+00:00\" \/>\n<meta property=\"article:modified_time\" content=\"2022-05-16T07:54:33+00:00\" \/>\n<meta property=\"og:image\" content=\"https:\/\/tessi.on-web.fr\/wp-content\/uploads\/2022\/05\/vignette-vilt.png\" \/>\n\t<meta property=\"og:image:width\" content=\"506\" \/>\n\t<meta property=\"og:image:height\" content=\"398\" \/>\n\t<meta property=\"og:image:type\" content=\"image\/png\" \/>\n<meta name=\"author\" content=\"pmallet\" \/>\n<meta name=\"twitter:card\" content=\"summary_large_image\" \/>\n<meta name=\"twitter:label1\" content=\"\u00c9crit par\" \/>\n\t<meta name=\"twitter:data1\" content=\"pmallet\" \/>\n\t<meta name=\"twitter:label2\" content=\"Dur\u00e9e de lecture estim\u00e9e\" \/>\n\t<meta name=\"twitter:data2\" content=\"2 minutes\" \/>\n<script type=\"application\/ld+json\" class=\"yoast-schema-graph\">{\"@context\":\"https:\/\/schema.org\",\"@graph\":[{\"@type\":\"Article\",\"@id\":\"https:\/\/www.tessi.eu\/fr\/tessi-annonce-lacquisition-de-vilt\/#article\",\"isPartOf\":{\"@id\":\"https:\/\/www.tessi.eu\/fr\/tessi-annonce-lacquisition-de-vilt\/\"},\"author\":{\"name\":\"pmallet\",\"@id\":\"https:\/\/www.tessi.eu\/fr\/#\/schema\/person\/0c662bb797314a35603fe3fd7b4d09bb\"},\"headline\":\"Tessi annonce l\u2019acquisition de VILT\",\"datePublished\":\"2022-05-16T07:50:14+00:00\",\"dateModified\":\"2022-05-16T07:54:33+00:00\",\"mainEntityOfPage\":{\"@id\":\"https:\/\/www.tessi.eu\/fr\/tessi-annonce-lacquisition-de-vilt\/\"},\"wordCount\":417,\"commentCount\":0,\"image\":{\"@id\":\"https:\/\/www.tessi.eu\/fr\/tessi-annonce-lacquisition-de-vilt\/#primaryimage\"},\"thumbnailUrl\":\"https:\/\/www.tessi.eu\/wp-content\/uploads\/2022\/05\/vignette-vilt.png\",\"articleSection\":[\"News\"],\"inLanguage\":\"fr-FR\"},{\"@type\":\"WebPage\",\"@id\":\"https:\/\/www.tessi.eu\/fr\/tessi-annonce-lacquisition-de-vilt\/\",\"url\":\"https:\/\/www.tessi.eu\/fr\/tessi-annonce-lacquisition-de-vilt\/\",\"name\":\"Tessi annonce l\u2019acquisition de VILT - Tessi International\",\"isPartOf\":{\"@id\":\"https:\/\/www.tessi.eu\/fr\/#website\"},\"primaryImageOfPage\":{\"@id\":\"https:\/\/www.tessi.eu\/fr\/tessi-annonce-lacquisition-de-vilt\/#primaryimage\"},\"image\":{\"@id\":\"https:\/\/www.tessi.eu\/fr\/tessi-annonce-lacquisition-de-vilt\/#primaryimage\"},\"thumbnailUrl\":\"https:\/\/www.tessi.eu\/wp-content\/uploads\/2022\/05\/vignette-vilt.png\",\"datePublished\":\"2022-05-16T07:50:14+00:00\",\"dateModified\":\"2022-05-16T07:54:33+00:00\",\"author\":{\"@id\":\"https:\/\/www.tessi.eu\/fr\/#\/schema\/person\/0c662bb797314a35603fe3fd7b4d09bb\"},\"description\":\"Tessi Technologies, une nouvelle fois reconnue \u00e0 l\u2019occasion d\u2019un audit men\u00e9 par Bureau Veritas pour r\u00e9-\u00e9valuer ses deux certifications\u00a0ISO\u00a027001\u00a0et HDS sur le p\u00e9rim\u00e8tre h\u00e9bergement et infog\u00e9rance.\",\"breadcrumb\":{\"@id\":\"https:\/\/www.tessi.eu\/fr\/tessi-annonce-lacquisition-de-vilt\/#breadcrumb\"},\"inLanguage\":\"fr-FR\",\"potentialAction\":[{\"@type\":\"ReadAction\",\"target\":[\"https:\/\/www.tessi.eu\/fr\/tessi-annonce-lacquisition-de-vilt\/\"]}]},{\"@type\":\"ImageObject\",\"inLanguage\":\"fr-FR\",\"@id\":\"https:\/\/www.tessi.eu\/fr\/tessi-annonce-lacquisition-de-vilt\/#primaryimage\",\"url\":\"https:\/\/www.tessi.eu\/wp-content\/uploads\/2022\/05\/vignette-vilt.png\",\"contentUrl\":\"https:\/\/www.tessi.eu\/wp-content\/uploads\/2022\/05\/vignette-vilt.png\",\"width\":506,\"height\":398,\"caption\":\"vignette vilt\"},{\"@type\":\"BreadcrumbList\",\"@id\":\"https:\/\/www.tessi.eu\/fr\/tessi-annonce-lacquisition-de-vilt\/#breadcrumb\",\"itemListElement\":[{\"@type\":\"ListItem\",\"position\":1,\"name\":\"Home\",\"item\":\"https:\/\/www.tessi.eu\/fr\/\"},{\"@type\":\"ListItem\",\"position\":2,\"name\":\"Tessi annonce l\u2019acquisition de VILT\"}]},{\"@type\":\"WebSite\",\"@id\":\"https:\/\/www.tessi.eu\/fr\/#website\",\"url\":\"https:\/\/www.tessi.eu\/fr\/\",\"name\":\"Tessi International\",\"description\":\"\",\"potentialAction\":[{\"@type\":\"SearchAction\",\"target\":{\"@type\":\"EntryPoint\",\"urlTemplate\":\"https:\/\/www.tessi.eu\/fr\/?s={search_term_string}\"},\"query-input\":{\"@type\":\"PropertyValueSpecification\",\"valueRequired\":true,\"valueName\":\"search_term_string\"}}],\"inLanguage\":\"fr-FR\"},{\"@type\":\"Person\",\"@id\":\"https:\/\/www.tessi.eu\/fr\/#\/schema\/person\/0c662bb797314a35603fe3fd7b4d09bb\",\"name\":\"pmallet\",\"image\":{\"@type\":\"ImageObject\",\"inLanguage\":\"fr-FR\",\"@id\":\"https:\/\/www.tessi.eu\/fr\/#\/schema\/person\/image\/\",\"url\":\"https:\/\/secure.gravatar.com\/avatar\/285d36b3faf28a1d856148cf2d579763696444924b5af229391323d21a89f987?s=96&d=mm&r=g\",\"contentUrl\":\"https:\/\/secure.gravatar.com\/avatar\/285d36b3faf28a1d856148cf2d579763696444924b5af229391323d21a89f987?s=96&d=mm&r=g\",\"caption\":\"pmallet\"}}]}<\/script>\n<!-- \/ Yoast SEO Premium plugin. -->","yoast_head_json":{"title":"Tessi annonce l\u2019acquisition de VILT - Tessi International","description":"Tessi Technologies, une nouvelle fois reconnue \u00e0 l\u2019occasion d\u2019un audit men\u00e9 par Bureau Veritas pour r\u00e9-\u00e9valuer ses deux certifications\u00a0ISO\u00a027001\u00a0et HDS sur le p\u00e9rim\u00e8tre h\u00e9bergement et infog\u00e9rance.","robots":{"index":"index","follow":"follow","max-snippet":"max-snippet:-1","max-image-preview":"max-image-preview:large","max-video-preview":"max-video-preview:-1"},"canonical":"https:\/\/www.tessi.eu\/fr\/tessi-annonce-lacquisition-de-vilt\/","og_locale":"fr_FR","og_type":"article","og_title":"Tessi annonce l\u2019acquisition de VILT","og_description":"Tessi Technologies, une nouvelle fois reconnue \u00e0 l\u2019occasion d\u2019un audit men\u00e9 par Bureau Veritas pour r\u00e9-\u00e9valuer ses deux certifications\u00a0ISO\u00a027001\u00a0et HDS sur le p\u00e9rim\u00e8tre h\u00e9bergement et infog\u00e9rance.","og_url":"https:\/\/www.tessi.eu\/fr\/tessi-annonce-lacquisition-de-vilt\/","og_site_name":"Tessi International","article_published_time":"2022-05-16T07:50:14+00:00","article_modified_time":"2022-05-16T07:54:33+00:00","og_image":[{"width":506,"height":398,"url":"https:\/\/tessi.on-web.fr\/wp-content\/uploads\/2022\/05\/vignette-vilt.png","type":"image\/png"}],"author":"pmallet","twitter_card":"summary_large_image","twitter_misc":{"\u00c9crit par":"pmallet","Dur\u00e9e de lecture estim\u00e9e":"2 minutes"},"schema":{"@context":"https:\/\/schema.org","@graph":[{"@type":"Article","@id":"https:\/\/www.tessi.eu\/fr\/tessi-annonce-lacquisition-de-vilt\/#article","isPartOf":{"@id":"https:\/\/www.tessi.eu\/fr\/tessi-annonce-lacquisition-de-vilt\/"},"author":{"name":"pmallet","@id":"https:\/\/www.tessi.eu\/fr\/#\/schema\/person\/0c662bb797314a35603fe3fd7b4d09bb"},"headline":"Tessi annonce l\u2019acquisition de VILT","datePublished":"2022-05-16T07:50:14+00:00","dateModified":"2022-05-16T07:54:33+00:00","mainEntityOfPage":{"@id":"https:\/\/www.tessi.eu\/fr\/tessi-annonce-lacquisition-de-vilt\/"},"wordCount":417,"commentCount":0,"image":{"@id":"https:\/\/www.tessi.eu\/fr\/tessi-annonce-lacquisition-de-vilt\/#primaryimage"},"thumbnailUrl":"https:\/\/www.tessi.eu\/wp-content\/uploads\/2022\/05\/vignette-vilt.png","articleSection":["News"],"inLanguage":"fr-FR"},{"@type":"WebPage","@id":"https:\/\/www.tessi.eu\/fr\/tessi-annonce-lacquisition-de-vilt\/","url":"https:\/\/www.tessi.eu\/fr\/tessi-annonce-lacquisition-de-vilt\/","name":"Tessi annonce l\u2019acquisition de VILT - Tessi International","isPartOf":{"@id":"https:\/\/www.tessi.eu\/fr\/#website"},"primaryImageOfPage":{"@id":"https:\/\/www.tessi.eu\/fr\/tessi-annonce-lacquisition-de-vilt\/#primaryimage"},"image":{"@id":"https:\/\/www.tessi.eu\/fr\/tessi-annonce-lacquisition-de-vilt\/#primaryimage"},"thumbnailUrl":"https:\/\/www.tessi.eu\/wp-content\/uploads\/2022\/05\/vignette-vilt.png","datePublished":"2022-05-16T07:50:14+00:00","dateModified":"2022-05-16T07:54:33+00:00","author":{"@id":"https:\/\/www.tessi.eu\/fr\/#\/schema\/person\/0c662bb797314a35603fe3fd7b4d09bb"},"description":"Tessi Technologies, une nouvelle fois reconnue \u00e0 l\u2019occasion d\u2019un audit men\u00e9 par Bureau Veritas pour r\u00e9-\u00e9valuer ses deux certifications\u00a0ISO\u00a027001\u00a0et HDS sur le p\u00e9rim\u00e8tre h\u00e9bergement et infog\u00e9rance.","breadcrumb":{"@id":"https:\/\/www.tessi.eu\/fr\/tessi-annonce-lacquisition-de-vilt\/#breadcrumb"},"inLanguage":"fr-FR","potentialAction":[{"@type":"ReadAction","target":["https:\/\/www.tessi.eu\/fr\/tessi-annonce-lacquisition-de-vilt\/"]}]},{"@type":"ImageObject","inLanguage":"fr-FR","@id":"https:\/\/www.tessi.eu\/fr\/tessi-annonce-lacquisition-de-vilt\/#primaryimage","url":"https:\/\/www.tessi.eu\/wp-content\/uploads\/2022\/05\/vignette-vilt.png","contentUrl":"https:\/\/www.tessi.eu\/wp-content\/uploads\/2022\/05\/vignette-vilt.png","width":506,"height":398,"caption":"vignette vilt"},{"@type":"BreadcrumbList","@id":"https:\/\/www.tessi.eu\/fr\/tessi-annonce-lacquisition-de-vilt\/#breadcrumb","itemListElement":[{"@type":"ListItem","position":1,"name":"Home","item":"https:\/\/www.tessi.eu\/fr\/"},{"@type":"ListItem","position":2,"name":"Tessi annonce l\u2019acquisition de VILT"}]},{"@type":"WebSite","@id":"https:\/\/www.tessi.eu\/fr\/#website","url":"https:\/\/www.tessi.eu\/fr\/","name":"Tessi International","description":"","potentialAction":[{"@type":"SearchAction","target":{"@type":"EntryPoint","urlTemplate":"https:\/\/www.tessi.eu\/fr\/?s={search_term_string}"},"query-input":{"@type":"PropertyValueSpecification","valueRequired":true,"valueName":"search_term_string"}}],"inLanguage":"fr-FR"},{"@type":"Person","@id":"https:\/\/www.tessi.eu\/fr\/#\/schema\/person\/0c662bb797314a35603fe3fd7b4d09bb","name":"pmallet","image":{"@type":"ImageObject","inLanguage":"fr-FR","@id":"https:\/\/www.tessi.eu\/fr\/#\/schema\/person\/image\/","url":"https:\/\/secure.gravatar.com\/avatar\/285d36b3faf28a1d856148cf2d579763696444924b5af229391323d21a89f987?s=96&d=mm&r=g","contentUrl":"https:\/\/secure.gravatar.com\/avatar\/285d36b3faf28a1d856148cf2d579763696444924b5af229391323d21a89f987?s=96&d=mm&r=g","caption":"pmallet"}}]}},"_links":{"self":[{"href":"https:\/\/www.tessi.eu\/fr\/wp-json\/wp\/v2\/posts\/22934\/"}],"collection":[{"href":"https:\/\/www.tessi.eu\/fr\/wp-json\/wp\/v2\/posts\/"}],"about":[{"href":"https:\/\/www.tessi.eu\/fr\/wp-json\/wp\/v2\/types\/post\/"}],"author":[{"embeddable":true,"href":"https:\/\/www.tessi.eu\/fr\/wp-json\/wp\/v2\/users\/12\/"}],"replies":[{"embeddable":true,"href":"https:\/\/www.tessi.eu\/fr\/wp-json\/wp\/v2\/comments\/?post=22934"}],"version-history":[{"count":8,"href":"https:\/\/www.tessi.eu\/fr\/wp-json\/wp\/v2\/posts\/22934\/revisions\/"}],"predecessor-version":[{"id":24435,"href":"https:\/\/www.tessi.eu\/fr\/wp-json\/wp\/v2\/posts\/22934\/revisions\/24435\/"}],"wp:featuredmedia":[{"embeddable":true,"href":"https:\/\/www.tessi.eu\/fr\/wp-json\/wp\/v2\/media\/22940\/"}],"wp:attachment":[{"href":"https:\/\/www.tessi.eu\/fr\/wp-json\/wp\/v2\/media\/?parent=22934"}],"wp:term":[{"taxonomy":"category","embeddable":true,"href":"https:\/\/www.tessi.eu\/fr\/wp-json\/wp\/v2\/categories\/?post=22934"},{"taxonomy":"post_tag","embeddable":true,"href":"https:\/\/www.tessi.eu\/fr\/wp-json\/wp\/v2\/tags\/?post=22934"}],"curies":[{"name":"wp","href":"https:\/\/api.w.org\/{rel}","templated":true}]}}