{"id":21779,"date":"2022-02-23T11:01:43","date_gmt":"2022-02-23T10:01:43","guid":{"rendered":"https:\/\/www.tessi.eu\/?p=21779\/"},"modified":"2022-02-23T15:55:35","modified_gmt":"2022-02-23T14:55:35","slug":"tessi-accueille-ivan-schouker-et-paco-hauser-au-sein-de-son-advisory-board-tessi-suisse","status":"publish","type":"post","link":"https:\/\/www.tessi.eu\/fr\/tessi-accueille-ivan-schouker-et-paco-hauser-au-sein-de-son-advisory-board-tessi-suisse\/","title":{"rendered":"Tessi accueille Ivan Schouker et Paco Hauser au sein de son \u00ab\u00a0Advisory Board Tessi Suisse\u00a0\u00bb"},"content":{"rendered":"<p>Tessi, un des leaders Europ\u00e9ens des Business Process Services, dispose d\u2019une offre riche et modulaire qui combine conseil, int\u00e9gration, prestations externalis\u00e9es, services marketing, centres de relation client et \u00e9dition de logiciels. En combinant services et technologie de fa\u00e7on syst\u00e9matique, le groupe a pour but ultime la fluidification des parcours Client et l\u2019optimisation des processus M\u00e9tier associ\u00e9s.<\/p>\n<p><span style=\"color: #005faa;\"><em>\u00ab\u00a0Notre ambition en Suisse est assise sur des \u00e9quipes expertes en Enterprise Information Management, dont la culture et l\u2019exp\u00e9rience sont nos actifs principaux, au service des traitements et de la protection des donn\u00e9es Client les plus sensibles\u00a0\u00bb <strong>souligne Jean-Luc Vecchio, Directeur G\u00e9n\u00e9ral &#8211; Tessi Suisse.<\/strong><\/em><\/span><\/p>\n<p>Afin de traduire cette ambition en une strat\u00e9gie nourrie d\u2019une ma\u00eetrise profonde des sp\u00e9cificit\u00e9s locales, Tessi a invit\u00e9 Ivan Schouker et Paco Hauser \u00e0 s\u2019investir au sein de l\u2019Advisory Board de Tessi Suisse.<\/p>\n<p>Ivan Schouker, assiste des soci\u00e9t\u00e9s de capital-investissement, des conseils d\u2019administration, des \u00e9quipes dirigeantes et des entrepreneurs \u00e0 relever des d\u00e9fis de transformation et de croissance, dans les secteurs de la technologie et de l\u2019industrie financi\u00e8re. Son exp\u00e9rience de plus de 30 ans en tant qu\u2019administrateur, consultant, dirigeant inclut 15 ans en tant que PDG, pilotant des \u00e9quipes internationales. Ses comp\u00e9tences et connaissances, valoris\u00e9es aussi en tant que professeur d\u2019universit\u00e9 et auteur, se concentrent sur la gestion strat\u00e9gique, l\u2019innovation, les initiatives d\u2019externalisation et le leadership collaboratif.<\/p>\n<p>Paco Hauser est un administrateur et expert conseil ind\u00e9pendant, dans les domaines du conseil, des fintechs, de l\u2019\u00e9dition logicielle et des services financiers. Il a une exp\u00e9rience solide en soci\u00e9t\u00e9 de conseil, lancement de startups et management de grandes entreprises \u00e0 l\u2019\u00e9chelle mondiale. Son expertise couvre la d\u00e9finition de strat\u00e9gie et son ex\u00e9cution, le design de processus, les ventes et la gestion de comptes en univers international, le pilotage de projets complexes, la transformation digitale, le BPO, l\u2019int\u00e9gration post-fusion et les M&amp;A.<\/p>\n<p><span style=\"color: #005faa;\"><em>\u00ab\u00a0Nous sommes tr\u00e8s honor\u00e9s qu\u2019ils aient accept\u00e9 d\u2019aider Tessi \u00e0 fa\u00e7onner le futur de nos clients dans le pays, autour des 4 valeurs phares de notre Groupe : le sens du client, l\u2019excellence op\u00e9rationnelle, la confiance et, plus importante encore, l\u2019audace. Tous nos v\u0153ux de succ\u00e8s \u00e0 Ivan et Paco dans leurs travaux avec les \u00e9quipes Tessi\u00a0\u00bb <strong>pr\u00e9cise Jean-Luc Vecchio.<\/strong><\/em><\/span><\/p>\n<p>&nbsp;<\/p>\n<div class=\"button-wrapper anim-element translate-y t150\"><a class=\"btn-new btn-border-degrade\" title=\"T\u00e9l\u00e9charger le communiqu\u00e9\" href=\"https:\/\/www.tessi.eu\/wp-content\/uploads\/2022\/02\/tessi-20220223-cp-nomination-tessi-suisse-advisory-board.pdf\" target=\"_blank\" rel=\"noopener\"><span class=\"btn-border-degrade-content\"><span class=\"text\">T\u00e9l\u00e9charger le communiqu\u00e9<\/span><\/span><\/a><\/div>\n","protected":false},"excerpt":{"rendered":"<p>Tessi, un des leaders Europ\u00e9ens des Business Process Services, dispose d\u2019une offre riche et modulaire qui combine conseil, int\u00e9gration, prestations externalis\u00e9es, services marketing, centres de relation client et \u00e9dition de logiciels. En combinant services et technologie de fa\u00e7on syst\u00e9matique, le groupe a pour but ultime la fluidification des parcours Client et l\u2019optimisation des processus M\u00e9tier [&hellip;]<\/p>\n","protected":false},"author":11,"featured_media":11941,"comment_status":"open","ping_status":"open","sticky":false,"template":"","format":"standard","meta":{"_acf_changed":false,"footnotes":""},"categories":[47],"tags":[],"class_list":["post-21779","post","type-post","status-publish","format-standard","has-post-thumbnail","hentry","category-news"],"acf":[],"yoast_head":"<!-- This site is optimized with the Yoast SEO Premium plugin v22.3 (Yoast SEO v27.1.1) - https:\/\/yoast.com\/product\/yoast-seo-premium-wordpress\/ -->\n<title>Tessi accueille Ivan Schouker et Paco Hauser au sein de son &quot;Advisory Board Tessi Suisse&quot; - Tessi International<\/title>\n<meta name=\"description\" content=\"Tessi, un des leaders Europ\u00e9ens des Business Process Services, a invit\u00e9 Ivan Schouker et Paco Hauser \u00e0 s\u2019investir au sein de l\u2019Advisory Board de Tessi Suisse.\" \/>\n<meta name=\"robots\" content=\"index, follow, max-snippet:-1, max-image-preview:large, max-video-preview:-1\" \/>\n<link rel=\"canonical\" href=\"https:\/\/www.tessi.eu\/fr\/tessi-accueille-ivan-schouker-et-paco-hauser-au-sein-de-son-advisory-board-tessi-suisse\/\" \/>\n<meta property=\"og:locale\" content=\"fr_FR\" \/>\n<meta property=\"og:type\" content=\"article\" \/>\n<meta property=\"og:title\" content=\"Tessi accueille Ivan Schouker et Paco Hauser au sein de son &quot;Advisory Board Tessi Suisse&quot;\" \/>\n<meta property=\"og:description\" content=\"Tessi, un des leaders Europ\u00e9ens des Business Process Services, a invit\u00e9 Ivan Schouker et Paco Hauser \u00e0 s\u2019investir au sein de l\u2019Advisory Board de Tessi Suisse.\" \/>\n<meta property=\"og:url\" content=\"https:\/\/www.tessi.eu\/fr\/tessi-accueille-ivan-schouker-et-paco-hauser-au-sein-de-son-advisory-board-tessi-suisse\/\" \/>\n<meta property=\"og:site_name\" content=\"Tessi International\" \/>\n<meta property=\"article:published_time\" content=\"2022-02-23T10:01:43+00:00\" \/>\n<meta property=\"article:modified_time\" content=\"2022-02-23T14:55:35+00:00\" \/>\n<meta property=\"og:image\" content=\"https:\/\/tessi.on-web.fr\/wp-content\/uploads\/2020\/03\/tessi_actu_newblue.jpg\" \/>\n\t<meta property=\"og:image:width\" content=\"506\" \/>\n\t<meta property=\"og:image:height\" content=\"398\" \/>\n\t<meta property=\"og:image:type\" content=\"image\/jpeg\" \/>\n<meta name=\"author\" content=\"cbonnet\" \/>\n<meta name=\"twitter:card\" content=\"summary_large_image\" \/>\n<meta name=\"twitter:label1\" content=\"\u00c9crit par\" \/>\n\t<meta name=\"twitter:data1\" content=\"cbonnet\" \/>\n\t<meta name=\"twitter:label2\" content=\"Dur\u00e9e de lecture estim\u00e9e\" \/>\n\t<meta name=\"twitter:data2\" content=\"2 minutes\" \/>\n<script type=\"application\/ld+json\" class=\"yoast-schema-graph\">{\"@context\":\"https:\/\/schema.org\",\"@graph\":[{\"@type\":\"Article\",\"@id\":\"https:\/\/www.tessi.eu\/fr\/tessi-accueille-ivan-schouker-et-paco-hauser-au-sein-de-son-advisory-board-tessi-suisse\/#article\",\"isPartOf\":{\"@id\":\"https:\/\/www.tessi.eu\/fr\/tessi-accueille-ivan-schouker-et-paco-hauser-au-sein-de-son-advisory-board-tessi-suisse\/\"},\"author\":{\"name\":\"cbonnet\",\"@id\":\"https:\/\/www.tessi.eu\/fr\/#\/schema\/person\/859d0f8ee0e735b277dee0268b7ad791\"},\"headline\":\"Tessi accueille Ivan Schouker et Paco Hauser au sein de son \u00ab\u00a0Advisory Board Tessi Suisse\u00a0\u00bb\",\"datePublished\":\"2022-02-23T10:01:43+00:00\",\"dateModified\":\"2022-02-23T14:55:35+00:00\",\"mainEntityOfPage\":{\"@id\":\"https:\/\/www.tessi.eu\/fr\/tessi-accueille-ivan-schouker-et-paco-hauser-au-sein-de-son-advisory-board-tessi-suisse\/\"},\"wordCount\":431,\"commentCount\":0,\"image\":{\"@id\":\"https:\/\/www.tessi.eu\/fr\/tessi-accueille-ivan-schouker-et-paco-hauser-au-sein-de-son-advisory-board-tessi-suisse\/#primaryimage\"},\"thumbnailUrl\":\"https:\/\/www.tessi.eu\/wp-content\/uploads\/2020\/03\/tessi_actu_newblue.jpg\",\"articleSection\":[\"News\"],\"inLanguage\":\"fr-FR\"},{\"@type\":\"WebPage\",\"@id\":\"https:\/\/www.tessi.eu\/fr\/tessi-accueille-ivan-schouker-et-paco-hauser-au-sein-de-son-advisory-board-tessi-suisse\/\",\"url\":\"https:\/\/www.tessi.eu\/fr\/tessi-accueille-ivan-schouker-et-paco-hauser-au-sein-de-son-advisory-board-tessi-suisse\/\",\"name\":\"Tessi accueille Ivan Schouker et Paco Hauser au sein de son \\\"Advisory Board Tessi Suisse\\\" - Tessi International\",\"isPartOf\":{\"@id\":\"https:\/\/www.tessi.eu\/fr\/#website\"},\"primaryImageOfPage\":{\"@id\":\"https:\/\/www.tessi.eu\/fr\/tessi-accueille-ivan-schouker-et-paco-hauser-au-sein-de-son-advisory-board-tessi-suisse\/#primaryimage\"},\"image\":{\"@id\":\"https:\/\/www.tessi.eu\/fr\/tessi-accueille-ivan-schouker-et-paco-hauser-au-sein-de-son-advisory-board-tessi-suisse\/#primaryimage\"},\"thumbnailUrl\":\"https:\/\/www.tessi.eu\/wp-content\/uploads\/2020\/03\/tessi_actu_newblue.jpg\",\"datePublished\":\"2022-02-23T10:01:43+00:00\",\"dateModified\":\"2022-02-23T14:55:35+00:00\",\"author\":{\"@id\":\"https:\/\/www.tessi.eu\/fr\/#\/schema\/person\/859d0f8ee0e735b277dee0268b7ad791\"},\"description\":\"Tessi, un des leaders Europ\u00e9ens des Business Process Services, a invit\u00e9 Ivan Schouker et Paco Hauser \u00e0 s\u2019investir au sein de l\u2019Advisory Board de Tessi Suisse.\",\"breadcrumb\":{\"@id\":\"https:\/\/www.tessi.eu\/fr\/tessi-accueille-ivan-schouker-et-paco-hauser-au-sein-de-son-advisory-board-tessi-suisse\/#breadcrumb\"},\"inLanguage\":\"fr-FR\",\"potentialAction\":[{\"@type\":\"ReadAction\",\"target\":[\"https:\/\/www.tessi.eu\/fr\/tessi-accueille-ivan-schouker-et-paco-hauser-au-sein-de-son-advisory-board-tessi-suisse\/\"]}]},{\"@type\":\"ImageObject\",\"inLanguage\":\"fr-FR\",\"@id\":\"https:\/\/www.tessi.eu\/fr\/tessi-accueille-ivan-schouker-et-paco-hauser-au-sein-de-son-advisory-board-tessi-suisse\/#primaryimage\",\"url\":\"https:\/\/www.tessi.eu\/wp-content\/uploads\/2020\/03\/tessi_actu_newblue.jpg\",\"contentUrl\":\"https:\/\/www.tessi.eu\/wp-content\/uploads\/2020\/03\/tessi_actu_newblue.jpg\",\"width\":506,\"height\":398,\"caption\":\"tessi actu newblue\"},{\"@type\":\"BreadcrumbList\",\"@id\":\"https:\/\/www.tessi.eu\/fr\/tessi-accueille-ivan-schouker-et-paco-hauser-au-sein-de-son-advisory-board-tessi-suisse\/#breadcrumb\",\"itemListElement\":[{\"@type\":\"ListItem\",\"position\":1,\"name\":\"Home\",\"item\":\"https:\/\/www.tessi.eu\/fr\/\"},{\"@type\":\"ListItem\",\"position\":2,\"name\":\"Tessi accueille Ivan Schouker et Paco Hauser au sein de son \u00ab\u00a0Advisory Board Tessi Suisse\u00a0\u00bb\"}]},{\"@type\":\"WebSite\",\"@id\":\"https:\/\/www.tessi.eu\/fr\/#website\",\"url\":\"https:\/\/www.tessi.eu\/fr\/\",\"name\":\"Tessi International\",\"description\":\"\",\"potentialAction\":[{\"@type\":\"SearchAction\",\"target\":{\"@type\":\"EntryPoint\",\"urlTemplate\":\"https:\/\/www.tessi.eu\/fr\/?s={search_term_string}\"},\"query-input\":{\"@type\":\"PropertyValueSpecification\",\"valueRequired\":true,\"valueName\":\"search_term_string\"}}],\"inLanguage\":\"fr-FR\"},{\"@type\":\"Person\",\"@id\":\"https:\/\/www.tessi.eu\/fr\/#\/schema\/person\/859d0f8ee0e735b277dee0268b7ad791\",\"name\":\"cbonnet\",\"image\":{\"@type\":\"ImageObject\",\"inLanguage\":\"fr-FR\",\"@id\":\"https:\/\/www.tessi.eu\/fr\/#\/schema\/person\/image\/\",\"url\":\"https:\/\/secure.gravatar.com\/avatar\/0d01ab1b427b196966268d5f1407f20f6367aba1866f9ac86912cfd758c2f669?s=96&d=mm&r=g\",\"contentUrl\":\"https:\/\/secure.gravatar.com\/avatar\/0d01ab1b427b196966268d5f1407f20f6367aba1866f9ac86912cfd758c2f669?s=96&d=mm&r=g\",\"caption\":\"cbonnet\"}}]}<\/script>\n<!-- \/ Yoast SEO Premium plugin. -->","yoast_head_json":{"title":"Tessi accueille Ivan Schouker et Paco Hauser au sein de son \"Advisory Board Tessi Suisse\" - Tessi International","description":"Tessi, un des leaders Europ\u00e9ens des Business Process Services, a invit\u00e9 Ivan Schouker et Paco Hauser \u00e0 s\u2019investir au sein de l\u2019Advisory Board de Tessi Suisse.","robots":{"index":"index","follow":"follow","max-snippet":"max-snippet:-1","max-image-preview":"max-image-preview:large","max-video-preview":"max-video-preview:-1"},"canonical":"https:\/\/www.tessi.eu\/fr\/tessi-accueille-ivan-schouker-et-paco-hauser-au-sein-de-son-advisory-board-tessi-suisse\/","og_locale":"fr_FR","og_type":"article","og_title":"Tessi accueille Ivan Schouker et Paco Hauser au sein de son \"Advisory Board Tessi Suisse\"","og_description":"Tessi, un des leaders Europ\u00e9ens des Business Process Services, a invit\u00e9 Ivan Schouker et Paco Hauser \u00e0 s\u2019investir au sein de l\u2019Advisory Board de Tessi Suisse.","og_url":"https:\/\/www.tessi.eu\/fr\/tessi-accueille-ivan-schouker-et-paco-hauser-au-sein-de-son-advisory-board-tessi-suisse\/","og_site_name":"Tessi International","article_published_time":"2022-02-23T10:01:43+00:00","article_modified_time":"2022-02-23T14:55:35+00:00","og_image":[{"width":506,"height":398,"url":"https:\/\/tessi.on-web.fr\/wp-content\/uploads\/2020\/03\/tessi_actu_newblue.jpg","type":"image\/jpeg"}],"author":"cbonnet","twitter_card":"summary_large_image","twitter_misc":{"\u00c9crit par":"cbonnet","Dur\u00e9e de lecture estim\u00e9e":"2 minutes"},"schema":{"@context":"https:\/\/schema.org","@graph":[{"@type":"Article","@id":"https:\/\/www.tessi.eu\/fr\/tessi-accueille-ivan-schouker-et-paco-hauser-au-sein-de-son-advisory-board-tessi-suisse\/#article","isPartOf":{"@id":"https:\/\/www.tessi.eu\/fr\/tessi-accueille-ivan-schouker-et-paco-hauser-au-sein-de-son-advisory-board-tessi-suisse\/"},"author":{"name":"cbonnet","@id":"https:\/\/www.tessi.eu\/fr\/#\/schema\/person\/859d0f8ee0e735b277dee0268b7ad791"},"headline":"Tessi accueille Ivan Schouker et Paco Hauser au sein de son \u00ab\u00a0Advisory Board Tessi Suisse\u00a0\u00bb","datePublished":"2022-02-23T10:01:43+00:00","dateModified":"2022-02-23T14:55:35+00:00","mainEntityOfPage":{"@id":"https:\/\/www.tessi.eu\/fr\/tessi-accueille-ivan-schouker-et-paco-hauser-au-sein-de-son-advisory-board-tessi-suisse\/"},"wordCount":431,"commentCount":0,"image":{"@id":"https:\/\/www.tessi.eu\/fr\/tessi-accueille-ivan-schouker-et-paco-hauser-au-sein-de-son-advisory-board-tessi-suisse\/#primaryimage"},"thumbnailUrl":"https:\/\/www.tessi.eu\/wp-content\/uploads\/2020\/03\/tessi_actu_newblue.jpg","articleSection":["News"],"inLanguage":"fr-FR"},{"@type":"WebPage","@id":"https:\/\/www.tessi.eu\/fr\/tessi-accueille-ivan-schouker-et-paco-hauser-au-sein-de-son-advisory-board-tessi-suisse\/","url":"https:\/\/www.tessi.eu\/fr\/tessi-accueille-ivan-schouker-et-paco-hauser-au-sein-de-son-advisory-board-tessi-suisse\/","name":"Tessi accueille Ivan Schouker et Paco Hauser au sein de son \"Advisory Board Tessi Suisse\" - Tessi International","isPartOf":{"@id":"https:\/\/www.tessi.eu\/fr\/#website"},"primaryImageOfPage":{"@id":"https:\/\/www.tessi.eu\/fr\/tessi-accueille-ivan-schouker-et-paco-hauser-au-sein-de-son-advisory-board-tessi-suisse\/#primaryimage"},"image":{"@id":"https:\/\/www.tessi.eu\/fr\/tessi-accueille-ivan-schouker-et-paco-hauser-au-sein-de-son-advisory-board-tessi-suisse\/#primaryimage"},"thumbnailUrl":"https:\/\/www.tessi.eu\/wp-content\/uploads\/2020\/03\/tessi_actu_newblue.jpg","datePublished":"2022-02-23T10:01:43+00:00","dateModified":"2022-02-23T14:55:35+00:00","author":{"@id":"https:\/\/www.tessi.eu\/fr\/#\/schema\/person\/859d0f8ee0e735b277dee0268b7ad791"},"description":"Tessi, un des leaders Europ\u00e9ens des Business Process Services, a invit\u00e9 Ivan Schouker et Paco Hauser \u00e0 s\u2019investir au sein de l\u2019Advisory Board de Tessi Suisse.","breadcrumb":{"@id":"https:\/\/www.tessi.eu\/fr\/tessi-accueille-ivan-schouker-et-paco-hauser-au-sein-de-son-advisory-board-tessi-suisse\/#breadcrumb"},"inLanguage":"fr-FR","potentialAction":[{"@type":"ReadAction","target":["https:\/\/www.tessi.eu\/fr\/tessi-accueille-ivan-schouker-et-paco-hauser-au-sein-de-son-advisory-board-tessi-suisse\/"]}]},{"@type":"ImageObject","inLanguage":"fr-FR","@id":"https:\/\/www.tessi.eu\/fr\/tessi-accueille-ivan-schouker-et-paco-hauser-au-sein-de-son-advisory-board-tessi-suisse\/#primaryimage","url":"https:\/\/www.tessi.eu\/wp-content\/uploads\/2020\/03\/tessi_actu_newblue.jpg","contentUrl":"https:\/\/www.tessi.eu\/wp-content\/uploads\/2020\/03\/tessi_actu_newblue.jpg","width":506,"height":398,"caption":"tessi actu newblue"},{"@type":"BreadcrumbList","@id":"https:\/\/www.tessi.eu\/fr\/tessi-accueille-ivan-schouker-et-paco-hauser-au-sein-de-son-advisory-board-tessi-suisse\/#breadcrumb","itemListElement":[{"@type":"ListItem","position":1,"name":"Home","item":"https:\/\/www.tessi.eu\/fr\/"},{"@type":"ListItem","position":2,"name":"Tessi accueille Ivan Schouker et Paco Hauser au sein de son \u00ab\u00a0Advisory Board Tessi Suisse\u00a0\u00bb"}]},{"@type":"WebSite","@id":"https:\/\/www.tessi.eu\/fr\/#website","url":"https:\/\/www.tessi.eu\/fr\/","name":"Tessi International","description":"","potentialAction":[{"@type":"SearchAction","target":{"@type":"EntryPoint","urlTemplate":"https:\/\/www.tessi.eu\/fr\/?s={search_term_string}"},"query-input":{"@type":"PropertyValueSpecification","valueRequired":true,"valueName":"search_term_string"}}],"inLanguage":"fr-FR"},{"@type":"Person","@id":"https:\/\/www.tessi.eu\/fr\/#\/schema\/person\/859d0f8ee0e735b277dee0268b7ad791","name":"cbonnet","image":{"@type":"ImageObject","inLanguage":"fr-FR","@id":"https:\/\/www.tessi.eu\/fr\/#\/schema\/person\/image\/","url":"https:\/\/secure.gravatar.com\/avatar\/0d01ab1b427b196966268d5f1407f20f6367aba1866f9ac86912cfd758c2f669?s=96&d=mm&r=g","contentUrl":"https:\/\/secure.gravatar.com\/avatar\/0d01ab1b427b196966268d5f1407f20f6367aba1866f9ac86912cfd758c2f669?s=96&d=mm&r=g","caption":"cbonnet"}}]}},"_links":{"self":[{"href":"https:\/\/www.tessi.eu\/fr\/wp-json\/wp\/v2\/posts\/21779\/"}],"collection":[{"href":"https:\/\/www.tessi.eu\/fr\/wp-json\/wp\/v2\/posts\/"}],"about":[{"href":"https:\/\/www.tessi.eu\/fr\/wp-json\/wp\/v2\/types\/post\/"}],"author":[{"embeddable":true,"href":"https:\/\/www.tessi.eu\/fr\/wp-json\/wp\/v2\/users\/11\/"}],"replies":[{"embeddable":true,"href":"https:\/\/www.tessi.eu\/fr\/wp-json\/wp\/v2\/comments\/?post=21779"}],"version-history":[{"count":6,"href":"https:\/\/www.tessi.eu\/fr\/wp-json\/wp\/v2\/posts\/21779\/revisions\/"}],"predecessor-version":[{"id":21789,"href":"https:\/\/www.tessi.eu\/fr\/wp-json\/wp\/v2\/posts\/21779\/revisions\/21789\/"}],"wp:featuredmedia":[{"embeddable":true,"href":"https:\/\/www.tessi.eu\/fr\/wp-json\/wp\/v2\/media\/11941\/"}],"wp:attachment":[{"href":"https:\/\/www.tessi.eu\/fr\/wp-json\/wp\/v2\/media\/?parent=21779"}],"wp:term":[{"taxonomy":"category","embeddable":true,"href":"https:\/\/www.tessi.eu\/fr\/wp-json\/wp\/v2\/categories\/?post=21779"},{"taxonomy":"post_tag","embeddable":true,"href":"https:\/\/www.tessi.eu\/fr\/wp-json\/wp\/v2\/tags\/?post=21779"}],"curies":[{"name":"wp","href":"https:\/\/api.w.org\/{rel}","templated":true}]}}