{"id":21608,"date":"2022-01-27T18:37:05","date_gmt":"2022-01-27T17:37:05","guid":{"rendered":"https:\/\/www.tessi.eu\/?p=21608\/"},"modified":"2022-01-28T09:31:37","modified_gmt":"2022-01-28T08:31:37","slug":"3-questions-a-amine-talbi-group-data-protection-officer","status":"publish","type":"post","link":"https:\/\/www.tessi.eu\/fr\/3-questions-a-amine-talbi-group-data-protection-officer\/","title":{"rendered":"3 questions \u00e0\u2026 Amine Talbi, Group Data Protection Officer"},"content":{"rendered":"<h2>Quel est justement le r\u00f4le du Data Protection Officer chez Tessi\u00a0?<\/h2>\n<p>De par son r\u00f4le, le DPO est l\u2019acteur central de la gestion de mise en conformit\u00e9 du Groupe au RGPD. Par ailleurs, pour convenablement exercer mon r\u00f4le de DPO aupr\u00e8s de Tessi, je m\u2019appuie, tout d\u2019abord, sur le directeur de conformit\u00e9 Groupe, Patrick Peillon, ensuite, sur l\u2019\u00e9quipe RGPD avec laquelle je collabore. Elle est constitu\u00e9e d\u2019un DPO adjoint, d\u2019un auditeur risques conformit\u00e9, de deux juristes d\u00e9di\u00e9s \u00e0 la protection des donn\u00e9es \u00e0 caract\u00e8re personnel et enfin d\u2019un r\u00e9seau de onze \u00ab\u00a0relais DPO\u00a0\u00bb aux profils vari\u00e9s selon nos filiales\/BU. Nous nous coordonnons r\u00e9guli\u00e8rement pour assurer et maintenir la conformit\u00e9 du Groupe au RGPD. C\u2019est donc un vrai travail d\u2019\u00e9quipe.<\/p>\n<p>Au quotidien, pour le compte de Tessi, notre travail consiste, d&rsquo;une part, \u00e0 veiller au respect de la Politique G\u00e9n\u00e9rale de Protection de Donn\u00e9es du Groupe, et d\u2019autre part, \u00e0 appliquer les proc\u00e9dures et r\u00e9aliser des contr\u00f4les de conformit\u00e9 pour une protection efficace des donn\u00e9es \u00e0 caract\u00e8re personnel. Cela concerne les donn\u00e9es des employ\u00e9s du Groupe Tessi, les donn\u00e9es confi\u00e9es par nos clients, ainsi que celles confi\u00e9es \u00e0 nos fournisseurs.<\/p>\n<p>En outre, pour le compte de nos clients, nous avons le devoir de les informer et de les conseiller sur la conformit\u00e9 de leurs traitements mis en \u0153uvre par Tessi. A ceci, s\u2019ajoute une obligation d\u2019assurer la bonne gestion des demandes d\u2019exercice de droits, de r\u00e9clamations et de requ\u00eates soumises par les personnes concern\u00e9es (clients finaux). Cela implique leur transmission aux services comp\u00e9tent, tout en apportant \u00e0 ces derniers les conseils appropri\u00e9s.<\/p>\n<p>Enfin, nous sommes \u00e9galement les interlocuteurs privil\u00e9gi\u00e9s des autorit\u00e9s de contr\u00f4le, sur les questions relatives aux traitements mis en \u0153uvre par le Groupe. Nous pouvons aussi \u00eatre amen\u00e9 \u00e0 faire des consultations sur tout type de sujet relatif \u00e0 la protection des donn\u00e9es. Cela n\u00e9cessite naturellement une parfaite ind\u00e9pendance du service de protection de donn\u00e9es par rapport au reste du Groupe.<\/p>\n<h2>Quelles sont les missions relatives \u00e0 votre m\u00e9tier et les sanctions possibles\u00a0?<\/h2>\n<p>L\u2019un de nos devoirs est bien entendu de rendre compte de nos actions. Tout au long de l\u2019ann\u00e9e, nous pr\u00e9sentons une restitution compl\u00e8te et fid\u00e8le de nos activit\u00e9s \u00e0 la Direction G\u00e9n\u00e9rale du Groupe, notamment \u00e0 travers une cartographie des risques de conformit\u00e9 RGPD et des indicateurs de performance.<\/p>\n<p>Par ailleurs, nous nous chargeons aussi de l\u2019int\u00e9gration et de l\u2019accompagnement des nouvelles filiales (lors d\u2019une fusion ou d\u2019une acquisition) dans la d\u00e9marche de mise en conformit\u00e9 du Groupe. En guise d\u2019exemple, nous pouvons citer les entit\u00e9s ADM Value et Proformation, que nous accompagnons dor\u00e9navant.<\/p>\n<p>Afin d\u2019assurer la l\u00e9galit\u00e9 du traitement tout au long du cycle de vie de la donn\u00e9e, nous appliquons le principe de <em>Privacy By Design\/Default<\/em> en amont de chaque action et nous nous assurons de la mise en place des r\u00e8gles de s\u00e9curit\u00e9 adapt\u00e9e \u00e0 chaque risque.<\/p>\n<p>Chacune de ces \u00e9tapes \u00e9tant essentielle, notre travail requiert une grande rigueur. En effet, en cas de m\u00e9connaissance des dispositions du RGPD, l\u2019autorit\u00e9 de contr\u00f4le peut prononcer des sanctions p\u00e9cuniaires pouvant s\u2019\u00e9lever jusqu\u2019\u00e0 20 millions d\u2019euros ou, dans le cas d\u2019une entreprise, jusqu\u2019\u00e0 4 % du chiffre d\u2019affaires annuel mondial.<\/p>\n<h2>Quels sont les grands chantiers de 2022 ?<\/h2>\n<p>Pour l\u2019ann\u00e9e 2022, la feuille de route est d\u00e9j\u00e0 d\u00e9termin\u00e9e et engag\u00e9e. La strat\u00e9gie de Tessi pour cette ann\u00e9e s\u2019articule autour des axes suivants :<\/p>\n<ul>\n<li>Poursuivre l\u2019application syst\u00e9matique de la d\u00e9marche <em>Privacy by Design\/Default<\/em> en tant que responsable traitement et en tant que sous-traitant, dans nos nouvelles offres, lignes de produits, etc. ;<\/li>\n<li>R\u00e9aliser les analyses d\u2019impact identifi\u00e9es au niveau de chaque filiale\u00a0;<\/li>\n<li>Animer la gouvernance op\u00e9rationnelle, par le pilotage des actions de mise en conformit\u00e9 au RGPD et l\u2019accompagnement des relais DPO au quotidien\u00a0;<\/li>\n<li>Int\u00e9grer les nouvelles filiales dans le dispositif RGPD du Groupe ;<\/li>\n<li>R\u00e9aliser les audits de conformit\u00e9, en lien avec le planning d\u2019audit 2021-2023\u00a0;<\/li>\n<li>Assurer le respect des dispositions pr\u00e9vues dans les <em>BCR<\/em> (<em>Binding Corporate Rules<\/em>) du Groupe, apr\u00e8s adoption de celles-ci par les autorit\u00e9s de contr\u00f4le.<\/li>\n<\/ul>\n<p><em>Pour rappel : les BCR (ou r\u00e8gles d\u2019entreprise contraignantes &#8211; en fran\u00e7ais) ont pour but d\u2019\u00e9tablir des garanties appropri\u00e9es et harmonis\u00e9es \u00e0 l\u2019\u00e9chelle du Groupe. Elles permettent aussi d\u2019encadrer les transferts de donn\u00e9es \u00e0 caract\u00e8re personnel r\u00e9alis\u00e9s et de pr\u00e9venir les risques inh\u00e9rents aux transferts de ces donn\u00e9es vers des pays situ\u00e9s en dehors de l\u2019Union Europ\u00e9enne.<\/em><\/p>\n<p>Enfin, pour conclure, l\u2019une des id\u00e9ologies les plus importantes de la conformit\u00e9 au RGPD peut se r\u00e9sumer en un mantra, que j\u2019appr\u00e9cie tout particuli\u00e8rement\u00a0:<br \/>\n<strong>\u00ab La conformit\u00e9 RGPD, ce n\u2019est pas un \u00e9tat. C\u2019est un processus permanent ! \u00bb.<\/strong><\/p>\n","protected":false},"excerpt":{"rendered":"<p>Quel est justement le r\u00f4le du Data Protection Officer chez Tessi\u00a0? De par son r\u00f4le, le DPO est l\u2019acteur central de la gestion de mise en conformit\u00e9 du Groupe au RGPD. Par ailleurs, pour convenablement exercer mon r\u00f4le de DPO aupr\u00e8s de Tessi, je m\u2019appuie, tout d\u2019abord, sur le directeur de conformit\u00e9 Groupe, Patrick Peillon, [&hellip;]<\/p>\n","protected":false},"author":11,"featured_media":21615,"comment_status":"open","ping_status":"open","sticky":true,"template":"","format":"standard","meta":{"_acf_changed":false,"footnotes":""},"categories":[47],"tags":[],"class_list":["post-21608","post","type-post","status-publish","format-standard","has-post-thumbnail","hentry","category-news"],"acf":[],"yoast_head":"<!-- This site is optimized with the Yoast SEO Premium plugin v22.3 (Yoast SEO v27.1.1) - https:\/\/yoast.com\/product\/yoast-seo-premium-wordpress\/ -->\n<title>3 questions \u00e0\u2026 Amine Talbi, Group Data Protection Officer - Tessi International<\/title>\n<meta name=\"description\" content=\"Amine TALBI a rejoint Tessi en avril 2017 en tant que Data Protection Officer (DPO) du Groupe, quasiment un an avant l\u2019entr\u00e9e en application du RGPD (R\u00e8glement G\u00e9n\u00e9ral de la Protection des Donn\u00e9es).\" \/>\n<meta name=\"robots\" content=\"index, follow, max-snippet:-1, max-image-preview:large, max-video-preview:-1\" \/>\n<link rel=\"canonical\" href=\"https:\/\/www.tessi.eu\/fr\/3-questions-a-amine-talbi-group-data-protection-officer\/\" \/>\n<meta property=\"og:locale\" content=\"fr_FR\" \/>\n<meta property=\"og:type\" content=\"article\" \/>\n<meta property=\"og:title\" content=\"3 questions \u00e0\u2026 Amine Talbi, Group Data Protection Officer\" \/>\n<meta property=\"og:description\" content=\"Amine TALBI a rejoint Tessi en avril 2017 en tant que Data Protection Officer (DPO) du Groupe, quasiment un an avant l\u2019entr\u00e9e en application du RGPD (R\u00e8glement G\u00e9n\u00e9ral de la Protection des Donn\u00e9es).\" \/>\n<meta property=\"og:url\" content=\"https:\/\/www.tessi.eu\/fr\/3-questions-a-amine-talbi-group-data-protection-officer\/\" \/>\n<meta property=\"og:site_name\" content=\"Tessi International\" \/>\n<meta property=\"article:published_time\" content=\"2022-01-27T17:37:05+00:00\" \/>\n<meta property=\"article:modified_time\" content=\"2022-01-28T08:31:37+00:00\" \/>\n<meta property=\"og:image\" content=\"https:\/\/tessi.on-web.fr\/wp-content\/uploads\/2022\/01\/talbi-amine-vignette.jpg\" \/>\n\t<meta property=\"og:image:width\" content=\"506\" \/>\n\t<meta property=\"og:image:height\" content=\"398\" \/>\n\t<meta property=\"og:image:type\" content=\"image\/jpeg\" \/>\n<meta name=\"author\" content=\"cbonnet\" \/>\n<meta name=\"twitter:card\" content=\"summary_large_image\" \/>\n<meta name=\"twitter:label1\" content=\"\u00c9crit par\" \/>\n\t<meta name=\"twitter:data1\" content=\"cbonnet\" \/>\n\t<meta name=\"twitter:label2\" content=\"Dur\u00e9e de lecture estim\u00e9e\" \/>\n\t<meta name=\"twitter:data2\" content=\"4 minutes\" \/>\n<script type=\"application\/ld+json\" class=\"yoast-schema-graph\">{\"@context\":\"https:\/\/schema.org\",\"@graph\":[{\"@type\":\"Article\",\"@id\":\"https:\/\/www.tessi.eu\/fr\/3-questions-a-amine-talbi-group-data-protection-officer\/#article\",\"isPartOf\":{\"@id\":\"https:\/\/www.tessi.eu\/fr\/3-questions-a-amine-talbi-group-data-protection-officer\/\"},\"author\":{\"name\":\"cbonnet\",\"@id\":\"https:\/\/www.tessi.eu\/fr\/#\/schema\/person\/859d0f8ee0e735b277dee0268b7ad791\"},\"headline\":\"3 questions \u00e0\u2026 Amine Talbi, Group Data Protection Officer\",\"datePublished\":\"2022-01-27T17:37:05+00:00\",\"dateModified\":\"2022-01-28T08:31:37+00:00\",\"mainEntityOfPage\":{\"@id\":\"https:\/\/www.tessi.eu\/fr\/3-questions-a-amine-talbi-group-data-protection-officer\/\"},\"wordCount\":877,\"commentCount\":0,\"image\":{\"@id\":\"https:\/\/www.tessi.eu\/fr\/3-questions-a-amine-talbi-group-data-protection-officer\/#primaryimage\"},\"thumbnailUrl\":\"https:\/\/www.tessi.eu\/wp-content\/uploads\/2022\/01\/talbi-amine-vignette.jpg\",\"articleSection\":[\"News\"],\"inLanguage\":\"fr-FR\"},{\"@type\":\"WebPage\",\"@id\":\"https:\/\/www.tessi.eu\/fr\/3-questions-a-amine-talbi-group-data-protection-officer\/\",\"url\":\"https:\/\/www.tessi.eu\/fr\/3-questions-a-amine-talbi-group-data-protection-officer\/\",\"name\":\"3 questions \u00e0\u2026 Amine Talbi, Group Data Protection Officer - Tessi International\",\"isPartOf\":{\"@id\":\"https:\/\/www.tessi.eu\/fr\/#website\"},\"primaryImageOfPage\":{\"@id\":\"https:\/\/www.tessi.eu\/fr\/3-questions-a-amine-talbi-group-data-protection-officer\/#primaryimage\"},\"image\":{\"@id\":\"https:\/\/www.tessi.eu\/fr\/3-questions-a-amine-talbi-group-data-protection-officer\/#primaryimage\"},\"thumbnailUrl\":\"https:\/\/www.tessi.eu\/wp-content\/uploads\/2022\/01\/talbi-amine-vignette.jpg\",\"datePublished\":\"2022-01-27T17:37:05+00:00\",\"dateModified\":\"2022-01-28T08:31:37+00:00\",\"author\":{\"@id\":\"https:\/\/www.tessi.eu\/fr\/#\/schema\/person\/859d0f8ee0e735b277dee0268b7ad791\"},\"description\":\"Amine TALBI a rejoint Tessi en avril 2017 en tant que Data Protection Officer (DPO) du Groupe, quasiment un an avant l\u2019entr\u00e9e en application du RGPD (R\u00e8glement G\u00e9n\u00e9ral de la Protection des Donn\u00e9es).\",\"breadcrumb\":{\"@id\":\"https:\/\/www.tessi.eu\/fr\/3-questions-a-amine-talbi-group-data-protection-officer\/#breadcrumb\"},\"inLanguage\":\"fr-FR\",\"potentialAction\":[{\"@type\":\"ReadAction\",\"target\":[\"https:\/\/www.tessi.eu\/fr\/3-questions-a-amine-talbi-group-data-protection-officer\/\"]}]},{\"@type\":\"ImageObject\",\"inLanguage\":\"fr-FR\",\"@id\":\"https:\/\/www.tessi.eu\/fr\/3-questions-a-amine-talbi-group-data-protection-officer\/#primaryimage\",\"url\":\"https:\/\/www.tessi.eu\/wp-content\/uploads\/2022\/01\/talbi-amine-vignette.jpg\",\"contentUrl\":\"https:\/\/www.tessi.eu\/wp-content\/uploads\/2022\/01\/talbi-amine-vignette.jpg\",\"width\":506,\"height\":398,\"caption\":\"talbi amine vignette\"},{\"@type\":\"BreadcrumbList\",\"@id\":\"https:\/\/www.tessi.eu\/fr\/3-questions-a-amine-talbi-group-data-protection-officer\/#breadcrumb\",\"itemListElement\":[{\"@type\":\"ListItem\",\"position\":1,\"name\":\"Home\",\"item\":\"https:\/\/www.tessi.eu\/fr\/\"},{\"@type\":\"ListItem\",\"position\":2,\"name\":\"3 questions \u00e0\u2026 Amine Talbi, Group Data Protection Officer\"}]},{\"@type\":\"WebSite\",\"@id\":\"https:\/\/www.tessi.eu\/fr\/#website\",\"url\":\"https:\/\/www.tessi.eu\/fr\/\",\"name\":\"Tessi International\",\"description\":\"\",\"potentialAction\":[{\"@type\":\"SearchAction\",\"target\":{\"@type\":\"EntryPoint\",\"urlTemplate\":\"https:\/\/www.tessi.eu\/fr\/?s={search_term_string}\"},\"query-input\":{\"@type\":\"PropertyValueSpecification\",\"valueRequired\":true,\"valueName\":\"search_term_string\"}}],\"inLanguage\":\"fr-FR\"},{\"@type\":\"Person\",\"@id\":\"https:\/\/www.tessi.eu\/fr\/#\/schema\/person\/859d0f8ee0e735b277dee0268b7ad791\",\"name\":\"cbonnet\",\"image\":{\"@type\":\"ImageObject\",\"inLanguage\":\"fr-FR\",\"@id\":\"https:\/\/www.tessi.eu\/fr\/#\/schema\/person\/image\/\",\"url\":\"https:\/\/secure.gravatar.com\/avatar\/0d01ab1b427b196966268d5f1407f20f6367aba1866f9ac86912cfd758c2f669?s=96&d=mm&r=g\",\"contentUrl\":\"https:\/\/secure.gravatar.com\/avatar\/0d01ab1b427b196966268d5f1407f20f6367aba1866f9ac86912cfd758c2f669?s=96&d=mm&r=g\",\"caption\":\"cbonnet\"}}]}<\/script>\n<!-- \/ Yoast SEO Premium plugin. -->","yoast_head_json":{"title":"3 questions \u00e0\u2026 Amine Talbi, Group Data Protection Officer - Tessi International","description":"Amine TALBI a rejoint Tessi en avril 2017 en tant que Data Protection Officer (DPO) du Groupe, quasiment un an avant l\u2019entr\u00e9e en application du RGPD (R\u00e8glement G\u00e9n\u00e9ral de la Protection des Donn\u00e9es).","robots":{"index":"index","follow":"follow","max-snippet":"max-snippet:-1","max-image-preview":"max-image-preview:large","max-video-preview":"max-video-preview:-1"},"canonical":"https:\/\/www.tessi.eu\/fr\/3-questions-a-amine-talbi-group-data-protection-officer\/","og_locale":"fr_FR","og_type":"article","og_title":"3 questions \u00e0\u2026 Amine Talbi, Group Data Protection Officer","og_description":"Amine TALBI a rejoint Tessi en avril 2017 en tant que Data Protection Officer (DPO) du Groupe, quasiment un an avant l\u2019entr\u00e9e en application du RGPD (R\u00e8glement G\u00e9n\u00e9ral de la Protection des Donn\u00e9es).","og_url":"https:\/\/www.tessi.eu\/fr\/3-questions-a-amine-talbi-group-data-protection-officer\/","og_site_name":"Tessi International","article_published_time":"2022-01-27T17:37:05+00:00","article_modified_time":"2022-01-28T08:31:37+00:00","og_image":[{"width":506,"height":398,"url":"https:\/\/tessi.on-web.fr\/wp-content\/uploads\/2022\/01\/talbi-amine-vignette.jpg","type":"image\/jpeg"}],"author":"cbonnet","twitter_card":"summary_large_image","twitter_misc":{"\u00c9crit par":"cbonnet","Dur\u00e9e de lecture estim\u00e9e":"4 minutes"},"schema":{"@context":"https:\/\/schema.org","@graph":[{"@type":"Article","@id":"https:\/\/www.tessi.eu\/fr\/3-questions-a-amine-talbi-group-data-protection-officer\/#article","isPartOf":{"@id":"https:\/\/www.tessi.eu\/fr\/3-questions-a-amine-talbi-group-data-protection-officer\/"},"author":{"name":"cbonnet","@id":"https:\/\/www.tessi.eu\/fr\/#\/schema\/person\/859d0f8ee0e735b277dee0268b7ad791"},"headline":"3 questions \u00e0\u2026 Amine Talbi, Group Data Protection Officer","datePublished":"2022-01-27T17:37:05+00:00","dateModified":"2022-01-28T08:31:37+00:00","mainEntityOfPage":{"@id":"https:\/\/www.tessi.eu\/fr\/3-questions-a-amine-talbi-group-data-protection-officer\/"},"wordCount":877,"commentCount":0,"image":{"@id":"https:\/\/www.tessi.eu\/fr\/3-questions-a-amine-talbi-group-data-protection-officer\/#primaryimage"},"thumbnailUrl":"https:\/\/www.tessi.eu\/wp-content\/uploads\/2022\/01\/talbi-amine-vignette.jpg","articleSection":["News"],"inLanguage":"fr-FR"},{"@type":"WebPage","@id":"https:\/\/www.tessi.eu\/fr\/3-questions-a-amine-talbi-group-data-protection-officer\/","url":"https:\/\/www.tessi.eu\/fr\/3-questions-a-amine-talbi-group-data-protection-officer\/","name":"3 questions \u00e0\u2026 Amine Talbi, Group Data Protection Officer - Tessi International","isPartOf":{"@id":"https:\/\/www.tessi.eu\/fr\/#website"},"primaryImageOfPage":{"@id":"https:\/\/www.tessi.eu\/fr\/3-questions-a-amine-talbi-group-data-protection-officer\/#primaryimage"},"image":{"@id":"https:\/\/www.tessi.eu\/fr\/3-questions-a-amine-talbi-group-data-protection-officer\/#primaryimage"},"thumbnailUrl":"https:\/\/www.tessi.eu\/wp-content\/uploads\/2022\/01\/talbi-amine-vignette.jpg","datePublished":"2022-01-27T17:37:05+00:00","dateModified":"2022-01-28T08:31:37+00:00","author":{"@id":"https:\/\/www.tessi.eu\/fr\/#\/schema\/person\/859d0f8ee0e735b277dee0268b7ad791"},"description":"Amine TALBI a rejoint Tessi en avril 2017 en tant que Data Protection Officer (DPO) du Groupe, quasiment un an avant l\u2019entr\u00e9e en application du RGPD (R\u00e8glement G\u00e9n\u00e9ral de la Protection des Donn\u00e9es).","breadcrumb":{"@id":"https:\/\/www.tessi.eu\/fr\/3-questions-a-amine-talbi-group-data-protection-officer\/#breadcrumb"},"inLanguage":"fr-FR","potentialAction":[{"@type":"ReadAction","target":["https:\/\/www.tessi.eu\/fr\/3-questions-a-amine-talbi-group-data-protection-officer\/"]}]},{"@type":"ImageObject","inLanguage":"fr-FR","@id":"https:\/\/www.tessi.eu\/fr\/3-questions-a-amine-talbi-group-data-protection-officer\/#primaryimage","url":"https:\/\/www.tessi.eu\/wp-content\/uploads\/2022\/01\/talbi-amine-vignette.jpg","contentUrl":"https:\/\/www.tessi.eu\/wp-content\/uploads\/2022\/01\/talbi-amine-vignette.jpg","width":506,"height":398,"caption":"talbi amine vignette"},{"@type":"BreadcrumbList","@id":"https:\/\/www.tessi.eu\/fr\/3-questions-a-amine-talbi-group-data-protection-officer\/#breadcrumb","itemListElement":[{"@type":"ListItem","position":1,"name":"Home","item":"https:\/\/www.tessi.eu\/fr\/"},{"@type":"ListItem","position":2,"name":"3 questions \u00e0\u2026 Amine Talbi, Group Data Protection Officer"}]},{"@type":"WebSite","@id":"https:\/\/www.tessi.eu\/fr\/#website","url":"https:\/\/www.tessi.eu\/fr\/","name":"Tessi International","description":"","potentialAction":[{"@type":"SearchAction","target":{"@type":"EntryPoint","urlTemplate":"https:\/\/www.tessi.eu\/fr\/?s={search_term_string}"},"query-input":{"@type":"PropertyValueSpecification","valueRequired":true,"valueName":"search_term_string"}}],"inLanguage":"fr-FR"},{"@type":"Person","@id":"https:\/\/www.tessi.eu\/fr\/#\/schema\/person\/859d0f8ee0e735b277dee0268b7ad791","name":"cbonnet","image":{"@type":"ImageObject","inLanguage":"fr-FR","@id":"https:\/\/www.tessi.eu\/fr\/#\/schema\/person\/image\/","url":"https:\/\/secure.gravatar.com\/avatar\/0d01ab1b427b196966268d5f1407f20f6367aba1866f9ac86912cfd758c2f669?s=96&d=mm&r=g","contentUrl":"https:\/\/secure.gravatar.com\/avatar\/0d01ab1b427b196966268d5f1407f20f6367aba1866f9ac86912cfd758c2f669?s=96&d=mm&r=g","caption":"cbonnet"}}]}},"_links":{"self":[{"href":"https:\/\/www.tessi.eu\/fr\/wp-json\/wp\/v2\/posts\/21608\/"}],"collection":[{"href":"https:\/\/www.tessi.eu\/fr\/wp-json\/wp\/v2\/posts\/"}],"about":[{"href":"https:\/\/www.tessi.eu\/fr\/wp-json\/wp\/v2\/types\/post\/"}],"author":[{"embeddable":true,"href":"https:\/\/www.tessi.eu\/fr\/wp-json\/wp\/v2\/users\/11\/"}],"replies":[{"embeddable":true,"href":"https:\/\/www.tessi.eu\/fr\/wp-json\/wp\/v2\/comments\/?post=21608"}],"version-history":[{"count":5,"href":"https:\/\/www.tessi.eu\/fr\/wp-json\/wp\/v2\/posts\/21608\/revisions\/"}],"predecessor-version":[{"id":21625,"href":"https:\/\/www.tessi.eu\/fr\/wp-json\/wp\/v2\/posts\/21608\/revisions\/21625\/"}],"wp:featuredmedia":[{"embeddable":true,"href":"https:\/\/www.tessi.eu\/fr\/wp-json\/wp\/v2\/media\/21615\/"}],"wp:attachment":[{"href":"https:\/\/www.tessi.eu\/fr\/wp-json\/wp\/v2\/media\/?parent=21608"}],"wp:term":[{"taxonomy":"category","embeddable":true,"href":"https:\/\/www.tessi.eu\/fr\/wp-json\/wp\/v2\/categories\/?post=21608"},{"taxonomy":"post_tag","embeddable":true,"href":"https:\/\/www.tessi.eu\/fr\/wp-json\/wp\/v2\/tags\/?post=21608"}],"curies":[{"name":"wp","href":"https:\/\/api.w.org\/{rel}","templated":true}]}}