{"id":20679,"date":"2021-11-05T11:57:56","date_gmt":"2021-11-05T10:57:56","guid":{"rendered":"https:\/\/www.tessi.eu\/dapsys-rejoint-lecosysteme-sante-de-pepites-shaker-copy\/"},"modified":"2021-11-05T14:17:34","modified_gmt":"2021-11-05T13:17:34","slug":"special-santexpo-2021-jeconsens-by-tessi","status":"publish","type":"post","link":"https:\/\/www.tessi.eu\/fr\/special-santexpo-2021-jeconsens-by-tessi\/","title":{"rendered":"Sp\u00e9cial SANTEXPO 2021 &#8211; JECONSENS by Tessi"},"content":{"rendered":"<p>La eSant\u00e9 se d\u00e9veloppe rapidement sous la forte impulsion des pouvoirs publics, dans un contexte de crise sanitaire, au b\u00e9n\u00e9fice des professionnels de sant\u00e9. L\u2019adoption de ces solutions par le plus grand nombre de patients et d\u2019aidants constitue aujourd\u2019hui l\u2019enjeu majeur auquel font face les professionnels de sant\u00e9, les autorit\u00e9s, les \u00e9tablissements et les industriels de la eSant\u00e9.<\/p>\n<p><strong>JECONSENS by Tessi apporte une r\u00e9ponse concr\u00e8te et locale, compl\u00e9mentaire \u00e0 MonEspaceSant\u00e9, pour les patients et les aidants, en leur permettant d\u2019exercer leurs droits au consentement dans un monde de plus en plus digital.<br \/>\nJECONSENS by Tessi g\u00e8re et s\u00e9curise les consentements :<\/strong><\/p>\n<ul>\n<li>\u00e0 une intervention m\u00e9dicale,<\/li>\n<li>\u00e0 la participation \u00e0 une \u00e9tude clinique (interventionnelle),<\/li>\n<li>au partage de donn\u00e9es de sant\u00e9.<\/li>\n<\/ul>\n<p>Con\u00e7u avec des \u00e9tablissements et des professionnels de sant\u00e9, la plateforme JECONSENS by Tessi permet au <strong>m\u00e9decin<\/strong> de cr\u00e9er rapidement des parcours d\u2019information pertinents et personnalis\u00e9s, en fonction de sa sp\u00e9cialit\u00e9 ou de la finalit\u00e9 de l\u2019acte propos\u00e9 aux utilisateurs (patient, volontaire\u2026). <\/p>\n<p>La solution accompagne <strong>l\u2019utilisateur<\/strong> dans un parcours d\u2019information pr\u00e9alable \u00e0 sa d\u00e9cision, qu\u2019il peut suivre \u00e0 son rythme, chez lui en pr\u00e9sence d\u2019un aidant ou en consultation avec son m\u00e9decin traitant. Inform\u00e9, rassur\u00e9 et accompagn\u00e9, il devient r\u00e9ellement acteur de son parcours de sant\u00e9 et aborde l\u2019acte m\u00e9dical propos\u00e9 avec plus de s\u00e9r\u00e9nit\u00e9 et de lucidit\u00e9.<\/p>\n<p>Associ\u00e9e \u00e0 DIGITAL ID by Tessi, la plateforme de v\u00e9rification d\u2019identit\u00e9 \u00e0 distance avec preuve de vie retenue par le GIE Sesam VITALE, JECONSENS by Tessi r\u00e9pond d\u2019une part au plus haut niveau d\u2019exigence d\u2019identitovigilance et d\u2019autre part aux standards de signature \u00e9lectronique les plus avanc\u00e9es. La plateforme apporte ainsi aux <strong>\u00e9tablissements<\/strong> une solution de d\u00e9mat\u00e9rialisation \u00e0 valeur probatoire de documents souvent complexes et co\u00fbteux \u00e0 g\u00e9rer.<br \/>\n\u2003<br \/>\nR\u00e9pondant ainsi \u00e0 une attente forte exprim\u00e9e par les patients, les m\u00e9decins et les \u00e9tablissements, JECONSENS by Tessi a pour \u00e9l\u00e9ments diff\u00e9renciants : <\/p>\n<ul>\n<li>le r\u00f4le de <strong>tiers de confiance<\/strong> qu\u2019elle assure pour les 3 parties prenantes,<\/li>\n<li>la production <strong>d\u2019originaux num\u00e9riques<\/strong> \u00e0 valeur probatoire,<\/li>\n<li>la <strong>cr\u00e9ation dynamique du consentement<\/strong> qui refl\u00e8te le parcours personnalis\u00e9 du patient et recueille les informations \u00e9chang\u00e9es,<\/li>\n<li>la possibilit\u00e9 pour le patient de <strong>g\u00e9rer de fa\u00e7on dynamique<\/strong> et dans le temps les diff\u00e9rents consentements d\u00e9j\u00e0 \u00e9mis.<\/li>\n<\/ul>\n<div style=\"border: thin solid #005faa; text-align: center;\"><strong>Tessi pr\u00e9sentera publiquement sa solution JECONSENS by Tessi lors du salon SANTEXPO, du 8 au 10 Novembre 2021 (Porte de Versailles) &#8211; Stand F57 et durant l\u2019Agora Tessi du mercredi 10 novembre de 14h15 \u00e0 15h00<\/strong><\/div>\n<p>&nbsp;<\/p>\n<p>Grace \u00e0 cette offre, Tessi confirme son positionnement vis-\u00e0-vis des acteurs de la Sant\u00e9, autour d\u2019une offre compl\u00e8te de solutions et de services :<\/p>\n<ul>\n<li>Digitalisation de la relation et des parcours patient (identit\u00e9, pr\u00e9admission en ligne\u2026)<\/li>\n<li>D\u00e9mat\u00e9rialisation des dossiers patient et des flux de sant\u00e9<\/li>\n<li>H\u00e9bergement de donn\u00e9es de sant\u00e9 (certification ISO 27001 et HDS)<\/li>\n<li>Digitalisation des flux de gestion des \u00e9tablissements (courrier, factures, RH\u2026)<\/li>\n<\/ul>\n<p>&nbsp;<\/p>\n<div class=\"button-wrapper anim-element translate-y t150\"><a class=\"btn-new btn-border-degrade\" title=\"T\u00e9l\u00e9charger le communiqu\u00e9\" href=\"https:\/\/www.tessi.eu\/wp-content\/uploads\/2021\/11\/211105-cp-tessi-jcs-santexpo.pdf\" target=\"_blank\" rel=\"noopener\"><span class=\"btn-border-degrade-content\"><span class=\"text\">T\u00e9l\u00e9charger le communiqu\u00e9<\/span><\/span><\/a><\/div>\n","protected":false},"excerpt":{"rendered":"<p>La eSant\u00e9 se d\u00e9veloppe rapidement sous la forte impulsion des pouvoirs publics, dans un contexte de crise sanitaire, au b\u00e9n\u00e9fice des professionnels de sant\u00e9. L\u2019adoption de ces solutions par le plus grand nombre de patients et d\u2019aidants constitue aujourd\u2019hui l\u2019enjeu majeur auquel font face les professionnels de sant\u00e9, les autorit\u00e9s, les \u00e9tablissements et les industriels [&hellip;]<\/p>\n","protected":false},"author":12,"featured_media":20697,"comment_status":"closed","ping_status":"closed","sticky":true,"template":"","format":"standard","meta":{"_acf_changed":false,"footnotes":""},"categories":[47],"tags":[],"class_list":["post-20679","post","type-post","status-publish","format-standard","has-post-thumbnail","hentry","category-news"],"acf":[],"yoast_head":"<!-- This site is optimized with the Yoast SEO Premium plugin v22.3 (Yoast SEO v27.1.1) - https:\/\/yoast.com\/product\/yoast-seo-premium-wordpress\/ -->\n<title>Sp\u00e9cial SANTEXPO 2021 - JECONSENS by Tessi - Tessi International<\/title>\n<meta name=\"description\" content=\"Tessi et Dapsys ont sign\u00e9 un accord portant sur l\u2019int\u00e9gration de la startup eSant\u00e9, dans le programme d\u2019acc\u00e9l\u00e9ration P\u00e9pites Shaker de Tessi. Les deux soci\u00e9t\u00e9s, qui proposent des solutions compl\u00e9mentaires pour la Sant\u00e9, se rejoignent sur une vision commune de l\u2019innovation au service des parcours patient.\" \/>\n<meta name=\"robots\" content=\"index, follow, max-snippet:-1, max-image-preview:large, max-video-preview:-1\" \/>\n<link rel=\"canonical\" href=\"https:\/\/www.tessi.eu\/fr\/special-santexpo-2021-jeconsens-by-tessi\/\" \/>\n<meta property=\"og:locale\" content=\"fr_FR\" \/>\n<meta property=\"og:type\" content=\"article\" \/>\n<meta property=\"og:title\" content=\"Sp\u00e9cial SANTEXPO 2021 - JECONSENS by Tessi\" \/>\n<meta property=\"og:description\" content=\"Tessi et Dapsys ont sign\u00e9 un accord portant sur l\u2019int\u00e9gration de la startup eSant\u00e9, dans le programme d\u2019acc\u00e9l\u00e9ration P\u00e9pites Shaker de Tessi. Les deux soci\u00e9t\u00e9s, qui proposent des solutions compl\u00e9mentaires pour la Sant\u00e9, se rejoignent sur une vision commune de l\u2019innovation au service des parcours patient.\" \/>\n<meta property=\"og:url\" content=\"https:\/\/www.tessi.eu\/fr\/special-santexpo-2021-jeconsens-by-tessi\/\" \/>\n<meta property=\"og:site_name\" content=\"Tessi International\" \/>\n<meta property=\"article:published_time\" content=\"2021-11-05T10:57:56+00:00\" \/>\n<meta property=\"article:modified_time\" content=\"2021-11-05T13:17:34+00:00\" \/>\n<meta property=\"og:image\" content=\"https:\/\/tessi.on-web.fr\/wp-content\/uploads\/2021\/11\/vignette-cp-santexpo.png\" \/>\n\t<meta property=\"og:image:width\" content=\"506\" \/>\n\t<meta property=\"og:image:height\" content=\"398\" \/>\n\t<meta property=\"og:image:type\" content=\"image\/png\" \/>\n<meta name=\"author\" content=\"pmallet\" \/>\n<meta name=\"twitter:card\" content=\"summary_large_image\" \/>\n<meta name=\"twitter:label1\" content=\"\u00c9crit par\" \/>\n\t<meta name=\"twitter:data1\" content=\"pmallet\" \/>\n\t<meta name=\"twitter:label2\" content=\"Dur\u00e9e de lecture estim\u00e9e\" \/>\n\t<meta name=\"twitter:data2\" content=\"1 minute\" \/>\n<script type=\"application\/ld+json\" class=\"yoast-schema-graph\">{\"@context\":\"https:\/\/schema.org\",\"@graph\":[{\"@type\":\"Article\",\"@id\":\"https:\/\/www.tessi.eu\/fr\/special-santexpo-2021-jeconsens-by-tessi\/#article\",\"isPartOf\":{\"@id\":\"https:\/\/www.tessi.eu\/fr\/special-santexpo-2021-jeconsens-by-tessi\/\"},\"author\":{\"name\":\"pmallet\",\"@id\":\"https:\/\/www.tessi.eu\/fr\/#\/schema\/person\/0c662bb797314a35603fe3fd7b4d09bb\"},\"headline\":\"Sp\u00e9cial SANTEXPO 2021 &#8211; JECONSENS by Tessi\",\"datePublished\":\"2021-11-05T10:57:56+00:00\",\"dateModified\":\"2021-11-05T13:17:34+00:00\",\"mainEntityOfPage\":{\"@id\":\"https:\/\/www.tessi.eu\/fr\/special-santexpo-2021-jeconsens-by-tessi\/\"},\"wordCount\":530,\"image\":{\"@id\":\"https:\/\/www.tessi.eu\/fr\/special-santexpo-2021-jeconsens-by-tessi\/#primaryimage\"},\"thumbnailUrl\":\"https:\/\/www.tessi.eu\/wp-content\/uploads\/2021\/11\/vignette-cp-santexpo.png\",\"articleSection\":[\"News\"],\"inLanguage\":\"fr-FR\"},{\"@type\":\"WebPage\",\"@id\":\"https:\/\/www.tessi.eu\/fr\/special-santexpo-2021-jeconsens-by-tessi\/\",\"url\":\"https:\/\/www.tessi.eu\/fr\/special-santexpo-2021-jeconsens-by-tessi\/\",\"name\":\"Sp\u00e9cial SANTEXPO 2021 - JECONSENS by Tessi - Tessi International\",\"isPartOf\":{\"@id\":\"https:\/\/www.tessi.eu\/fr\/#website\"},\"primaryImageOfPage\":{\"@id\":\"https:\/\/www.tessi.eu\/fr\/special-santexpo-2021-jeconsens-by-tessi\/#primaryimage\"},\"image\":{\"@id\":\"https:\/\/www.tessi.eu\/fr\/special-santexpo-2021-jeconsens-by-tessi\/#primaryimage\"},\"thumbnailUrl\":\"https:\/\/www.tessi.eu\/wp-content\/uploads\/2021\/11\/vignette-cp-santexpo.png\",\"datePublished\":\"2021-11-05T10:57:56+00:00\",\"dateModified\":\"2021-11-05T13:17:34+00:00\",\"author\":{\"@id\":\"https:\/\/www.tessi.eu\/fr\/#\/schema\/person\/0c662bb797314a35603fe3fd7b4d09bb\"},\"description\":\"Tessi et Dapsys ont sign\u00e9 un accord portant sur l\u2019int\u00e9gration de la startup eSant\u00e9, dans le programme d\u2019acc\u00e9l\u00e9ration P\u00e9pites Shaker de Tessi. Les deux soci\u00e9t\u00e9s, qui proposent des solutions compl\u00e9mentaires pour la Sant\u00e9, se rejoignent sur une vision commune de l\u2019innovation au service des parcours patient.\",\"breadcrumb\":{\"@id\":\"https:\/\/www.tessi.eu\/fr\/special-santexpo-2021-jeconsens-by-tessi\/#breadcrumb\"},\"inLanguage\":\"fr-FR\",\"potentialAction\":[{\"@type\":\"ReadAction\",\"target\":[\"https:\/\/www.tessi.eu\/fr\/special-santexpo-2021-jeconsens-by-tessi\/\"]}]},{\"@type\":\"ImageObject\",\"inLanguage\":\"fr-FR\",\"@id\":\"https:\/\/www.tessi.eu\/fr\/special-santexpo-2021-jeconsens-by-tessi\/#primaryimage\",\"url\":\"https:\/\/www.tessi.eu\/wp-content\/uploads\/2021\/11\/vignette-cp-santexpo.png\",\"contentUrl\":\"https:\/\/www.tessi.eu\/wp-content\/uploads\/2021\/11\/vignette-cp-santexpo.png\",\"width\":506,\"height\":398,\"caption\":\"Vignette-CP-Santexpo\"},{\"@type\":\"BreadcrumbList\",\"@id\":\"https:\/\/www.tessi.eu\/fr\/special-santexpo-2021-jeconsens-by-tessi\/#breadcrumb\",\"itemListElement\":[{\"@type\":\"ListItem\",\"position\":1,\"name\":\"Home\",\"item\":\"https:\/\/www.tessi.eu\/fr\/\"},{\"@type\":\"ListItem\",\"position\":2,\"name\":\"Sp\u00e9cial SANTEXPO 2021 &#8211; JECONSENS by Tessi\"}]},{\"@type\":\"WebSite\",\"@id\":\"https:\/\/www.tessi.eu\/fr\/#website\",\"url\":\"https:\/\/www.tessi.eu\/fr\/\",\"name\":\"Tessi International\",\"description\":\"\",\"potentialAction\":[{\"@type\":\"SearchAction\",\"target\":{\"@type\":\"EntryPoint\",\"urlTemplate\":\"https:\/\/www.tessi.eu\/fr\/?s={search_term_string}\"},\"query-input\":{\"@type\":\"PropertyValueSpecification\",\"valueRequired\":true,\"valueName\":\"search_term_string\"}}],\"inLanguage\":\"fr-FR\"},{\"@type\":\"Person\",\"@id\":\"https:\/\/www.tessi.eu\/fr\/#\/schema\/person\/0c662bb797314a35603fe3fd7b4d09bb\",\"name\":\"pmallet\",\"image\":{\"@type\":\"ImageObject\",\"inLanguage\":\"fr-FR\",\"@id\":\"https:\/\/www.tessi.eu\/fr\/#\/schema\/person\/image\/\",\"url\":\"https:\/\/secure.gravatar.com\/avatar\/285d36b3faf28a1d856148cf2d579763696444924b5af229391323d21a89f987?s=96&d=mm&r=g\",\"contentUrl\":\"https:\/\/secure.gravatar.com\/avatar\/285d36b3faf28a1d856148cf2d579763696444924b5af229391323d21a89f987?s=96&d=mm&r=g\",\"caption\":\"pmallet\"}}]}<\/script>\n<!-- \/ Yoast SEO Premium plugin. -->","yoast_head_json":{"title":"Sp\u00e9cial SANTEXPO 2021 - JECONSENS by Tessi - Tessi International","description":"Tessi et Dapsys ont sign\u00e9 un accord portant sur l\u2019int\u00e9gration de la startup eSant\u00e9, dans le programme d\u2019acc\u00e9l\u00e9ration P\u00e9pites Shaker de Tessi. Les deux soci\u00e9t\u00e9s, qui proposent des solutions compl\u00e9mentaires pour la Sant\u00e9, se rejoignent sur une vision commune de l\u2019innovation au service des parcours patient.","robots":{"index":"index","follow":"follow","max-snippet":"max-snippet:-1","max-image-preview":"max-image-preview:large","max-video-preview":"max-video-preview:-1"},"canonical":"https:\/\/www.tessi.eu\/fr\/special-santexpo-2021-jeconsens-by-tessi\/","og_locale":"fr_FR","og_type":"article","og_title":"Sp\u00e9cial SANTEXPO 2021 - JECONSENS by Tessi","og_description":"Tessi et Dapsys ont sign\u00e9 un accord portant sur l\u2019int\u00e9gration de la startup eSant\u00e9, dans le programme d\u2019acc\u00e9l\u00e9ration P\u00e9pites Shaker de Tessi. Les deux soci\u00e9t\u00e9s, qui proposent des solutions compl\u00e9mentaires pour la Sant\u00e9, se rejoignent sur une vision commune de l\u2019innovation au service des parcours patient.","og_url":"https:\/\/www.tessi.eu\/fr\/special-santexpo-2021-jeconsens-by-tessi\/","og_site_name":"Tessi International","article_published_time":"2021-11-05T10:57:56+00:00","article_modified_time":"2021-11-05T13:17:34+00:00","og_image":[{"width":506,"height":398,"url":"https:\/\/tessi.on-web.fr\/wp-content\/uploads\/2021\/11\/vignette-cp-santexpo.png","type":"image\/png"}],"author":"pmallet","twitter_card":"summary_large_image","twitter_misc":{"\u00c9crit par":"pmallet","Dur\u00e9e de lecture estim\u00e9e":"1 minute"},"schema":{"@context":"https:\/\/schema.org","@graph":[{"@type":"Article","@id":"https:\/\/www.tessi.eu\/fr\/special-santexpo-2021-jeconsens-by-tessi\/#article","isPartOf":{"@id":"https:\/\/www.tessi.eu\/fr\/special-santexpo-2021-jeconsens-by-tessi\/"},"author":{"name":"pmallet","@id":"https:\/\/www.tessi.eu\/fr\/#\/schema\/person\/0c662bb797314a35603fe3fd7b4d09bb"},"headline":"Sp\u00e9cial SANTEXPO 2021 &#8211; JECONSENS by Tessi","datePublished":"2021-11-05T10:57:56+00:00","dateModified":"2021-11-05T13:17:34+00:00","mainEntityOfPage":{"@id":"https:\/\/www.tessi.eu\/fr\/special-santexpo-2021-jeconsens-by-tessi\/"},"wordCount":530,"image":{"@id":"https:\/\/www.tessi.eu\/fr\/special-santexpo-2021-jeconsens-by-tessi\/#primaryimage"},"thumbnailUrl":"https:\/\/www.tessi.eu\/wp-content\/uploads\/2021\/11\/vignette-cp-santexpo.png","articleSection":["News"],"inLanguage":"fr-FR"},{"@type":"WebPage","@id":"https:\/\/www.tessi.eu\/fr\/special-santexpo-2021-jeconsens-by-tessi\/","url":"https:\/\/www.tessi.eu\/fr\/special-santexpo-2021-jeconsens-by-tessi\/","name":"Sp\u00e9cial SANTEXPO 2021 - JECONSENS by Tessi - Tessi International","isPartOf":{"@id":"https:\/\/www.tessi.eu\/fr\/#website"},"primaryImageOfPage":{"@id":"https:\/\/www.tessi.eu\/fr\/special-santexpo-2021-jeconsens-by-tessi\/#primaryimage"},"image":{"@id":"https:\/\/www.tessi.eu\/fr\/special-santexpo-2021-jeconsens-by-tessi\/#primaryimage"},"thumbnailUrl":"https:\/\/www.tessi.eu\/wp-content\/uploads\/2021\/11\/vignette-cp-santexpo.png","datePublished":"2021-11-05T10:57:56+00:00","dateModified":"2021-11-05T13:17:34+00:00","author":{"@id":"https:\/\/www.tessi.eu\/fr\/#\/schema\/person\/0c662bb797314a35603fe3fd7b4d09bb"},"description":"Tessi et Dapsys ont sign\u00e9 un accord portant sur l\u2019int\u00e9gration de la startup eSant\u00e9, dans le programme d\u2019acc\u00e9l\u00e9ration P\u00e9pites Shaker de Tessi. Les deux soci\u00e9t\u00e9s, qui proposent des solutions compl\u00e9mentaires pour la Sant\u00e9, se rejoignent sur une vision commune de l\u2019innovation au service des parcours patient.","breadcrumb":{"@id":"https:\/\/www.tessi.eu\/fr\/special-santexpo-2021-jeconsens-by-tessi\/#breadcrumb"},"inLanguage":"fr-FR","potentialAction":[{"@type":"ReadAction","target":["https:\/\/www.tessi.eu\/fr\/special-santexpo-2021-jeconsens-by-tessi\/"]}]},{"@type":"ImageObject","inLanguage":"fr-FR","@id":"https:\/\/www.tessi.eu\/fr\/special-santexpo-2021-jeconsens-by-tessi\/#primaryimage","url":"https:\/\/www.tessi.eu\/wp-content\/uploads\/2021\/11\/vignette-cp-santexpo.png","contentUrl":"https:\/\/www.tessi.eu\/wp-content\/uploads\/2021\/11\/vignette-cp-santexpo.png","width":506,"height":398,"caption":"Vignette-CP-Santexpo"},{"@type":"BreadcrumbList","@id":"https:\/\/www.tessi.eu\/fr\/special-santexpo-2021-jeconsens-by-tessi\/#breadcrumb","itemListElement":[{"@type":"ListItem","position":1,"name":"Home","item":"https:\/\/www.tessi.eu\/fr\/"},{"@type":"ListItem","position":2,"name":"Sp\u00e9cial SANTEXPO 2021 &#8211; JECONSENS by Tessi"}]},{"@type":"WebSite","@id":"https:\/\/www.tessi.eu\/fr\/#website","url":"https:\/\/www.tessi.eu\/fr\/","name":"Tessi International","description":"","potentialAction":[{"@type":"SearchAction","target":{"@type":"EntryPoint","urlTemplate":"https:\/\/www.tessi.eu\/fr\/?s={search_term_string}"},"query-input":{"@type":"PropertyValueSpecification","valueRequired":true,"valueName":"search_term_string"}}],"inLanguage":"fr-FR"},{"@type":"Person","@id":"https:\/\/www.tessi.eu\/fr\/#\/schema\/person\/0c662bb797314a35603fe3fd7b4d09bb","name":"pmallet","image":{"@type":"ImageObject","inLanguage":"fr-FR","@id":"https:\/\/www.tessi.eu\/fr\/#\/schema\/person\/image\/","url":"https:\/\/secure.gravatar.com\/avatar\/285d36b3faf28a1d856148cf2d579763696444924b5af229391323d21a89f987?s=96&d=mm&r=g","contentUrl":"https:\/\/secure.gravatar.com\/avatar\/285d36b3faf28a1d856148cf2d579763696444924b5af229391323d21a89f987?s=96&d=mm&r=g","caption":"pmallet"}}]}},"_links":{"self":[{"href":"https:\/\/www.tessi.eu\/fr\/wp-json\/wp\/v2\/posts\/20679\/"}],"collection":[{"href":"https:\/\/www.tessi.eu\/fr\/wp-json\/wp\/v2\/posts\/"}],"about":[{"href":"https:\/\/www.tessi.eu\/fr\/wp-json\/wp\/v2\/types\/post\/"}],"author":[{"embeddable":true,"href":"https:\/\/www.tessi.eu\/fr\/wp-json\/wp\/v2\/users\/12\/"}],"replies":[{"embeddable":true,"href":"https:\/\/www.tessi.eu\/fr\/wp-json\/wp\/v2\/comments\/?post=20679"}],"version-history":[{"count":9,"href":"https:\/\/www.tessi.eu\/fr\/wp-json\/wp\/v2\/posts\/20679\/revisions\/"}],"predecessor-version":[{"id":20696,"href":"https:\/\/www.tessi.eu\/fr\/wp-json\/wp\/v2\/posts\/20679\/revisions\/20696\/"}],"wp:featuredmedia":[{"embeddable":true,"href":"https:\/\/www.tessi.eu\/fr\/wp-json\/wp\/v2\/media\/20697\/"}],"wp:attachment":[{"href":"https:\/\/www.tessi.eu\/fr\/wp-json\/wp\/v2\/media\/?parent=20679"}],"wp:term":[{"taxonomy":"category","embeddable":true,"href":"https:\/\/www.tessi.eu\/fr\/wp-json\/wp\/v2\/categories\/?post=20679"},{"taxonomy":"post_tag","embeddable":true,"href":"https:\/\/www.tessi.eu\/fr\/wp-json\/wp\/v2\/tags\/?post=20679"}],"curies":[{"name":"wp","href":"https:\/\/api.w.org\/{rel}","templated":true}]}}