{"id":20641,"date":"2021-11-04T18:28:19","date_gmt":"2021-11-04T17:28:19","guid":{"rendered":"https:\/\/www.tessi.eu\/?p=20641\/"},"modified":"2021-11-04T18:28:19","modified_gmt":"2021-11-04T17:28:19","slug":"chiffre-daffaires-9-mois-2021-3486-me","status":"publish","type":"post","link":"https:\/\/www.tessi.eu\/fr\/chiffre-daffaires-9-mois-2021-3486-me\/","title":{"rendered":"Chiffre d&rsquo;affaires 9 mois 2021 : 348,6 m\u20ac"},"content":{"rendered":"<table width=\"100%\" style=\"font-weight: bold;\">\n<tr>\n<td><em>En M\u20ac<\/em><\/td>\n<td align=\"center\">2021<\/td>\n<td align=\"center\">2020<sup>1<\/sup><\/td>\n<td align=\"center\">Var.<\/td>\n<td align=\"center\">Var.<br \/>proforma<sup>2<\/sup><\/td>\n<\/tr>\n<tr>\n<td>Chiffre d\u2019affaires S1<\/td>\n<td align=\"center\">234,9<\/td>\n<td align=\"center\">199,9<\/td>\n<td align=\"center\">+17,5%<\/td>\n<td align=\"center\">+16,3%<\/td>\n<\/tr>\n<tr>\n<td>Chiffre d&rsquo;affaires T3<\/td>\n<td align=\"center\">113,6<\/td>\n<td align=\"center\">102,0<\/td>\n<td align=\"center\">+11,5%<\/td>\n<td align=\"center\">+10,1%<\/td>\n<\/tr>\n<tr>\n<td>Cumul 1<sup>er<\/sup> semestre<\/td>\n<td align=\"center\">348,6<\/td>\n<td align=\"center\">301,9<\/td>\n<td align=\"center\">+15,5%<\/td>\n<td align=\"center\">+14,2%<\/td>\n<\/tr>\n<\/table>\n<p>&nbsp;<br \/>\n<em style=\"font-size: 12px; line-height: 12px;\"><sup>1<\/sup> Les donn\u00e9es pr\u00e9sent\u00e9es en 2020 sont retrait\u00e9es du p\u00e9rim\u00e8tre espagnol c\u00e9d\u00e9 en janvier 2021 (cf communiqu\u00e9 du 8 janvier 2021).<\/em><br \/>\n<em style=\"font-size: 12px; line-height: 12px;\"><sup>2<\/sup> Calcul\u00e9e en r\u00e9int\u00e9grant le chiffre d\u2019affaires r\u00e9alis\u00e9 par Proformation en 2020 avant sa consolidation dans le Groupe depuis le 1<sup>er<\/sup> trimestre 2021 (cf communiqu\u00e9 du 9 mars 2021).<\/em><\/p>\n<hr>\n<p>&nbsp;<br \/>\nTessi, acteur international des Business Process Services, a r\u00e9alis\u00e9 sur les 9 premiers mois de l\u2019exercice 2021 un chiffre d\u2019affaires consolid\u00e9 de 348,6 M\u20ac.<br \/>\n\u00c0 donn\u00e9es proforma<sup>2<\/sup>, la croissance ressort \u00e0 +14,2%, sous l\u2019effet de la bonne orientation des activit\u00e9s et d\u2019une base de comparaison favorable, en particulier au 2<sup>\u00e8me<\/sup> trimestre en raison de l\u2019impact du confinement mise en place \u00e0 partir de mi-mars 2020.<\/p>\n<h3>Offre Publique de Retrait ouverte jusqu\u2019au 10 novembre 2021<\/h3>\n<p>L\u2019Offre Publique de Retrait initi\u00e9e par Pixel Holding visant les actions de la soci\u00e9t\u00e9 TESSI au prix de 168,60 euros par action (net du dividende exceptionnel de 3,40 euros dont le paiement est intervenu le 28 juin 2021) est ouverte depuis le 28 octobre et se terminera le 10 novembre 2021 au soir. Toutes les informations sur cette op\u00e9ration sont disponibles sur le site <a href=\"https:\/\/www.tessi.eu\/\">tessi.eu<\/a>.<\/p>\n<div class=\"button-wrapper anim-element translate-y t150\"><a class=\"btn-new btn-border-degrade\" title=\"Tessi - Chiffre d'affaires du premier semestre 2021\" href=\"https:\/\/www.tessi.eu\/wp-content\/uploads\/2021\/11\/tes-041121-ca-9-mois-2021-fr.pdf\" target=\"_blank\" rel=\"noopener\"><span class=\"btn-border-degrade-content\"><span class=\"text\">T\u00e9l\u00e9charger le communiqu\u00e9 de presse<\/span><\/span><\/a><\/div>\n","protected":false},"excerpt":{"rendered":"<p>En M\u20ac 2021 20201 Var. Var.proforma2 Chiffre d\u2019affaires S1 234,9 199,9 +17,5% +16,3% Chiffre d&rsquo;affaires T3 113,6 102,0 +11,5% +10,1% Cumul 1er semestre 348,6 301,9 +15,5% +14,2% &nbsp; 1 Les donn\u00e9es pr\u00e9sent\u00e9es en 2020 sont retrait\u00e9es du p\u00e9rim\u00e8tre espagnol c\u00e9d\u00e9 en janvier 2021 (cf communiqu\u00e9 du 8 janvier 2021). 2 Calcul\u00e9e en r\u00e9int\u00e9grant le chiffre [&hellip;]<\/p>\n","protected":false},"author":12,"featured_media":11941,"comment_status":"open","ping_status":"open","sticky":true,"template":"","format":"standard","meta":{"_acf_changed":false,"footnotes":""},"categories":[47,131],"tags":[],"class_list":["post-20641","post","type-post","status-publish","format-standard","has-post-thumbnail","hentry","category-news","category-financier"],"acf":[],"yoast_head":"<!-- This site is optimized with the Yoast SEO Premium plugin v22.3 (Yoast SEO v27.1.1) - https:\/\/yoast.com\/product\/yoast-seo-premium-wordpress\/ -->\n<title>Chiffre d&#039;affaires 9 mois 2021 : 348,6 m\u20ac - Tessi International<\/title>\n<meta name=\"robots\" content=\"index, follow, max-snippet:-1, max-image-preview:large, max-video-preview:-1\" \/>\n<link rel=\"canonical\" href=\"https:\/\/www.tessi.eu\/fr\/chiffre-daffaires-9-mois-2021-3486-me\/\" \/>\n<meta property=\"og:locale\" content=\"fr_FR\" \/>\n<meta property=\"og:type\" content=\"article\" \/>\n<meta property=\"og:title\" content=\"Chiffre d&#039;affaires 9 mois 2021 : 348,6 m\u20ac\" \/>\n<meta property=\"og:description\" content=\"En M\u20ac 2021 20201 Var. Var.proforma2 Chiffre d\u2019affaires S1 234,9 199,9 +17,5% +16,3% Chiffre d&rsquo;affaires T3 113,6 102,0 +11,5% +10,1% Cumul 1er semestre 348,6 301,9 +15,5% +14,2% &nbsp; 1 Les donn\u00e9es pr\u00e9sent\u00e9es en 2020 sont retrait\u00e9es du p\u00e9rim\u00e8tre espagnol c\u00e9d\u00e9 en janvier 2021 (cf communiqu\u00e9 du 8 janvier 2021). 2 Calcul\u00e9e en r\u00e9int\u00e9grant le chiffre [&hellip;]\" \/>\n<meta property=\"og:url\" content=\"https:\/\/www.tessi.eu\/fr\/chiffre-daffaires-9-mois-2021-3486-me\/\" \/>\n<meta property=\"og:site_name\" content=\"Tessi International\" \/>\n<meta property=\"article:published_time\" content=\"2021-11-04T17:28:19+00:00\" \/>\n<meta property=\"og:image\" content=\"https:\/\/tessi.on-web.fr\/wp-content\/uploads\/2020\/03\/tessi_actu_newblue.jpg\" \/>\n\t<meta property=\"og:image:width\" content=\"506\" \/>\n\t<meta property=\"og:image:height\" content=\"398\" \/>\n\t<meta property=\"og:image:type\" content=\"image\/jpeg\" \/>\n<meta name=\"author\" content=\"pmallet\" \/>\n<meta name=\"twitter:card\" content=\"summary_large_image\" \/>\n<meta name=\"twitter:label1\" content=\"\u00c9crit par\" \/>\n\t<meta name=\"twitter:data1\" content=\"pmallet\" \/>\n\t<meta name=\"twitter:label2\" content=\"Dur\u00e9e de lecture estim\u00e9e\" \/>\n\t<meta name=\"twitter:data2\" content=\"1 minute\" \/>\n<script type=\"application\/ld+json\" class=\"yoast-schema-graph\">{\"@context\":\"https:\/\/schema.org\",\"@graph\":[{\"@type\":\"Article\",\"@id\":\"https:\/\/www.tessi.eu\/fr\/chiffre-daffaires-9-mois-2021-3486-me\/#article\",\"isPartOf\":{\"@id\":\"https:\/\/www.tessi.eu\/fr\/chiffre-daffaires-9-mois-2021-3486-me\/\"},\"author\":{\"name\":\"pmallet\",\"@id\":\"https:\/\/www.tessi.eu\/fr\/#\/schema\/person\/0c662bb797314a35603fe3fd7b4d09bb\"},\"headline\":\"Chiffre d&rsquo;affaires 9 mois 2021 : 348,6 m\u20ac\",\"datePublished\":\"2021-11-04T17:28:19+00:00\",\"mainEntityOfPage\":{\"@id\":\"https:\/\/www.tessi.eu\/fr\/chiffre-daffaires-9-mois-2021-3486-me\/\"},\"wordCount\":218,\"commentCount\":0,\"image\":{\"@id\":\"https:\/\/www.tessi.eu\/fr\/chiffre-daffaires-9-mois-2021-3486-me\/#primaryimage\"},\"thumbnailUrl\":\"https:\/\/www.tessi.eu\/wp-content\/uploads\/2020\/03\/tessi_actu_newblue.jpg\",\"articleSection\":[\"News\",\"Financier\"],\"inLanguage\":\"fr-FR\"},{\"@type\":\"WebPage\",\"@id\":\"https:\/\/www.tessi.eu\/fr\/chiffre-daffaires-9-mois-2021-3486-me\/\",\"url\":\"https:\/\/www.tessi.eu\/fr\/chiffre-daffaires-9-mois-2021-3486-me\/\",\"name\":\"Chiffre d'affaires 9 mois 2021 : 348,6 m\u20ac - Tessi International\",\"isPartOf\":{\"@id\":\"https:\/\/www.tessi.eu\/fr\/#website\"},\"primaryImageOfPage\":{\"@id\":\"https:\/\/www.tessi.eu\/fr\/chiffre-daffaires-9-mois-2021-3486-me\/#primaryimage\"},\"image\":{\"@id\":\"https:\/\/www.tessi.eu\/fr\/chiffre-daffaires-9-mois-2021-3486-me\/#primaryimage\"},\"thumbnailUrl\":\"https:\/\/www.tessi.eu\/wp-content\/uploads\/2020\/03\/tessi_actu_newblue.jpg\",\"datePublished\":\"2021-11-04T17:28:19+00:00\",\"author\":{\"@id\":\"https:\/\/www.tessi.eu\/fr\/#\/schema\/person\/0c662bb797314a35603fe3fd7b4d09bb\"},\"breadcrumb\":{\"@id\":\"https:\/\/www.tessi.eu\/fr\/chiffre-daffaires-9-mois-2021-3486-me\/#breadcrumb\"},\"inLanguage\":\"fr-FR\",\"potentialAction\":[{\"@type\":\"ReadAction\",\"target\":[\"https:\/\/www.tessi.eu\/fr\/chiffre-daffaires-9-mois-2021-3486-me\/\"]}]},{\"@type\":\"ImageObject\",\"inLanguage\":\"fr-FR\",\"@id\":\"https:\/\/www.tessi.eu\/fr\/chiffre-daffaires-9-mois-2021-3486-me\/#primaryimage\",\"url\":\"https:\/\/www.tessi.eu\/wp-content\/uploads\/2020\/03\/tessi_actu_newblue.jpg\",\"contentUrl\":\"https:\/\/www.tessi.eu\/wp-content\/uploads\/2020\/03\/tessi_actu_newblue.jpg\",\"width\":506,\"height\":398,\"caption\":\"tessi actu newblue\"},{\"@type\":\"BreadcrumbList\",\"@id\":\"https:\/\/www.tessi.eu\/fr\/chiffre-daffaires-9-mois-2021-3486-me\/#breadcrumb\",\"itemListElement\":[{\"@type\":\"ListItem\",\"position\":1,\"name\":\"Home\",\"item\":\"https:\/\/www.tessi.eu\/fr\/\"},{\"@type\":\"ListItem\",\"position\":2,\"name\":\"Chiffre d&rsquo;affaires 9 mois 2021 : 348,6 m\u20ac\"}]},{\"@type\":\"WebSite\",\"@id\":\"https:\/\/www.tessi.eu\/fr\/#website\",\"url\":\"https:\/\/www.tessi.eu\/fr\/\",\"name\":\"Tessi International\",\"description\":\"\",\"potentialAction\":[{\"@type\":\"SearchAction\",\"target\":{\"@type\":\"EntryPoint\",\"urlTemplate\":\"https:\/\/www.tessi.eu\/fr\/?s={search_term_string}\"},\"query-input\":{\"@type\":\"PropertyValueSpecification\",\"valueRequired\":true,\"valueName\":\"search_term_string\"}}],\"inLanguage\":\"fr-FR\"},{\"@type\":\"Person\",\"@id\":\"https:\/\/www.tessi.eu\/fr\/#\/schema\/person\/0c662bb797314a35603fe3fd7b4d09bb\",\"name\":\"pmallet\",\"image\":{\"@type\":\"ImageObject\",\"inLanguage\":\"fr-FR\",\"@id\":\"https:\/\/www.tessi.eu\/fr\/#\/schema\/person\/image\/\",\"url\":\"https:\/\/secure.gravatar.com\/avatar\/285d36b3faf28a1d856148cf2d579763696444924b5af229391323d21a89f987?s=96&d=mm&r=g\",\"contentUrl\":\"https:\/\/secure.gravatar.com\/avatar\/285d36b3faf28a1d856148cf2d579763696444924b5af229391323d21a89f987?s=96&d=mm&r=g\",\"caption\":\"pmallet\"}}]}<\/script>\n<!-- \/ Yoast SEO Premium plugin. -->","yoast_head_json":{"title":"Chiffre d'affaires 9 mois 2021 : 348,6 m\u20ac - Tessi International","robots":{"index":"index","follow":"follow","max-snippet":"max-snippet:-1","max-image-preview":"max-image-preview:large","max-video-preview":"max-video-preview:-1"},"canonical":"https:\/\/www.tessi.eu\/fr\/chiffre-daffaires-9-mois-2021-3486-me\/","og_locale":"fr_FR","og_type":"article","og_title":"Chiffre d'affaires 9 mois 2021 : 348,6 m\u20ac","og_description":"En M\u20ac 2021 20201 Var. Var.proforma2 Chiffre d\u2019affaires S1 234,9 199,9 +17,5% +16,3% Chiffre d&rsquo;affaires T3 113,6 102,0 +11,5% +10,1% Cumul 1er semestre 348,6 301,9 +15,5% +14,2% &nbsp; 1 Les donn\u00e9es pr\u00e9sent\u00e9es en 2020 sont retrait\u00e9es du p\u00e9rim\u00e8tre espagnol c\u00e9d\u00e9 en janvier 2021 (cf communiqu\u00e9 du 8 janvier 2021). 2 Calcul\u00e9e en r\u00e9int\u00e9grant le chiffre [&hellip;]","og_url":"https:\/\/www.tessi.eu\/fr\/chiffre-daffaires-9-mois-2021-3486-me\/","og_site_name":"Tessi International","article_published_time":"2021-11-04T17:28:19+00:00","og_image":[{"width":506,"height":398,"url":"https:\/\/tessi.on-web.fr\/wp-content\/uploads\/2020\/03\/tessi_actu_newblue.jpg","type":"image\/jpeg"}],"author":"pmallet","twitter_card":"summary_large_image","twitter_misc":{"\u00c9crit par":"pmallet","Dur\u00e9e de lecture estim\u00e9e":"1 minute"},"schema":{"@context":"https:\/\/schema.org","@graph":[{"@type":"Article","@id":"https:\/\/www.tessi.eu\/fr\/chiffre-daffaires-9-mois-2021-3486-me\/#article","isPartOf":{"@id":"https:\/\/www.tessi.eu\/fr\/chiffre-daffaires-9-mois-2021-3486-me\/"},"author":{"name":"pmallet","@id":"https:\/\/www.tessi.eu\/fr\/#\/schema\/person\/0c662bb797314a35603fe3fd7b4d09bb"},"headline":"Chiffre d&rsquo;affaires 9 mois 2021 : 348,6 m\u20ac","datePublished":"2021-11-04T17:28:19+00:00","mainEntityOfPage":{"@id":"https:\/\/www.tessi.eu\/fr\/chiffre-daffaires-9-mois-2021-3486-me\/"},"wordCount":218,"commentCount":0,"image":{"@id":"https:\/\/www.tessi.eu\/fr\/chiffre-daffaires-9-mois-2021-3486-me\/#primaryimage"},"thumbnailUrl":"https:\/\/www.tessi.eu\/wp-content\/uploads\/2020\/03\/tessi_actu_newblue.jpg","articleSection":["News","Financier"],"inLanguage":"fr-FR"},{"@type":"WebPage","@id":"https:\/\/www.tessi.eu\/fr\/chiffre-daffaires-9-mois-2021-3486-me\/","url":"https:\/\/www.tessi.eu\/fr\/chiffre-daffaires-9-mois-2021-3486-me\/","name":"Chiffre d'affaires 9 mois 2021 : 348,6 m\u20ac - Tessi International","isPartOf":{"@id":"https:\/\/www.tessi.eu\/fr\/#website"},"primaryImageOfPage":{"@id":"https:\/\/www.tessi.eu\/fr\/chiffre-daffaires-9-mois-2021-3486-me\/#primaryimage"},"image":{"@id":"https:\/\/www.tessi.eu\/fr\/chiffre-daffaires-9-mois-2021-3486-me\/#primaryimage"},"thumbnailUrl":"https:\/\/www.tessi.eu\/wp-content\/uploads\/2020\/03\/tessi_actu_newblue.jpg","datePublished":"2021-11-04T17:28:19+00:00","author":{"@id":"https:\/\/www.tessi.eu\/fr\/#\/schema\/person\/0c662bb797314a35603fe3fd7b4d09bb"},"breadcrumb":{"@id":"https:\/\/www.tessi.eu\/fr\/chiffre-daffaires-9-mois-2021-3486-me\/#breadcrumb"},"inLanguage":"fr-FR","potentialAction":[{"@type":"ReadAction","target":["https:\/\/www.tessi.eu\/fr\/chiffre-daffaires-9-mois-2021-3486-me\/"]}]},{"@type":"ImageObject","inLanguage":"fr-FR","@id":"https:\/\/www.tessi.eu\/fr\/chiffre-daffaires-9-mois-2021-3486-me\/#primaryimage","url":"https:\/\/www.tessi.eu\/wp-content\/uploads\/2020\/03\/tessi_actu_newblue.jpg","contentUrl":"https:\/\/www.tessi.eu\/wp-content\/uploads\/2020\/03\/tessi_actu_newblue.jpg","width":506,"height":398,"caption":"tessi actu newblue"},{"@type":"BreadcrumbList","@id":"https:\/\/www.tessi.eu\/fr\/chiffre-daffaires-9-mois-2021-3486-me\/#breadcrumb","itemListElement":[{"@type":"ListItem","position":1,"name":"Home","item":"https:\/\/www.tessi.eu\/fr\/"},{"@type":"ListItem","position":2,"name":"Chiffre d&rsquo;affaires 9 mois 2021 : 348,6 m\u20ac"}]},{"@type":"WebSite","@id":"https:\/\/www.tessi.eu\/fr\/#website","url":"https:\/\/www.tessi.eu\/fr\/","name":"Tessi International","description":"","potentialAction":[{"@type":"SearchAction","target":{"@type":"EntryPoint","urlTemplate":"https:\/\/www.tessi.eu\/fr\/?s={search_term_string}"},"query-input":{"@type":"PropertyValueSpecification","valueRequired":true,"valueName":"search_term_string"}}],"inLanguage":"fr-FR"},{"@type":"Person","@id":"https:\/\/www.tessi.eu\/fr\/#\/schema\/person\/0c662bb797314a35603fe3fd7b4d09bb","name":"pmallet","image":{"@type":"ImageObject","inLanguage":"fr-FR","@id":"https:\/\/www.tessi.eu\/fr\/#\/schema\/person\/image\/","url":"https:\/\/secure.gravatar.com\/avatar\/285d36b3faf28a1d856148cf2d579763696444924b5af229391323d21a89f987?s=96&d=mm&r=g","contentUrl":"https:\/\/secure.gravatar.com\/avatar\/285d36b3faf28a1d856148cf2d579763696444924b5af229391323d21a89f987?s=96&d=mm&r=g","caption":"pmallet"}}]}},"_links":{"self":[{"href":"https:\/\/www.tessi.eu\/fr\/wp-json\/wp\/v2\/posts\/20641\/"}],"collection":[{"href":"https:\/\/www.tessi.eu\/fr\/wp-json\/wp\/v2\/posts\/"}],"about":[{"href":"https:\/\/www.tessi.eu\/fr\/wp-json\/wp\/v2\/types\/post\/"}],"author":[{"embeddable":true,"href":"https:\/\/www.tessi.eu\/fr\/wp-json\/wp\/v2\/users\/12\/"}],"replies":[{"embeddable":true,"href":"https:\/\/www.tessi.eu\/fr\/wp-json\/wp\/v2\/comments\/?post=20641"}],"version-history":[{"count":3,"href":"https:\/\/www.tessi.eu\/fr\/wp-json\/wp\/v2\/posts\/20641\/revisions\/"}],"predecessor-version":[{"id":20652,"href":"https:\/\/www.tessi.eu\/fr\/wp-json\/wp\/v2\/posts\/20641\/revisions\/20652\/"}],"wp:featuredmedia":[{"embeddable":true,"href":"https:\/\/www.tessi.eu\/fr\/wp-json\/wp\/v2\/media\/11941\/"}],"wp:attachment":[{"href":"https:\/\/www.tessi.eu\/fr\/wp-json\/wp\/v2\/media\/?parent=20641"}],"wp:term":[{"taxonomy":"category","embeddable":true,"href":"https:\/\/www.tessi.eu\/fr\/wp-json\/wp\/v2\/categories\/?post=20641"},{"taxonomy":"post_tag","embeddable":true,"href":"https:\/\/www.tessi.eu\/fr\/wp-json\/wp\/v2\/tags\/?post=20641"}],"curies":[{"name":"wp","href":"https:\/\/api.w.org\/{rel}","templated":true}]}}