{"id":19828,"date":"2021-09-07T18:34:37","date_gmt":"2021-09-07T16:34:37","guid":{"rendered":"https:\/\/www.tessi.eu\/?p=19828\/"},"modified":"2021-09-08T09:27:09","modified_gmt":"2021-09-08T07:27:09","slug":"interview-de-gaetan-paccou-dans-lemission-decryptage-sur-bfm-business","status":"publish","type":"post","link":"https:\/\/www.tessi.eu\/fr\/interview-de-gaetan-paccou-dans-lemission-decryptage-sur-bfm-business\/","title":{"rendered":"Confiance num\u00e9rique : interview de Ga\u00ebtan Paccou, dans l&rsquo;\u00e9mission #D\u00e9cryptage sur BFM Business"},"content":{"rendered":"<h1>Le num\u00e9rique \u00e0 besoin de confiance<\/h1>\n<p><span class=\"style-scope yt-formatted-string\" dir=\"auto\">Alors que les p\u00e9riodes de confinement ont entra\u00een\u00e9 une hausse des besoins dans ce domaine, Ga\u00ebtan Paccou r\u00e9pond aux questions de St\u00e9phane Pedrazzi dans l&rsquo;\u00e9mission <\/span><a class=\"yt-simple-endpoint style-scope yt-formatted-string\" dir=\"auto\" spellcheck=\"false\" href=\"https:\/\/www.bfmtv.com\/economie\/replay-emissions\/hashtag-decryptage\/le-numerique-a-besoin-de-confiance_AV-202109070001.html\">#D\u00e9cryptage<\/a><span class=\"style-scope yt-formatted-string\" dir=\"auto\"> sur BFM Business.<\/span><\/p>\n<p><iframe title=\"Interview de Ga\u00ebtan Paccou, Directeur Exp\u00e9rience Clients, chez Certigna - BFM Business #D\u00e9cryptage\" width=\"500\" height=\"281\" data-requires-vendor-consent=\"Youtube\" data-src=\"https:\/\/www.youtube.com\/embed\/KaTQ32sn8n8?feature=oembed\" frameborder=\"0\" allow=\"accelerometer; autoplay; clipboard-write; encrypted-media; gyroscope; picture-in-picture; web-share\" referrerpolicy=\"strict-origin-when-cross-origin\" allowfullscreen><\/iframe><\/p>\n<p>&nbsp;<\/p>\n","protected":false},"excerpt":{"rendered":"<p>Le num\u00e9rique \u00e0 besoin de confiance Alors que les p\u00e9riodes de confinement ont entra\u00een\u00e9 une hausse des besoins dans ce domaine, Ga\u00ebtan Paccou r\u00e9pond aux questions de St\u00e9phane Pedrazzi dans l&rsquo;\u00e9mission #D\u00e9cryptage sur BFM Business. &nbsp;<\/p>\n","protected":false},"author":11,"featured_media":19834,"comment_status":"closed","ping_status":"closed","sticky":true,"template":"","format":"standard","meta":{"_acf_changed":false,"footnotes":""},"categories":[47],"tags":[],"class_list":["post-19828","post","type-post","status-publish","format-standard","has-post-thumbnail","hentry","category-news"],"acf":[],"yoast_head":"<!-- This site is optimized with the Yoast SEO Premium plugin v22.3 (Yoast SEO v27.1.1) - https:\/\/yoast.com\/product\/yoast-seo-premium-wordpress\/ -->\n<title>Confiance num\u00e9rique : interview de Ga\u00ebtan Paccou, dans l&#039;\u00e9mission #D\u00e9cryptage sur BFM Business - Tessi International<\/title>\n<meta name=\"description\" content=\"Alors que les p\u00e9riodes de confinement ont entra\u00een\u00e9 une hausse des besoins dans la confiance num\u00e9rique, Ga\u00ebtan Paccou r\u00e9pond aux questions de St\u00e9phane Pedrazzi dans l&#039;\u00e9mission #D\u00e9cryptage sur BFM Business.\" \/>\n<meta name=\"robots\" content=\"index, follow, max-snippet:-1, max-image-preview:large, max-video-preview:-1\" \/>\n<link rel=\"canonical\" href=\"https:\/\/www.tessi.eu\/fr\/interview-de-gaetan-paccou-dans-lemission-decryptage-sur-bfm-business\/\" \/>\n<meta property=\"og:locale\" content=\"fr_FR\" \/>\n<meta property=\"og:type\" content=\"article\" \/>\n<meta property=\"og:title\" content=\"Confiance num\u00e9rique : interview de Ga\u00ebtan Paccou, dans l&#039;\u00e9mission #D\u00e9cryptage sur BFM Business\" \/>\n<meta property=\"og:description\" content=\"Alors que les p\u00e9riodes de confinement ont entra\u00een\u00e9 une hausse des besoins dans la confiance num\u00e9rique, Ga\u00ebtan Paccou r\u00e9pond aux questions de St\u00e9phane Pedrazzi dans l&#039;\u00e9mission #D\u00e9cryptage sur BFM Business.\" \/>\n<meta property=\"og:url\" content=\"https:\/\/www.tessi.eu\/fr\/interview-de-gaetan-paccou-dans-lemission-decryptage-sur-bfm-business\/\" \/>\n<meta property=\"og:site_name\" content=\"Tessi International\" \/>\n<meta property=\"article:published_time\" content=\"2021-09-07T16:34:37+00:00\" \/>\n<meta property=\"article:modified_time\" content=\"2021-09-08T07:27:09+00:00\" \/>\n<meta property=\"og:image\" content=\"https:\/\/tessi.on-web.fr\/wp-content\/uploads\/2021\/09\/vignette-g-paccou.jpg\" \/>\n\t<meta property=\"og:image:width\" content=\"506\" \/>\n\t<meta property=\"og:image:height\" content=\"398\" \/>\n\t<meta property=\"og:image:type\" content=\"image\/jpeg\" \/>\n<meta name=\"author\" content=\"cbonnet\" \/>\n<meta name=\"twitter:card\" content=\"summary_large_image\" \/>\n<meta name=\"twitter:label1\" content=\"\u00c9crit par\" \/>\n\t<meta name=\"twitter:data1\" content=\"cbonnet\" \/>\n\t<meta name=\"twitter:label2\" content=\"Dur\u00e9e de lecture estim\u00e9e\" \/>\n\t<meta name=\"twitter:data2\" content=\"1 minute\" \/>\n<script type=\"application\/ld+json\" class=\"yoast-schema-graph\">{\"@context\":\"https:\/\/schema.org\",\"@graph\":[{\"@type\":\"Article\",\"@id\":\"https:\/\/www.tessi.eu\/fr\/interview-de-gaetan-paccou-dans-lemission-decryptage-sur-bfm-business\/#article\",\"isPartOf\":{\"@id\":\"https:\/\/www.tessi.eu\/fr\/interview-de-gaetan-paccou-dans-lemission-decryptage-sur-bfm-business\/\"},\"author\":{\"name\":\"cbonnet\",\"@id\":\"https:\/\/www.tessi.eu\/fr\/#\/schema\/person\/859d0f8ee0e735b277dee0268b7ad791\"},\"headline\":\"Confiance num\u00e9rique : interview de Ga\u00ebtan Paccou, dans l&rsquo;\u00e9mission #D\u00e9cryptage sur BFM Business\",\"datePublished\":\"2021-09-07T16:34:37+00:00\",\"dateModified\":\"2021-09-08T07:27:09+00:00\",\"mainEntityOfPage\":{\"@id\":\"https:\/\/www.tessi.eu\/fr\/interview-de-gaetan-paccou-dans-lemission-decryptage-sur-bfm-business\/\"},\"wordCount\":65,\"image\":{\"@id\":\"https:\/\/www.tessi.eu\/fr\/interview-de-gaetan-paccou-dans-lemission-decryptage-sur-bfm-business\/#primaryimage\"},\"thumbnailUrl\":\"https:\/\/www.tessi.eu\/wp-content\/uploads\/2021\/09\/vignette-g-paccou.jpg\",\"articleSection\":[\"News\"],\"inLanguage\":\"fr-FR\"},{\"@type\":\"WebPage\",\"@id\":\"https:\/\/www.tessi.eu\/fr\/interview-de-gaetan-paccou-dans-lemission-decryptage-sur-bfm-business\/\",\"url\":\"https:\/\/www.tessi.eu\/fr\/interview-de-gaetan-paccou-dans-lemission-decryptage-sur-bfm-business\/\",\"name\":\"Confiance num\u00e9rique : interview de Ga\u00ebtan Paccou, dans l'\u00e9mission #D\u00e9cryptage sur BFM Business - Tessi International\",\"isPartOf\":{\"@id\":\"https:\/\/www.tessi.eu\/fr\/#website\"},\"primaryImageOfPage\":{\"@id\":\"https:\/\/www.tessi.eu\/fr\/interview-de-gaetan-paccou-dans-lemission-decryptage-sur-bfm-business\/#primaryimage\"},\"image\":{\"@id\":\"https:\/\/www.tessi.eu\/fr\/interview-de-gaetan-paccou-dans-lemission-decryptage-sur-bfm-business\/#primaryimage\"},\"thumbnailUrl\":\"https:\/\/www.tessi.eu\/wp-content\/uploads\/2021\/09\/vignette-g-paccou.jpg\",\"datePublished\":\"2021-09-07T16:34:37+00:00\",\"dateModified\":\"2021-09-08T07:27:09+00:00\",\"author\":{\"@id\":\"https:\/\/www.tessi.eu\/fr\/#\/schema\/person\/859d0f8ee0e735b277dee0268b7ad791\"},\"description\":\"Alors que les p\u00e9riodes de confinement ont entra\u00een\u00e9 une hausse des besoins dans la confiance num\u00e9rique, Ga\u00ebtan Paccou r\u00e9pond aux questions de St\u00e9phane Pedrazzi dans l'\u00e9mission #D\u00e9cryptage sur BFM Business.\",\"breadcrumb\":{\"@id\":\"https:\/\/www.tessi.eu\/fr\/interview-de-gaetan-paccou-dans-lemission-decryptage-sur-bfm-business\/#breadcrumb\"},\"inLanguage\":\"fr-FR\",\"potentialAction\":[{\"@type\":\"ReadAction\",\"target\":[\"https:\/\/www.tessi.eu\/fr\/interview-de-gaetan-paccou-dans-lemission-decryptage-sur-bfm-business\/\"]}]},{\"@type\":\"ImageObject\",\"inLanguage\":\"fr-FR\",\"@id\":\"https:\/\/www.tessi.eu\/fr\/interview-de-gaetan-paccou-dans-lemission-decryptage-sur-bfm-business\/#primaryimage\",\"url\":\"https:\/\/www.tessi.eu\/wp-content\/uploads\/2021\/09\/vignette-g-paccou.jpg\",\"contentUrl\":\"https:\/\/www.tessi.eu\/wp-content\/uploads\/2021\/09\/vignette-g-paccou.jpg\",\"width\":506,\"height\":398,\"caption\":\"vignette g paccou\"},{\"@type\":\"BreadcrumbList\",\"@id\":\"https:\/\/www.tessi.eu\/fr\/interview-de-gaetan-paccou-dans-lemission-decryptage-sur-bfm-business\/#breadcrumb\",\"itemListElement\":[{\"@type\":\"ListItem\",\"position\":1,\"name\":\"Home\",\"item\":\"https:\/\/www.tessi.eu\/fr\/\"},{\"@type\":\"ListItem\",\"position\":2,\"name\":\"Confiance num\u00e9rique : interview de Ga\u00ebtan Paccou, dans l&rsquo;\u00e9mission #D\u00e9cryptage sur BFM Business\"}]},{\"@type\":\"WebSite\",\"@id\":\"https:\/\/www.tessi.eu\/fr\/#website\",\"url\":\"https:\/\/www.tessi.eu\/fr\/\",\"name\":\"Tessi International\",\"description\":\"\",\"potentialAction\":[{\"@type\":\"SearchAction\",\"target\":{\"@type\":\"EntryPoint\",\"urlTemplate\":\"https:\/\/www.tessi.eu\/fr\/?s={search_term_string}\"},\"query-input\":{\"@type\":\"PropertyValueSpecification\",\"valueRequired\":true,\"valueName\":\"search_term_string\"}}],\"inLanguage\":\"fr-FR\"},{\"@type\":\"Person\",\"@id\":\"https:\/\/www.tessi.eu\/fr\/#\/schema\/person\/859d0f8ee0e735b277dee0268b7ad791\",\"name\":\"cbonnet\",\"image\":{\"@type\":\"ImageObject\",\"inLanguage\":\"fr-FR\",\"@id\":\"https:\/\/www.tessi.eu\/fr\/#\/schema\/person\/image\/\",\"url\":\"https:\/\/secure.gravatar.com\/avatar\/0d01ab1b427b196966268d5f1407f20f6367aba1866f9ac86912cfd758c2f669?s=96&d=mm&r=g\",\"contentUrl\":\"https:\/\/secure.gravatar.com\/avatar\/0d01ab1b427b196966268d5f1407f20f6367aba1866f9ac86912cfd758c2f669?s=96&d=mm&r=g\",\"caption\":\"cbonnet\"}}]}<\/script>\n<!-- \/ Yoast SEO Premium plugin. -->","yoast_head_json":{"title":"Confiance num\u00e9rique : interview de Ga\u00ebtan Paccou, dans l'\u00e9mission #D\u00e9cryptage sur BFM Business - Tessi International","description":"Alors que les p\u00e9riodes de confinement ont entra\u00een\u00e9 une hausse des besoins dans la confiance num\u00e9rique, Ga\u00ebtan Paccou r\u00e9pond aux questions de St\u00e9phane Pedrazzi dans l'\u00e9mission #D\u00e9cryptage sur BFM Business.","robots":{"index":"index","follow":"follow","max-snippet":"max-snippet:-1","max-image-preview":"max-image-preview:large","max-video-preview":"max-video-preview:-1"},"canonical":"https:\/\/www.tessi.eu\/fr\/interview-de-gaetan-paccou-dans-lemission-decryptage-sur-bfm-business\/","og_locale":"fr_FR","og_type":"article","og_title":"Confiance num\u00e9rique : interview de Ga\u00ebtan Paccou, dans l'\u00e9mission #D\u00e9cryptage sur BFM Business","og_description":"Alors que les p\u00e9riodes de confinement ont entra\u00een\u00e9 une hausse des besoins dans la confiance num\u00e9rique, Ga\u00ebtan Paccou r\u00e9pond aux questions de St\u00e9phane Pedrazzi dans l'\u00e9mission #D\u00e9cryptage sur BFM Business.","og_url":"https:\/\/www.tessi.eu\/fr\/interview-de-gaetan-paccou-dans-lemission-decryptage-sur-bfm-business\/","og_site_name":"Tessi International","article_published_time":"2021-09-07T16:34:37+00:00","article_modified_time":"2021-09-08T07:27:09+00:00","og_image":[{"width":506,"height":398,"url":"https:\/\/tessi.on-web.fr\/wp-content\/uploads\/2021\/09\/vignette-g-paccou.jpg","type":"image\/jpeg"}],"author":"cbonnet","twitter_card":"summary_large_image","twitter_misc":{"\u00c9crit par":"cbonnet","Dur\u00e9e de lecture estim\u00e9e":"1 minute"},"schema":{"@context":"https:\/\/schema.org","@graph":[{"@type":"Article","@id":"https:\/\/www.tessi.eu\/fr\/interview-de-gaetan-paccou-dans-lemission-decryptage-sur-bfm-business\/#article","isPartOf":{"@id":"https:\/\/www.tessi.eu\/fr\/interview-de-gaetan-paccou-dans-lemission-decryptage-sur-bfm-business\/"},"author":{"name":"cbonnet","@id":"https:\/\/www.tessi.eu\/fr\/#\/schema\/person\/859d0f8ee0e735b277dee0268b7ad791"},"headline":"Confiance num\u00e9rique : interview de Ga\u00ebtan Paccou, dans l&rsquo;\u00e9mission #D\u00e9cryptage sur BFM Business","datePublished":"2021-09-07T16:34:37+00:00","dateModified":"2021-09-08T07:27:09+00:00","mainEntityOfPage":{"@id":"https:\/\/www.tessi.eu\/fr\/interview-de-gaetan-paccou-dans-lemission-decryptage-sur-bfm-business\/"},"wordCount":65,"image":{"@id":"https:\/\/www.tessi.eu\/fr\/interview-de-gaetan-paccou-dans-lemission-decryptage-sur-bfm-business\/#primaryimage"},"thumbnailUrl":"https:\/\/www.tessi.eu\/wp-content\/uploads\/2021\/09\/vignette-g-paccou.jpg","articleSection":["News"],"inLanguage":"fr-FR"},{"@type":"WebPage","@id":"https:\/\/www.tessi.eu\/fr\/interview-de-gaetan-paccou-dans-lemission-decryptage-sur-bfm-business\/","url":"https:\/\/www.tessi.eu\/fr\/interview-de-gaetan-paccou-dans-lemission-decryptage-sur-bfm-business\/","name":"Confiance num\u00e9rique : interview de Ga\u00ebtan Paccou, dans l'\u00e9mission #D\u00e9cryptage sur BFM Business - Tessi International","isPartOf":{"@id":"https:\/\/www.tessi.eu\/fr\/#website"},"primaryImageOfPage":{"@id":"https:\/\/www.tessi.eu\/fr\/interview-de-gaetan-paccou-dans-lemission-decryptage-sur-bfm-business\/#primaryimage"},"image":{"@id":"https:\/\/www.tessi.eu\/fr\/interview-de-gaetan-paccou-dans-lemission-decryptage-sur-bfm-business\/#primaryimage"},"thumbnailUrl":"https:\/\/www.tessi.eu\/wp-content\/uploads\/2021\/09\/vignette-g-paccou.jpg","datePublished":"2021-09-07T16:34:37+00:00","dateModified":"2021-09-08T07:27:09+00:00","author":{"@id":"https:\/\/www.tessi.eu\/fr\/#\/schema\/person\/859d0f8ee0e735b277dee0268b7ad791"},"description":"Alors que les p\u00e9riodes de confinement ont entra\u00een\u00e9 une hausse des besoins dans la confiance num\u00e9rique, Ga\u00ebtan Paccou r\u00e9pond aux questions de St\u00e9phane Pedrazzi dans l'\u00e9mission #D\u00e9cryptage sur BFM Business.","breadcrumb":{"@id":"https:\/\/www.tessi.eu\/fr\/interview-de-gaetan-paccou-dans-lemission-decryptage-sur-bfm-business\/#breadcrumb"},"inLanguage":"fr-FR","potentialAction":[{"@type":"ReadAction","target":["https:\/\/www.tessi.eu\/fr\/interview-de-gaetan-paccou-dans-lemission-decryptage-sur-bfm-business\/"]}]},{"@type":"ImageObject","inLanguage":"fr-FR","@id":"https:\/\/www.tessi.eu\/fr\/interview-de-gaetan-paccou-dans-lemission-decryptage-sur-bfm-business\/#primaryimage","url":"https:\/\/www.tessi.eu\/wp-content\/uploads\/2021\/09\/vignette-g-paccou.jpg","contentUrl":"https:\/\/www.tessi.eu\/wp-content\/uploads\/2021\/09\/vignette-g-paccou.jpg","width":506,"height":398,"caption":"vignette g paccou"},{"@type":"BreadcrumbList","@id":"https:\/\/www.tessi.eu\/fr\/interview-de-gaetan-paccou-dans-lemission-decryptage-sur-bfm-business\/#breadcrumb","itemListElement":[{"@type":"ListItem","position":1,"name":"Home","item":"https:\/\/www.tessi.eu\/fr\/"},{"@type":"ListItem","position":2,"name":"Confiance num\u00e9rique : interview de Ga\u00ebtan Paccou, dans l&rsquo;\u00e9mission #D\u00e9cryptage sur BFM Business"}]},{"@type":"WebSite","@id":"https:\/\/www.tessi.eu\/fr\/#website","url":"https:\/\/www.tessi.eu\/fr\/","name":"Tessi International","description":"","potentialAction":[{"@type":"SearchAction","target":{"@type":"EntryPoint","urlTemplate":"https:\/\/www.tessi.eu\/fr\/?s={search_term_string}"},"query-input":{"@type":"PropertyValueSpecification","valueRequired":true,"valueName":"search_term_string"}}],"inLanguage":"fr-FR"},{"@type":"Person","@id":"https:\/\/www.tessi.eu\/fr\/#\/schema\/person\/859d0f8ee0e735b277dee0268b7ad791","name":"cbonnet","image":{"@type":"ImageObject","inLanguage":"fr-FR","@id":"https:\/\/www.tessi.eu\/fr\/#\/schema\/person\/image\/","url":"https:\/\/secure.gravatar.com\/avatar\/0d01ab1b427b196966268d5f1407f20f6367aba1866f9ac86912cfd758c2f669?s=96&d=mm&r=g","contentUrl":"https:\/\/secure.gravatar.com\/avatar\/0d01ab1b427b196966268d5f1407f20f6367aba1866f9ac86912cfd758c2f669?s=96&d=mm&r=g","caption":"cbonnet"}}]}},"_links":{"self":[{"href":"https:\/\/www.tessi.eu\/fr\/wp-json\/wp\/v2\/posts\/19828\/"}],"collection":[{"href":"https:\/\/www.tessi.eu\/fr\/wp-json\/wp\/v2\/posts\/"}],"about":[{"href":"https:\/\/www.tessi.eu\/fr\/wp-json\/wp\/v2\/types\/post\/"}],"author":[{"embeddable":true,"href":"https:\/\/www.tessi.eu\/fr\/wp-json\/wp\/v2\/users\/11\/"}],"replies":[{"embeddable":true,"href":"https:\/\/www.tessi.eu\/fr\/wp-json\/wp\/v2\/comments\/?post=19828"}],"version-history":[{"count":10,"href":"https:\/\/www.tessi.eu\/fr\/wp-json\/wp\/v2\/posts\/19828\/revisions\/"}],"predecessor-version":[{"id":19877,"href":"https:\/\/www.tessi.eu\/fr\/wp-json\/wp\/v2\/posts\/19828\/revisions\/19877\/"}],"wp:featuredmedia":[{"embeddable":true,"href":"https:\/\/www.tessi.eu\/fr\/wp-json\/wp\/v2\/media\/19834\/"}],"wp:attachment":[{"href":"https:\/\/www.tessi.eu\/fr\/wp-json\/wp\/v2\/media\/?parent=19828"}],"wp:term":[{"taxonomy":"category","embeddable":true,"href":"https:\/\/www.tessi.eu\/fr\/wp-json\/wp\/v2\/categories\/?post=19828"},{"taxonomy":"post_tag","embeddable":true,"href":"https:\/\/www.tessi.eu\/fr\/wp-json\/wp\/v2\/tags\/?post=19828"}],"curies":[{"name":"wp","href":"https:\/\/api.w.org\/{rel}","templated":true}]}}