{"id":19395,"date":"2021-08-05T18:08:06","date_gmt":"2021-08-05T16:08:06","guid":{"rendered":"https:\/\/www.tessi.eu\/?p=19395\/"},"modified":"2021-08-05T18:09:25","modified_gmt":"2021-08-05T16:09:25","slug":"chiffre-daffaires-du-premier-semestre-2021-2349-me","status":"publish","type":"post","link":"https:\/\/www.tessi.eu\/fr\/chiffre-daffaires-du-premier-semestre-2021-2349-me\/","title":{"rendered":"Chiffre d&rsquo;affaires du premier semestre 2021 : 234,9 M\u20ac"},"content":{"rendered":"<table width=\"100%\" style=\"font-weight: bold;\">\n<tr>\n<td><em>En M\u20ac<\/em><\/td>\n<td align=\"center\">2021<\/td>\n<td align=\"center\">2020<sup>1<\/sup><\/td>\n<td align=\"center\">Var.<\/td>\n<td align=\"center\">Var.<br \/>proforma<sup>2<\/sup><\/td>\n<\/tr>\n<tr>\n<td>Chiffre d\u2019affaires T1<\/td>\n<td align=\"center\">115,7<\/td>\n<td align=\"center\">108,3<\/td>\n<td align=\"center\">+6,8%<\/td>\n<td align=\"center\">+5,9%<\/td>\n<\/tr>\n<tr>\n<td>Chiffre d&rsquo;affaires T2<\/td>\n<td align=\"center\">119,2<\/td>\n<td align=\"center\">91,6<\/td>\n<td align=\"center\">+30,2%<\/td>\n<td align=\"center\">+28,5%<\/td>\n<\/tr>\n<tr>\n<td>Cumul 1<sup>er<\/sup> semestre<\/td>\n<td align=\"center\">234,9<\/td>\n<td align=\"center\">199,9<\/td>\n<td align=\"center\">+17,5%<\/td>\n<td align=\"center\">+16,3%<\/td>\n<\/tr>\n<\/table>\n<p>&nbsp;<br \/>\n<em style=\"font-size: 12px; line-height: 12px;\"><sup>1<\/sup> Les donn\u00e9es pr\u00e9sent\u00e9es en 2020 sont retrait\u00e9es du p\u00e9rim\u00e8tre espagnol c\u00e9d\u00e9 en janvier 2021 (cf communiqu\u00e9 du 8 janvier 2021).<\/em><br \/>\n<em style=\"font-size: 12px; line-height: 12px;\"><sup>2<\/sup> Calcul\u00e9e en r\u00e9int\u00e9grant le chiffre d\u2019affaires r\u00e9alis\u00e9 par Proformation en 2020 avant sa consolidation dans le Groupe depuis le 1<sup>er<\/sup> trimestre 2021 (cf communiqu\u00e9 du 9 mars 2021).<\/em><\/p>\n<hr>\n<p>&nbsp;<br \/>\nTessi, acteur international des Business Process Services, a r\u00e9alis\u00e9 au 1<sup>er<\/sup> semestre 2021 un chiffre d\u2019affaires consolid\u00e9 de 234,9 M\u20ac.<br \/>\n\u00c0 donn\u00e9es proforma<sup>2<\/sup>, la croissance ressort \u00e0 +16,3%, sous l\u2019effet de la bonne orientation des activit\u00e9s et d\u2019une base de comparaison favorable, en particulier au 2<sup>\u00e8me<\/sup> trimestre en raison de l\u2019impact du confinement mis en place \u00e0 partir de mi-mars 2020.<\/p>\n<h3>Perspectives et projet d\u2019OPA en cours<\/h3>\n<p>Ce premier semestre conforte le plan de marche du Groupe qui entend poursuivre son d\u00e9veloppement.<br \/>\nIl est rappel\u00e9 que suite \u00e0 l&rsquo;acquisition de blocs d&rsquo;actions TESSI lui permettant de d\u00e9tenir 97,4% du capital et 96,9% des droits de vote de TESSI, PIXEL Holding a annonc\u00e9 le 3 juin 2021 son intention de d\u00e9poser aupr\u00e8s de l&rsquo;Autorit\u00e9 des March\u00e9s Financiers un projet d&rsquo;offre publique de retrait suivie d&rsquo;un retrait obligatoire sur les actions TESSI au prix de 172 euros par action (dividende exceptionnel 2020 attach\u00e9). Le paiement dudit dividende exceptionnel 2020, d&rsquo;un montant de 3,40 euros par action, \u00e9tant intervenu le 28 juin 2021, le prix de l&rsquo;offre s&rsquo;entend coupon d\u00e9tach\u00e9, soit 168,60 euros par action.<br \/>\nLe calendrier suit son cours et l\u2019op\u00e9ration est envisag\u00e9e au cours du dernier trimestre de l\u2019ann\u00e9e 2021.<\/p>\n<h3>Prochain communiqu\u00e9<\/h3>\n<p>R\u00e9sultats semestriels 2021, le 14 septembre 2021 apr\u00e8s bourse.<br \/>\n&nbsp;<\/p>\n<div class=\"button-wrapper anim-element translate-y t150\"><a class=\"btn-new btn-border-degrade\" title=\"Tessi - Chiffre d'affaires du premier semestre 2021\" href=\"https:\/\/www.tessi.eu\/wp-content\/uploads\/2021\/08\/tessi-210805-ca-s1-fr.pdf\" target=\"_blank\" rel=\"noopener\"><span class=\"btn-border-degrade-content\"><span class=\"text\">T\u00e9l\u00e9charger le communiqu\u00e9 de presse<\/span><\/span><\/a><\/div>\n","protected":false},"excerpt":{"rendered":"<p>En M\u20ac 2021 20201 Var. Var.proforma2 Chiffre d\u2019affaires T1 115,7 108,3 +6,8% +5,9% Chiffre d&rsquo;affaires T2 119,2 91,6 +30,2% +28,5% Cumul 1er semestre 234,9 199,9 +17,5% +16,3% &nbsp; 1 Les donn\u00e9es pr\u00e9sent\u00e9es en 2020 sont retrait\u00e9es du p\u00e9rim\u00e8tre espagnol c\u00e9d\u00e9 en janvier 2021 (cf communiqu\u00e9 du 8 janvier 2021). 2 Calcul\u00e9e en r\u00e9int\u00e9grant le chiffre [&hellip;]<\/p>\n","protected":false},"author":12,"featured_media":11941,"comment_status":"closed","ping_status":"closed","sticky":true,"template":"","format":"standard","meta":{"_acf_changed":false,"footnotes":""},"categories":[47,131],"tags":[],"class_list":["post-19395","post","type-post","status-publish","format-standard","has-post-thumbnail","hentry","category-news","category-financier"],"acf":[],"yoast_head":"<!-- This site is optimized with the Yoast SEO Premium plugin v22.3 (Yoast SEO v27.1.1) - https:\/\/yoast.com\/product\/yoast-seo-premium-wordpress\/ -->\n<title>Chiffre d&#039;affaires du premier semestre 2021 : 234,9 M\u20ac - Tessi International<\/title>\n<meta name=\"robots\" content=\"index, follow, max-snippet:-1, max-image-preview:large, max-video-preview:-1\" \/>\n<link rel=\"canonical\" href=\"https:\/\/www.tessi.eu\/fr\/chiffre-daffaires-du-premier-semestre-2021-2349-me\/\" \/>\n<meta property=\"og:locale\" content=\"fr_FR\" \/>\n<meta property=\"og:type\" content=\"article\" \/>\n<meta property=\"og:title\" content=\"Chiffre d&#039;affaires du premier semestre 2021 : 234,9 M\u20ac\" \/>\n<meta property=\"og:description\" content=\"En M\u20ac 2021 20201 Var. Var.proforma2 Chiffre d\u2019affaires T1 115,7 108,3 +6,8% +5,9% Chiffre d&rsquo;affaires T2 119,2 91,6 +30,2% +28,5% Cumul 1er semestre 234,9 199,9 +17,5% +16,3% &nbsp; 1 Les donn\u00e9es pr\u00e9sent\u00e9es en 2020 sont retrait\u00e9es du p\u00e9rim\u00e8tre espagnol c\u00e9d\u00e9 en janvier 2021 (cf communiqu\u00e9 du 8 janvier 2021). 2 Calcul\u00e9e en r\u00e9int\u00e9grant le chiffre [&hellip;]\" \/>\n<meta property=\"og:url\" content=\"https:\/\/www.tessi.eu\/fr\/chiffre-daffaires-du-premier-semestre-2021-2349-me\/\" \/>\n<meta property=\"og:site_name\" content=\"Tessi International\" \/>\n<meta property=\"article:published_time\" content=\"2021-08-05T16:08:06+00:00\" \/>\n<meta property=\"article:modified_time\" content=\"2021-08-05T16:09:25+00:00\" \/>\n<meta property=\"og:image\" content=\"https:\/\/tessi.on-web.fr\/wp-content\/uploads\/2020\/03\/tessi_actu_newblue.jpg\" \/>\n\t<meta property=\"og:image:width\" content=\"506\" \/>\n\t<meta property=\"og:image:height\" content=\"398\" \/>\n\t<meta property=\"og:image:type\" content=\"image\/jpeg\" \/>\n<meta name=\"author\" content=\"pmallet\" \/>\n<meta name=\"twitter:card\" content=\"summary_large_image\" \/>\n<meta name=\"twitter:label1\" content=\"\u00c9crit par\" \/>\n\t<meta name=\"twitter:data1\" content=\"pmallet\" \/>\n\t<meta name=\"twitter:label2\" content=\"Dur\u00e9e de lecture estim\u00e9e\" \/>\n\t<meta name=\"twitter:data2\" content=\"1 minute\" \/>\n<script type=\"application\/ld+json\" class=\"yoast-schema-graph\">{\"@context\":\"https:\/\/schema.org\",\"@graph\":[{\"@type\":\"Article\",\"@id\":\"https:\/\/www.tessi.eu\/fr\/chiffre-daffaires-du-premier-semestre-2021-2349-me\/#article\",\"isPartOf\":{\"@id\":\"https:\/\/www.tessi.eu\/fr\/chiffre-daffaires-du-premier-semestre-2021-2349-me\/\"},\"author\":{\"name\":\"pmallet\",\"@id\":\"https:\/\/www.tessi.eu\/fr\/#\/schema\/person\/0c662bb797314a35603fe3fd7b4d09bb\"},\"headline\":\"Chiffre d&rsquo;affaires du premier semestre 2021 : 234,9 M\u20ac\",\"datePublished\":\"2021-08-05T16:08:06+00:00\",\"dateModified\":\"2021-08-05T16:09:25+00:00\",\"mainEntityOfPage\":{\"@id\":\"https:\/\/www.tessi.eu\/fr\/chiffre-daffaires-du-premier-semestre-2021-2349-me\/\"},\"wordCount\":301,\"image\":{\"@id\":\"https:\/\/www.tessi.eu\/fr\/chiffre-daffaires-du-premier-semestre-2021-2349-me\/#primaryimage\"},\"thumbnailUrl\":\"https:\/\/www.tessi.eu\/wp-content\/uploads\/2020\/03\/tessi_actu_newblue.jpg\",\"articleSection\":[\"News\",\"Financier\"],\"inLanguage\":\"fr-FR\"},{\"@type\":\"WebPage\",\"@id\":\"https:\/\/www.tessi.eu\/fr\/chiffre-daffaires-du-premier-semestre-2021-2349-me\/\",\"url\":\"https:\/\/www.tessi.eu\/fr\/chiffre-daffaires-du-premier-semestre-2021-2349-me\/\",\"name\":\"Chiffre d'affaires du premier semestre 2021 : 234,9 M\u20ac - Tessi International\",\"isPartOf\":{\"@id\":\"https:\/\/www.tessi.eu\/fr\/#website\"},\"primaryImageOfPage\":{\"@id\":\"https:\/\/www.tessi.eu\/fr\/chiffre-daffaires-du-premier-semestre-2021-2349-me\/#primaryimage\"},\"image\":{\"@id\":\"https:\/\/www.tessi.eu\/fr\/chiffre-daffaires-du-premier-semestre-2021-2349-me\/#primaryimage\"},\"thumbnailUrl\":\"https:\/\/www.tessi.eu\/wp-content\/uploads\/2020\/03\/tessi_actu_newblue.jpg\",\"datePublished\":\"2021-08-05T16:08:06+00:00\",\"dateModified\":\"2021-08-05T16:09:25+00:00\",\"author\":{\"@id\":\"https:\/\/www.tessi.eu\/fr\/#\/schema\/person\/0c662bb797314a35603fe3fd7b4d09bb\"},\"breadcrumb\":{\"@id\":\"https:\/\/www.tessi.eu\/fr\/chiffre-daffaires-du-premier-semestre-2021-2349-me\/#breadcrumb\"},\"inLanguage\":\"fr-FR\",\"potentialAction\":[{\"@type\":\"ReadAction\",\"target\":[\"https:\/\/www.tessi.eu\/fr\/chiffre-daffaires-du-premier-semestre-2021-2349-me\/\"]}]},{\"@type\":\"ImageObject\",\"inLanguage\":\"fr-FR\",\"@id\":\"https:\/\/www.tessi.eu\/fr\/chiffre-daffaires-du-premier-semestre-2021-2349-me\/#primaryimage\",\"url\":\"https:\/\/www.tessi.eu\/wp-content\/uploads\/2020\/03\/tessi_actu_newblue.jpg\",\"contentUrl\":\"https:\/\/www.tessi.eu\/wp-content\/uploads\/2020\/03\/tessi_actu_newblue.jpg\",\"width\":506,\"height\":398,\"caption\":\"tessi actu newblue\"},{\"@type\":\"BreadcrumbList\",\"@id\":\"https:\/\/www.tessi.eu\/fr\/chiffre-daffaires-du-premier-semestre-2021-2349-me\/#breadcrumb\",\"itemListElement\":[{\"@type\":\"ListItem\",\"position\":1,\"name\":\"Home\",\"item\":\"https:\/\/www.tessi.eu\/fr\/\"},{\"@type\":\"ListItem\",\"position\":2,\"name\":\"Chiffre d&rsquo;affaires du premier semestre 2021 : 234,9 M\u20ac\"}]},{\"@type\":\"WebSite\",\"@id\":\"https:\/\/www.tessi.eu\/fr\/#website\",\"url\":\"https:\/\/www.tessi.eu\/fr\/\",\"name\":\"Tessi International\",\"description\":\"\",\"potentialAction\":[{\"@type\":\"SearchAction\",\"target\":{\"@type\":\"EntryPoint\",\"urlTemplate\":\"https:\/\/www.tessi.eu\/fr\/?s={search_term_string}\"},\"query-input\":{\"@type\":\"PropertyValueSpecification\",\"valueRequired\":true,\"valueName\":\"search_term_string\"}}],\"inLanguage\":\"fr-FR\"},{\"@type\":\"Person\",\"@id\":\"https:\/\/www.tessi.eu\/fr\/#\/schema\/person\/0c662bb797314a35603fe3fd7b4d09bb\",\"name\":\"pmallet\",\"image\":{\"@type\":\"ImageObject\",\"inLanguage\":\"fr-FR\",\"@id\":\"https:\/\/www.tessi.eu\/fr\/#\/schema\/person\/image\/\",\"url\":\"https:\/\/secure.gravatar.com\/avatar\/285d36b3faf28a1d856148cf2d579763696444924b5af229391323d21a89f987?s=96&d=mm&r=g\",\"contentUrl\":\"https:\/\/secure.gravatar.com\/avatar\/285d36b3faf28a1d856148cf2d579763696444924b5af229391323d21a89f987?s=96&d=mm&r=g\",\"caption\":\"pmallet\"}}]}<\/script>\n<!-- \/ Yoast SEO Premium plugin. -->","yoast_head_json":{"title":"Chiffre d'affaires du premier semestre 2021 : 234,9 M\u20ac - Tessi International","robots":{"index":"index","follow":"follow","max-snippet":"max-snippet:-1","max-image-preview":"max-image-preview:large","max-video-preview":"max-video-preview:-1"},"canonical":"https:\/\/www.tessi.eu\/fr\/chiffre-daffaires-du-premier-semestre-2021-2349-me\/","og_locale":"fr_FR","og_type":"article","og_title":"Chiffre d'affaires du premier semestre 2021 : 234,9 M\u20ac","og_description":"En M\u20ac 2021 20201 Var. Var.proforma2 Chiffre d\u2019affaires T1 115,7 108,3 +6,8% +5,9% Chiffre d&rsquo;affaires T2 119,2 91,6 +30,2% +28,5% Cumul 1er semestre 234,9 199,9 +17,5% +16,3% &nbsp; 1 Les donn\u00e9es pr\u00e9sent\u00e9es en 2020 sont retrait\u00e9es du p\u00e9rim\u00e8tre espagnol c\u00e9d\u00e9 en janvier 2021 (cf communiqu\u00e9 du 8 janvier 2021). 2 Calcul\u00e9e en r\u00e9int\u00e9grant le chiffre [&hellip;]","og_url":"https:\/\/www.tessi.eu\/fr\/chiffre-daffaires-du-premier-semestre-2021-2349-me\/","og_site_name":"Tessi International","article_published_time":"2021-08-05T16:08:06+00:00","article_modified_time":"2021-08-05T16:09:25+00:00","og_image":[{"width":506,"height":398,"url":"https:\/\/tessi.on-web.fr\/wp-content\/uploads\/2020\/03\/tessi_actu_newblue.jpg","type":"image\/jpeg"}],"author":"pmallet","twitter_card":"summary_large_image","twitter_misc":{"\u00c9crit par":"pmallet","Dur\u00e9e de lecture estim\u00e9e":"1 minute"},"schema":{"@context":"https:\/\/schema.org","@graph":[{"@type":"Article","@id":"https:\/\/www.tessi.eu\/fr\/chiffre-daffaires-du-premier-semestre-2021-2349-me\/#article","isPartOf":{"@id":"https:\/\/www.tessi.eu\/fr\/chiffre-daffaires-du-premier-semestre-2021-2349-me\/"},"author":{"name":"pmallet","@id":"https:\/\/www.tessi.eu\/fr\/#\/schema\/person\/0c662bb797314a35603fe3fd7b4d09bb"},"headline":"Chiffre d&rsquo;affaires du premier semestre 2021 : 234,9 M\u20ac","datePublished":"2021-08-05T16:08:06+00:00","dateModified":"2021-08-05T16:09:25+00:00","mainEntityOfPage":{"@id":"https:\/\/www.tessi.eu\/fr\/chiffre-daffaires-du-premier-semestre-2021-2349-me\/"},"wordCount":301,"image":{"@id":"https:\/\/www.tessi.eu\/fr\/chiffre-daffaires-du-premier-semestre-2021-2349-me\/#primaryimage"},"thumbnailUrl":"https:\/\/www.tessi.eu\/wp-content\/uploads\/2020\/03\/tessi_actu_newblue.jpg","articleSection":["News","Financier"],"inLanguage":"fr-FR"},{"@type":"WebPage","@id":"https:\/\/www.tessi.eu\/fr\/chiffre-daffaires-du-premier-semestre-2021-2349-me\/","url":"https:\/\/www.tessi.eu\/fr\/chiffre-daffaires-du-premier-semestre-2021-2349-me\/","name":"Chiffre d'affaires du premier semestre 2021 : 234,9 M\u20ac - Tessi International","isPartOf":{"@id":"https:\/\/www.tessi.eu\/fr\/#website"},"primaryImageOfPage":{"@id":"https:\/\/www.tessi.eu\/fr\/chiffre-daffaires-du-premier-semestre-2021-2349-me\/#primaryimage"},"image":{"@id":"https:\/\/www.tessi.eu\/fr\/chiffre-daffaires-du-premier-semestre-2021-2349-me\/#primaryimage"},"thumbnailUrl":"https:\/\/www.tessi.eu\/wp-content\/uploads\/2020\/03\/tessi_actu_newblue.jpg","datePublished":"2021-08-05T16:08:06+00:00","dateModified":"2021-08-05T16:09:25+00:00","author":{"@id":"https:\/\/www.tessi.eu\/fr\/#\/schema\/person\/0c662bb797314a35603fe3fd7b4d09bb"},"breadcrumb":{"@id":"https:\/\/www.tessi.eu\/fr\/chiffre-daffaires-du-premier-semestre-2021-2349-me\/#breadcrumb"},"inLanguage":"fr-FR","potentialAction":[{"@type":"ReadAction","target":["https:\/\/www.tessi.eu\/fr\/chiffre-daffaires-du-premier-semestre-2021-2349-me\/"]}]},{"@type":"ImageObject","inLanguage":"fr-FR","@id":"https:\/\/www.tessi.eu\/fr\/chiffre-daffaires-du-premier-semestre-2021-2349-me\/#primaryimage","url":"https:\/\/www.tessi.eu\/wp-content\/uploads\/2020\/03\/tessi_actu_newblue.jpg","contentUrl":"https:\/\/www.tessi.eu\/wp-content\/uploads\/2020\/03\/tessi_actu_newblue.jpg","width":506,"height":398,"caption":"tessi actu newblue"},{"@type":"BreadcrumbList","@id":"https:\/\/www.tessi.eu\/fr\/chiffre-daffaires-du-premier-semestre-2021-2349-me\/#breadcrumb","itemListElement":[{"@type":"ListItem","position":1,"name":"Home","item":"https:\/\/www.tessi.eu\/fr\/"},{"@type":"ListItem","position":2,"name":"Chiffre d&rsquo;affaires du premier semestre 2021 : 234,9 M\u20ac"}]},{"@type":"WebSite","@id":"https:\/\/www.tessi.eu\/fr\/#website","url":"https:\/\/www.tessi.eu\/fr\/","name":"Tessi International","description":"","potentialAction":[{"@type":"SearchAction","target":{"@type":"EntryPoint","urlTemplate":"https:\/\/www.tessi.eu\/fr\/?s={search_term_string}"},"query-input":{"@type":"PropertyValueSpecification","valueRequired":true,"valueName":"search_term_string"}}],"inLanguage":"fr-FR"},{"@type":"Person","@id":"https:\/\/www.tessi.eu\/fr\/#\/schema\/person\/0c662bb797314a35603fe3fd7b4d09bb","name":"pmallet","image":{"@type":"ImageObject","inLanguage":"fr-FR","@id":"https:\/\/www.tessi.eu\/fr\/#\/schema\/person\/image\/","url":"https:\/\/secure.gravatar.com\/avatar\/285d36b3faf28a1d856148cf2d579763696444924b5af229391323d21a89f987?s=96&d=mm&r=g","contentUrl":"https:\/\/secure.gravatar.com\/avatar\/285d36b3faf28a1d856148cf2d579763696444924b5af229391323d21a89f987?s=96&d=mm&r=g","caption":"pmallet"}}]}},"_links":{"self":[{"href":"https:\/\/www.tessi.eu\/fr\/wp-json\/wp\/v2\/posts\/19395\/"}],"collection":[{"href":"https:\/\/www.tessi.eu\/fr\/wp-json\/wp\/v2\/posts\/"}],"about":[{"href":"https:\/\/www.tessi.eu\/fr\/wp-json\/wp\/v2\/types\/post\/"}],"author":[{"embeddable":true,"href":"https:\/\/www.tessi.eu\/fr\/wp-json\/wp\/v2\/users\/12\/"}],"replies":[{"embeddable":true,"href":"https:\/\/www.tessi.eu\/fr\/wp-json\/wp\/v2\/comments\/?post=19395"}],"version-history":[{"count":10,"href":"https:\/\/www.tessi.eu\/fr\/wp-json\/wp\/v2\/posts\/19395\/revisions\/"}],"predecessor-version":[{"id":19415,"href":"https:\/\/www.tessi.eu\/fr\/wp-json\/wp\/v2\/posts\/19395\/revisions\/19415\/"}],"wp:featuredmedia":[{"embeddable":true,"href":"https:\/\/www.tessi.eu\/fr\/wp-json\/wp\/v2\/media\/11941\/"}],"wp:attachment":[{"href":"https:\/\/www.tessi.eu\/fr\/wp-json\/wp\/v2\/media\/?parent=19395"}],"wp:term":[{"taxonomy":"category","embeddable":true,"href":"https:\/\/www.tessi.eu\/fr\/wp-json\/wp\/v2\/categories\/?post=19395"},{"taxonomy":"post_tag","embeddable":true,"href":"https:\/\/www.tessi.eu\/fr\/wp-json\/wp\/v2\/tags\/?post=19395"}],"curies":[{"name":"wp","href":"https:\/\/api.w.org\/{rel}","templated":true}]}}