{"id":15105,"date":"2021-02-04T08:46:42","date_gmt":"2021-02-04T07:46:42","guid":{"rendered":"https:\/\/www.tessi.eu\/?p=15105\/"},"modified":"2022-03-10T12:23:05","modified_gmt":"2022-03-10T11:23:05","slug":"accelerer-sa-transformation-digitale-itw-de-virginie-degeorgis","status":"publish","type":"post","link":"https:\/\/www.tessi.eu\/fr\/accelerer-sa-transformation-digitale-itw-de-virginie-degeorgis\/","title":{"rendered":"Acc\u00e9l\u00e9rer sa transformation digitale &#8211; Interview de Virginie Degeorgis"},"content":{"rendered":"<p class=\"p1\">La crise sanitaire, les confinements, la fermeture des entreprises et des commerces ont pris de court les entreprises.<br \/>\nN\u00e9anmoins, celles qui avaient bien avanc\u00e9e sur leur transformation digitale ont pu tirer leur \u00e9pingle du jeu. Les autres se sont vite rendues compte de la n\u00e9cessit\u00e9 d\u2019acc\u00e9l\u00e9rer leur digitalisation. Entreprise des Services du Num\u00e9rique (ESN) sp\u00e9cialis\u00e9e dans le Business Process Outsourcing (BPO), Tessi est en premi\u00e8re ligne pour accompagner les entreprises et leur donner les moyens de poursuivre leur activit\u00e9.<\/p>\n<p class=\"p1\">Le sujet du num\u00e9rique n\u2019est pas nouveau. Les entreprises en parlent depuis de nombreuses ann\u00e9es. Elles y vont \u00e0 leur rythme et en fonction de leur niveau de maturit\u00e9. N\u00e9anmoins, la crise sanitaire, l\u2019arr\u00eat de l\u2019activit\u00e9 et les confinements ont pouss\u00e9 les entreprises \u00e0 y aller \u00e0 \u00ab marche forc\u00e9e \u00bb. Elles se sont trouv\u00e9es face \u00e0 la n\u00e9cessit\u00e9 de passer de la th\u00e9orie \u00e0 la pratique, car c\u2019est devenu une question de survie pour continuer \u00e0 travailler, maintenir leur activit\u00e9 et communiquer avec leurs clients.<\/p>\n<p class=\"p1\"><strong>Retrouvez l&rsquo;int\u00e9gralit\u00e9 de l&rsquo;interview de Virginie Degeorgis, Directrice G\u00e9n\u00e9rale de Tessi France, dans le magazine du MEDEF Paris <a href=\"https:\/\/www.nxtbook.fr\/newpress\/MEDEF-Paris\/C_EST_A_VOUS-2101_59\/index.php#\/p\/102\" target=\"_blank\" rel=\"noopener\">\u00ab <em>C&rsquo;est \u00e0 vous !<\/em> \u00bb<\/a><\/strong><\/p>\n<p style=\"text-align: center;\"><a href=\"https:\/\/www.nxtbook.fr\/newpress\/MEDEF-Paris\/C_EST_A_VOUS-2101_59\/index.php#\/p\/102\" target=\"_blank\" rel=\"noopener\"><img loading=\"lazy\" decoding=\"async\" class=\"aligncenter size-full wp-image-15107\" src=\"https:\/\/www.tessi.eu\/wp-content\/uploads\/2021\/02\/article-dematerialisation-degeorgis-medef-paris.jpg\" alt=\"Virginie Degeorgis\" width=\"329\" height=\"212\" \/><\/a><\/p>\n","protected":false},"excerpt":{"rendered":"<p>La crise sanitaire, les confinements, la fermeture des entreprises et des commerces ont pris de court les entreprises. N\u00e9anmoins, celles qui avaient bien avanc\u00e9e sur leur transformation digitale ont pu tirer leur \u00e9pingle du jeu. Les autres se sont vite rendues compte de la n\u00e9cessit\u00e9 d\u2019acc\u00e9l\u00e9rer leur digitalisation. Entreprise des Services du Num\u00e9rique (ESN) sp\u00e9cialis\u00e9e [&hellip;]<\/p>\n","protected":false},"author":11,"featured_media":15122,"comment_status":"closed","ping_status":"closed","sticky":true,"template":"","format":"standard","meta":{"_acf_changed":false,"footnotes":""},"categories":[1],"tags":[],"class_list":["post-15105","post","type-post","status-publish","format-standard","has-post-thumbnail","hentry","category-non-classifiee"],"acf":[],"yoast_head":"<!-- This site is optimized with the Yoast SEO Premium plugin v22.3 (Yoast SEO v27.1.1) - https:\/\/yoast.com\/product\/yoast-seo-premium-wordpress\/ -->\n<title>Acc\u00e9l\u00e9rer sa transformation digitale - Interview de Virginie Degeorgis - Tessi International<\/title>\n<meta name=\"description\" content=\"Compte tenu du contexte actuel, les entreprises qui avaient bien avanc\u00e9e sur leur transformation digitale ont pu tirer leur \u00e9pingle du jeu. Les autres se sont vite rendues compte de la n\u00e9cessit\u00e9 d\u2019acc\u00e9l\u00e9rer leur digitalisation.\" \/>\n<meta name=\"robots\" content=\"index, follow, max-snippet:-1, max-image-preview:large, max-video-preview:-1\" \/>\n<link rel=\"canonical\" href=\"https:\/\/www.tessi.eu\/fr\/accelerer-sa-transformation-digitale-itw-de-virginie-degeorgis\/\" \/>\n<meta property=\"og:locale\" content=\"fr_FR\" \/>\n<meta property=\"og:type\" content=\"article\" \/>\n<meta property=\"og:title\" content=\"Acc\u00e9l\u00e9rer sa transformation digitale - Interview de Virginie Degeorgis\" \/>\n<meta property=\"og:description\" content=\"Compte tenu du contexte actuel, les entreprises qui avaient bien avanc\u00e9e sur leur transformation digitale ont pu tirer leur \u00e9pingle du jeu. Les autres se sont vite rendues compte de la n\u00e9cessit\u00e9 d\u2019acc\u00e9l\u00e9rer leur digitalisation.\" \/>\n<meta property=\"og:url\" content=\"https:\/\/www.tessi.eu\/fr\/accelerer-sa-transformation-digitale-itw-de-virginie-degeorgis\/\" \/>\n<meta property=\"og:site_name\" content=\"Tessi International\" \/>\n<meta property=\"article:published_time\" content=\"2021-02-04T07:46:42+00:00\" \/>\n<meta property=\"article:modified_time\" content=\"2022-03-10T11:23:05+00:00\" \/>\n<meta property=\"og:image\" content=\"https:\/\/tessi.on-web.fr\/wp-content\/uploads\/2021\/02\/degeorgis-medef-vignette.jpg\" \/>\n\t<meta property=\"og:image:width\" content=\"506\" \/>\n\t<meta property=\"og:image:height\" content=\"398\" \/>\n\t<meta property=\"og:image:type\" content=\"image\/jpeg\" \/>\n<meta name=\"author\" content=\"cbonnet\" \/>\n<meta name=\"twitter:card\" content=\"summary_large_image\" \/>\n<meta name=\"twitter:label1\" content=\"\u00c9crit par\" \/>\n\t<meta name=\"twitter:data1\" content=\"cbonnet\" \/>\n\t<meta name=\"twitter:label2\" content=\"Dur\u00e9e de lecture estim\u00e9e\" \/>\n\t<meta name=\"twitter:data2\" content=\"2 minutes\" \/>\n<script type=\"application\/ld+json\" class=\"yoast-schema-graph\">{\"@context\":\"https:\/\/schema.org\",\"@graph\":[{\"@type\":\"Article\",\"@id\":\"https:\/\/www.tessi.eu\/fr\/accelerer-sa-transformation-digitale-itw-de-virginie-degeorgis\/#article\",\"isPartOf\":{\"@id\":\"https:\/\/www.tessi.eu\/fr\/accelerer-sa-transformation-digitale-itw-de-virginie-degeorgis\/\"},\"author\":{\"name\":\"cbonnet\",\"@id\":\"https:\/\/www.tessi.eu\/fr\/#\/schema\/person\/859d0f8ee0e735b277dee0268b7ad791\"},\"headline\":\"Acc\u00e9l\u00e9rer sa transformation digitale &#8211; Interview de Virginie Degeorgis\",\"datePublished\":\"2021-02-04T07:46:42+00:00\",\"dateModified\":\"2022-03-10T11:23:05+00:00\",\"mainEntityOfPage\":{\"@id\":\"https:\/\/www.tessi.eu\/fr\/accelerer-sa-transformation-digitale-itw-de-virginie-degeorgis\/\"},\"wordCount\":216,\"image\":{\"@id\":\"https:\/\/www.tessi.eu\/fr\/accelerer-sa-transformation-digitale-itw-de-virginie-degeorgis\/#primaryimage\"},\"thumbnailUrl\":\"https:\/\/www.tessi.eu\/wp-content\/uploads\/2021\/02\/degeorgis-medef-vignette.jpg\",\"articleSection\":[\"Non classifi\u00e9(e)\"],\"inLanguage\":\"fr-FR\"},{\"@type\":\"WebPage\",\"@id\":\"https:\/\/www.tessi.eu\/fr\/accelerer-sa-transformation-digitale-itw-de-virginie-degeorgis\/\",\"url\":\"https:\/\/www.tessi.eu\/fr\/accelerer-sa-transformation-digitale-itw-de-virginie-degeorgis\/\",\"name\":\"Acc\u00e9l\u00e9rer sa transformation digitale - Interview de Virginie Degeorgis - Tessi International\",\"isPartOf\":{\"@id\":\"https:\/\/www.tessi.eu\/fr\/#website\"},\"primaryImageOfPage\":{\"@id\":\"https:\/\/www.tessi.eu\/fr\/accelerer-sa-transformation-digitale-itw-de-virginie-degeorgis\/#primaryimage\"},\"image\":{\"@id\":\"https:\/\/www.tessi.eu\/fr\/accelerer-sa-transformation-digitale-itw-de-virginie-degeorgis\/#primaryimage\"},\"thumbnailUrl\":\"https:\/\/www.tessi.eu\/wp-content\/uploads\/2021\/02\/degeorgis-medef-vignette.jpg\",\"datePublished\":\"2021-02-04T07:46:42+00:00\",\"dateModified\":\"2022-03-10T11:23:05+00:00\",\"author\":{\"@id\":\"https:\/\/www.tessi.eu\/fr\/#\/schema\/person\/859d0f8ee0e735b277dee0268b7ad791\"},\"description\":\"Compte tenu du contexte actuel, les entreprises qui avaient bien avanc\u00e9e sur leur transformation digitale ont pu tirer leur \u00e9pingle du jeu. Les autres se sont vite rendues compte de la n\u00e9cessit\u00e9 d\u2019acc\u00e9l\u00e9rer leur digitalisation.\",\"breadcrumb\":{\"@id\":\"https:\/\/www.tessi.eu\/fr\/accelerer-sa-transformation-digitale-itw-de-virginie-degeorgis\/#breadcrumb\"},\"inLanguage\":\"fr-FR\",\"potentialAction\":[{\"@type\":\"ReadAction\",\"target\":[\"https:\/\/www.tessi.eu\/fr\/accelerer-sa-transformation-digitale-itw-de-virginie-degeorgis\/\"]}]},{\"@type\":\"ImageObject\",\"inLanguage\":\"fr-FR\",\"@id\":\"https:\/\/www.tessi.eu\/fr\/accelerer-sa-transformation-digitale-itw-de-virginie-degeorgis\/#primaryimage\",\"url\":\"https:\/\/www.tessi.eu\/wp-content\/uploads\/2021\/02\/degeorgis-medef-vignette.jpg\",\"contentUrl\":\"https:\/\/www.tessi.eu\/wp-content\/uploads\/2021\/02\/degeorgis-medef-vignette.jpg\",\"width\":506,\"height\":398,\"caption\":\"Degeorgis-MEDEF-vignette\"},{\"@type\":\"BreadcrumbList\",\"@id\":\"https:\/\/www.tessi.eu\/fr\/accelerer-sa-transformation-digitale-itw-de-virginie-degeorgis\/#breadcrumb\",\"itemListElement\":[{\"@type\":\"ListItem\",\"position\":1,\"name\":\"Home\",\"item\":\"https:\/\/www.tessi.eu\/fr\/\"},{\"@type\":\"ListItem\",\"position\":2,\"name\":\"Acc\u00e9l\u00e9rer sa transformation digitale &#8211; Interview de Virginie Degeorgis\"}]},{\"@type\":\"WebSite\",\"@id\":\"https:\/\/www.tessi.eu\/fr\/#website\",\"url\":\"https:\/\/www.tessi.eu\/fr\/\",\"name\":\"Tessi International\",\"description\":\"\",\"potentialAction\":[{\"@type\":\"SearchAction\",\"target\":{\"@type\":\"EntryPoint\",\"urlTemplate\":\"https:\/\/www.tessi.eu\/fr\/?s={search_term_string}\"},\"query-input\":{\"@type\":\"PropertyValueSpecification\",\"valueRequired\":true,\"valueName\":\"search_term_string\"}}],\"inLanguage\":\"fr-FR\"},{\"@type\":\"Person\",\"@id\":\"https:\/\/www.tessi.eu\/fr\/#\/schema\/person\/859d0f8ee0e735b277dee0268b7ad791\",\"name\":\"cbonnet\",\"image\":{\"@type\":\"ImageObject\",\"inLanguage\":\"fr-FR\",\"@id\":\"https:\/\/www.tessi.eu\/fr\/#\/schema\/person\/image\/\",\"url\":\"https:\/\/secure.gravatar.com\/avatar\/0d01ab1b427b196966268d5f1407f20f6367aba1866f9ac86912cfd758c2f669?s=96&d=mm&r=g\",\"contentUrl\":\"https:\/\/secure.gravatar.com\/avatar\/0d01ab1b427b196966268d5f1407f20f6367aba1866f9ac86912cfd758c2f669?s=96&d=mm&r=g\",\"caption\":\"cbonnet\"}}]}<\/script>\n<!-- \/ Yoast SEO Premium plugin. -->","yoast_head_json":{"title":"Acc\u00e9l\u00e9rer sa transformation digitale - Interview de Virginie Degeorgis - Tessi International","description":"Compte tenu du contexte actuel, les entreprises qui avaient bien avanc\u00e9e sur leur transformation digitale ont pu tirer leur \u00e9pingle du jeu. Les autres se sont vite rendues compte de la n\u00e9cessit\u00e9 d\u2019acc\u00e9l\u00e9rer leur digitalisation.","robots":{"index":"index","follow":"follow","max-snippet":"max-snippet:-1","max-image-preview":"max-image-preview:large","max-video-preview":"max-video-preview:-1"},"canonical":"https:\/\/www.tessi.eu\/fr\/accelerer-sa-transformation-digitale-itw-de-virginie-degeorgis\/","og_locale":"fr_FR","og_type":"article","og_title":"Acc\u00e9l\u00e9rer sa transformation digitale - Interview de Virginie Degeorgis","og_description":"Compte tenu du contexte actuel, les entreprises qui avaient bien avanc\u00e9e sur leur transformation digitale ont pu tirer leur \u00e9pingle du jeu. Les autres se sont vite rendues compte de la n\u00e9cessit\u00e9 d\u2019acc\u00e9l\u00e9rer leur digitalisation.","og_url":"https:\/\/www.tessi.eu\/fr\/accelerer-sa-transformation-digitale-itw-de-virginie-degeorgis\/","og_site_name":"Tessi International","article_published_time":"2021-02-04T07:46:42+00:00","article_modified_time":"2022-03-10T11:23:05+00:00","og_image":[{"width":506,"height":398,"url":"https:\/\/tessi.on-web.fr\/wp-content\/uploads\/2021\/02\/degeorgis-medef-vignette.jpg","type":"image\/jpeg"}],"author":"cbonnet","twitter_card":"summary_large_image","twitter_misc":{"\u00c9crit par":"cbonnet","Dur\u00e9e de lecture estim\u00e9e":"2 minutes"},"schema":{"@context":"https:\/\/schema.org","@graph":[{"@type":"Article","@id":"https:\/\/www.tessi.eu\/fr\/accelerer-sa-transformation-digitale-itw-de-virginie-degeorgis\/#article","isPartOf":{"@id":"https:\/\/www.tessi.eu\/fr\/accelerer-sa-transformation-digitale-itw-de-virginie-degeorgis\/"},"author":{"name":"cbonnet","@id":"https:\/\/www.tessi.eu\/fr\/#\/schema\/person\/859d0f8ee0e735b277dee0268b7ad791"},"headline":"Acc\u00e9l\u00e9rer sa transformation digitale &#8211; Interview de Virginie Degeorgis","datePublished":"2021-02-04T07:46:42+00:00","dateModified":"2022-03-10T11:23:05+00:00","mainEntityOfPage":{"@id":"https:\/\/www.tessi.eu\/fr\/accelerer-sa-transformation-digitale-itw-de-virginie-degeorgis\/"},"wordCount":216,"image":{"@id":"https:\/\/www.tessi.eu\/fr\/accelerer-sa-transformation-digitale-itw-de-virginie-degeorgis\/#primaryimage"},"thumbnailUrl":"https:\/\/www.tessi.eu\/wp-content\/uploads\/2021\/02\/degeorgis-medef-vignette.jpg","articleSection":["Non classifi\u00e9(e)"],"inLanguage":"fr-FR"},{"@type":"WebPage","@id":"https:\/\/www.tessi.eu\/fr\/accelerer-sa-transformation-digitale-itw-de-virginie-degeorgis\/","url":"https:\/\/www.tessi.eu\/fr\/accelerer-sa-transformation-digitale-itw-de-virginie-degeorgis\/","name":"Acc\u00e9l\u00e9rer sa transformation digitale - Interview de Virginie Degeorgis - Tessi International","isPartOf":{"@id":"https:\/\/www.tessi.eu\/fr\/#website"},"primaryImageOfPage":{"@id":"https:\/\/www.tessi.eu\/fr\/accelerer-sa-transformation-digitale-itw-de-virginie-degeorgis\/#primaryimage"},"image":{"@id":"https:\/\/www.tessi.eu\/fr\/accelerer-sa-transformation-digitale-itw-de-virginie-degeorgis\/#primaryimage"},"thumbnailUrl":"https:\/\/www.tessi.eu\/wp-content\/uploads\/2021\/02\/degeorgis-medef-vignette.jpg","datePublished":"2021-02-04T07:46:42+00:00","dateModified":"2022-03-10T11:23:05+00:00","author":{"@id":"https:\/\/www.tessi.eu\/fr\/#\/schema\/person\/859d0f8ee0e735b277dee0268b7ad791"},"description":"Compte tenu du contexte actuel, les entreprises qui avaient bien avanc\u00e9e sur leur transformation digitale ont pu tirer leur \u00e9pingle du jeu. Les autres se sont vite rendues compte de la n\u00e9cessit\u00e9 d\u2019acc\u00e9l\u00e9rer leur digitalisation.","breadcrumb":{"@id":"https:\/\/www.tessi.eu\/fr\/accelerer-sa-transformation-digitale-itw-de-virginie-degeorgis\/#breadcrumb"},"inLanguage":"fr-FR","potentialAction":[{"@type":"ReadAction","target":["https:\/\/www.tessi.eu\/fr\/accelerer-sa-transformation-digitale-itw-de-virginie-degeorgis\/"]}]},{"@type":"ImageObject","inLanguage":"fr-FR","@id":"https:\/\/www.tessi.eu\/fr\/accelerer-sa-transformation-digitale-itw-de-virginie-degeorgis\/#primaryimage","url":"https:\/\/www.tessi.eu\/wp-content\/uploads\/2021\/02\/degeorgis-medef-vignette.jpg","contentUrl":"https:\/\/www.tessi.eu\/wp-content\/uploads\/2021\/02\/degeorgis-medef-vignette.jpg","width":506,"height":398,"caption":"Degeorgis-MEDEF-vignette"},{"@type":"BreadcrumbList","@id":"https:\/\/www.tessi.eu\/fr\/accelerer-sa-transformation-digitale-itw-de-virginie-degeorgis\/#breadcrumb","itemListElement":[{"@type":"ListItem","position":1,"name":"Home","item":"https:\/\/www.tessi.eu\/fr\/"},{"@type":"ListItem","position":2,"name":"Acc\u00e9l\u00e9rer sa transformation digitale &#8211; Interview de Virginie Degeorgis"}]},{"@type":"WebSite","@id":"https:\/\/www.tessi.eu\/fr\/#website","url":"https:\/\/www.tessi.eu\/fr\/","name":"Tessi International","description":"","potentialAction":[{"@type":"SearchAction","target":{"@type":"EntryPoint","urlTemplate":"https:\/\/www.tessi.eu\/fr\/?s={search_term_string}"},"query-input":{"@type":"PropertyValueSpecification","valueRequired":true,"valueName":"search_term_string"}}],"inLanguage":"fr-FR"},{"@type":"Person","@id":"https:\/\/www.tessi.eu\/fr\/#\/schema\/person\/859d0f8ee0e735b277dee0268b7ad791","name":"cbonnet","image":{"@type":"ImageObject","inLanguage":"fr-FR","@id":"https:\/\/www.tessi.eu\/fr\/#\/schema\/person\/image\/","url":"https:\/\/secure.gravatar.com\/avatar\/0d01ab1b427b196966268d5f1407f20f6367aba1866f9ac86912cfd758c2f669?s=96&d=mm&r=g","contentUrl":"https:\/\/secure.gravatar.com\/avatar\/0d01ab1b427b196966268d5f1407f20f6367aba1866f9ac86912cfd758c2f669?s=96&d=mm&r=g","caption":"cbonnet"}}]}},"_links":{"self":[{"href":"https:\/\/www.tessi.eu\/fr\/wp-json\/wp\/v2\/posts\/15105\/"}],"collection":[{"href":"https:\/\/www.tessi.eu\/fr\/wp-json\/wp\/v2\/posts\/"}],"about":[{"href":"https:\/\/www.tessi.eu\/fr\/wp-json\/wp\/v2\/types\/post\/"}],"author":[{"embeddable":true,"href":"https:\/\/www.tessi.eu\/fr\/wp-json\/wp\/v2\/users\/11\/"}],"replies":[{"embeddable":true,"href":"https:\/\/www.tessi.eu\/fr\/wp-json\/wp\/v2\/comments\/?post=15105"}],"version-history":[{"count":9,"href":"https:\/\/www.tessi.eu\/fr\/wp-json\/wp\/v2\/posts\/15105\/revisions\/"}],"predecessor-version":[{"id":15130,"href":"https:\/\/www.tessi.eu\/fr\/wp-json\/wp\/v2\/posts\/15105\/revisions\/15130\/"}],"wp:featuredmedia":[{"embeddable":true,"href":"https:\/\/www.tessi.eu\/fr\/wp-json\/wp\/v2\/media\/15122\/"}],"wp:attachment":[{"href":"https:\/\/www.tessi.eu\/fr\/wp-json\/wp\/v2\/media\/?parent=15105"}],"wp:term":[{"taxonomy":"category","embeddable":true,"href":"https:\/\/www.tessi.eu\/fr\/wp-json\/wp\/v2\/categories\/?post=15105"},{"taxonomy":"post_tag","embeddable":true,"href":"https:\/\/www.tessi.eu\/fr\/wp-json\/wp\/v2\/tags\/?post=15105"}],"curies":[{"name":"wp","href":"https:\/\/api.w.org\/{rel}","templated":true}]}}