{"id":14799,"date":"2021-01-08T15:52:59","date_gmt":"2021-01-08T14:52:59","guid":{"rendered":"https:\/\/www.tessi.eu\/?p=14799\/"},"modified":"2021-01-08T15:54:05","modified_gmt":"2021-01-08T14:54:05","slug":"accompagner-la-transformation-digitale-de-lentreprise-est-une-necessite","status":"publish","type":"post","link":"https:\/\/www.tessi.eu\/fr\/accompagner-la-transformation-digitale-de-lentreprise-est-une-necessite\/","title":{"rendered":"Accompagner la transformation digitale de l\u2019entreprise est une n\u00e9cessit\u00e9."},"content":{"rendered":"<p class=\"print article__summary\">Plus que jamais, le num\u00e9rique s\u2019impose dans le quotidien des entreprises et organismes publics de toute taille. V\u00e9ritable incontournable pour assurer une qualit\u00e9 de service de premier plan et r\u00e9pondre efficacement aux besoins des clients et administr\u00e9s. La crise sanitaire que nous traversons a accru cette situation et mis en \u00e9vidence la n\u00e9cessit\u00e9 de repenser nos modes de travail traditionnels.<\/p>\n<p>Retrouvez l&rsquo;int\u00e9gralit\u00e9 de l&rsquo;interview d&rsquo;Emmanuelle Ertel, directrice de la communication &amp; innovation digitale du groupe\u00a0Tessi\u00a0pour\u00a0<a href=\"https:\/\/www.magazine-decideurs.com\/news\/accompagner-la-transformation-digitale-de-l-entreprise-une-necessite\" target=\"_blank\" rel=\"noopener\">D\u00e9cideurs Magazine.<\/a><\/p>\n<p style=\"text-align: center;\"><a href=\"https:\/\/www.magazine-decideurs.com\/news\/accompagner-la-transformation-digitale-de-l-entreprise-une-necessite\" target=\"_blank\" rel=\"noopener\"><img loading=\"lazy\" decoding=\"async\" class=\"aligncenter size-full wp-image-14820\" src=\"https:\/\/www.tessi.eu\/wp-content\/uploads\/2021\/01\/article-ertel-decideurs.jpg\" alt=\"\" width=\"200\" height=\"141\" \/><\/a><\/p>\n","protected":false},"excerpt":{"rendered":"<p>Plus que jamais, le num\u00e9rique s\u2019impose dans le quotidien des entreprises et organismes publics de toute taille. V\u00e9ritable incontournable pour assurer une qualit\u00e9 de service de premier plan et r\u00e9pondre efficacement aux besoins des clients et administr\u00e9s. La crise sanitaire que nous traversons a accru cette situation et mis en \u00e9vidence la n\u00e9cessit\u00e9 de repenser [&hellip;]<\/p>\n","protected":false},"author":11,"featured_media":14804,"comment_status":"closed","ping_status":"closed","sticky":true,"template":"","format":"standard","meta":{"_acf_changed":false,"footnotes":""},"categories":[1,47],"tags":[],"class_list":["post-14799","post","type-post","status-publish","format-standard","has-post-thumbnail","hentry","category-non-classifiee","category-news"],"acf":[],"yoast_head":"<!-- This site is optimized with the Yoast SEO Premium plugin v22.3 (Yoast SEO v27.1.1) - https:\/\/yoast.com\/product\/yoast-seo-premium-wordpress\/ -->\n<title>Accompagner la transformation digitale de l\u2019entreprise est une n\u00e9cessit\u00e9. - Tessi International<\/title>\n<meta name=\"robots\" content=\"index, follow, max-snippet:-1, max-image-preview:large, max-video-preview:-1\" \/>\n<link rel=\"canonical\" href=\"https:\/\/www.tessi.eu\/fr\/accompagner-la-transformation-digitale-de-lentreprise-est-une-necessite\/\" \/>\n<meta property=\"og:locale\" content=\"fr_FR\" \/>\n<meta property=\"og:type\" content=\"article\" \/>\n<meta property=\"og:title\" content=\"Accompagner la transformation digitale de l\u2019entreprise est une n\u00e9cessit\u00e9.\" \/>\n<meta property=\"og:description\" content=\"Plus que jamais, le num\u00e9rique s\u2019impose dans le quotidien des entreprises et organismes publics de toute taille. V\u00e9ritable incontournable pour assurer une qualit\u00e9 de service de premier plan et r\u00e9pondre efficacement aux besoins des clients et administr\u00e9s. La crise sanitaire que nous traversons a accru cette situation et mis en \u00e9vidence la n\u00e9cessit\u00e9 de repenser [&hellip;]\" \/>\n<meta property=\"og:url\" content=\"https:\/\/www.tessi.eu\/fr\/accompagner-la-transformation-digitale-de-lentreprise-est-une-necessite\/\" \/>\n<meta property=\"og:site_name\" content=\"Tessi International\" \/>\n<meta property=\"article:published_time\" content=\"2021-01-08T14:52:59+00:00\" \/>\n<meta property=\"article:modified_time\" content=\"2021-01-08T14:54:05+00:00\" \/>\n<meta property=\"og:image\" content=\"https:\/\/tessi.on-web.fr\/wp-content\/uploads\/2021\/01\/vignette-e-ertel-decideurs.jpg\" \/>\n\t<meta property=\"og:image:width\" content=\"506\" \/>\n\t<meta property=\"og:image:height\" content=\"398\" \/>\n\t<meta property=\"og:image:type\" content=\"image\/jpeg\" \/>\n<meta name=\"author\" content=\"cbonnet\" \/>\n<meta name=\"twitter:card\" content=\"summary_large_image\" \/>\n<meta name=\"twitter:label1\" content=\"\u00c9crit par\" \/>\n\t<meta name=\"twitter:data1\" content=\"cbonnet\" \/>\n<script type=\"application\/ld+json\" class=\"yoast-schema-graph\">{\"@context\":\"https:\/\/schema.org\",\"@graph\":[{\"@type\":\"Article\",\"@id\":\"https:\/\/www.tessi.eu\/fr\/accompagner-la-transformation-digitale-de-lentreprise-est-une-necessite\/#article\",\"isPartOf\":{\"@id\":\"https:\/\/www.tessi.eu\/fr\/accompagner-la-transformation-digitale-de-lentreprise-est-une-necessite\/\"},\"author\":{\"name\":\"cbonnet\",\"@id\":\"https:\/\/www.tessi.eu\/fr\/#\/schema\/person\/859d0f8ee0e735b277dee0268b7ad791\"},\"headline\":\"Accompagner la transformation digitale de l\u2019entreprise est une n\u00e9cessit\u00e9.\",\"datePublished\":\"2021-01-08T14:52:59+00:00\",\"dateModified\":\"2021-01-08T14:54:05+00:00\",\"mainEntityOfPage\":{\"@id\":\"https:\/\/www.tessi.eu\/fr\/accompagner-la-transformation-digitale-de-lentreprise-est-une-necessite\/\"},\"wordCount\":101,\"image\":{\"@id\":\"https:\/\/www.tessi.eu\/fr\/accompagner-la-transformation-digitale-de-lentreprise-est-une-necessite\/#primaryimage\"},\"thumbnailUrl\":\"https:\/\/www.tessi.eu\/wp-content\/uploads\/2021\/01\/vignette-e-ertel-decideurs.jpg\",\"articleSection\":[\"Non classifi\u00e9(e)\",\"News\"],\"inLanguage\":\"fr-FR\"},{\"@type\":\"WebPage\",\"@id\":\"https:\/\/www.tessi.eu\/fr\/accompagner-la-transformation-digitale-de-lentreprise-est-une-necessite\/\",\"url\":\"https:\/\/www.tessi.eu\/fr\/accompagner-la-transformation-digitale-de-lentreprise-est-une-necessite\/\",\"name\":\"Accompagner la transformation digitale de l\u2019entreprise est une n\u00e9cessit\u00e9. - Tessi International\",\"isPartOf\":{\"@id\":\"https:\/\/www.tessi.eu\/fr\/#website\"},\"primaryImageOfPage\":{\"@id\":\"https:\/\/www.tessi.eu\/fr\/accompagner-la-transformation-digitale-de-lentreprise-est-une-necessite\/#primaryimage\"},\"image\":{\"@id\":\"https:\/\/www.tessi.eu\/fr\/accompagner-la-transformation-digitale-de-lentreprise-est-une-necessite\/#primaryimage\"},\"thumbnailUrl\":\"https:\/\/www.tessi.eu\/wp-content\/uploads\/2021\/01\/vignette-e-ertel-decideurs.jpg\",\"datePublished\":\"2021-01-08T14:52:59+00:00\",\"dateModified\":\"2021-01-08T14:54:05+00:00\",\"author\":{\"@id\":\"https:\/\/www.tessi.eu\/fr\/#\/schema\/person\/859d0f8ee0e735b277dee0268b7ad791\"},\"breadcrumb\":{\"@id\":\"https:\/\/www.tessi.eu\/fr\/accompagner-la-transformation-digitale-de-lentreprise-est-une-necessite\/#breadcrumb\"},\"inLanguage\":\"fr-FR\",\"potentialAction\":[{\"@type\":\"ReadAction\",\"target\":[\"https:\/\/www.tessi.eu\/fr\/accompagner-la-transformation-digitale-de-lentreprise-est-une-necessite\/\"]}]},{\"@type\":\"ImageObject\",\"inLanguage\":\"fr-FR\",\"@id\":\"https:\/\/www.tessi.eu\/fr\/accompagner-la-transformation-digitale-de-lentreprise-est-une-necessite\/#primaryimage\",\"url\":\"https:\/\/www.tessi.eu\/wp-content\/uploads\/2021\/01\/vignette-e-ertel-decideurs.jpg\",\"contentUrl\":\"https:\/\/www.tessi.eu\/wp-content\/uploads\/2021\/01\/vignette-e-ertel-decideurs.jpg\",\"width\":506,\"height\":398,\"caption\":\"Vignette-E-ERTEL-Decideurs\"},{\"@type\":\"BreadcrumbList\",\"@id\":\"https:\/\/www.tessi.eu\/fr\/accompagner-la-transformation-digitale-de-lentreprise-est-une-necessite\/#breadcrumb\",\"itemListElement\":[{\"@type\":\"ListItem\",\"position\":1,\"name\":\"Home\",\"item\":\"https:\/\/www.tessi.eu\/fr\/\"},{\"@type\":\"ListItem\",\"position\":2,\"name\":\"Accompagner la transformation digitale de l\u2019entreprise est une n\u00e9cessit\u00e9.\"}]},{\"@type\":\"WebSite\",\"@id\":\"https:\/\/www.tessi.eu\/fr\/#website\",\"url\":\"https:\/\/www.tessi.eu\/fr\/\",\"name\":\"Tessi International\",\"description\":\"\",\"potentialAction\":[{\"@type\":\"SearchAction\",\"target\":{\"@type\":\"EntryPoint\",\"urlTemplate\":\"https:\/\/www.tessi.eu\/fr\/?s={search_term_string}\"},\"query-input\":{\"@type\":\"PropertyValueSpecification\",\"valueRequired\":true,\"valueName\":\"search_term_string\"}}],\"inLanguage\":\"fr-FR\"},{\"@type\":\"Person\",\"@id\":\"https:\/\/www.tessi.eu\/fr\/#\/schema\/person\/859d0f8ee0e735b277dee0268b7ad791\",\"name\":\"cbonnet\",\"image\":{\"@type\":\"ImageObject\",\"inLanguage\":\"fr-FR\",\"@id\":\"https:\/\/www.tessi.eu\/fr\/#\/schema\/person\/image\/\",\"url\":\"https:\/\/secure.gravatar.com\/avatar\/0d01ab1b427b196966268d5f1407f20f6367aba1866f9ac86912cfd758c2f669?s=96&d=mm&r=g\",\"contentUrl\":\"https:\/\/secure.gravatar.com\/avatar\/0d01ab1b427b196966268d5f1407f20f6367aba1866f9ac86912cfd758c2f669?s=96&d=mm&r=g\",\"caption\":\"cbonnet\"}}]}<\/script>\n<!-- \/ Yoast SEO Premium plugin. -->","yoast_head_json":{"title":"Accompagner la transformation digitale de l\u2019entreprise est une n\u00e9cessit\u00e9. - Tessi International","robots":{"index":"index","follow":"follow","max-snippet":"max-snippet:-1","max-image-preview":"max-image-preview:large","max-video-preview":"max-video-preview:-1"},"canonical":"https:\/\/www.tessi.eu\/fr\/accompagner-la-transformation-digitale-de-lentreprise-est-une-necessite\/","og_locale":"fr_FR","og_type":"article","og_title":"Accompagner la transformation digitale de l\u2019entreprise est une n\u00e9cessit\u00e9.","og_description":"Plus que jamais, le num\u00e9rique s\u2019impose dans le quotidien des entreprises et organismes publics de toute taille. V\u00e9ritable incontournable pour assurer une qualit\u00e9 de service de premier plan et r\u00e9pondre efficacement aux besoins des clients et administr\u00e9s. La crise sanitaire que nous traversons a accru cette situation et mis en \u00e9vidence la n\u00e9cessit\u00e9 de repenser [&hellip;]","og_url":"https:\/\/www.tessi.eu\/fr\/accompagner-la-transformation-digitale-de-lentreprise-est-une-necessite\/","og_site_name":"Tessi International","article_published_time":"2021-01-08T14:52:59+00:00","article_modified_time":"2021-01-08T14:54:05+00:00","og_image":[{"width":506,"height":398,"url":"https:\/\/tessi.on-web.fr\/wp-content\/uploads\/2021\/01\/vignette-e-ertel-decideurs.jpg","type":"image\/jpeg"}],"author":"cbonnet","twitter_card":"summary_large_image","twitter_misc":{"\u00c9crit par":"cbonnet"},"schema":{"@context":"https:\/\/schema.org","@graph":[{"@type":"Article","@id":"https:\/\/www.tessi.eu\/fr\/accompagner-la-transformation-digitale-de-lentreprise-est-une-necessite\/#article","isPartOf":{"@id":"https:\/\/www.tessi.eu\/fr\/accompagner-la-transformation-digitale-de-lentreprise-est-une-necessite\/"},"author":{"name":"cbonnet","@id":"https:\/\/www.tessi.eu\/fr\/#\/schema\/person\/859d0f8ee0e735b277dee0268b7ad791"},"headline":"Accompagner la transformation digitale de l\u2019entreprise est une n\u00e9cessit\u00e9.","datePublished":"2021-01-08T14:52:59+00:00","dateModified":"2021-01-08T14:54:05+00:00","mainEntityOfPage":{"@id":"https:\/\/www.tessi.eu\/fr\/accompagner-la-transformation-digitale-de-lentreprise-est-une-necessite\/"},"wordCount":101,"image":{"@id":"https:\/\/www.tessi.eu\/fr\/accompagner-la-transformation-digitale-de-lentreprise-est-une-necessite\/#primaryimage"},"thumbnailUrl":"https:\/\/www.tessi.eu\/wp-content\/uploads\/2021\/01\/vignette-e-ertel-decideurs.jpg","articleSection":["Non classifi\u00e9(e)","News"],"inLanguage":"fr-FR"},{"@type":"WebPage","@id":"https:\/\/www.tessi.eu\/fr\/accompagner-la-transformation-digitale-de-lentreprise-est-une-necessite\/","url":"https:\/\/www.tessi.eu\/fr\/accompagner-la-transformation-digitale-de-lentreprise-est-une-necessite\/","name":"Accompagner la transformation digitale de l\u2019entreprise est une n\u00e9cessit\u00e9. - Tessi International","isPartOf":{"@id":"https:\/\/www.tessi.eu\/fr\/#website"},"primaryImageOfPage":{"@id":"https:\/\/www.tessi.eu\/fr\/accompagner-la-transformation-digitale-de-lentreprise-est-une-necessite\/#primaryimage"},"image":{"@id":"https:\/\/www.tessi.eu\/fr\/accompagner-la-transformation-digitale-de-lentreprise-est-une-necessite\/#primaryimage"},"thumbnailUrl":"https:\/\/www.tessi.eu\/wp-content\/uploads\/2021\/01\/vignette-e-ertel-decideurs.jpg","datePublished":"2021-01-08T14:52:59+00:00","dateModified":"2021-01-08T14:54:05+00:00","author":{"@id":"https:\/\/www.tessi.eu\/fr\/#\/schema\/person\/859d0f8ee0e735b277dee0268b7ad791"},"breadcrumb":{"@id":"https:\/\/www.tessi.eu\/fr\/accompagner-la-transformation-digitale-de-lentreprise-est-une-necessite\/#breadcrumb"},"inLanguage":"fr-FR","potentialAction":[{"@type":"ReadAction","target":["https:\/\/www.tessi.eu\/fr\/accompagner-la-transformation-digitale-de-lentreprise-est-une-necessite\/"]}]},{"@type":"ImageObject","inLanguage":"fr-FR","@id":"https:\/\/www.tessi.eu\/fr\/accompagner-la-transformation-digitale-de-lentreprise-est-une-necessite\/#primaryimage","url":"https:\/\/www.tessi.eu\/wp-content\/uploads\/2021\/01\/vignette-e-ertel-decideurs.jpg","contentUrl":"https:\/\/www.tessi.eu\/wp-content\/uploads\/2021\/01\/vignette-e-ertel-decideurs.jpg","width":506,"height":398,"caption":"Vignette-E-ERTEL-Decideurs"},{"@type":"BreadcrumbList","@id":"https:\/\/www.tessi.eu\/fr\/accompagner-la-transformation-digitale-de-lentreprise-est-une-necessite\/#breadcrumb","itemListElement":[{"@type":"ListItem","position":1,"name":"Home","item":"https:\/\/www.tessi.eu\/fr\/"},{"@type":"ListItem","position":2,"name":"Accompagner la transformation digitale de l\u2019entreprise est une n\u00e9cessit\u00e9."}]},{"@type":"WebSite","@id":"https:\/\/www.tessi.eu\/fr\/#website","url":"https:\/\/www.tessi.eu\/fr\/","name":"Tessi International","description":"","potentialAction":[{"@type":"SearchAction","target":{"@type":"EntryPoint","urlTemplate":"https:\/\/www.tessi.eu\/fr\/?s={search_term_string}"},"query-input":{"@type":"PropertyValueSpecification","valueRequired":true,"valueName":"search_term_string"}}],"inLanguage":"fr-FR"},{"@type":"Person","@id":"https:\/\/www.tessi.eu\/fr\/#\/schema\/person\/859d0f8ee0e735b277dee0268b7ad791","name":"cbonnet","image":{"@type":"ImageObject","inLanguage":"fr-FR","@id":"https:\/\/www.tessi.eu\/fr\/#\/schema\/person\/image\/","url":"https:\/\/secure.gravatar.com\/avatar\/0d01ab1b427b196966268d5f1407f20f6367aba1866f9ac86912cfd758c2f669?s=96&d=mm&r=g","contentUrl":"https:\/\/secure.gravatar.com\/avatar\/0d01ab1b427b196966268d5f1407f20f6367aba1866f9ac86912cfd758c2f669?s=96&d=mm&r=g","caption":"cbonnet"}}]}},"_links":{"self":[{"href":"https:\/\/www.tessi.eu\/fr\/wp-json\/wp\/v2\/posts\/14799\/"}],"collection":[{"href":"https:\/\/www.tessi.eu\/fr\/wp-json\/wp\/v2\/posts\/"}],"about":[{"href":"https:\/\/www.tessi.eu\/fr\/wp-json\/wp\/v2\/types\/post\/"}],"author":[{"embeddable":true,"href":"https:\/\/www.tessi.eu\/fr\/wp-json\/wp\/v2\/users\/11\/"}],"replies":[{"embeddable":true,"href":"https:\/\/www.tessi.eu\/fr\/wp-json\/wp\/v2\/comments\/?post=14799"}],"version-history":[{"count":9,"href":"https:\/\/www.tessi.eu\/fr\/wp-json\/wp\/v2\/posts\/14799\/revisions\/"}],"predecessor-version":[{"id":14832,"href":"https:\/\/www.tessi.eu\/fr\/wp-json\/wp\/v2\/posts\/14799\/revisions\/14832\/"}],"wp:featuredmedia":[{"embeddable":true,"href":"https:\/\/www.tessi.eu\/fr\/wp-json\/wp\/v2\/media\/14804\/"}],"wp:attachment":[{"href":"https:\/\/www.tessi.eu\/fr\/wp-json\/wp\/v2\/media\/?parent=14799"}],"wp:term":[{"taxonomy":"category","embeddable":true,"href":"https:\/\/www.tessi.eu\/fr\/wp-json\/wp\/v2\/categories\/?post=14799"},{"taxonomy":"post_tag","embeddable":true,"href":"https:\/\/www.tessi.eu\/fr\/wp-json\/wp\/v2\/tags\/?post=14799"}],"curies":[{"name":"wp","href":"https:\/\/api.w.org\/{rel}","templated":true}]}}