{"id":22951,"date":"2022-05-16T09:50:14","date_gmt":"2022-05-16T07:50:14","guid":{"rendered":"https:\/\/www.tessi.eu\/?p=22951\/"},"modified":"2022-05-16T09:53:34","modified_gmt":"2022-05-16T07:53:34","slug":"tessi-announces-the-acquisition-of-vilt","status":"publish","type":"post","link":"https:\/\/www.tessi.eu\/en\/tessi-announces-the-acquisition-of-vilt\/","title":{"rendered":"Tessi announces the acquisition of VILT"},"content":{"rendered":"<p>Tessi announces the acquisition of VILT, an international company specialised in digital transformation, which helps companies all over the world to improve their customers\u2019 experience, and to become more efficient, through the adoption of digital solutions and full data integration. With offices in Portugal, Spain, Switzerland and Brazil, VILT has a 20-year success story with more than 400 customers all over the world, mostly in Financial Services, Insurance and Public Sector.<\/p>\n<p>The services offered by VILT range from Enterprise Content Management (ECM) to Digital Experience (DX) and Customer Communication Management (CCM).<\/p>\n<p>With this acquisition, Tessi continues its growth dynamic to become a key player in the customer experience.<\/p>\n<p><span style=\"color: #005faa;\">\u00ab\u00a0<i>After the launch of our Innovation &#038; Trust Digital Factory, dedicated to software publishing and incubating start-ups, we continue to boost Tessi\u2019s technological intensity. By integrating VILT into our Consulting &#038; Integration Business Unit, we aim at creating an international IT services company that can provide excellent digital services to all types of clients around the world.<\/i>\u00a0\u00bb<strong>, said Olivier Jolland \u2013 General Manager, Tessi.<\/strong><\/span><\/p>\n<p>In addition to offering great complementarity to Tessi\u2019s business lines, VILT will be able to deploy its expertise in France, Switzerland, Chile, Colombia and other promising markets. Indeed, with more than 400 consultants, Tessi newly enhanced Consulting &#038; Integration Business Unit will be able to support customers in Europe, South America and in the USA.<\/p>\n<p><span style=\"color: #005faa;\">\u00ab\u00a0<i>Becoming part of Tessi Group represents a huge opportunity to expand VILT\u2019s Business to new markets, especially France, Chile and Colombia. It also constitutes a great opportunity for our existing customers, who will now have access to a wider range of services and solutions proposed by Tessi, a leading player in BPS (Business Process Services) in Europe.<\/i>\u00a0\u00bb<strong>, stresses Tiago Gavinhos, CEO and co-founder of VILT.<\/strong><\/span><\/p>\n<p>Tessi Group\u2019s reinforced Consulting &#038; Integration Business Unit will offer even better services to its clients to make the most of their customer interactions, either using its own solutions or the solutions of its strategic partners.<\/p>\n<p>&nbsp;<\/p>\n<div class=\"button-wrapper anim-element translate-y t150\"><a class=\"btn-new btn-border-degrade\" title=\"Download the press release\" href=\"https:\/\/www.tessi.eu\/wp-content\/uploads\/2022\/05\/220516-cp-acquisition-de-vilt-en-1.pdf\" target=\"_blank\" rel=\"noopener\"><span class=\"btn-border-degrade-content\"><span class=\"text\">Download the press release<\/span><\/span><\/a><\/div>\n","protected":false},"excerpt":{"rendered":"<p>Tessi announces the acquisition of VILT, an international company specialised in digital transformation, which helps companies all over the world to improve their customers\u2019 experience, and to become more efficient, through the adoption of digital solutions and full data integration. With offices in Portugal, Spain, Switzerland and Brazil, VILT has a 20-year success story with [&hellip;]<\/p>\n","protected":false},"author":12,"featured_media":22941,"comment_status":"open","ping_status":"open","sticky":false,"template":"","format":"standard","meta":{"_acf_changed":false,"footnotes":""},"categories":[105],"tags":[],"class_list":["post-22951","post","type-post","status-publish","format-standard","has-post-thumbnail","hentry","category-news-2"],"acf":[],"yoast_head":"<!-- This site is optimized with the Yoast SEO Premium plugin v22.3 (Yoast SEO v27.1.1) - https:\/\/yoast.com\/product\/yoast-seo-premium-wordpress\/ -->\n<title>Tessi announces the acquisition of VILT - Tessi International<\/title>\n<meta name=\"description\" content=\"Tessi Technologies, une nouvelle fois reconnue \u00e0 l\u2019occasion d\u2019un audit men\u00e9 par Bureau Veritas pour r\u00e9-\u00e9valuer ses deux certifications\u00a0ISO\u00a027001\u00a0et HDS sur le p\u00e9rim\u00e8tre h\u00e9bergement et infog\u00e9rance.\" \/>\n<meta name=\"robots\" content=\"index, follow, max-snippet:-1, max-image-preview:large, max-video-preview:-1\" \/>\n<link rel=\"canonical\" href=\"https:\/\/www.tessi.eu\/en\/tessi-announces-the-acquisition-of-vilt\/\" \/>\n<meta property=\"og:locale\" content=\"en_US\" \/>\n<meta property=\"og:type\" content=\"article\" \/>\n<meta property=\"og:title\" content=\"Tessi announces the acquisition of VILT\" \/>\n<meta property=\"og:description\" content=\"Tessi Technologies, une nouvelle fois reconnue \u00e0 l\u2019occasion d\u2019un audit men\u00e9 par Bureau Veritas pour r\u00e9-\u00e9valuer ses deux certifications\u00a0ISO\u00a027001\u00a0et HDS sur le p\u00e9rim\u00e8tre h\u00e9bergement et infog\u00e9rance.\" \/>\n<meta property=\"og:url\" content=\"https:\/\/www.tessi.eu\/en\/tessi-announces-the-acquisition-of-vilt\/\" \/>\n<meta property=\"og:site_name\" content=\"Tessi International\" \/>\n<meta property=\"article:published_time\" content=\"2022-05-16T07:50:14+00:00\" \/>\n<meta property=\"article:modified_time\" content=\"2022-05-16T07:53:34+00:00\" \/>\n<meta property=\"og:image\" content=\"https:\/\/tessi.on-web.fr\/wp-content\/uploads\/2022\/05\/vignette-vilt.png\" \/>\n\t<meta property=\"og:image:width\" content=\"506\" \/>\n\t<meta property=\"og:image:height\" content=\"398\" \/>\n\t<meta property=\"og:image:type\" content=\"image\/png\" \/>\n<meta name=\"author\" content=\"pmallet\" \/>\n<meta name=\"twitter:card\" content=\"summary_large_image\" \/>\n<meta name=\"twitter:label1\" content=\"Written by\" \/>\n\t<meta name=\"twitter:data1\" content=\"pmallet\" \/>\n\t<meta name=\"twitter:label2\" content=\"Est. reading time\" \/>\n\t<meta name=\"twitter:data2\" content=\"2 minutes\" \/>\n<script type=\"application\/ld+json\" class=\"yoast-schema-graph\">{\"@context\":\"https:\/\/schema.org\",\"@graph\":[{\"@type\":\"Article\",\"@id\":\"https:\/\/www.tessi.eu\/en\/tessi-announces-the-acquisition-of-vilt\/#article\",\"isPartOf\":{\"@id\":\"https:\/\/www.tessi.eu\/en\/tessi-announces-the-acquisition-of-vilt\/\"},\"author\":{\"name\":\"pmallet\",\"@id\":\"https:\/\/www.tessi.eu\/fr\/#\/schema\/person\/0c662bb797314a35603fe3fd7b4d09bb\"},\"headline\":\"Tessi announces the acquisition of VILT\",\"datePublished\":\"2022-05-16T07:50:14+00:00\",\"dateModified\":\"2022-05-16T07:53:34+00:00\",\"mainEntityOfPage\":{\"@id\":\"https:\/\/www.tessi.eu\/en\/tessi-announces-the-acquisition-of-vilt\/\"},\"wordCount\":336,\"commentCount\":0,\"image\":{\"@id\":\"https:\/\/www.tessi.eu\/en\/tessi-announces-the-acquisition-of-vilt\/#primaryimage\"},\"thumbnailUrl\":\"https:\/\/www.tessi.eu\/wp-content\/uploads\/2022\/05\/vignette-vilt.png\",\"articleSection\":[\"News\"],\"inLanguage\":\"en-US\"},{\"@type\":\"WebPage\",\"@id\":\"https:\/\/www.tessi.eu\/en\/tessi-announces-the-acquisition-of-vilt\/\",\"url\":\"https:\/\/www.tessi.eu\/en\/tessi-announces-the-acquisition-of-vilt\/\",\"name\":\"Tessi announces the acquisition of VILT - Tessi International\",\"isPartOf\":{\"@id\":\"https:\/\/www.tessi.eu\/fr\/#website\"},\"primaryImageOfPage\":{\"@id\":\"https:\/\/www.tessi.eu\/en\/tessi-announces-the-acquisition-of-vilt\/#primaryimage\"},\"image\":{\"@id\":\"https:\/\/www.tessi.eu\/en\/tessi-announces-the-acquisition-of-vilt\/#primaryimage\"},\"thumbnailUrl\":\"https:\/\/www.tessi.eu\/wp-content\/uploads\/2022\/05\/vignette-vilt.png\",\"datePublished\":\"2022-05-16T07:50:14+00:00\",\"dateModified\":\"2022-05-16T07:53:34+00:00\",\"author\":{\"@id\":\"https:\/\/www.tessi.eu\/fr\/#\/schema\/person\/0c662bb797314a35603fe3fd7b4d09bb\"},\"description\":\"Tessi Technologies, une nouvelle fois reconnue \u00e0 l\u2019occasion d\u2019un audit men\u00e9 par Bureau Veritas pour r\u00e9-\u00e9valuer ses deux certifications\u00a0ISO\u00a027001\u00a0et HDS sur le p\u00e9rim\u00e8tre h\u00e9bergement et infog\u00e9rance.\",\"breadcrumb\":{\"@id\":\"https:\/\/www.tessi.eu\/en\/tessi-announces-the-acquisition-of-vilt\/#breadcrumb\"},\"inLanguage\":\"en-US\",\"potentialAction\":[{\"@type\":\"ReadAction\",\"target\":[\"https:\/\/www.tessi.eu\/en\/tessi-announces-the-acquisition-of-vilt\/\"]}]},{\"@type\":\"ImageObject\",\"inLanguage\":\"en-US\",\"@id\":\"https:\/\/www.tessi.eu\/en\/tessi-announces-the-acquisition-of-vilt\/#primaryimage\",\"url\":\"https:\/\/www.tessi.eu\/wp-content\/uploads\/2022\/05\/vignette-vilt.png\",\"contentUrl\":\"https:\/\/www.tessi.eu\/wp-content\/uploads\/2022\/05\/vignette-vilt.png\",\"width\":506,\"height\":398,\"caption\":\"vignette vilt\"},{\"@type\":\"BreadcrumbList\",\"@id\":\"https:\/\/www.tessi.eu\/en\/tessi-announces-the-acquisition-of-vilt\/#breadcrumb\",\"itemListElement\":[{\"@type\":\"ListItem\",\"position\":1,\"name\":\"Home\",\"item\":\"https:\/\/www.tessi.eu\/en\/\"},{\"@type\":\"ListItem\",\"position\":2,\"name\":\"Tessi announces the acquisition of VILT\"}]},{\"@type\":\"WebSite\",\"@id\":\"https:\/\/www.tessi.eu\/fr\/#website\",\"url\":\"https:\/\/www.tessi.eu\/fr\/\",\"name\":\"Tessi International\",\"description\":\"\",\"potentialAction\":[{\"@type\":\"SearchAction\",\"target\":{\"@type\":\"EntryPoint\",\"urlTemplate\":\"https:\/\/www.tessi.eu\/fr\/?s={search_term_string}\"},\"query-input\":{\"@type\":\"PropertyValueSpecification\",\"valueRequired\":true,\"valueName\":\"search_term_string\"}}],\"inLanguage\":\"en-US\"},{\"@type\":\"Person\",\"@id\":\"https:\/\/www.tessi.eu\/fr\/#\/schema\/person\/0c662bb797314a35603fe3fd7b4d09bb\",\"name\":\"pmallet\",\"image\":{\"@type\":\"ImageObject\",\"inLanguage\":\"en-US\",\"@id\":\"https:\/\/www.tessi.eu\/fr\/#\/schema\/person\/image\/\",\"url\":\"https:\/\/secure.gravatar.com\/avatar\/285d36b3faf28a1d856148cf2d579763696444924b5af229391323d21a89f987?s=96&d=mm&r=g\",\"contentUrl\":\"https:\/\/secure.gravatar.com\/avatar\/285d36b3faf28a1d856148cf2d579763696444924b5af229391323d21a89f987?s=96&d=mm&r=g\",\"caption\":\"pmallet\"}}]}<\/script>\n<!-- \/ Yoast SEO Premium plugin. -->","yoast_head_json":{"title":"Tessi announces the acquisition of VILT - Tessi International","description":"Tessi Technologies, une nouvelle fois reconnue \u00e0 l\u2019occasion d\u2019un audit men\u00e9 par Bureau Veritas pour r\u00e9-\u00e9valuer ses deux certifications\u00a0ISO\u00a027001\u00a0et HDS sur le p\u00e9rim\u00e8tre h\u00e9bergement et infog\u00e9rance.","robots":{"index":"index","follow":"follow","max-snippet":"max-snippet:-1","max-image-preview":"max-image-preview:large","max-video-preview":"max-video-preview:-1"},"canonical":"https:\/\/www.tessi.eu\/en\/tessi-announces-the-acquisition-of-vilt\/","og_locale":"en_US","og_type":"article","og_title":"Tessi announces the acquisition of VILT","og_description":"Tessi Technologies, une nouvelle fois reconnue \u00e0 l\u2019occasion d\u2019un audit men\u00e9 par Bureau Veritas pour r\u00e9-\u00e9valuer ses deux certifications\u00a0ISO\u00a027001\u00a0et HDS sur le p\u00e9rim\u00e8tre h\u00e9bergement et infog\u00e9rance.","og_url":"https:\/\/www.tessi.eu\/en\/tessi-announces-the-acquisition-of-vilt\/","og_site_name":"Tessi International","article_published_time":"2022-05-16T07:50:14+00:00","article_modified_time":"2022-05-16T07:53:34+00:00","og_image":[{"width":506,"height":398,"url":"https:\/\/tessi.on-web.fr\/wp-content\/uploads\/2022\/05\/vignette-vilt.png","type":"image\/png"}],"author":"pmallet","twitter_card":"summary_large_image","twitter_misc":{"Written by":"pmallet","Est. reading time":"2 minutes"},"schema":{"@context":"https:\/\/schema.org","@graph":[{"@type":"Article","@id":"https:\/\/www.tessi.eu\/en\/tessi-announces-the-acquisition-of-vilt\/#article","isPartOf":{"@id":"https:\/\/www.tessi.eu\/en\/tessi-announces-the-acquisition-of-vilt\/"},"author":{"name":"pmallet","@id":"https:\/\/www.tessi.eu\/fr\/#\/schema\/person\/0c662bb797314a35603fe3fd7b4d09bb"},"headline":"Tessi announces the acquisition of VILT","datePublished":"2022-05-16T07:50:14+00:00","dateModified":"2022-05-16T07:53:34+00:00","mainEntityOfPage":{"@id":"https:\/\/www.tessi.eu\/en\/tessi-announces-the-acquisition-of-vilt\/"},"wordCount":336,"commentCount":0,"image":{"@id":"https:\/\/www.tessi.eu\/en\/tessi-announces-the-acquisition-of-vilt\/#primaryimage"},"thumbnailUrl":"https:\/\/www.tessi.eu\/wp-content\/uploads\/2022\/05\/vignette-vilt.png","articleSection":["News"],"inLanguage":"en-US"},{"@type":"WebPage","@id":"https:\/\/www.tessi.eu\/en\/tessi-announces-the-acquisition-of-vilt\/","url":"https:\/\/www.tessi.eu\/en\/tessi-announces-the-acquisition-of-vilt\/","name":"Tessi announces the acquisition of VILT - Tessi International","isPartOf":{"@id":"https:\/\/www.tessi.eu\/fr\/#website"},"primaryImageOfPage":{"@id":"https:\/\/www.tessi.eu\/en\/tessi-announces-the-acquisition-of-vilt\/#primaryimage"},"image":{"@id":"https:\/\/www.tessi.eu\/en\/tessi-announces-the-acquisition-of-vilt\/#primaryimage"},"thumbnailUrl":"https:\/\/www.tessi.eu\/wp-content\/uploads\/2022\/05\/vignette-vilt.png","datePublished":"2022-05-16T07:50:14+00:00","dateModified":"2022-05-16T07:53:34+00:00","author":{"@id":"https:\/\/www.tessi.eu\/fr\/#\/schema\/person\/0c662bb797314a35603fe3fd7b4d09bb"},"description":"Tessi Technologies, une nouvelle fois reconnue \u00e0 l\u2019occasion d\u2019un audit men\u00e9 par Bureau Veritas pour r\u00e9-\u00e9valuer ses deux certifications\u00a0ISO\u00a027001\u00a0et HDS sur le p\u00e9rim\u00e8tre h\u00e9bergement et infog\u00e9rance.","breadcrumb":{"@id":"https:\/\/www.tessi.eu\/en\/tessi-announces-the-acquisition-of-vilt\/#breadcrumb"},"inLanguage":"en-US","potentialAction":[{"@type":"ReadAction","target":["https:\/\/www.tessi.eu\/en\/tessi-announces-the-acquisition-of-vilt\/"]}]},{"@type":"ImageObject","inLanguage":"en-US","@id":"https:\/\/www.tessi.eu\/en\/tessi-announces-the-acquisition-of-vilt\/#primaryimage","url":"https:\/\/www.tessi.eu\/wp-content\/uploads\/2022\/05\/vignette-vilt.png","contentUrl":"https:\/\/www.tessi.eu\/wp-content\/uploads\/2022\/05\/vignette-vilt.png","width":506,"height":398,"caption":"vignette vilt"},{"@type":"BreadcrumbList","@id":"https:\/\/www.tessi.eu\/en\/tessi-announces-the-acquisition-of-vilt\/#breadcrumb","itemListElement":[{"@type":"ListItem","position":1,"name":"Home","item":"https:\/\/www.tessi.eu\/en\/"},{"@type":"ListItem","position":2,"name":"Tessi announces the acquisition of VILT"}]},{"@type":"WebSite","@id":"https:\/\/www.tessi.eu\/fr\/#website","url":"https:\/\/www.tessi.eu\/fr\/","name":"Tessi International","description":"","potentialAction":[{"@type":"SearchAction","target":{"@type":"EntryPoint","urlTemplate":"https:\/\/www.tessi.eu\/fr\/?s={search_term_string}"},"query-input":{"@type":"PropertyValueSpecification","valueRequired":true,"valueName":"search_term_string"}}],"inLanguage":"en-US"},{"@type":"Person","@id":"https:\/\/www.tessi.eu\/fr\/#\/schema\/person\/0c662bb797314a35603fe3fd7b4d09bb","name":"pmallet","image":{"@type":"ImageObject","inLanguage":"en-US","@id":"https:\/\/www.tessi.eu\/fr\/#\/schema\/person\/image\/","url":"https:\/\/secure.gravatar.com\/avatar\/285d36b3faf28a1d856148cf2d579763696444924b5af229391323d21a89f987?s=96&d=mm&r=g","contentUrl":"https:\/\/secure.gravatar.com\/avatar\/285d36b3faf28a1d856148cf2d579763696444924b5af229391323d21a89f987?s=96&d=mm&r=g","caption":"pmallet"}}]}},"_links":{"self":[{"href":"https:\/\/www.tessi.eu\/en\/wp-json\/wp\/v2\/posts\/22951\/"}],"collection":[{"href":"https:\/\/www.tessi.eu\/en\/wp-json\/wp\/v2\/posts\/"}],"about":[{"href":"https:\/\/www.tessi.eu\/en\/wp-json\/wp\/v2\/types\/post\/"}],"author":[{"embeddable":true,"href":"https:\/\/www.tessi.eu\/en\/wp-json\/wp\/v2\/users\/12\/"}],"replies":[{"embeddable":true,"href":"https:\/\/www.tessi.eu\/en\/wp-json\/wp\/v2\/comments\/?post=22951"}],"version-history":[{"count":3,"href":"https:\/\/www.tessi.eu\/en\/wp-json\/wp\/v2\/posts\/22951\/revisions\/"}],"predecessor-version":[{"id":22989,"href":"https:\/\/www.tessi.eu\/en\/wp-json\/wp\/v2\/posts\/22951\/revisions\/22989\/"}],"wp:featuredmedia":[{"embeddable":true,"href":"https:\/\/www.tessi.eu\/en\/wp-json\/wp\/v2\/media\/22941\/"}],"wp:attachment":[{"href":"https:\/\/www.tessi.eu\/en\/wp-json\/wp\/v2\/media\/?parent=22951"}],"wp:term":[{"taxonomy":"category","embeddable":true,"href":"https:\/\/www.tessi.eu\/en\/wp-json\/wp\/v2\/categories\/?post=22951"},{"taxonomy":"post_tag","embeddable":true,"href":"https:\/\/www.tessi.eu\/en\/wp-json\/wp\/v2\/tags\/?post=22951"}],"curies":[{"name":"wp","href":"https:\/\/api.w.org\/{rel}","templated":true}]}}